{"id":21177,"date":"2017-06-29T15:37:00","date_gmt":"2017-06-29T19:37:00","guid":{"rendered":"https:\/\/cifar661.wpengine.com\/cifarnews\/2017\/06\/29\/akerlof-et-helliwell-sont-nomm-s-membres-distingu-s-de-l-icra\/"},"modified":"2025-12-18T05:42:21","modified_gmt":"2025-12-18T10:42:21","slug":"akerlof-et-helliwell-sont-nomm-s-membres-distingu-s-de-l-icra","status":"publish","type":"post","link":"https:\/\/cifar.ca\/fr\/cifarnews\/2017\/06\/29\/akerlof-et-helliwell-sont-nomm-s-membres-distingu-s-de-l-icra\/","title":{"rendered":"Akerlof et Helliwell sont nomm\u00e9s Membres distingu\u00e9s de l\u2019ICRA"},"content":{"rendered":"<p>\u00c0 sa r\u00e9union du 13 juin, le conseil d\u2019administration de l\u2019ICRA a nomm\u00e9 George Akerlof\u00a0et John F. Helliwell Membres distingu\u00e9s de l\u2019ICRA.<\/p>\n<p>Ce titre rend hommage \u00e0 des personnes dont les contributions de recherche importantes se distinguent par leur originalit\u00e9 et leur impact, et dont la participation et l\u2019engagement au sein de l\u2019ICRA sont de longue date.<\/p>\n<p>Akerlof et Helliwell sont tous deux Boursiers principaux de l\u2019ICRA et codirecteurs du programme Interactions sociales, identit\u00e9 et mieux-\u00eatre (ISIME).<\/p>\n<p>Akerlof est \u00e9conomiste \u00e0 l\u2019Universit\u00e9 Georgetown et laur\u00e9at d\u2019un prix Nobel en \u00e9conomie. En plus d\u2019\u00eatre le codirecteur du programme ISIME, il est Boursier principal au sein du programme Institutions, organisations et croissance. Dans les derni\u00e8res ann\u00e9es, les recherches d\u2019Akerlof ont mis l\u2019accent sur le besoin pour l\u2019\u00e9conomie d\u2019incorporer des concepts issus de la sociologie, comme l\u2019identit\u00e9, les cat\u00e9gories sociales et les normes. Il est ancien pr\u00e9sident de l\u2019American Economic Association et r\u00e9cipiendaire du prix d\u2019\u00e9conomie mondiale de l\u2019Institut Kiel.<\/p>\n<p>Helliwell est professeur \u00e9m\u00e9rite d\u2019\u00e9conomie \u00e0 l\u2019Universit\u00e9 de la Colombie-Britannique et r\u00e9dacteur du Rapport mondial sur le bonheur qui \u00e9tablit annuellement un classement des pays du monde entier en fonction du niveau de bonheur et d\u2019autres indicateurs. Dans ses recherches, il se penche sur le bien-\u00eatre, le capital social, la macro\u00e9conomie appliqu\u00e9e, l\u2019\u00e9conomie internationale, la croissance \u00e9conomique compar\u00e9e et l\u2019\u00e9conomie des ressources naturelles. Il est Officier de l\u2019Ordre du Canada\u00a0et r\u00e9cipiendaire de la m\u00e9daille du jubil\u00e9 d\u2019or de la Reine \u00c9lizabeth II.<\/p>\n","protected":false},"excerpt":{"rendered":"<p>\u00c0 sa r\u00e9union du 13 juin, le conseil d\u2019administration de l\u2019ICRA a nomm\u00e9 George Akerlof\u00a0et John F. Helliwell Membres distingu\u00e9s de l\u2019ICRA. Ce titre rend [&hellip;]<\/p>\n","protected":false},"author":65,"featured_media":14531,"comment_status":"closed","ping_status":"closed","sticky":false,"template":"","format":"standard","meta":{"_acf_changed":false,"footnotes":""},"categories":[1771],"tags":[879,1774],"class_list":["post-21177","post","type-post","status-publish","format-standard","has-post-thumbnail","hentry","category-nouvelles","tag-george-akerlof-2","tag-john-helliwell"],"acf":[],"yoast_head":"<!-- This site is optimized with the Yoast SEO plugin v27.2 - https:\/\/yoast.com\/product\/yoast-seo-wordpress\/ -->\n<title>CIFAR<\/title>\n<meta name=\"robots\" content=\"index, follow, max-snippet:-1, max-image-preview:large, max-video-preview:-1\" \/>\n<link rel=\"canonical\" href=\"https:\/\/cifar.ca\/fr\/cifarnews\/2017\/06\/29\/akerlof-et-helliwell-sont-nomm-s-membres-distingu-s-de-l-icra\/\" \/>\n<meta property=\"og:locale\" content=\"fr_FR\" \/>\n<meta property=\"og:type\" content=\"article\" \/>\n<meta property=\"og:title\" content=\"Akerlof et Helliwell sont nomm\u00e9s Membres distingu\u00e9s de l\u2019ICRA - CIFAR\" \/>\n<meta property=\"og:description\" content=\"\u00c0 sa r\u00e9union du 13 juin, le conseil d\u2019administration de l\u2019ICRA a nomm\u00e9 George Akerlof\u00a0et John F. Helliwell Membres distingu\u00e9s de l\u2019ICRA. Ce titre rend [&hellip;]\" \/>\n<meta property=\"og:url\" content=\"https:\/\/cifar.ca\/fr\/cifarnews\/2017\/06\/29\/akerlof-et-helliwell-sont-nomm-s-membres-distingu-s-de-l-icra\/\" \/>\n<meta property=\"og:site_name\" content=\"CIFAR\" \/>\n<meta property=\"article:published_time\" content=\"2017-06-29T19:37:00+00:00\" \/>\n<meta property=\"article:modified_time\" content=\"2025-12-18T10:42:21+00:00\" \/>\n<meta property=\"og:image\" content=\"https:\/\/cifar.ca\/wp-content\/uploads\/2020\/01\/helliwellakerloff_r2.jpg\" \/>\n\t<meta property=\"og:image:width\" content=\"1280\" \/>\n\t<meta property=\"og:image:height\" content=\"427\" \/>\n\t<meta property=\"og:image:type\" content=\"image\/jpeg\" \/>\n<meta name=\"author\" content=\"Alison Rutka\" \/>\n<meta name=\"twitter:card\" content=\"summary_large_image\" \/>\n<meta name=\"twitter:label1\" content=\"\u00c9crit par\" \/>\n\t<meta name=\"twitter:data1\" content=\"Alison Rutka\" \/>\n\t<meta name=\"twitter:label2\" content=\"Dur\u00e9e de lecture estim\u00e9e\" \/>\n\t<meta name=\"twitter:data2\" content=\"2 minutes\" \/>\n<script type=\"application\/ld+json\" class=\"yoast-schema-graph\">{\"@context\":\"https:\/\/schema.org\",\"@graph\":[{\"@type\":\"Article\",\"@id\":\"https:\/\/cifar.ca\/fr\/cifarnews\/2017\/06\/29\/akerlof-et-helliwell-sont-nomm-s-membres-distingu-s-de-l-icra\/#article\",\"isPartOf\":{\"@id\":\"https:\/\/cifar.ca\/fr\/cifarnews\/2017\/06\/29\/akerlof-et-helliwell-sont-nomm-s-membres-distingu-s-de-l-icra\/\"},\"author\":{\"name\":\"Alison Rutka\",\"@id\":\"https:\/\/cifar.ca\/fr\/#\/schema\/person\/be6ac84c25822d31a0039f3d6a9a7d1b\"},\"headline\":\"Akerlof et Helliwell sont nomm\u00e9s Membres distingu\u00e9s de l\u2019ICRA\",\"datePublished\":\"2017-06-29T19:37:00+00:00\",\"dateModified\":\"2025-12-18T10:42:21+00:00\",\"mainEntityOfPage\":{\"@id\":\"https:\/\/cifar.ca\/fr\/cifarnews\/2017\/06\/29\/akerlof-et-helliwell-sont-nomm-s-membres-distingu-s-de-l-icra\/\"},\"wordCount\":289,\"publisher\":{\"@id\":\"https:\/\/cifar.ca\/fr\/#organization\"},\"image\":{\"@id\":\"https:\/\/cifar.ca\/fr\/cifarnews\/2017\/06\/29\/akerlof-et-helliwell-sont-nomm-s-membres-distingu-s-de-l-icra\/#primaryimage\"},\"thumbnailUrl\":\"https:\/\/cifar.ca\/wp-content\/uploads\/2020\/01\/helliwellakerloff_r2.jpg\",\"keywords\":[\"George Akerlof\",\"John Helliwell\"],\"articleSection\":[\"Nouvelles\"],\"inLanguage\":\"fr-FR\"},{\"@type\":\"WebPage\",\"@id\":\"https:\/\/cifar.ca\/fr\/cifarnews\/2017\/06\/29\/akerlof-et-helliwell-sont-nomm-s-membres-distingu-s-de-l-icra\/\",\"url\":\"https:\/\/cifar.ca\/fr\/cifarnews\/2017\/06\/29\/akerlof-et-helliwell-sont-nomm-s-membres-distingu-s-de-l-icra\/\",\"name\":\"Akerlof et Helliwell sont nomm\u00e9s Membres distingu\u00e9s de l\u2019ICRA - CIFAR\",\"isPartOf\":{\"@id\":\"https:\/\/cifar.ca\/fr\/#website\"},\"primaryImageOfPage\":{\"@id\":\"https:\/\/cifar.ca\/fr\/cifarnews\/2017\/06\/29\/akerlof-et-helliwell-sont-nomm-s-membres-distingu-s-de-l-icra\/#primaryimage\"},\"image\":{\"@id\":\"https:\/\/cifar.ca\/fr\/cifarnews\/2017\/06\/29\/akerlof-et-helliwell-sont-nomm-s-membres-distingu-s-de-l-icra\/#primaryimage\"},\"thumbnailUrl\":\"https:\/\/cifar.ca\/wp-content\/uploads\/2020\/01\/helliwellakerloff_r2.jpg\",\"datePublished\":\"2017-06-29T19:37:00+00:00\",\"dateModified\":\"2025-12-18T10:42:21+00:00\",\"breadcrumb\":{\"@id\":\"https:\/\/cifar.ca\/fr\/cifarnews\/2017\/06\/29\/akerlof-et-helliwell-sont-nomm-s-membres-distingu-s-de-l-icra\/#breadcrumb\"},\"inLanguage\":\"fr-FR\",\"potentialAction\":[{\"@type\":\"ReadAction\",\"target\":[\"https:\/\/cifar.ca\/fr\/cifarnews\/2017\/06\/29\/akerlof-et-helliwell-sont-nomm-s-membres-distingu-s-de-l-icra\/\"]}]},{\"@type\":\"ImageObject\",\"inLanguage\":\"fr-FR\",\"@id\":\"https:\/\/cifar.ca\/fr\/cifarnews\/2017\/06\/29\/akerlof-et-helliwell-sont-nomm-s-membres-distingu-s-de-l-icra\/#primaryimage\",\"url\":\"https:\/\/cifar.ca\/wp-content\/uploads\/2020\/01\/helliwellakerloff_r2.jpg\",\"contentUrl\":\"https:\/\/cifar.ca\/wp-content\/uploads\/2020\/01\/helliwellakerloff_r2.jpg\",\"width\":1280,\"height\":427},{\"@type\":\"BreadcrumbList\",\"@id\":\"https:\/\/cifar.ca\/fr\/cifarnews\/2017\/06\/29\/akerlof-et-helliwell-sont-nomm-s-membres-distingu-s-de-l-icra\/#breadcrumb\",\"itemListElement\":[{\"@type\":\"ListItem\",\"position\":1,\"name\":\"Acceuil\",\"item\":\"https:\/\/cifar.ca\/fr\/\"},{\"@type\":\"ListItem\",\"position\":2,\"name\":\"Akerlof et Helliwell sont nomm\u00e9s Membres distingu\u00e9s de l\u2019ICRA\"}]},{\"@type\":\"WebSite\",\"@id\":\"https:\/\/cifar.ca\/fr\/#website\",\"url\":\"https:\/\/cifar.ca\/fr\/\",\"name\":\"CIFAR\",\"description\":\"Convoquer des esprits extraordinaires pour r\u00e9pondre aux questions les plus importantes auxquelles la science et l'humanit\u00e9 sont confront\u00e9es.\",\"publisher\":{\"@id\":\"https:\/\/cifar.ca\/fr\/#organization\"},\"potentialAction\":[{\"@type\":\"SearchAction\",\"target\":{\"@type\":\"EntryPoint\",\"urlTemplate\":\"https:\/\/cifar.ca\/fr\/?s={search_term_string}\"},\"query-input\":{\"@type\":\"PropertyValueSpecification\",\"valueRequired\":true,\"valueName\":\"search_term_string\"}}],\"inLanguage\":\"fr-FR\"},{\"@type\":\"Organization\",\"@id\":\"https:\/\/cifar.ca\/fr\/#organization\",\"name\":\"CIFAR\",\"url\":\"https:\/\/cifar.ca\/fr\/\",\"logo\":{\"@type\":\"ImageObject\",\"inLanguage\":\"fr-FR\",\"@id\":\"https:\/\/cifar.ca\/fr\/#\/schema\/logo\/image\/\",\"url\":\"https:\/\/cifar.ca\/wp-content\/uploads\/2020\/01\/cifar-logo-rgb-colour.png\",\"contentUrl\":\"https:\/\/cifar.ca\/wp-content\/uploads\/2020\/01\/cifar-logo-rgb-colour.png\",\"width\":1884,\"height\":681,\"caption\":\"CIFAR\"},\"image\":{\"@id\":\"https:\/\/cifar.ca\/fr\/#\/schema\/logo\/image\/\"}},{\"@type\":\"Person\",\"@id\":\"https:\/\/cifar.ca\/fr\/#\/schema\/person\/be6ac84c25822d31a0039f3d6a9a7d1b\",\"name\":\"Alison Rutka\",\"image\":{\"@type\":\"ImageObject\",\"inLanguage\":\"fr-FR\",\"@id\":\"https:\/\/secure.gravatar.com\/avatar\/615d15ec89ba993517314fec79e6489a0dba223bcd18c606519b0f363d03f7fc?s=96&d=mm&r=g\",\"url\":\"https:\/\/secure.gravatar.com\/avatar\/615d15ec89ba993517314fec79e6489a0dba223bcd18c606519b0f363d03f7fc?s=96&d=mm&r=g\",\"contentUrl\":\"https:\/\/secure.gravatar.com\/avatar\/615d15ec89ba993517314fec79e6489a0dba223bcd18c606519b0f363d03f7fc?s=96&d=mm&r=g\",\"caption\":\"Alison Rutka\"}}]}<\/script>\n<!-- \/ Yoast SEO plugin. -->","yoast_head_json":{"title":"CIFAR","robots":{"index":"index","follow":"follow","max-snippet":"max-snippet:-1","max-image-preview":"max-image-preview:large","max-video-preview":"max-video-preview:-1"},"canonical":"https:\/\/cifar.ca\/fr\/cifarnews\/2017\/06\/29\/akerlof-et-helliwell-sont-nomm-s-membres-distingu-s-de-l-icra\/","og_locale":"fr_FR","og_type":"article","og_title":"Akerlof et Helliwell sont nomm\u00e9s Membres distingu\u00e9s de l\u2019ICRA - CIFAR","og_description":"\u00c0 sa r\u00e9union du 13 juin, le conseil d\u2019administration de l\u2019ICRA a nomm\u00e9 George Akerlof\u00a0et John F. Helliwell Membres distingu\u00e9s de l\u2019ICRA. Ce titre rend [&hellip;]","og_url":"https:\/\/cifar.ca\/fr\/cifarnews\/2017\/06\/29\/akerlof-et-helliwell-sont-nomm-s-membres-distingu-s-de-l-icra\/","og_site_name":"CIFAR","article_published_time":"2017-06-29T19:37:00+00:00","article_modified_time":"2025-12-18T10:42:21+00:00","og_image":[{"width":1280,"height":427,"url":"https:\/\/cifar.ca\/wp-content\/uploads\/2020\/01\/helliwellakerloff_r2.jpg","type":"image\/jpeg"}],"author":"Alison Rutka","twitter_card":"summary_large_image","twitter_misc":{"\u00c9crit par":"Alison Rutka","Dur\u00e9e de lecture estim\u00e9e":"2 minutes"},"schema":{"@context":"https:\/\/schema.org","@graph":[{"@type":"Article","@id":"https:\/\/cifar.ca\/fr\/cifarnews\/2017\/06\/29\/akerlof-et-helliwell-sont-nomm-s-membres-distingu-s-de-l-icra\/#article","isPartOf":{"@id":"https:\/\/cifar.ca\/fr\/cifarnews\/2017\/06\/29\/akerlof-et-helliwell-sont-nomm-s-membres-distingu-s-de-l-icra\/"},"author":{"name":"Alison Rutka","@id":"https:\/\/cifar.ca\/fr\/#\/schema\/person\/be6ac84c25822d31a0039f3d6a9a7d1b"},"headline":"Akerlof et Helliwell sont nomm\u00e9s Membres distingu\u00e9s de l\u2019ICRA","datePublished":"2017-06-29T19:37:00+00:00","dateModified":"2025-12-18T10:42:21+00:00","mainEntityOfPage":{"@id":"https:\/\/cifar.ca\/fr\/cifarnews\/2017\/06\/29\/akerlof-et-helliwell-sont-nomm-s-membres-distingu-s-de-l-icra\/"},"wordCount":289,"publisher":{"@id":"https:\/\/cifar.ca\/fr\/#organization"},"image":{"@id":"https:\/\/cifar.ca\/fr\/cifarnews\/2017\/06\/29\/akerlof-et-helliwell-sont-nomm-s-membres-distingu-s-de-l-icra\/#primaryimage"},"thumbnailUrl":"https:\/\/cifar.ca\/wp-content\/uploads\/2020\/01\/helliwellakerloff_r2.jpg","keywords":["George Akerlof","John Helliwell"],"articleSection":["Nouvelles"],"inLanguage":"fr-FR"},{"@type":"WebPage","@id":"https:\/\/cifar.ca\/fr\/cifarnews\/2017\/06\/29\/akerlof-et-helliwell-sont-nomm-s-membres-distingu-s-de-l-icra\/","url":"https:\/\/cifar.ca\/fr\/cifarnews\/2017\/06\/29\/akerlof-et-helliwell-sont-nomm-s-membres-distingu-s-de-l-icra\/","name":"Akerlof et Helliwell sont nomm\u00e9s Membres distingu\u00e9s de l\u2019ICRA - CIFAR","isPartOf":{"@id":"https:\/\/cifar.ca\/fr\/#website"},"primaryImageOfPage":{"@id":"https:\/\/cifar.ca\/fr\/cifarnews\/2017\/06\/29\/akerlof-et-helliwell-sont-nomm-s-membres-distingu-s-de-l-icra\/#primaryimage"},"image":{"@id":"https:\/\/cifar.ca\/fr\/cifarnews\/2017\/06\/29\/akerlof-et-helliwell-sont-nomm-s-membres-distingu-s-de-l-icra\/#primaryimage"},"thumbnailUrl":"https:\/\/cifar.ca\/wp-content\/uploads\/2020\/01\/helliwellakerloff_r2.jpg","datePublished":"2017-06-29T19:37:00+00:00","dateModified":"2025-12-18T10:42:21+00:00","breadcrumb":{"@id":"https:\/\/cifar.ca\/fr\/cifarnews\/2017\/06\/29\/akerlof-et-helliwell-sont-nomm-s-membres-distingu-s-de-l-icra\/#breadcrumb"},"inLanguage":"fr-FR","potentialAction":[{"@type":"ReadAction","target":["https:\/\/cifar.ca\/fr\/cifarnews\/2017\/06\/29\/akerlof-et-helliwell-sont-nomm-s-membres-distingu-s-de-l-icra\/"]}]},{"@type":"ImageObject","inLanguage":"fr-FR","@id":"https:\/\/cifar.ca\/fr\/cifarnews\/2017\/06\/29\/akerlof-et-helliwell-sont-nomm-s-membres-distingu-s-de-l-icra\/#primaryimage","url":"https:\/\/cifar.ca\/wp-content\/uploads\/2020\/01\/helliwellakerloff_r2.jpg","contentUrl":"https:\/\/cifar.ca\/wp-content\/uploads\/2020\/01\/helliwellakerloff_r2.jpg","width":1280,"height":427},{"@type":"BreadcrumbList","@id":"https:\/\/cifar.ca\/fr\/cifarnews\/2017\/06\/29\/akerlof-et-helliwell-sont-nomm-s-membres-distingu-s-de-l-icra\/#breadcrumb","itemListElement":[{"@type":"ListItem","position":1,"name":"Acceuil","item":"https:\/\/cifar.ca\/fr\/"},{"@type":"ListItem","position":2,"name":"Akerlof et Helliwell sont nomm\u00e9s Membres distingu\u00e9s de l\u2019ICRA"}]},{"@type":"WebSite","@id":"https:\/\/cifar.ca\/fr\/#website","url":"https:\/\/cifar.ca\/fr\/","name":"CIFAR","description":"Convoquer des esprits extraordinaires pour r\u00e9pondre aux questions les plus importantes auxquelles la science et l'humanit\u00e9 sont confront\u00e9es.","publisher":{"@id":"https:\/\/cifar.ca\/fr\/#organization"},"potentialAction":[{"@type":"SearchAction","target":{"@type":"EntryPoint","urlTemplate":"https:\/\/cifar.ca\/fr\/?s={search_term_string}"},"query-input":{"@type":"PropertyValueSpecification","valueRequired":true,"valueName":"search_term_string"}}],"inLanguage":"fr-FR"},{"@type":"Organization","@id":"https:\/\/cifar.ca\/fr\/#organization","name":"CIFAR","url":"https:\/\/cifar.ca\/fr\/","logo":{"@type":"ImageObject","inLanguage":"fr-FR","@id":"https:\/\/cifar.ca\/fr\/#\/schema\/logo\/image\/","url":"https:\/\/cifar.ca\/wp-content\/uploads\/2020\/01\/cifar-logo-rgb-colour.png","contentUrl":"https:\/\/cifar.ca\/wp-content\/uploads\/2020\/01\/cifar-logo-rgb-colour.png","width":1884,"height":681,"caption":"CIFAR"},"image":{"@id":"https:\/\/cifar.ca\/fr\/#\/schema\/logo\/image\/"}},{"@type":"Person","@id":"https:\/\/cifar.ca\/fr\/#\/schema\/person\/be6ac84c25822d31a0039f3d6a9a7d1b","name":"Alison Rutka","image":{"@type":"ImageObject","inLanguage":"fr-FR","@id":"https:\/\/secure.gravatar.com\/avatar\/615d15ec89ba993517314fec79e6489a0dba223bcd18c606519b0f363d03f7fc?s=96&d=mm&r=g","url":"https:\/\/secure.gravatar.com\/avatar\/615d15ec89ba993517314fec79e6489a0dba223bcd18c606519b0f363d03f7fc?s=96&d=mm&r=g","contentUrl":"https:\/\/secure.gravatar.com\/avatar\/615d15ec89ba993517314fec79e6489a0dba223bcd18c606519b0f363d03f7fc?s=96&d=mm&r=g","caption":"Alison Rutka"}}]}},"_links":{"self":[{"href":"https:\/\/cifar.ca\/fr\/wp-json\/wp\/v2\/posts\/21177","targetHints":{"allow":["GET"]}}],"collection":[{"href":"https:\/\/cifar.ca\/fr\/wp-json\/wp\/v2\/posts"}],"about":[{"href":"https:\/\/cifar.ca\/fr\/wp-json\/wp\/v2\/types\/post"}],"author":[{"embeddable":true,"href":"https:\/\/cifar.ca\/fr\/wp-json\/wp\/v2\/users\/65"}],"replies":[{"embeddable":true,"href":"https:\/\/cifar.ca\/fr\/wp-json\/wp\/v2\/comments?post=21177"}],"version-history":[{"count":0,"href":"https:\/\/cifar.ca\/fr\/wp-json\/wp\/v2\/posts\/21177\/revisions"}],"wp:featuredmedia":[{"embeddable":true,"href":"https:\/\/cifar.ca\/fr\/wp-json\/wp\/v2\/media\/14531"}],"wp:attachment":[{"href":"https:\/\/cifar.ca\/fr\/wp-json\/wp\/v2\/media?parent=21177"}],"wp:term":[{"taxonomy":"category","embeddable":true,"href":"https:\/\/cifar.ca\/fr\/wp-json\/wp\/v2\/categories?post=21177"},{"taxonomy":"post_tag","embeddable":true,"href":"https:\/\/cifar.ca\/fr\/wp-json\/wp\/v2\/tags?post=21177"}],"curies":[{"name":"wp","href":"https:\/\/api.w.org\/{rel}","templated":true}]}}