{"id":21285,"date":"2019-05-15T19:57:49","date_gmt":"2019-05-15T23:57:49","guid":{"rendered":"https:\/\/cifar661.wpengine.com\/cifarnews\/2019\/05\/15\/des-membres-de-la-communaut-du-cifar-vont-conseiller-le-canada-en-mati-re-d-intelligence-artificielle\/"},"modified":"2020-01-29T22:43:01","modified_gmt":"2020-01-30T03:43:01","slug":"des-membres-de-la-communaut-du-cifar-vont-conseiller-le-canada-en-mati-re-d-intelligence-artificielle","status":"publish","type":"post","link":"https:\/\/cifar.ca\/fr\/cifarnews\/2019\/05\/15\/des-membres-de-la-communaut-du-cifar-vont-conseiller-le-canada-en-mati-re-d-intelligence-artificielle\/","title":{"rendered":"Des membres de la communaut\u00e9 du CIFAR vont conseiller le Canada en mati\u00e8re d\u2019intelligence artificielle"},"content":{"rendered":"<p dir=\"ltr\">Un nouveau conseil consultatif auquel si&egrave;geront plusieurs membres du CIFAR conseillera le gouvernement sur la fa&ccedil;on de tirer parti des forces du Canada en mati&egrave;re d&rsquo;intelligence artificielle de sorte &agrave; refl&eacute;ter les valeurs canadiennes. <\/p>\n<p dir=\"ltr\">Le gouvernement du Canada a annonc&eacute; la composition de son nouveau Conseil consultatif en mati&egrave;re d&rsquo;intelligence artificielle. Les membres du Conseil auront pour mandat de faire des recommandations au minist&egrave;re de l&rsquo;Innovation, des Sciences et du D&eacute;veloppement &eacute;conomique quant aux fa&ccedil;ons &laquo;&nbsp;de consolider les forces et le leadership mondial en IA du Canada, de cerner les possibilit&eacute;s de croissance &eacute;conomique qui procureront des retomb&eacute;es pour tous les Canadiens, et de veiller &agrave; ce que les avanc&eacute;es en intelligence artificielle refl&egrave;tent les valeurs canadiennes&nbsp;&raquo;.<\/p>\n<p dir=\"ltr\">Voici les nombreux membres de la communaut&eacute; du CIFAR qui si&egrave;gent au conseil&nbsp;:<\/p>\n<ul>\n<li dir=\"ltr\">\n<p dir=\"ltr\"><strong>Elissa Strome<\/strong>, vice-pr&eacute;sidente adjointe et directrice g&eacute;n&eacute;rale de la Strat&eacute;gie pancanadienne en mati&egrave;re d&rsquo;intelligence artificielle, CIFAR<\/p>\n<\/li>\n<li dir=\"ltr\">\n<p dir=\"ltr\"><strong>Yoshua Bengio<\/strong>, titulaire d&rsquo;une chaire en IA Canada-CIFAR et codirecteur du programme Apprentissage automatique, apprentissage biologique du CIFAR; directeur scientifique, Mila; titulaire de la chaire de recherche du Canada sur les algorithmes d&rsquo;apprentissage statistique et professeur, Universit&eacute; de Montr&eacute;al <\/p>\n<\/li>\n<li dir=\"ltr\">\n<p dir=\"ltr\"><strong>Geoffrey Hinton<\/strong>, Membre distingu&eacute; du CIFAR, conseiller aupr&egrave;s du programme Apprentissage automatique, apprentissage biologique du CIFAR; conseiller scientifique en chef, Institut Vecteur; vice-pr&eacute;sident et fellow en ing&eacute;nierie, Google <\/p>\n<\/li>\n<li dir=\"ltr\">\n<p dir=\"ltr\"><strong>Richard Sutton<\/strong>, boursier au sein du programme Apprentissage automatique, apprentissage biologique du CIFAR; conseiller scientifique en chef, Amii; chercheur scientifique &eacute;m&eacute;rite, DeepMind<\/p>\n<\/li>\n<li dir=\"ltr\">\n<p dir=\"ltr\"><strong>Ian Kerr<\/strong>, pr&eacute;sident de la conseil sur l&rsquo;IA et la soci&eacute;t&eacute;, CIFAR; titulaire de la Chaire de recherche du Canada en &eacute;thique, en droit et en technologie et Professeur, Universit&eacute; d&rsquo;Ottawa<\/p>\n<\/li>\n<\/ul>\n<p dir=\"ltr\">Le CIFAR s&rsquo;engage &agrave; tirer parti de la position exceptionnelle du Canada pour favoriser l&rsquo;avancement de la recherche sur l&rsquo;apprentissage automatique et de l&rsquo;IA responsable.&nbsp;&nbsp;<\/p>\n<p dir=\"ltr\">Pour en savoir plus sur&nbsp;<a href=\"http:\/\/www.ic.gc.ca\/eic\/site\/132.nsf\/fra\/accueil\" >le Conseil consultatif en mati&egrave;re d&rsquo;intelligence artificielle<\/a><br \/>\nPour en savoir plus sur <a href=\"http:\/\/www.ic.gc.ca\/eic\/site\/132.nsf\/fra\/00002.html\" >les membres du conseil<\/a><br \/>\nLire <a href=\"https:\/\/www.canada.ca\/fr\/innovation-sciences-developpement-economique\/nouvelles\/2019\/05\/le-gouvernement-du-canada-cree-le-conseil-consultatif-en-matiere-dintelligence-artificielle.html\" >le communiqu&eacute; de presse du gouvernement du Canada<\/a><\/p>\n<p dir=\"ltr\">Pour en savoir plus sur <a href=\"https:\/\/cifar.ca\/fr\/ia\/strategie-pancanadienne-en-matiere-dintelligence-artificielle\" >la Strat&eacute;gique pancanadienne en mati&egrave;re d&rsquo;IA<\/a><\/p>\n","protected":false},"excerpt":{"rendered":"<p>Un nouveau conseil consultatif auquel si\u00e8geront plusieurs membres du CIFAR conseillera le gouvernement sur la fa\u00e7on de tirer parti des forces du Canada en mati\u00e8re d\u2019intelligence artificielle de sorte \u00e0 refl\u00e9ter les valeurs canadiennes.<\/p>\n","protected":false},"author":65,"featured_media":31458,"comment_status":"closed","ping_status":"closed","sticky":false,"template":"","format":"standard","meta":{"_acf_changed":false,"footnotes":""},"categories":[4010,3972],"tags":[4424,2123,4075,824,4644],"class_list":["post-21285","post","type-post","status-publish","format-standard","has-post-thumbnail","hentry","category-annonce-fr","category-strategie-pancanadienne-en-matiere-dia","tag-elissa-strome-fr","tag-geoffrey-hinton","tag-ian-kerr","tag-intelligence-artificielle","tag-richard-sutton-fr"],"acf":[],"yoast_head":"<!-- This site is optimized with the Yoast SEO plugin v27.2 - https:\/\/yoast.com\/product\/yoast-seo-wordpress\/ -->\n<title>CIFAR<\/title>\n<meta name=\"robots\" content=\"index, follow, max-snippet:-1, max-image-preview:large, max-video-preview:-1\" \/>\n<link rel=\"canonical\" href=\"https:\/\/cifar.ca\/fr\/cifarnews\/2019\/05\/15\/des-membres-de-la-communaut-du-cifar-vont-conseiller-le-canada-en-mati-re-d-intelligence-artificielle\/\" \/>\n<meta property=\"og:locale\" content=\"fr_FR\" \/>\n<meta property=\"og:type\" content=\"article\" \/>\n<meta property=\"og:title\" content=\"Des membres de la communaut\u00e9 du CIFAR vont conseiller le Canada en mati\u00e8re d\u2019intelligence artificielle - CIFAR\" \/>\n<meta property=\"og:description\" content=\"Un nouveau conseil consultatif auquel si\u00e8geront plusieurs membres du CIFAR conseillera le gouvernement sur la fa\u00e7on de tirer parti des forces du Canada en mati\u00e8re d\u2019intelligence artificielle de sorte \u00e0 refl\u00e9ter les valeurs canadiennes.\" \/>\n<meta property=\"og:url\" content=\"https:\/\/cifar.ca\/fr\/cifarnews\/2019\/05\/15\/des-membres-de-la-communaut-du-cifar-vont-conseiller-le-canada-en-mati-re-d-intelligence-artificielle\/\" \/>\n<meta property=\"og:site_name\" content=\"CIFAR\" \/>\n<meta property=\"article:published_time\" content=\"2019-05-15T23:57:49+00:00\" \/>\n<meta property=\"article:modified_time\" content=\"2020-01-30T03:43:01+00:00\" \/>\n<meta property=\"og:image\" content=\"https:\/\/cifar.ca\/wp-content\/uploads\/2019\/12\/Banner-AI-02.png\" \/>\n\t<meta property=\"og:image:width\" content=\"1921\" \/>\n\t<meta property=\"og:image:height\" content=\"701\" \/>\n\t<meta property=\"og:image:type\" content=\"image\/png\" \/>\n<meta name=\"author\" content=\"Alison Rutka\" \/>\n<meta name=\"twitter:card\" content=\"summary_large_image\" \/>\n<meta name=\"twitter:label1\" content=\"\u00c9crit par\" \/>\n\t<meta name=\"twitter:data1\" content=\"Alison Rutka\" \/>\n\t<meta name=\"twitter:label2\" content=\"Dur\u00e9e de lecture estim\u00e9e\" \/>\n\t<meta name=\"twitter:data2\" content=\"2 minutes\" \/>\n<script type=\"application\/ld+json\" class=\"yoast-schema-graph\">{\"@context\":\"https:\/\/schema.org\",\"@graph\":[{\"@type\":\"Article\",\"@id\":\"https:\/\/cifar.ca\/fr\/cifarnews\/2019\/05\/15\/des-membres-de-la-communaut-du-cifar-vont-conseiller-le-canada-en-mati-re-d-intelligence-artificielle\/#article\",\"isPartOf\":{\"@id\":\"https:\/\/cifar.ca\/fr\/cifarnews\/2019\/05\/15\/des-membres-de-la-communaut-du-cifar-vont-conseiller-le-canada-en-mati-re-d-intelligence-artificielle\/\"},\"author\":{\"name\":\"Alison Rutka\",\"@id\":\"https:\/\/cifar.ca\/fr\/#\/schema\/person\/be6ac84c25822d31a0039f3d6a9a7d1b\"},\"headline\":\"Des membres de la communaut\u00e9 du CIFAR vont conseiller le Canada en mati\u00e8re d\u2019intelligence artificielle\",\"datePublished\":\"2019-05-15T23:57:49+00:00\",\"dateModified\":\"2020-01-30T03:43:01+00:00\",\"mainEntityOfPage\":{\"@id\":\"https:\/\/cifar.ca\/fr\/cifarnews\/2019\/05\/15\/des-membres-de-la-communaut-du-cifar-vont-conseiller-le-canada-en-mati-re-d-intelligence-artificielle\/\"},\"wordCount\":450,\"publisher\":{\"@id\":\"https:\/\/cifar.ca\/fr\/#organization\"},\"image\":{\"@id\":\"https:\/\/cifar.ca\/fr\/cifarnews\/2019\/05\/15\/des-membres-de-la-communaut-du-cifar-vont-conseiller-le-canada-en-mati-re-d-intelligence-artificielle\/#primaryimage\"},\"thumbnailUrl\":\"https:\/\/cifar.ca\/wp-content\/uploads\/2019\/12\/Banner-AI-02.png\",\"keywords\":[\"Elissa Strome\",\"Geoffrey Hinton\",\"Ian Kerr\",\"Intelligence artificielle\",\"Richard Sutton\"],\"articleSection\":[\"Annonce\",\"Strat\u00e9gie pancanadienne en mati\u00e8re d&#039;IA\"],\"inLanguage\":\"fr-FR\"},{\"@type\":\"WebPage\",\"@id\":\"https:\/\/cifar.ca\/fr\/cifarnews\/2019\/05\/15\/des-membres-de-la-communaut-du-cifar-vont-conseiller-le-canada-en-mati-re-d-intelligence-artificielle\/\",\"url\":\"https:\/\/cifar.ca\/fr\/cifarnews\/2019\/05\/15\/des-membres-de-la-communaut-du-cifar-vont-conseiller-le-canada-en-mati-re-d-intelligence-artificielle\/\",\"name\":\"Des membres de la communaut\u00e9 du CIFAR vont conseiller le Canada en mati\u00e8re d\u2019intelligence artificielle - CIFAR\",\"isPartOf\":{\"@id\":\"https:\/\/cifar.ca\/fr\/#website\"},\"primaryImageOfPage\":{\"@id\":\"https:\/\/cifar.ca\/fr\/cifarnews\/2019\/05\/15\/des-membres-de-la-communaut-du-cifar-vont-conseiller-le-canada-en-mati-re-d-intelligence-artificielle\/#primaryimage\"},\"image\":{\"@id\":\"https:\/\/cifar.ca\/fr\/cifarnews\/2019\/05\/15\/des-membres-de-la-communaut-du-cifar-vont-conseiller-le-canada-en-mati-re-d-intelligence-artificielle\/#primaryimage\"},\"thumbnailUrl\":\"https:\/\/cifar.ca\/wp-content\/uploads\/2019\/12\/Banner-AI-02.png\",\"datePublished\":\"2019-05-15T23:57:49+00:00\",\"dateModified\":\"2020-01-30T03:43:01+00:00\",\"breadcrumb\":{\"@id\":\"https:\/\/cifar.ca\/fr\/cifarnews\/2019\/05\/15\/des-membres-de-la-communaut-du-cifar-vont-conseiller-le-canada-en-mati-re-d-intelligence-artificielle\/#breadcrumb\"},\"inLanguage\":\"fr-FR\",\"potentialAction\":[{\"@type\":\"ReadAction\",\"target\":[\"https:\/\/cifar.ca\/fr\/cifarnews\/2019\/05\/15\/des-membres-de-la-communaut-du-cifar-vont-conseiller-le-canada-en-mati-re-d-intelligence-artificielle\/\"]}]},{\"@type\":\"ImageObject\",\"inLanguage\":\"fr-FR\",\"@id\":\"https:\/\/cifar.ca\/fr\/cifarnews\/2019\/05\/15\/des-membres-de-la-communaut-du-cifar-vont-conseiller-le-canada-en-mati-re-d-intelligence-artificielle\/#primaryimage\",\"url\":\"https:\/\/cifar.ca\/wp-content\/uploads\/2019\/12\/Banner-AI-02.png\",\"contentUrl\":\"https:\/\/cifar.ca\/wp-content\/uploads\/2019\/12\/Banner-AI-02.png\",\"width\":1921,\"height\":701,\"caption\":\"AI Illustration\"},{\"@type\":\"BreadcrumbList\",\"@id\":\"https:\/\/cifar.ca\/fr\/cifarnews\/2019\/05\/15\/des-membres-de-la-communaut-du-cifar-vont-conseiller-le-canada-en-mati-re-d-intelligence-artificielle\/#breadcrumb\",\"itemListElement\":[{\"@type\":\"ListItem\",\"position\":1,\"name\":\"Acceuil\",\"item\":\"https:\/\/cifar.ca\/fr\/\"},{\"@type\":\"ListItem\",\"position\":2,\"name\":\"Des membres de la communaut\u00e9 du CIFAR vont conseiller le Canada en mati\u00e8re d\u2019intelligence artificielle\"}]},{\"@type\":\"WebSite\",\"@id\":\"https:\/\/cifar.ca\/fr\/#website\",\"url\":\"https:\/\/cifar.ca\/fr\/\",\"name\":\"CIFAR\",\"description\":\"Convoquer des esprits extraordinaires pour r\u00e9pondre aux questions les plus importantes auxquelles la science et l'humanit\u00e9 sont confront\u00e9es.\",\"publisher\":{\"@id\":\"https:\/\/cifar.ca\/fr\/#organization\"},\"potentialAction\":[{\"@type\":\"SearchAction\",\"target\":{\"@type\":\"EntryPoint\",\"urlTemplate\":\"https:\/\/cifar.ca\/fr\/?s={search_term_string}\"},\"query-input\":{\"@type\":\"PropertyValueSpecification\",\"valueRequired\":true,\"valueName\":\"search_term_string\"}}],\"inLanguage\":\"fr-FR\"},{\"@type\":\"Organization\",\"@id\":\"https:\/\/cifar.ca\/fr\/#organization\",\"name\":\"CIFAR\",\"url\":\"https:\/\/cifar.ca\/fr\/\",\"logo\":{\"@type\":\"ImageObject\",\"inLanguage\":\"fr-FR\",\"@id\":\"https:\/\/cifar.ca\/fr\/#\/schema\/logo\/image\/\",\"url\":\"https:\/\/cifar.ca\/wp-content\/uploads\/2020\/01\/cifar-logo-rgb-colour.png\",\"contentUrl\":\"https:\/\/cifar.ca\/wp-content\/uploads\/2020\/01\/cifar-logo-rgb-colour.png\",\"width\":1884,\"height\":681,\"caption\":\"CIFAR\"},\"image\":{\"@id\":\"https:\/\/cifar.ca\/fr\/#\/schema\/logo\/image\/\"}},{\"@type\":\"Person\",\"@id\":\"https:\/\/cifar.ca\/fr\/#\/schema\/person\/be6ac84c25822d31a0039f3d6a9a7d1b\",\"name\":\"Alison Rutka\",\"image\":{\"@type\":\"ImageObject\",\"inLanguage\":\"fr-FR\",\"@id\":\"https:\/\/secure.gravatar.com\/avatar\/615d15ec89ba993517314fec79e6489a0dba223bcd18c606519b0f363d03f7fc?s=96&d=mm&r=g\",\"url\":\"https:\/\/secure.gravatar.com\/avatar\/615d15ec89ba993517314fec79e6489a0dba223bcd18c606519b0f363d03f7fc?s=96&d=mm&r=g\",\"contentUrl\":\"https:\/\/secure.gravatar.com\/avatar\/615d15ec89ba993517314fec79e6489a0dba223bcd18c606519b0f363d03f7fc?s=96&d=mm&r=g\",\"caption\":\"Alison Rutka\"}}]}<\/script>\n<!-- \/ Yoast SEO plugin. -->","yoast_head_json":{"title":"CIFAR","robots":{"index":"index","follow":"follow","max-snippet":"max-snippet:-1","max-image-preview":"max-image-preview:large","max-video-preview":"max-video-preview:-1"},"canonical":"https:\/\/cifar.ca\/fr\/cifarnews\/2019\/05\/15\/des-membres-de-la-communaut-du-cifar-vont-conseiller-le-canada-en-mati-re-d-intelligence-artificielle\/","og_locale":"fr_FR","og_type":"article","og_title":"Des membres de la communaut\u00e9 du CIFAR vont conseiller le Canada en mati\u00e8re d\u2019intelligence artificielle - CIFAR","og_description":"Un nouveau conseil consultatif auquel si\u00e8geront plusieurs membres du CIFAR conseillera le gouvernement sur la fa\u00e7on de tirer parti des forces du Canada en mati\u00e8re d\u2019intelligence artificielle de sorte \u00e0 refl\u00e9ter les valeurs canadiennes.","og_url":"https:\/\/cifar.ca\/fr\/cifarnews\/2019\/05\/15\/des-membres-de-la-communaut-du-cifar-vont-conseiller-le-canada-en-mati-re-d-intelligence-artificielle\/","og_site_name":"CIFAR","article_published_time":"2019-05-15T23:57:49+00:00","article_modified_time":"2020-01-30T03:43:01+00:00","og_image":[{"width":1921,"height":701,"url":"https:\/\/cifar.ca\/wp-content\/uploads\/2019\/12\/Banner-AI-02.png","type":"image\/png"}],"author":"Alison Rutka","twitter_card":"summary_large_image","twitter_misc":{"\u00c9crit par":"Alison Rutka","Dur\u00e9e de lecture estim\u00e9e":"2 minutes"},"schema":{"@context":"https:\/\/schema.org","@graph":[{"@type":"Article","@id":"https:\/\/cifar.ca\/fr\/cifarnews\/2019\/05\/15\/des-membres-de-la-communaut-du-cifar-vont-conseiller-le-canada-en-mati-re-d-intelligence-artificielle\/#article","isPartOf":{"@id":"https:\/\/cifar.ca\/fr\/cifarnews\/2019\/05\/15\/des-membres-de-la-communaut-du-cifar-vont-conseiller-le-canada-en-mati-re-d-intelligence-artificielle\/"},"author":{"name":"Alison Rutka","@id":"https:\/\/cifar.ca\/fr\/#\/schema\/person\/be6ac84c25822d31a0039f3d6a9a7d1b"},"headline":"Des membres de la communaut\u00e9 du CIFAR vont conseiller le Canada en mati\u00e8re d\u2019intelligence artificielle","datePublished":"2019-05-15T23:57:49+00:00","dateModified":"2020-01-30T03:43:01+00:00","mainEntityOfPage":{"@id":"https:\/\/cifar.ca\/fr\/cifarnews\/2019\/05\/15\/des-membres-de-la-communaut-du-cifar-vont-conseiller-le-canada-en-mati-re-d-intelligence-artificielle\/"},"wordCount":450,"publisher":{"@id":"https:\/\/cifar.ca\/fr\/#organization"},"image":{"@id":"https:\/\/cifar.ca\/fr\/cifarnews\/2019\/05\/15\/des-membres-de-la-communaut-du-cifar-vont-conseiller-le-canada-en-mati-re-d-intelligence-artificielle\/#primaryimage"},"thumbnailUrl":"https:\/\/cifar.ca\/wp-content\/uploads\/2019\/12\/Banner-AI-02.png","keywords":["Elissa Strome","Geoffrey Hinton","Ian Kerr","Intelligence artificielle","Richard Sutton"],"articleSection":["Annonce","Strat\u00e9gie pancanadienne en mati\u00e8re d&#039;IA"],"inLanguage":"fr-FR"},{"@type":"WebPage","@id":"https:\/\/cifar.ca\/fr\/cifarnews\/2019\/05\/15\/des-membres-de-la-communaut-du-cifar-vont-conseiller-le-canada-en-mati-re-d-intelligence-artificielle\/","url":"https:\/\/cifar.ca\/fr\/cifarnews\/2019\/05\/15\/des-membres-de-la-communaut-du-cifar-vont-conseiller-le-canada-en-mati-re-d-intelligence-artificielle\/","name":"Des membres de la communaut\u00e9 du CIFAR vont conseiller le Canada en mati\u00e8re d\u2019intelligence artificielle - CIFAR","isPartOf":{"@id":"https:\/\/cifar.ca\/fr\/#website"},"primaryImageOfPage":{"@id":"https:\/\/cifar.ca\/fr\/cifarnews\/2019\/05\/15\/des-membres-de-la-communaut-du-cifar-vont-conseiller-le-canada-en-mati-re-d-intelligence-artificielle\/#primaryimage"},"image":{"@id":"https:\/\/cifar.ca\/fr\/cifarnews\/2019\/05\/15\/des-membres-de-la-communaut-du-cifar-vont-conseiller-le-canada-en-mati-re-d-intelligence-artificielle\/#primaryimage"},"thumbnailUrl":"https:\/\/cifar.ca\/wp-content\/uploads\/2019\/12\/Banner-AI-02.png","datePublished":"2019-05-15T23:57:49+00:00","dateModified":"2020-01-30T03:43:01+00:00","breadcrumb":{"@id":"https:\/\/cifar.ca\/fr\/cifarnews\/2019\/05\/15\/des-membres-de-la-communaut-du-cifar-vont-conseiller-le-canada-en-mati-re-d-intelligence-artificielle\/#breadcrumb"},"inLanguage":"fr-FR","potentialAction":[{"@type":"ReadAction","target":["https:\/\/cifar.ca\/fr\/cifarnews\/2019\/05\/15\/des-membres-de-la-communaut-du-cifar-vont-conseiller-le-canada-en-mati-re-d-intelligence-artificielle\/"]}]},{"@type":"ImageObject","inLanguage":"fr-FR","@id":"https:\/\/cifar.ca\/fr\/cifarnews\/2019\/05\/15\/des-membres-de-la-communaut-du-cifar-vont-conseiller-le-canada-en-mati-re-d-intelligence-artificielle\/#primaryimage","url":"https:\/\/cifar.ca\/wp-content\/uploads\/2019\/12\/Banner-AI-02.png","contentUrl":"https:\/\/cifar.ca\/wp-content\/uploads\/2019\/12\/Banner-AI-02.png","width":1921,"height":701,"caption":"AI Illustration"},{"@type":"BreadcrumbList","@id":"https:\/\/cifar.ca\/fr\/cifarnews\/2019\/05\/15\/des-membres-de-la-communaut-du-cifar-vont-conseiller-le-canada-en-mati-re-d-intelligence-artificielle\/#breadcrumb","itemListElement":[{"@type":"ListItem","position":1,"name":"Acceuil","item":"https:\/\/cifar.ca\/fr\/"},{"@type":"ListItem","position":2,"name":"Des membres de la communaut\u00e9 du CIFAR vont conseiller le Canada en mati\u00e8re d\u2019intelligence artificielle"}]},{"@type":"WebSite","@id":"https:\/\/cifar.ca\/fr\/#website","url":"https:\/\/cifar.ca\/fr\/","name":"CIFAR","description":"Convoquer des esprits extraordinaires pour r\u00e9pondre aux questions les plus importantes auxquelles la science et l'humanit\u00e9 sont confront\u00e9es.","publisher":{"@id":"https:\/\/cifar.ca\/fr\/#organization"},"potentialAction":[{"@type":"SearchAction","target":{"@type":"EntryPoint","urlTemplate":"https:\/\/cifar.ca\/fr\/?s={search_term_string}"},"query-input":{"@type":"PropertyValueSpecification","valueRequired":true,"valueName":"search_term_string"}}],"inLanguage":"fr-FR"},{"@type":"Organization","@id":"https:\/\/cifar.ca\/fr\/#organization","name":"CIFAR","url":"https:\/\/cifar.ca\/fr\/","logo":{"@type":"ImageObject","inLanguage":"fr-FR","@id":"https:\/\/cifar.ca\/fr\/#\/schema\/logo\/image\/","url":"https:\/\/cifar.ca\/wp-content\/uploads\/2020\/01\/cifar-logo-rgb-colour.png","contentUrl":"https:\/\/cifar.ca\/wp-content\/uploads\/2020\/01\/cifar-logo-rgb-colour.png","width":1884,"height":681,"caption":"CIFAR"},"image":{"@id":"https:\/\/cifar.ca\/fr\/#\/schema\/logo\/image\/"}},{"@type":"Person","@id":"https:\/\/cifar.ca\/fr\/#\/schema\/person\/be6ac84c25822d31a0039f3d6a9a7d1b","name":"Alison Rutka","image":{"@type":"ImageObject","inLanguage":"fr-FR","@id":"https:\/\/secure.gravatar.com\/avatar\/615d15ec89ba993517314fec79e6489a0dba223bcd18c606519b0f363d03f7fc?s=96&d=mm&r=g","url":"https:\/\/secure.gravatar.com\/avatar\/615d15ec89ba993517314fec79e6489a0dba223bcd18c606519b0f363d03f7fc?s=96&d=mm&r=g","contentUrl":"https:\/\/secure.gravatar.com\/avatar\/615d15ec89ba993517314fec79e6489a0dba223bcd18c606519b0f363d03f7fc?s=96&d=mm&r=g","caption":"Alison Rutka"}}]}},"_links":{"self":[{"href":"https:\/\/cifar.ca\/fr\/wp-json\/wp\/v2\/posts\/21285","targetHints":{"allow":["GET"]}}],"collection":[{"href":"https:\/\/cifar.ca\/fr\/wp-json\/wp\/v2\/posts"}],"about":[{"href":"https:\/\/cifar.ca\/fr\/wp-json\/wp\/v2\/types\/post"}],"author":[{"embeddable":true,"href":"https:\/\/cifar.ca\/fr\/wp-json\/wp\/v2\/users\/65"}],"replies":[{"embeddable":true,"href":"https:\/\/cifar.ca\/fr\/wp-json\/wp\/v2\/comments?post=21285"}],"version-history":[{"count":0,"href":"https:\/\/cifar.ca\/fr\/wp-json\/wp\/v2\/posts\/21285\/revisions"}],"wp:featuredmedia":[{"embeddable":true,"href":"https:\/\/cifar.ca\/fr\/wp-json\/wp\/v2\/media\/31458"}],"wp:attachment":[{"href":"https:\/\/cifar.ca\/fr\/wp-json\/wp\/v2\/media?parent=21285"}],"wp:term":[{"taxonomy":"category","embeddable":true,"href":"https:\/\/cifar.ca\/fr\/wp-json\/wp\/v2\/categories?post=21285"},{"taxonomy":"post_tag","embeddable":true,"href":"https:\/\/cifar.ca\/fr\/wp-json\/wp\/v2\/tags?post=21285"}],"curies":[{"name":"wp","href":"https:\/\/api.w.org\/{rel}","templated":true}]}}