{"id":21388,"date":"2019-01-15T14:06:05","date_gmt":"2019-01-15T19:06:05","guid":{"rendered":"https:\/\/cifar661.wpengine.com\/cifarnews\/2019\/01\/15\/l-heredite-du-vecu\/"},"modified":"2025-12-18T05:06:00","modified_gmt":"2025-12-18T10:06:00","slug":"l-heredite-du-vecu","status":"publish","type":"post","link":"https:\/\/cifar.ca\/fr\/cifarnews\/2019\/01\/15\/l-heredite-du-vecu\/","title":{"rendered":"L\u2019h\u00e9r\u00e9dit\u00e9 du v\u00e9cu"},"content":{"rendered":"<p dir=\"ltr\">La vieille id\u00e9e en biologie voulant que le v\u00e9cu module l\u2019h\u00e9r\u00e9dit\u00e9 est en train de rena\u00eetre et <a href=\"https:\/\/cifar.ca\/fr\/biographie\/brian-dias\/\">Brian Dias<\/a>, Chercheur mondial CIFAR-Azrieli, est \u00e0 l\u2019avant-garde de cette question.<\/p>\n<p dir=\"ltr\">Le stress, les succ\u00e8s et les \u00e9checs d\u2019un parent peuvent influencer la biologie et le d\u00e9veloppement des g\u00e9n\u00e9rations futures. Il s\u2019agit d\u2019une vieille id\u00e9e, propos\u00e9e d\u2019abord par des \u00e9rudits grecs, comme Hippocrate et Aristote, et popularis\u00e9e dans les ann\u00e9es\u00a01800. Au cours du dernier si\u00e8cle, cette id\u00e9e a \u00e9t\u00e9 discr\u00e9dit\u00e9e et qualifi\u00e9e de quasi-h\u00e9r\u00e9sie eu \u00e9gard aux principes fondamentaux de la biologie. Mais les recherches sur la possibilit\u00e9 que l\u2019h\u00e9ritage biologique d\u2019un enfant soit partiellement d\u00e9termin\u00e9 par le v\u00e9cu de ses parents ont connu une renaissance au cours de la derni\u00e8re d\u00e9cennie gr\u00e2ce au travail d\u2019un nombre croissant de scientifiques, dont Brian Dias, <a href=\"[f669d9a7-009d-4d83-ddaa-000000000002]21b798aa-9d33-4d98-8529-565941b3eade\">Chercheur mondial CIFAR-Azrieli<\/a>.<\/p>\n<p dir=\"ltr\">Comme les r\u00e8gnes v\u00e9g\u00e9tal et animal nous livrent un nombre croissant d\u2019<a href=\"https:\/\/linkinghub.elsevier.com\/retrieve\/pii\/S0092-8674(14)00286-4\">exemples<\/a> d\u2019organismes, comme le ver n\u00e9matode, les petits pois et la souris, qui transmettent des messages mol\u00e9culaires sur le stress qu\u2019ils subissent, il devient clair que les Grecs avaient peut-\u00eatre compris quelque chose. M\u00eame chez l\u2019humain, il y a <a href=\"https:\/\/www.theatlantic.com\/science\/archive\/2018\/06\/mothers-laugh-excerpt\/562478\/\">de plus en plus de r\u00e9sultats probants, quoique controvers\u00e9s<\/a>, indiquant que l\u2019adversit\u00e9 d\u2019un parent peut influencer les g\u00e9n\u00e9rations futures.<\/p>\n<p dir=\"ltr\">Nous nous sommes donc entretenus avec Dias pour mieux comprendre ce qu\u2019un parent transmet \u00e0 son enfant et quand le stress peut transcender les g\u00e9n\u00e9rations.<\/p>\n<p dir=\"ltr\">Dans une <a href=\"https:\/\/www.nature.com\/articles\/nn.3594\">\u00e9tude d\u00e9terminante men\u00e9e en 2014<\/a>, Dias a appris \u00e0 des souris \u00e0 associer une odeur particuli\u00e8re \u00e0 un l\u00e9ger choc \u00e9lectrique podal. Les petits de ces souris ont \u00e9t\u00e9 \u00e9lev\u00e9s par un parent de substitution et leur d\u00e9veloppement a fait l\u2019objet d\u2019un suivi. Dias a d\u00e9montr\u00e9 que les petits, qui n\u2019avaient jamais re\u00e7u de chocs, pr\u00e9sentaient une sensibilit\u00e9 \u00e0 l\u2019odeur que leurs parents avaient appris \u00e0 associer au choc \u00e9lectrique. Il s\u2019agissait d\u2019un r\u00e9sultat surprenant, car cela sugg\u00e9rait que les parents transmettent \u00e0 leurs enfants plus que les g\u00e8nes qu\u2019ils avaient \u00e0 la naissance. D\u2019une fa\u00e7on ou d\u2019une autre, ils transmettaient les effets de leur v\u00e9cu.<\/p>\n<p dir=\"ltr\">En r\u00e9sumant les r\u00e9sultats de cette \u00e9tude, Dias souligne que les effets allaient plus loin que le comportement\u00a0: \u00ab\u00a0Leur cerveau consacre plus d\u2019espace au traitement de l\u2019odeur et leur sperme porte les empreintes de ce stress sur les g\u00e8nes qui encodent les r\u00e9cepteurs responsables de la d\u00e9tection de l\u2019odeur\u00a0\u00bb. Malgr\u00e9 ce qui est souvent rapport\u00e9, Dias pr\u00e9cise que son travail ne vient pas appuyer l\u2019h\u00e9r\u00e9dit\u00e9 lamarckienne. \u00ab\u00a0\u00c0 notre connaissance, contrairement aux parents qui ont peur de l\u2019odeur associ\u00e9e au l\u00e9ger choc \u00e9lectrique, la g\u00e9n\u00e9ration suivante n\u2019h\u00e9rite pas de la peur de l\u2019odeur, elle h\u00e9rite plut\u00f4t d\u2019une sensibilit\u00e9. Elle en est plus consciente, mais s\u2019il n\u2019y a pas de valence \u00e9motionnelle associ\u00e9e \u00e0 l\u2019odeur, on ne sait pas.\u00a0\u00bb<\/p>\n<p dir=\"ltr\">Des travaux plus r\u00e9cents, publi\u00e9s cet \u00e9t\u00e9 par l\u2019\u00e9quipe de Dias dans <a href=\"https:\/\/www.biologicalpsychiatryjournal.com\/article\/S0006-3223(18)31781-5\/fulltext\">Biological Psychiatry<\/a>, d\u00e9montrent que, comme le dit Dias, \u00ab\u00a0les d\u00e9s ne sont pas jet\u00e9s. Ce processus pr\u00e9sente une certaine mall\u00e9abilit\u00e9\u00a0\u00bb. Tout comme vous pouvez entra\u00eener une souris \u00e0 craindre une odeur en l\u2019associant toujours \u00e0 un l\u00e9ger choc podal, vous pouvez \u00e9liminer l\u2019association en pr\u00e9sentant l\u2019odeur seule, sans choc. Dias et son \u00e9quipe ont constat\u00e9 que ce processus d\u2019extinction, semblable \u00e0 la th\u00e9rapie cognitivo-comportementale chez l\u2019humain, a \u00e9limin\u00e9 la peur de l\u2019odeur chez les souris. De plus, ce processus a men\u00e9 \u00e0 la disparition des marqueurs mol\u00e9culaires sur les spermatozo\u00efdes et a permis \u00e0 la prog\u00e9niture de ne pas avoir de modifications c\u00e9r\u00e9brales ni de d\u00e9velopper une sensibilit\u00e9 \u00e0 l\u2019odeur. Ce r\u00e9sultat nous permet d\u2019esp\u00e9rer qu\u2019il est possible de briser le cycle du stress interg\u00e9n\u00e9rationnel.<\/p>\n<p dir=\"ltr\">Dias et d\u2019<a href=\"https:\/\/www.ncbi.nlm.nih.gov\/pubmed\/29198470\">autres<\/a> dans le <a href=\"https:\/\/www.biologicalpsychiatryjournal.com\/article\/S0006-3223%2810%2900576-7\/fulltext\">domaine<\/a>\u00a0ont pr\u00e9sent\u00e9 des r\u00e9sultats convaincants indiquant que le v\u00e9cu peut avoir un impact sur les g\u00e9n\u00e9rations futures, \u00e0 tout le moins chez la souris. Mais nous ignorons encore la nature du m\u00e9canisme en cause. \u00ab\u00a0Nous souhaitons comprendre dans le d\u00e9tail comment se fait la transmission de l\u2019information d\u2019une g\u00e9n\u00e9ration \u00e0 l\u2019autre\u00a0\u00bb, dit-il.<\/p>\n<p dir=\"ltr\">L\u2019un des m\u00e9canismes souvent \u00e9voqu\u00e9s est la m\u00e9thylation de l\u2019ADN o\u00f9 une s\u00e9rie de marqueurs mol\u00e9culaires sur le g\u00e9nome font office de commutateurs. Dias et d\u2019autres ont d\u00e9montr\u00e9 que le v\u00e9cu peut modifier les sch\u00e9mas de m\u00e9thylation dans le sperme. Toutefois, chaque spermatozo\u00efde subit une reprogrammation \u00e9pig\u00e9n\u00e9tique majeure qui r\u00e9initialise ces commutateurs au moins deux fois \u2014 une fois lors de la f\u00e9condation et une fois dans l\u2019embryon.<\/p>\n<p dir=\"ltr\">Mais la reprogrammation n\u2019est peut-\u00eatre pas aussi compl\u00e8te qu\u2019on le pense. Citant des <a href=\"https:\/\/www.sciencedirect.com\/science\/article\/pii\/S0092867415005644\">travaux publi\u00e9s dans la revue Cell en 2015<\/a>, Dias affirme que \u00ab\u00a0des loci g\u00e9n\u00e9tiques associ\u00e9s \u00e0 l\u2019ob\u00e9sit\u00e9 et \u00e0 la schizophr\u00e9nie avaient \u00e9chapp\u00e9 \u00e0 la reprogrammation \u00e9pig\u00e9n\u00e9tique\u00a0\u00bb.<\/p>\n<p dir=\"ltr\">Il est \u00e9galement possible que la m\u00e9thylation de l\u2019ADN ne soit pas le m\u00e9canisme par lequel le signal se transmet d\u2019une g\u00e9n\u00e9ration \u00e0 l\u2019autre. L\u2019ARN non codant \u2013 des fragments de mat\u00e9riel g\u00e9n\u00e9tique longtemps consid\u00e9r\u00e9s comme non pertinents \u2013 fait maintenant l\u2019objet d\u2019<a href=\"https:\/\/www.ncbi.nlm.nih.gov\/pmc\/articles\/PMC5744636\/\">\u00e9tudes intenses<\/a> en tant que messager \u00e9ventuel du traumatisme parental. L\u2019ARN non codant est un m\u00e9canisme attrayant, car l\u2019ARN peut passer dans les spermatozo\u00efdes sans \u00eatre reprogramm\u00e9. Mais son r\u00f4le dans le d\u00e9veloppement est encore un myst\u00e8re et les recherches n\u2019en sont qu\u2019\u00e0 leur d\u00e9but.<\/p>\n<p dir=\"ltr\">Dias voit deux obstacles majeurs \u00e0 surmonter dans son domaine\u00a0: percer le myst\u00e8re du m\u00e9canisme en cause et comprendre ce que tout cela signifie pour la sant\u00e9 humaine.<\/p>\n<p dir=\"ltr\">Dias est r\u00e9ticent \u00e0 tirer des conclusions g\u00e9n\u00e9rales sur les humains \u00e0 partir de ses travaux sur d\u2019autres mammif\u00e8res. Il admet qu\u2019\u00ab\u00a0il est incroyablement difficile de d\u00e9m\u00ealer l\u2019h\u00e9r\u00e9dit\u00e9 biologique de la contribution des facteurs sociaux \u00e0 la condition humaine\u00a0\u00bb. En d\u2019autres termes, chez l\u2019humain, il est difficile de savoir si les gens sont traumatis\u00e9s par la fa\u00e7on dont leurs parents les ont \u00e9lev\u00e9s ou par les \u00e9tiquettes mol\u00e9culaires qui leur ont \u00e9t\u00e9 transmises par le sperme et les ovules. <a href=\"https:\/\/cifar.ca\/fr\/biographie\/michael-s-kobor\/\">Michael Kobor<\/a>, un autre membre du programme <a href=\"[f669d9a7-009d-4d83-ddaa-000000000002]361b09ff-34ae-4d40-99ee-986a537eb958\">D\u00e9veloppement du cerveau et de l\u2019enfant<\/a>\u00a0du CIFAR, a obtenu des r\u00e9sultats prometteurs. Il a r\u00e9cemment <a href=\"https:\/\/www.nature.com\/articles\/s41398-018-0252-1\">publi\u00e9 des travaux<\/a>\u00a0qui sugg\u00e8rent que des marques de maltraitance subie pendant la petite enfance sont pr\u00e9sentes dans le sperme d\u2019hommes adultes. Toutefois, nous ignorons dans quelle mesure les messages \u00e9pig\u00e9n\u00e9tiques survivent \u00e0 la reprogrammation avant d\u2019\u00eatre exprim\u00e9s chez les enfants.<\/p>\n<p dir=\"ltr\">L\u2019un des objectifs principaux du programme D\u00e9veloppement du cerveau et de l\u2019enfant est de comprendre l\u2019\u00e9quilibre entre l\u2019inn\u00e9 et l\u2019acquis dans le d\u00e9veloppement humain, et les recherches r\u00e9alis\u00e9es par l\u2019\u00e9quipe de Dias d\u00e9montrent que cette question est peut-\u00eatre encore plus complexe qu\u2019on ne le pensait.<\/p>\n","protected":false},"excerpt":{"rendered":"<p>La vieille id\u00e9e en biologie voulant que le v\u00e9cu module l\u2019h\u00e9r\u00e9dit\u00e9 est en train de rena\u00eetre et Brian Dias, Chercheur mondial CIFAR-Azrieli, est \u00e0 l\u2019avant-garde de cette question.<\/p>\n","protected":false},"author":65,"featured_media":15170,"comment_status":"closed","ping_status":"closed","sticky":false,"template":"","format":"standard","meta":{"_acf_changed":false,"footnotes":""},"categories":[1771,927],"tags":[2202],"class_list":["post-21388","post","type-post","status-publish","format-standard","has-post-thumbnail","hentry","category-nouvelles","category-recherche","tag-brian-dias"],"acf":[],"yoast_head":"<!-- This site is optimized with the Yoast SEO plugin v27.2 - https:\/\/yoast.com\/product\/yoast-seo-wordpress\/ -->\n<title>CIFAR<\/title>\n<meta name=\"robots\" content=\"index, follow, max-snippet:-1, max-image-preview:large, max-video-preview:-1\" \/>\n<link rel=\"canonical\" href=\"https:\/\/cifar.ca\/fr\/cifarnews\/2019\/01\/15\/l-heredite-du-vecu\/\" \/>\n<meta property=\"og:locale\" content=\"fr_FR\" \/>\n<meta property=\"og:type\" content=\"article\" \/>\n<meta property=\"og:title\" content=\"L\u2019h\u00e9r\u00e9dit\u00e9 du v\u00e9cu - CIFAR\" \/>\n<meta property=\"og:description\" content=\"La vieille id\u00e9e en biologie voulant que le v\u00e9cu module l\u2019h\u00e9r\u00e9dit\u00e9 est en train de rena\u00eetre et Brian Dias, Chercheur mondial CIFAR-Azrieli, est \u00e0 l\u2019avant-garde de cette question.\" \/>\n<meta property=\"og:url\" content=\"https:\/\/cifar.ca\/fr\/cifarnews\/2019\/01\/15\/l-heredite-du-vecu\/\" \/>\n<meta property=\"og:site_name\" content=\"CIFAR\" \/>\n<meta property=\"article:published_time\" content=\"2019-01-15T19:06:05+00:00\" \/>\n<meta property=\"article:modified_time\" content=\"2025-12-18T10:06:00+00:00\" \/>\n<meta property=\"og:image\" content=\"https:\/\/cifar.ca\/wp-content\/uploads\/2020\/01\/dias-banner.jpg\" \/>\n\t<meta property=\"og:image:width\" content=\"1280\" \/>\n\t<meta property=\"og:image:height\" content=\"500\" \/>\n\t<meta property=\"og:image:type\" content=\"image\/jpeg\" \/>\n<meta name=\"author\" content=\"Alison Rutka\" \/>\n<meta name=\"twitter:card\" content=\"summary_large_image\" \/>\n<meta name=\"twitter:label1\" content=\"\u00c9crit par\" \/>\n\t<meta name=\"twitter:data1\" content=\"Alison Rutka\" \/>\n\t<meta name=\"twitter:label2\" content=\"Dur\u00e9e de lecture estim\u00e9e\" \/>\n\t<meta name=\"twitter:data2\" content=\"5 minutes\" \/>\n<script type=\"application\/ld+json\" class=\"yoast-schema-graph\">{\"@context\":\"https:\/\/schema.org\",\"@graph\":[{\"@type\":\"Article\",\"@id\":\"https:\/\/cifar.ca\/fr\/cifarnews\/2019\/01\/15\/l-heredite-du-vecu\/#article\",\"isPartOf\":{\"@id\":\"https:\/\/cifar.ca\/fr\/cifarnews\/2019\/01\/15\/l-heredite-du-vecu\/\"},\"author\":{\"name\":\"Alison Rutka\",\"@id\":\"https:\/\/cifar.ca\/fr\/#\/schema\/person\/be6ac84c25822d31a0039f3d6a9a7d1b\"},\"headline\":\"L\u2019h\u00e9r\u00e9dit\u00e9 du v\u00e9cu\",\"datePublished\":\"2019-01-15T19:06:05+00:00\",\"dateModified\":\"2025-12-18T10:06:00+00:00\",\"mainEntityOfPage\":{\"@id\":\"https:\/\/cifar.ca\/fr\/cifarnews\/2019\/01\/15\/l-heredite-du-vecu\/\"},\"wordCount\":1280,\"publisher\":{\"@id\":\"https:\/\/cifar.ca\/fr\/#organization\"},\"image\":{\"@id\":\"https:\/\/cifar.ca\/fr\/cifarnews\/2019\/01\/15\/l-heredite-du-vecu\/#primaryimage\"},\"thumbnailUrl\":\"https:\/\/cifar.ca\/wp-content\/uploads\/2020\/01\/dias-banner.jpg\",\"keywords\":[\"Brian Dias\"],\"articleSection\":[\"Nouvelles\",\"Recherche\"],\"inLanguage\":\"fr-FR\"},{\"@type\":\"WebPage\",\"@id\":\"https:\/\/cifar.ca\/fr\/cifarnews\/2019\/01\/15\/l-heredite-du-vecu\/\",\"url\":\"https:\/\/cifar.ca\/fr\/cifarnews\/2019\/01\/15\/l-heredite-du-vecu\/\",\"name\":\"L\u2019h\u00e9r\u00e9dit\u00e9 du v\u00e9cu - CIFAR\",\"isPartOf\":{\"@id\":\"https:\/\/cifar.ca\/fr\/#website\"},\"primaryImageOfPage\":{\"@id\":\"https:\/\/cifar.ca\/fr\/cifarnews\/2019\/01\/15\/l-heredite-du-vecu\/#primaryimage\"},\"image\":{\"@id\":\"https:\/\/cifar.ca\/fr\/cifarnews\/2019\/01\/15\/l-heredite-du-vecu\/#primaryimage\"},\"thumbnailUrl\":\"https:\/\/cifar.ca\/wp-content\/uploads\/2020\/01\/dias-banner.jpg\",\"datePublished\":\"2019-01-15T19:06:05+00:00\",\"dateModified\":\"2025-12-18T10:06:00+00:00\",\"breadcrumb\":{\"@id\":\"https:\/\/cifar.ca\/fr\/cifarnews\/2019\/01\/15\/l-heredite-du-vecu\/#breadcrumb\"},\"inLanguage\":\"fr-FR\",\"potentialAction\":[{\"@type\":\"ReadAction\",\"target\":[\"https:\/\/cifar.ca\/fr\/cifarnews\/2019\/01\/15\/l-heredite-du-vecu\/\"]}]},{\"@type\":\"ImageObject\",\"inLanguage\":\"fr-FR\",\"@id\":\"https:\/\/cifar.ca\/fr\/cifarnews\/2019\/01\/15\/l-heredite-du-vecu\/#primaryimage\",\"url\":\"https:\/\/cifar.ca\/wp-content\/uploads\/2020\/01\/dias-banner.jpg\",\"contentUrl\":\"https:\/\/cifar.ca\/wp-content\/uploads\/2020\/01\/dias-banner.jpg\",\"width\":1280,\"height\":500},{\"@type\":\"BreadcrumbList\",\"@id\":\"https:\/\/cifar.ca\/fr\/cifarnews\/2019\/01\/15\/l-heredite-du-vecu\/#breadcrumb\",\"itemListElement\":[{\"@type\":\"ListItem\",\"position\":1,\"name\":\"Acceuil\",\"item\":\"https:\/\/cifar.ca\/fr\/\"},{\"@type\":\"ListItem\",\"position\":2,\"name\":\"L\u2019h\u00e9r\u00e9dit\u00e9 du v\u00e9cu\"}]},{\"@type\":\"WebSite\",\"@id\":\"https:\/\/cifar.ca\/fr\/#website\",\"url\":\"https:\/\/cifar.ca\/fr\/\",\"name\":\"CIFAR\",\"description\":\"Convoquer des esprits extraordinaires pour r\u00e9pondre aux questions les plus importantes auxquelles la science et l'humanit\u00e9 sont confront\u00e9es.\",\"publisher\":{\"@id\":\"https:\/\/cifar.ca\/fr\/#organization\"},\"potentialAction\":[{\"@type\":\"SearchAction\",\"target\":{\"@type\":\"EntryPoint\",\"urlTemplate\":\"https:\/\/cifar.ca\/fr\/?s={search_term_string}\"},\"query-input\":{\"@type\":\"PropertyValueSpecification\",\"valueRequired\":true,\"valueName\":\"search_term_string\"}}],\"inLanguage\":\"fr-FR\"},{\"@type\":\"Organization\",\"@id\":\"https:\/\/cifar.ca\/fr\/#organization\",\"name\":\"CIFAR\",\"url\":\"https:\/\/cifar.ca\/fr\/\",\"logo\":{\"@type\":\"ImageObject\",\"inLanguage\":\"fr-FR\",\"@id\":\"https:\/\/cifar.ca\/fr\/#\/schema\/logo\/image\/\",\"url\":\"https:\/\/cifar.ca\/wp-content\/uploads\/2020\/01\/cifar-logo-rgb-colour.png\",\"contentUrl\":\"https:\/\/cifar.ca\/wp-content\/uploads\/2020\/01\/cifar-logo-rgb-colour.png\",\"width\":1884,\"height\":681,\"caption\":\"CIFAR\"},\"image\":{\"@id\":\"https:\/\/cifar.ca\/fr\/#\/schema\/logo\/image\/\"}},{\"@type\":\"Person\",\"@id\":\"https:\/\/cifar.ca\/fr\/#\/schema\/person\/be6ac84c25822d31a0039f3d6a9a7d1b\",\"name\":\"Alison Rutka\",\"image\":{\"@type\":\"ImageObject\",\"inLanguage\":\"fr-FR\",\"@id\":\"https:\/\/secure.gravatar.com\/avatar\/615d15ec89ba993517314fec79e6489a0dba223bcd18c606519b0f363d03f7fc?s=96&d=mm&r=g\",\"url\":\"https:\/\/secure.gravatar.com\/avatar\/615d15ec89ba993517314fec79e6489a0dba223bcd18c606519b0f363d03f7fc?s=96&d=mm&r=g\",\"contentUrl\":\"https:\/\/secure.gravatar.com\/avatar\/615d15ec89ba993517314fec79e6489a0dba223bcd18c606519b0f363d03f7fc?s=96&d=mm&r=g\",\"caption\":\"Alison Rutka\"}}]}<\/script>\n<!-- \/ Yoast SEO plugin. -->","yoast_head_json":{"title":"CIFAR","robots":{"index":"index","follow":"follow","max-snippet":"max-snippet:-1","max-image-preview":"max-image-preview:large","max-video-preview":"max-video-preview:-1"},"canonical":"https:\/\/cifar.ca\/fr\/cifarnews\/2019\/01\/15\/l-heredite-du-vecu\/","og_locale":"fr_FR","og_type":"article","og_title":"L\u2019h\u00e9r\u00e9dit\u00e9 du v\u00e9cu - CIFAR","og_description":"La vieille id\u00e9e en biologie voulant que le v\u00e9cu module l\u2019h\u00e9r\u00e9dit\u00e9 est en train de rena\u00eetre et Brian Dias, Chercheur mondial CIFAR-Azrieli, est \u00e0 l\u2019avant-garde de cette question.","og_url":"https:\/\/cifar.ca\/fr\/cifarnews\/2019\/01\/15\/l-heredite-du-vecu\/","og_site_name":"CIFAR","article_published_time":"2019-01-15T19:06:05+00:00","article_modified_time":"2025-12-18T10:06:00+00:00","og_image":[{"width":1280,"height":500,"url":"https:\/\/cifar.ca\/wp-content\/uploads\/2020\/01\/dias-banner.jpg","type":"image\/jpeg"}],"author":"Alison Rutka","twitter_card":"summary_large_image","twitter_misc":{"\u00c9crit par":"Alison Rutka","Dur\u00e9e de lecture estim\u00e9e":"5 minutes"},"schema":{"@context":"https:\/\/schema.org","@graph":[{"@type":"Article","@id":"https:\/\/cifar.ca\/fr\/cifarnews\/2019\/01\/15\/l-heredite-du-vecu\/#article","isPartOf":{"@id":"https:\/\/cifar.ca\/fr\/cifarnews\/2019\/01\/15\/l-heredite-du-vecu\/"},"author":{"name":"Alison Rutka","@id":"https:\/\/cifar.ca\/fr\/#\/schema\/person\/be6ac84c25822d31a0039f3d6a9a7d1b"},"headline":"L\u2019h\u00e9r\u00e9dit\u00e9 du v\u00e9cu","datePublished":"2019-01-15T19:06:05+00:00","dateModified":"2025-12-18T10:06:00+00:00","mainEntityOfPage":{"@id":"https:\/\/cifar.ca\/fr\/cifarnews\/2019\/01\/15\/l-heredite-du-vecu\/"},"wordCount":1280,"publisher":{"@id":"https:\/\/cifar.ca\/fr\/#organization"},"image":{"@id":"https:\/\/cifar.ca\/fr\/cifarnews\/2019\/01\/15\/l-heredite-du-vecu\/#primaryimage"},"thumbnailUrl":"https:\/\/cifar.ca\/wp-content\/uploads\/2020\/01\/dias-banner.jpg","keywords":["Brian Dias"],"articleSection":["Nouvelles","Recherche"],"inLanguage":"fr-FR"},{"@type":"WebPage","@id":"https:\/\/cifar.ca\/fr\/cifarnews\/2019\/01\/15\/l-heredite-du-vecu\/","url":"https:\/\/cifar.ca\/fr\/cifarnews\/2019\/01\/15\/l-heredite-du-vecu\/","name":"L\u2019h\u00e9r\u00e9dit\u00e9 du v\u00e9cu - CIFAR","isPartOf":{"@id":"https:\/\/cifar.ca\/fr\/#website"},"primaryImageOfPage":{"@id":"https:\/\/cifar.ca\/fr\/cifarnews\/2019\/01\/15\/l-heredite-du-vecu\/#primaryimage"},"image":{"@id":"https:\/\/cifar.ca\/fr\/cifarnews\/2019\/01\/15\/l-heredite-du-vecu\/#primaryimage"},"thumbnailUrl":"https:\/\/cifar.ca\/wp-content\/uploads\/2020\/01\/dias-banner.jpg","datePublished":"2019-01-15T19:06:05+00:00","dateModified":"2025-12-18T10:06:00+00:00","breadcrumb":{"@id":"https:\/\/cifar.ca\/fr\/cifarnews\/2019\/01\/15\/l-heredite-du-vecu\/#breadcrumb"},"inLanguage":"fr-FR","potentialAction":[{"@type":"ReadAction","target":["https:\/\/cifar.ca\/fr\/cifarnews\/2019\/01\/15\/l-heredite-du-vecu\/"]}]},{"@type":"ImageObject","inLanguage":"fr-FR","@id":"https:\/\/cifar.ca\/fr\/cifarnews\/2019\/01\/15\/l-heredite-du-vecu\/#primaryimage","url":"https:\/\/cifar.ca\/wp-content\/uploads\/2020\/01\/dias-banner.jpg","contentUrl":"https:\/\/cifar.ca\/wp-content\/uploads\/2020\/01\/dias-banner.jpg","width":1280,"height":500},{"@type":"BreadcrumbList","@id":"https:\/\/cifar.ca\/fr\/cifarnews\/2019\/01\/15\/l-heredite-du-vecu\/#breadcrumb","itemListElement":[{"@type":"ListItem","position":1,"name":"Acceuil","item":"https:\/\/cifar.ca\/fr\/"},{"@type":"ListItem","position":2,"name":"L\u2019h\u00e9r\u00e9dit\u00e9 du v\u00e9cu"}]},{"@type":"WebSite","@id":"https:\/\/cifar.ca\/fr\/#website","url":"https:\/\/cifar.ca\/fr\/","name":"CIFAR","description":"Convoquer des esprits extraordinaires pour r\u00e9pondre aux questions les plus importantes auxquelles la science et l'humanit\u00e9 sont confront\u00e9es.","publisher":{"@id":"https:\/\/cifar.ca\/fr\/#organization"},"potentialAction":[{"@type":"SearchAction","target":{"@type":"EntryPoint","urlTemplate":"https:\/\/cifar.ca\/fr\/?s={search_term_string}"},"query-input":{"@type":"PropertyValueSpecification","valueRequired":true,"valueName":"search_term_string"}}],"inLanguage":"fr-FR"},{"@type":"Organization","@id":"https:\/\/cifar.ca\/fr\/#organization","name":"CIFAR","url":"https:\/\/cifar.ca\/fr\/","logo":{"@type":"ImageObject","inLanguage":"fr-FR","@id":"https:\/\/cifar.ca\/fr\/#\/schema\/logo\/image\/","url":"https:\/\/cifar.ca\/wp-content\/uploads\/2020\/01\/cifar-logo-rgb-colour.png","contentUrl":"https:\/\/cifar.ca\/wp-content\/uploads\/2020\/01\/cifar-logo-rgb-colour.png","width":1884,"height":681,"caption":"CIFAR"},"image":{"@id":"https:\/\/cifar.ca\/fr\/#\/schema\/logo\/image\/"}},{"@type":"Person","@id":"https:\/\/cifar.ca\/fr\/#\/schema\/person\/be6ac84c25822d31a0039f3d6a9a7d1b","name":"Alison Rutka","image":{"@type":"ImageObject","inLanguage":"fr-FR","@id":"https:\/\/secure.gravatar.com\/avatar\/615d15ec89ba993517314fec79e6489a0dba223bcd18c606519b0f363d03f7fc?s=96&d=mm&r=g","url":"https:\/\/secure.gravatar.com\/avatar\/615d15ec89ba993517314fec79e6489a0dba223bcd18c606519b0f363d03f7fc?s=96&d=mm&r=g","contentUrl":"https:\/\/secure.gravatar.com\/avatar\/615d15ec89ba993517314fec79e6489a0dba223bcd18c606519b0f363d03f7fc?s=96&d=mm&r=g","caption":"Alison Rutka"}}]}},"_links":{"self":[{"href":"https:\/\/cifar.ca\/fr\/wp-json\/wp\/v2\/posts\/21388","targetHints":{"allow":["GET"]}}],"collection":[{"href":"https:\/\/cifar.ca\/fr\/wp-json\/wp\/v2\/posts"}],"about":[{"href":"https:\/\/cifar.ca\/fr\/wp-json\/wp\/v2\/types\/post"}],"author":[{"embeddable":true,"href":"https:\/\/cifar.ca\/fr\/wp-json\/wp\/v2\/users\/65"}],"replies":[{"embeddable":true,"href":"https:\/\/cifar.ca\/fr\/wp-json\/wp\/v2\/comments?post=21388"}],"version-history":[{"count":0,"href":"https:\/\/cifar.ca\/fr\/wp-json\/wp\/v2\/posts\/21388\/revisions"}],"wp:featuredmedia":[{"embeddable":true,"href":"https:\/\/cifar.ca\/fr\/wp-json\/wp\/v2\/media\/15170"}],"wp:attachment":[{"href":"https:\/\/cifar.ca\/fr\/wp-json\/wp\/v2\/media?parent=21388"}],"wp:term":[{"taxonomy":"category","embeddable":true,"href":"https:\/\/cifar.ca\/fr\/wp-json\/wp\/v2\/categories?post=21388"},{"taxonomy":"post_tag","embeddable":true,"href":"https:\/\/cifar.ca\/fr\/wp-json\/wp\/v2\/tags?post=21388"}],"curies":[{"name":"wp","href":"https:\/\/api.w.org\/{rel}","templated":true}]}}