{"id":21392,"date":"2014-02-14T18:06:00","date_gmt":"2014-02-14T23:06:00","guid":{"rendered":"https:\/\/cifar661.wpengine.com\/cifarnews\/2014\/02\/14\/l-icra-annonce-de-nouvelles-nominations-au-sein-de-ses-programmes-de-recherche\/"},"modified":"2025-12-18T07:13:50","modified_gmt":"2025-12-18T12:13:50","slug":"l-icra-annonce-de-nouvelles-nominations-au-sein-de-ses-programmes-de-recherche","status":"publish","type":"post","link":"https:\/\/cifar.ca\/fr\/cifarnews\/2014\/02\/14\/l-icra-annonce-de-nouvelles-nominations-au-sein-de-ses-programmes-de-recherche\/","title":{"rendered":"L\u2019ICRA annonce de nouvelles nominations au sein de ses programmes de recherche"},"content":{"rendered":"<p>L\u2019Institut canadien de recherches avanc\u00e9es (ICRA) est ravi d\u2019annoncer la nomination de cinq nouveaux Boursiers et Boursiers principaux \u00e0 l\u2019Institut.<\/p>\n<h4>Ces chercheurs se joignent \u00e0 la communaut\u00e9 de l\u2019ICRA au sein des programmes de recherche suivants :<\/h4>\n<p><strong>Mark Halpern<\/strong>, Universit\u00e9 de la Colombie-Britannique, est nomm\u00e9 Boursier principal au sein du programme Cosmologie et gravit\u00e9. Halpern met surtout l\u2019accent sur des travaux de mesure du fonds diffus cosmologique, le rayonnement thermique laiss\u00e9 derri\u00e8re par le Big Bang.<\/p>\n<p><strong>Ingrid Stairs<\/strong>, Universit\u00e9 de la Colombie-Britannique, est nomm\u00e9e Boursi\u00e8re principale au sein du programme Cosmologie et gravit\u00e9. Ses recherches en astrophysique portent sur l\u2019observation de radio-pulsars \u2014 des \u00e9toiles \u00e0 neutrons en pulsation et en rotation qui \u00e9mettent un rayonnement \u2014 et de leurs \u00e9toiles compagnons en orbite pour \u00e9tudier l\u2019\u00e9volution de ces syst\u00e8mes binaires.<\/p>\n<p><strong>David Grusky<\/strong>, Universit\u00e9 Stanford, est nomm\u00e9 Boursier principal au sein du programme Soci\u00e9t\u00e9s r\u00e9ussies. Dans ses travaux, il examine comment l\u2019\u00e9chec des march\u00e9s influence le revenu et l\u2019in\u00e9galit\u00e9, la mobilit\u00e9 sociale, ainsi que l\u2019in\u00e9galit\u00e9 persistante entre les sexes.<\/p>\n<p><strong>David Poulin<\/strong>, Universit\u00e9 de Sherbrooke, est nomm\u00e9 Boursier au sein du programme Informatique quantique. Il m\u00e8ne des recherches sur la correction d\u2019erreurs quantique et tente de trouver de nouvelles m\u00e9thodes pour \u00e9tudier des syst\u00e8mes quantiques en interaction, comme les algorithmes.<\/p>\n<h4>L\u2019ICRA a nomm\u00e9 les chercheurs suivants au poste d\u2019Associ\u00e9 :<\/h4>\n<p><strong>David Spergel<\/strong>, Universit\u00e9 de Princeton, Cosmologie et gravit\u00e9<\/p>\n<p><strong>Matias Zaldarriaga<\/strong>, Institute for Advanced Study, Cosmologie et gravit\u00e9<\/p>\n<p><strong>Irene Bloemraad<\/strong>, Universit\u00e9 de la Californie \u00e0 Berkeley, Soci\u00e9t\u00e9s r\u00e9ussies (nomination conjointe)<\/p>\n<p><strong>Hazel Markus,<\/strong> Universit\u00e9 Stanford, Soci\u00e9t\u00e9s r\u00e9ussies<\/p>\n<p><strong>Louis Salvail<\/strong>, Universit\u00e9 de Montr\u00e9al, Informatique quantique<\/p>\n<p><strong>Andreas Wallraff<\/strong>, ETH Zurich, Informatique quantique<\/p>\n<p><strong>Amir Yacoby<\/strong>, Universit\u00e9 Harvard, Informatique quantique<\/p>\n<p><strong>Yoichi Ando<\/strong>, Universit\u00e9 d\u2019Osaka, Mat\u00e9riaux quantiques<\/p>\n<p><strong>Leon Balents<\/strong>, Universit\u00e9 de la Californie \u00e0 Santa Barbara, Mat\u00e9riaux quantiques<\/p>\n<p><strong>Bernhard Keimer<\/strong>, Institut Max-Planck de recherche sur les semiconducteurs, Mat\u00e9riaux quantiques<\/p>\n<p><strong>Johnpierre Paglione<\/strong>, Universit\u00e9 du Maryland, Mat\u00e9riaux quantiques<\/p>\n<p>En outre, <strong>Elisabeth Binder<\/strong>\u00a0de l\u2019Institut Max-Planck de psychiatrie est nomm\u00e9e membre du comit\u00e9 consultatif du programme D\u00e9veloppement du cerveau et de l\u2019enfant. Ses travaux visent \u00e0 cerner les racines g\u00e9n\u00e9tiques des troubles anxieux et de l\u2019humeur.<\/p>\n","protected":false},"excerpt":{"rendered":"<p>L\u2019Institut canadien de recherches avanc\u00e9es (ICRA) est ravi d\u2019annoncer la nomination de cinq nouveaux Boursiers et Boursiers principaux \u00e0 l\u2019Institut. Ces chercheurs se joignent \u00e0 [&hellip;]<\/p>\n","protected":false},"author":65,"featured_media":44160,"comment_status":"closed","ping_status":"closed","sticky":false,"template":"","format":"standard","meta":{"_acf_changed":false,"footnotes":""},"categories":[2211],"tags":[2174,2216,2214,2219,2218,2217,2213,4421,2215],"class_list":["post-21392","post","type-post","status-publish","format-standard","has-post-thumbnail","hentry","category-prix","tag-amir-yacoby","tag-andreas-wallraff","tag-bernhard-keimer","tag-david-grusky","tag-david-poulin","tag-david-spergel","tag-elisabeth-binder","tag-mark-halpern-fr","tag-yoichi-ando"],"acf":[],"yoast_head":"<!-- This site is optimized with the Yoast SEO plugin v27.2 - https:\/\/yoast.com\/product\/yoast-seo-wordpress\/ -->\n<title>CIFAR<\/title>\n<meta name=\"robots\" content=\"index, follow, max-snippet:-1, max-image-preview:large, max-video-preview:-1\" \/>\n<link rel=\"canonical\" href=\"https:\/\/cifar.ca\/fr\/cifarnews\/2014\/02\/14\/l-icra-annonce-de-nouvelles-nominations-au-sein-de-ses-programmes-de-recherche\/\" \/>\n<meta property=\"og:locale\" content=\"fr_FR\" \/>\n<meta property=\"og:type\" content=\"article\" \/>\n<meta property=\"og:title\" content=\"L\u2019ICRA annonce de nouvelles nominations au sein de ses programmes de recherche - CIFAR\" \/>\n<meta property=\"og:description\" content=\"L\u2019Institut canadien de recherches avanc\u00e9es (ICRA) est ravi d\u2019annoncer la nomination de cinq nouveaux Boursiers et Boursiers principaux \u00e0 l\u2019Institut. Ces chercheurs se joignent \u00e0 [&hellip;]\" \/>\n<meta property=\"og:url\" content=\"https:\/\/cifar.ca\/fr\/cifarnews\/2014\/02\/14\/l-icra-annonce-de-nouvelles-nominations-au-sein-de-ses-programmes-de-recherche\/\" \/>\n<meta property=\"og:site_name\" content=\"CIFAR\" \/>\n<meta property=\"article:published_time\" content=\"2014-02-14T23:06:00+00:00\" \/>\n<meta property=\"article:modified_time\" content=\"2025-12-18T12:13:50+00:00\" \/>\n<meta property=\"og:image\" content=\"https:\/\/cifar.ca\/wp-content\/uploads\/2021\/03\/wave-pattern_DRK.jpg\" \/>\n\t<meta property=\"og:image:width\" content=\"2400\" \/>\n\t<meta property=\"og:image:height\" content=\"1446\" \/>\n\t<meta property=\"og:image:type\" content=\"image\/jpeg\" \/>\n<meta name=\"author\" content=\"Alison Rutka\" \/>\n<meta name=\"twitter:card\" content=\"summary_large_image\" \/>\n<meta name=\"twitter:label1\" content=\"\u00c9crit par\" \/>\n\t<meta name=\"twitter:data1\" content=\"Alison Rutka\" \/>\n\t<meta name=\"twitter:label2\" content=\"Dur\u00e9e de lecture estim\u00e9e\" \/>\n\t<meta name=\"twitter:data2\" content=\"2 minutes\" \/>\n<script type=\"application\/ld+json\" class=\"yoast-schema-graph\">{\"@context\":\"https:\/\/schema.org\",\"@graph\":[{\"@type\":\"Article\",\"@id\":\"https:\/\/cifar.ca\/fr\/cifarnews\/2014\/02\/14\/l-icra-annonce-de-nouvelles-nominations-au-sein-de-ses-programmes-de-recherche\/#article\",\"isPartOf\":{\"@id\":\"https:\/\/cifar.ca\/fr\/cifarnews\/2014\/02\/14\/l-icra-annonce-de-nouvelles-nominations-au-sein-de-ses-programmes-de-recherche\/\"},\"author\":{\"name\":\"Alison Rutka\",\"@id\":\"https:\/\/cifar.ca\/fr\/#\/schema\/person\/be6ac84c25822d31a0039f3d6a9a7d1b\"},\"headline\":\"L\u2019ICRA annonce de nouvelles nominations au sein de ses programmes de recherche\",\"datePublished\":\"2014-02-14T23:06:00+00:00\",\"dateModified\":\"2025-12-18T12:13:50+00:00\",\"mainEntityOfPage\":{\"@id\":\"https:\/\/cifar.ca\/fr\/cifarnews\/2014\/02\/14\/l-icra-annonce-de-nouvelles-nominations-au-sein-de-ses-programmes-de-recherche\/\"},\"wordCount\":394,\"publisher\":{\"@id\":\"https:\/\/cifar.ca\/fr\/#organization\"},\"image\":{\"@id\":\"https:\/\/cifar.ca\/fr\/cifarnews\/2014\/02\/14\/l-icra-annonce-de-nouvelles-nominations-au-sein-de-ses-programmes-de-recherche\/#primaryimage\"},\"thumbnailUrl\":\"https:\/\/cifar.ca\/wp-content\/uploads\/2021\/03\/wave-pattern_DRK.jpg\",\"keywords\":[\"Amir Yacoby\",\"Andreas Wallraff\",\"Bernhard Keimer\",\"David Grusky\",\"David Poulin\",\"David Spergel\",\"Elisabeth Binder\",\"Mark Halpern\",\"Yoichi Ando\"],\"articleSection\":[\"Prix\"],\"inLanguage\":\"fr-FR\"},{\"@type\":\"WebPage\",\"@id\":\"https:\/\/cifar.ca\/fr\/cifarnews\/2014\/02\/14\/l-icra-annonce-de-nouvelles-nominations-au-sein-de-ses-programmes-de-recherche\/\",\"url\":\"https:\/\/cifar.ca\/fr\/cifarnews\/2014\/02\/14\/l-icra-annonce-de-nouvelles-nominations-au-sein-de-ses-programmes-de-recherche\/\",\"name\":\"L\u2019ICRA annonce de nouvelles nominations au sein de ses programmes de recherche - CIFAR\",\"isPartOf\":{\"@id\":\"https:\/\/cifar.ca\/fr\/#website\"},\"primaryImageOfPage\":{\"@id\":\"https:\/\/cifar.ca\/fr\/cifarnews\/2014\/02\/14\/l-icra-annonce-de-nouvelles-nominations-au-sein-de-ses-programmes-de-recherche\/#primaryimage\"},\"image\":{\"@id\":\"https:\/\/cifar.ca\/fr\/cifarnews\/2014\/02\/14\/l-icra-annonce-de-nouvelles-nominations-au-sein-de-ses-programmes-de-recherche\/#primaryimage\"},\"thumbnailUrl\":\"https:\/\/cifar.ca\/wp-content\/uploads\/2021\/03\/wave-pattern_DRK.jpg\",\"datePublished\":\"2014-02-14T23:06:00+00:00\",\"dateModified\":\"2025-12-18T12:13:50+00:00\",\"breadcrumb\":{\"@id\":\"https:\/\/cifar.ca\/fr\/cifarnews\/2014\/02\/14\/l-icra-annonce-de-nouvelles-nominations-au-sein-de-ses-programmes-de-recherche\/#breadcrumb\"},\"inLanguage\":\"fr-FR\",\"potentialAction\":[{\"@type\":\"ReadAction\",\"target\":[\"https:\/\/cifar.ca\/fr\/cifarnews\/2014\/02\/14\/l-icra-annonce-de-nouvelles-nominations-au-sein-de-ses-programmes-de-recherche\/\"]}]},{\"@type\":\"ImageObject\",\"inLanguage\":\"fr-FR\",\"@id\":\"https:\/\/cifar.ca\/fr\/cifarnews\/2014\/02\/14\/l-icra-annonce-de-nouvelles-nominations-au-sein-de-ses-programmes-de-recherche\/#primaryimage\",\"url\":\"https:\/\/cifar.ca\/wp-content\/uploads\/2021\/03\/wave-pattern_DRK.jpg\",\"contentUrl\":\"https:\/\/cifar.ca\/wp-content\/uploads\/2021\/03\/wave-pattern_DRK.jpg\",\"width\":2400,\"height\":1446},{\"@type\":\"BreadcrumbList\",\"@id\":\"https:\/\/cifar.ca\/fr\/cifarnews\/2014\/02\/14\/l-icra-annonce-de-nouvelles-nominations-au-sein-de-ses-programmes-de-recherche\/#breadcrumb\",\"itemListElement\":[{\"@type\":\"ListItem\",\"position\":1,\"name\":\"Acceuil\",\"item\":\"https:\/\/cifar.ca\/fr\/\"},{\"@type\":\"ListItem\",\"position\":2,\"name\":\"L\u2019ICRA annonce de nouvelles nominations au sein de ses programmes de recherche\"}]},{\"@type\":\"WebSite\",\"@id\":\"https:\/\/cifar.ca\/fr\/#website\",\"url\":\"https:\/\/cifar.ca\/fr\/\",\"name\":\"CIFAR\",\"description\":\"Convoquer des esprits extraordinaires pour r\u00e9pondre aux questions les plus importantes auxquelles la science et l'humanit\u00e9 sont confront\u00e9es.\",\"publisher\":{\"@id\":\"https:\/\/cifar.ca\/fr\/#organization\"},\"potentialAction\":[{\"@type\":\"SearchAction\",\"target\":{\"@type\":\"EntryPoint\",\"urlTemplate\":\"https:\/\/cifar.ca\/fr\/?s={search_term_string}\"},\"query-input\":{\"@type\":\"PropertyValueSpecification\",\"valueRequired\":true,\"valueName\":\"search_term_string\"}}],\"inLanguage\":\"fr-FR\"},{\"@type\":\"Organization\",\"@id\":\"https:\/\/cifar.ca\/fr\/#organization\",\"name\":\"CIFAR\",\"url\":\"https:\/\/cifar.ca\/fr\/\",\"logo\":{\"@type\":\"ImageObject\",\"inLanguage\":\"fr-FR\",\"@id\":\"https:\/\/cifar.ca\/fr\/#\/schema\/logo\/image\/\",\"url\":\"https:\/\/cifar.ca\/wp-content\/uploads\/2020\/01\/cifar-logo-rgb-colour.png\",\"contentUrl\":\"https:\/\/cifar.ca\/wp-content\/uploads\/2020\/01\/cifar-logo-rgb-colour.png\",\"width\":1884,\"height\":681,\"caption\":\"CIFAR\"},\"image\":{\"@id\":\"https:\/\/cifar.ca\/fr\/#\/schema\/logo\/image\/\"}},{\"@type\":\"Person\",\"@id\":\"https:\/\/cifar.ca\/fr\/#\/schema\/person\/be6ac84c25822d31a0039f3d6a9a7d1b\",\"name\":\"Alison Rutka\",\"image\":{\"@type\":\"ImageObject\",\"inLanguage\":\"fr-FR\",\"@id\":\"https:\/\/secure.gravatar.com\/avatar\/615d15ec89ba993517314fec79e6489a0dba223bcd18c606519b0f363d03f7fc?s=96&d=mm&r=g\",\"url\":\"https:\/\/secure.gravatar.com\/avatar\/615d15ec89ba993517314fec79e6489a0dba223bcd18c606519b0f363d03f7fc?s=96&d=mm&r=g\",\"contentUrl\":\"https:\/\/secure.gravatar.com\/avatar\/615d15ec89ba993517314fec79e6489a0dba223bcd18c606519b0f363d03f7fc?s=96&d=mm&r=g\",\"caption\":\"Alison Rutka\"}}]}<\/script>\n<!-- \/ Yoast SEO plugin. -->","yoast_head_json":{"title":"CIFAR","robots":{"index":"index","follow":"follow","max-snippet":"max-snippet:-1","max-image-preview":"max-image-preview:large","max-video-preview":"max-video-preview:-1"},"canonical":"https:\/\/cifar.ca\/fr\/cifarnews\/2014\/02\/14\/l-icra-annonce-de-nouvelles-nominations-au-sein-de-ses-programmes-de-recherche\/","og_locale":"fr_FR","og_type":"article","og_title":"L\u2019ICRA annonce de nouvelles nominations au sein de ses programmes de recherche - CIFAR","og_description":"L\u2019Institut canadien de recherches avanc\u00e9es (ICRA) est ravi d\u2019annoncer la nomination de cinq nouveaux Boursiers et Boursiers principaux \u00e0 l\u2019Institut. Ces chercheurs se joignent \u00e0 [&hellip;]","og_url":"https:\/\/cifar.ca\/fr\/cifarnews\/2014\/02\/14\/l-icra-annonce-de-nouvelles-nominations-au-sein-de-ses-programmes-de-recherche\/","og_site_name":"CIFAR","article_published_time":"2014-02-14T23:06:00+00:00","article_modified_time":"2025-12-18T12:13:50+00:00","og_image":[{"width":2400,"height":1446,"url":"https:\/\/cifar.ca\/wp-content\/uploads\/2021\/03\/wave-pattern_DRK.jpg","type":"image\/jpeg"}],"author":"Alison Rutka","twitter_card":"summary_large_image","twitter_misc":{"\u00c9crit par":"Alison Rutka","Dur\u00e9e de lecture estim\u00e9e":"2 minutes"},"schema":{"@context":"https:\/\/schema.org","@graph":[{"@type":"Article","@id":"https:\/\/cifar.ca\/fr\/cifarnews\/2014\/02\/14\/l-icra-annonce-de-nouvelles-nominations-au-sein-de-ses-programmes-de-recherche\/#article","isPartOf":{"@id":"https:\/\/cifar.ca\/fr\/cifarnews\/2014\/02\/14\/l-icra-annonce-de-nouvelles-nominations-au-sein-de-ses-programmes-de-recherche\/"},"author":{"name":"Alison Rutka","@id":"https:\/\/cifar.ca\/fr\/#\/schema\/person\/be6ac84c25822d31a0039f3d6a9a7d1b"},"headline":"L\u2019ICRA annonce de nouvelles nominations au sein de ses programmes de recherche","datePublished":"2014-02-14T23:06:00+00:00","dateModified":"2025-12-18T12:13:50+00:00","mainEntityOfPage":{"@id":"https:\/\/cifar.ca\/fr\/cifarnews\/2014\/02\/14\/l-icra-annonce-de-nouvelles-nominations-au-sein-de-ses-programmes-de-recherche\/"},"wordCount":394,"publisher":{"@id":"https:\/\/cifar.ca\/fr\/#organization"},"image":{"@id":"https:\/\/cifar.ca\/fr\/cifarnews\/2014\/02\/14\/l-icra-annonce-de-nouvelles-nominations-au-sein-de-ses-programmes-de-recherche\/#primaryimage"},"thumbnailUrl":"https:\/\/cifar.ca\/wp-content\/uploads\/2021\/03\/wave-pattern_DRK.jpg","keywords":["Amir Yacoby","Andreas Wallraff","Bernhard Keimer","David Grusky","David Poulin","David Spergel","Elisabeth Binder","Mark Halpern","Yoichi Ando"],"articleSection":["Prix"],"inLanguage":"fr-FR"},{"@type":"WebPage","@id":"https:\/\/cifar.ca\/fr\/cifarnews\/2014\/02\/14\/l-icra-annonce-de-nouvelles-nominations-au-sein-de-ses-programmes-de-recherche\/","url":"https:\/\/cifar.ca\/fr\/cifarnews\/2014\/02\/14\/l-icra-annonce-de-nouvelles-nominations-au-sein-de-ses-programmes-de-recherche\/","name":"L\u2019ICRA annonce de nouvelles nominations au sein de ses programmes de recherche - CIFAR","isPartOf":{"@id":"https:\/\/cifar.ca\/fr\/#website"},"primaryImageOfPage":{"@id":"https:\/\/cifar.ca\/fr\/cifarnews\/2014\/02\/14\/l-icra-annonce-de-nouvelles-nominations-au-sein-de-ses-programmes-de-recherche\/#primaryimage"},"image":{"@id":"https:\/\/cifar.ca\/fr\/cifarnews\/2014\/02\/14\/l-icra-annonce-de-nouvelles-nominations-au-sein-de-ses-programmes-de-recherche\/#primaryimage"},"thumbnailUrl":"https:\/\/cifar.ca\/wp-content\/uploads\/2021\/03\/wave-pattern_DRK.jpg","datePublished":"2014-02-14T23:06:00+00:00","dateModified":"2025-12-18T12:13:50+00:00","breadcrumb":{"@id":"https:\/\/cifar.ca\/fr\/cifarnews\/2014\/02\/14\/l-icra-annonce-de-nouvelles-nominations-au-sein-de-ses-programmes-de-recherche\/#breadcrumb"},"inLanguage":"fr-FR","potentialAction":[{"@type":"ReadAction","target":["https:\/\/cifar.ca\/fr\/cifarnews\/2014\/02\/14\/l-icra-annonce-de-nouvelles-nominations-au-sein-de-ses-programmes-de-recherche\/"]}]},{"@type":"ImageObject","inLanguage":"fr-FR","@id":"https:\/\/cifar.ca\/fr\/cifarnews\/2014\/02\/14\/l-icra-annonce-de-nouvelles-nominations-au-sein-de-ses-programmes-de-recherche\/#primaryimage","url":"https:\/\/cifar.ca\/wp-content\/uploads\/2021\/03\/wave-pattern_DRK.jpg","contentUrl":"https:\/\/cifar.ca\/wp-content\/uploads\/2021\/03\/wave-pattern_DRK.jpg","width":2400,"height":1446},{"@type":"BreadcrumbList","@id":"https:\/\/cifar.ca\/fr\/cifarnews\/2014\/02\/14\/l-icra-annonce-de-nouvelles-nominations-au-sein-de-ses-programmes-de-recherche\/#breadcrumb","itemListElement":[{"@type":"ListItem","position":1,"name":"Acceuil","item":"https:\/\/cifar.ca\/fr\/"},{"@type":"ListItem","position":2,"name":"L\u2019ICRA annonce de nouvelles nominations au sein de ses programmes de recherche"}]},{"@type":"WebSite","@id":"https:\/\/cifar.ca\/fr\/#website","url":"https:\/\/cifar.ca\/fr\/","name":"CIFAR","description":"Convoquer des esprits extraordinaires pour r\u00e9pondre aux questions les plus importantes auxquelles la science et l'humanit\u00e9 sont confront\u00e9es.","publisher":{"@id":"https:\/\/cifar.ca\/fr\/#organization"},"potentialAction":[{"@type":"SearchAction","target":{"@type":"EntryPoint","urlTemplate":"https:\/\/cifar.ca\/fr\/?s={search_term_string}"},"query-input":{"@type":"PropertyValueSpecification","valueRequired":true,"valueName":"search_term_string"}}],"inLanguage":"fr-FR"},{"@type":"Organization","@id":"https:\/\/cifar.ca\/fr\/#organization","name":"CIFAR","url":"https:\/\/cifar.ca\/fr\/","logo":{"@type":"ImageObject","inLanguage":"fr-FR","@id":"https:\/\/cifar.ca\/fr\/#\/schema\/logo\/image\/","url":"https:\/\/cifar.ca\/wp-content\/uploads\/2020\/01\/cifar-logo-rgb-colour.png","contentUrl":"https:\/\/cifar.ca\/wp-content\/uploads\/2020\/01\/cifar-logo-rgb-colour.png","width":1884,"height":681,"caption":"CIFAR"},"image":{"@id":"https:\/\/cifar.ca\/fr\/#\/schema\/logo\/image\/"}},{"@type":"Person","@id":"https:\/\/cifar.ca\/fr\/#\/schema\/person\/be6ac84c25822d31a0039f3d6a9a7d1b","name":"Alison Rutka","image":{"@type":"ImageObject","inLanguage":"fr-FR","@id":"https:\/\/secure.gravatar.com\/avatar\/615d15ec89ba993517314fec79e6489a0dba223bcd18c606519b0f363d03f7fc?s=96&d=mm&r=g","url":"https:\/\/secure.gravatar.com\/avatar\/615d15ec89ba993517314fec79e6489a0dba223bcd18c606519b0f363d03f7fc?s=96&d=mm&r=g","contentUrl":"https:\/\/secure.gravatar.com\/avatar\/615d15ec89ba993517314fec79e6489a0dba223bcd18c606519b0f363d03f7fc?s=96&d=mm&r=g","caption":"Alison Rutka"}}]}},"_links":{"self":[{"href":"https:\/\/cifar.ca\/fr\/wp-json\/wp\/v2\/posts\/21392","targetHints":{"allow":["GET"]}}],"collection":[{"href":"https:\/\/cifar.ca\/fr\/wp-json\/wp\/v2\/posts"}],"about":[{"href":"https:\/\/cifar.ca\/fr\/wp-json\/wp\/v2\/types\/post"}],"author":[{"embeddable":true,"href":"https:\/\/cifar.ca\/fr\/wp-json\/wp\/v2\/users\/65"}],"replies":[{"embeddable":true,"href":"https:\/\/cifar.ca\/fr\/wp-json\/wp\/v2\/comments?post=21392"}],"version-history":[{"count":0,"href":"https:\/\/cifar.ca\/fr\/wp-json\/wp\/v2\/posts\/21392\/revisions"}],"wp:featuredmedia":[{"embeddable":true,"href":"https:\/\/cifar.ca\/fr\/wp-json\/wp\/v2\/media\/44160"}],"wp:attachment":[{"href":"https:\/\/cifar.ca\/fr\/wp-json\/wp\/v2\/media?parent=21392"}],"wp:term":[{"taxonomy":"category","embeddable":true,"href":"https:\/\/cifar.ca\/fr\/wp-json\/wp\/v2\/categories?post=21392"},{"taxonomy":"post_tag","embeddable":true,"href":"https:\/\/cifar.ca\/fr\/wp-json\/wp\/v2\/tags?post=21392"}],"curies":[{"name":"wp","href":"https:\/\/api.w.org\/{rel}","templated":true}]}}