{"id":21473,"date":"2018-04-19T13:26:00","date_gmt":"2018-04-19T17:26:00","guid":{"rendered":"https:\/\/cifar661.wpengine.com\/cifarnews\/2018\/04\/19\/le-cifar-a-preselectionne-douze-propositions-dans-le-cadre-de-son-appel-a-idees-mondial\/"},"modified":"2025-12-18T06:37:34","modified_gmt":"2025-12-18T11:37:34","slug":"le-cifar-a-preselectionne-douze-propositions-dans-le-cadre-de-son-appel-a-idees-mondial","status":"publish","type":"post","link":"https:\/\/cifar.ca\/fr\/cifarnews\/2018\/04\/19\/le-cifar-a-preselectionne-douze-propositions-dans-le-cadre-de-son-appel-a-idees-mondial\/","title":{"rendered":"Le CIFAR a pr\u00e9s\u00e9lectionn\u00e9 douze propositions dans le cadre de son Appel \u00e0 id\u00e9es mondial"},"content":{"rendered":"<p>Le CIFAR a pr\u00e9s\u00e9lectionn\u00e9 douze finalistes dans le cadre de son Appel \u00e0 id\u00e9es mondial, un concours international destin\u00e9 \u00e0 la cr\u00e9ation de nouveaux programmes de recherche qui se penchent sur des questions complexes et fondamentales d\u2019importance mondiale.<\/p>\n<p>Le CIFAR a s\u00e9lectionn\u00e9 les id\u00e9es en fonction de crit\u00e8res scientifiques rigoureux. De plus, les id\u00e9es se devaient d\u2019\u00eatre novatrices, audacieuses et potentiellement transformatrices afin de justifier la cr\u00e9ation de programmes de recherche collaboratifs, soutenus et interdisciplinaires.<\/p>\n<p>Les \u00e9quipes de finalistes devront maintenant organiser des ateliers et pr\u00e9parer leur proposition finale. Le processus de s\u00e9lection du CIFAR se fera au printemps\u00a02019 d\u2019apr\u00e8s les examens et les recommandations du comit\u00e9 d\u2019examen international, du groupe d\u2019\u00e9valuation international et du conseil de recherches du CIFAR.<\/p>\n<p>Il s\u2019agit du deuxi\u00e8me appel \u00e0 id\u00e9es mondial du CIFAR. Le dernier appel, en 2013, a men\u00e9 \u00e0 la cr\u00e9ation de quatre nouveaux programmes du CIFAR\u00a0:\u00a0<a href=\"https:\/\/www.icra.ca\/research\/cerveau-esprit-conscience\/\">programme Cerveau, esprit et conscience\u00a0<\/a><a href=\"https:\/\/www.icra.ca\/research\/cerveau-esprit-conscience\/\">Azrieli<\/a>;\u00a0<a href=\"https:\/\/www.icra.ca\/research\/energie-solaire-bio-inspiree\/\">\u00c9nergie solaire bioinspir\u00e9e<\/a>;\u00a0<a href=\"https:\/\/www.icra.ca\/research\/microbiome-humain\/\">Microbiome humain<\/a>; et\u00a0<a href=\"https:\/\/www.icra.ca\/research\/architecture-moleculaire-de-la-vie\/\">Architecture mol\u00e9culaire de la vie<\/a>. Les douze \u00e9quipes finalistes repr\u00e9sentent 81\u00a0chercheurs provenant de 14\u00a0pays et \u0153uvrant dans un large \u00e9ventail de domaines. Leurs propositions portent sur une vaste gamme de sujets, dont la science des mat\u00e9riaux, la biologie et les sciences sociales.<\/p>\n<p>\u00ab\u00a0Nous sommes emball\u00e9s par les nombreuses nouvelles id\u00e9es \u00e9manant de cet appel \u00e0 id\u00e9es mondial et avons h\u00e2te de travailler avec les finalistes dans la pr\u00e9paration de leurs propositions finales\u00a0\u00bb, dit John Hepburn, vice-pr\u00e9sident \u00e0 la recherche, CIFAR.<\/p>\n<p>Voici les douze propositions pr\u00e9s\u00e9lectionn\u00e9es, ainsi que les chercheurs \u00e0 l\u2019origine de ces propositions.<\/p>\n<p><strong>D\u00e9couverte acc\u00e9l\u00e9r\u00e9e de la mati\u00e8re du CIFAR<\/strong><br \/>\nAl\u00e1n Aspuru-Guzik (Universit\u00e9 de Toronto) et Jason Hein (Universit\u00e9 de la Colombie-<br \/>\nBritannique)<\/p>\n<p><strong>Fronti\u00e8res, solidarit\u00e9s et citoyennet\u00e9 par l\u2019action collective<\/strong><br \/>\nIrene Bloemraad (Universit\u00e9 de la Californie \u00e0 Berkeley) et Will Kymlicka (Universit\u00e9 Queen\u2019s)<\/p>\n<p><strong>Comprendre les d\u00e9terminants et l\u2019impact de politiques d\u2019innovation sensibles \u00e0 la distribution<\/strong><br \/>\nDan Breznitz (Universit\u00e9 de Toronto) et Amos Zehavi (Universit\u00e9 de Tel-Aviv)<\/p>\n<p><strong>Pathog\u00e8nes microbiens dans le royaume fongique\u00a0: Menaces pour la biodiversit\u00e9, l\u2019agriculture et<\/strong><br \/>\n<strong>la sant\u00e9 mondiale<\/strong><br \/>\nLeah Cowen (Universit\u00e9 de Toronto) et Joseph Heitman (Universit\u00e9 Duke)<\/p>\n<p><strong>Comment la soci\u00e9t\u00e9 peut-elle au mieux exploiter l\u2019intelligence artificielle pour am\u00e9liorer le bien-<\/strong><br \/>\n<strong>\u00eatre collectif et l\u2019efficience \u00e9conomique?<\/strong><br \/>\nAvi Goldfarb (Universit\u00e9 de Toronto), Catherine Tucker (Massachusetts Institute of Technology)<br \/>\net Ajay Agrawal (Universit\u00e9 de Toronto)<\/p>\n<p><strong>De la lumi\u00e8re \u00e0 la vie (L\u2019\u00e9tude de la photosynth\u00e8se)<\/strong><br \/>\nKurt Konhauser (Universit\u00e9 de l\u2019Alberta) et Paul Falkowski (Universit\u00e9 Rutgers)<\/p>\n<p><strong>Gouvernance urbaine et urbanit\u00e9\u00a0: La production d\u2019autres formes d\u2019ordre dans la m\u00e9tropole du<\/strong><br \/>\n<strong>21 e \u00a0si\u00e8cle<\/strong><br \/>\nPatrick Le Gal\u00e8s (CNRS) et Michael Storper (Universit\u00e9 de la Californie \u00e0 Los Angeles et<br \/>\nLondon School of Economics)<\/p>\n<p><strong>M\u00e9tabolites microbiens dans le cycle du carbone de l\u2019oc\u00e9an<\/strong><br \/>\nMary Ann Moran (Universit\u00e9 de la G\u00e9orgie) et Elizabeth Kujawinski (Woods Hole<br \/>\nOceanographic Institution)<\/p>\n<p><strong>Interactions fondamentales (Informatique quantique et physique quantique)<\/strong><br \/>\nChristine Muschik (Universit\u00e9 de Waterloo) et Karl Jansen (NIC\/DESY Zeuthen)<\/p>\n<p><strong>Terre\u00a04D \u2013 Science et exploration souterraines<\/strong><br \/>\nBarbara Sherwood Lollar (Universit\u00e9 de Toronto) et Jack Mustard (Universit\u00e9 Brown)<\/p>\n<p><strong>R\u00e9silience multisyst\u00e9mique\u00a0: Adaptation et transformation dans le contexte du changement et de<\/strong><br \/>\n<strong>l\u2019adversit\u00e9<\/strong><br \/>\nMichael Ungar (Universit\u00e9 Dalhousie) et Katrina Brown (Universit\u00e9 d\u2019Exeter)<\/p>\n<p><strong>\u00c9mergence dans les syst\u00e8mes vivants et non vivants<\/strong><br \/>\nPeter Zandstra (Universit\u00e9 de la Colombie-Britannique) et Hiroaki Kitano (Systems Biology<br \/>\nInstitute)<\/p>\n","protected":false},"excerpt":{"rendered":"<p>Le CIFAR a pr\u00e9s\u00e9lectionn\u00e9 douze finalistes dans le cadre de son Appel \u00e0 id\u00e9es mondial, un concours international destin\u00e9 \u00e0 la cr\u00e9ation de nouveaux programmes [&hellip;]<\/p>\n","protected":false},"author":65,"featured_media":28147,"comment_status":"closed","ping_status":"closed","sticky":false,"template":"","format":"standard","meta":{"_acf_changed":false,"footnotes":""},"categories":[4010,11],"tags":[],"class_list":["post-21473","post","type-post","status-publish","format-standard","has-post-thumbnail","hentry","category-annonce-fr","category-non-classifiee"],"acf":[],"yoast_head":"<!-- This site is optimized with the Yoast SEO plugin v27.2 - https:\/\/yoast.com\/product\/yoast-seo-wordpress\/ -->\n<title>CIFAR<\/title>\n<meta name=\"robots\" content=\"index, follow, max-snippet:-1, max-image-preview:large, max-video-preview:-1\" \/>\n<link rel=\"canonical\" href=\"https:\/\/cifar.ca\/fr\/cifarnews\/2018\/04\/19\/le-cifar-a-preselectionne-douze-propositions-dans-le-cadre-de-son-appel-a-idees-mondial\/\" \/>\n<meta property=\"og:locale\" content=\"fr_FR\" \/>\n<meta property=\"og:type\" content=\"article\" \/>\n<meta property=\"og:title\" content=\"Le CIFAR a pr\u00e9s\u00e9lectionn\u00e9 douze propositions dans le cadre de son Appel \u00e0 id\u00e9es mondial - CIFAR\" \/>\n<meta property=\"og:description\" content=\"Le CIFAR a pr\u00e9s\u00e9lectionn\u00e9 douze finalistes dans le cadre de son Appel \u00e0 id\u00e9es mondial, un concours international destin\u00e9 \u00e0 la cr\u00e9ation de nouveaux programmes [&hellip;]\" \/>\n<meta property=\"og:url\" content=\"https:\/\/cifar.ca\/fr\/cifarnews\/2018\/04\/19\/le-cifar-a-preselectionne-douze-propositions-dans-le-cadre-de-son-appel-a-idees-mondial\/\" \/>\n<meta property=\"og:site_name\" content=\"CIFAR\" \/>\n<meta property=\"article:published_time\" content=\"2018-04-19T17:26:00+00:00\" \/>\n<meta property=\"article:modified_time\" content=\"2025-12-18T11:37:34+00:00\" \/>\n<meta property=\"og:image\" content=\"https:\/\/cifar.ca\/wp-content\/uploads\/2020\/01\/globalcall_listview.png\" \/>\n\t<meta property=\"og:image:width\" content=\"640\" \/>\n\t<meta property=\"og:image:height\" content=\"340\" \/>\n\t<meta property=\"og:image:type\" content=\"image\/png\" \/>\n<meta name=\"author\" content=\"Alison Rutka\" \/>\n<meta name=\"twitter:card\" content=\"summary_large_image\" \/>\n<meta name=\"twitter:label1\" content=\"\u00c9crit par\" \/>\n\t<meta name=\"twitter:data1\" content=\"Alison Rutka\" \/>\n\t<meta name=\"twitter:label2\" content=\"Dur\u00e9e de lecture estim\u00e9e\" \/>\n\t<meta name=\"twitter:data2\" content=\"3 minutes\" \/>\n<script type=\"application\/ld+json\" class=\"yoast-schema-graph\">{\"@context\":\"https:\/\/schema.org\",\"@graph\":[{\"@type\":\"Article\",\"@id\":\"https:\/\/cifar.ca\/fr\/cifarnews\/2018\/04\/19\/le-cifar-a-preselectionne-douze-propositions-dans-le-cadre-de-son-appel-a-idees-mondial\/#article\",\"isPartOf\":{\"@id\":\"https:\/\/cifar.ca\/fr\/cifarnews\/2018\/04\/19\/le-cifar-a-preselectionne-douze-propositions-dans-le-cadre-de-son-appel-a-idees-mondial\/\"},\"author\":{\"name\":\"Alison Rutka\",\"@id\":\"https:\/\/cifar.ca\/fr\/#\/schema\/person\/be6ac84c25822d31a0039f3d6a9a7d1b\"},\"headline\":\"Le CIFAR a pr\u00e9s\u00e9lectionn\u00e9 douze propositions dans le cadre de son Appel \u00e0 id\u00e9es mondial\",\"datePublished\":\"2018-04-19T17:26:00+00:00\",\"dateModified\":\"2025-12-18T11:37:34+00:00\",\"mainEntityOfPage\":{\"@id\":\"https:\/\/cifar.ca\/fr\/cifarnews\/2018\/04\/19\/le-cifar-a-preselectionne-douze-propositions-dans-le-cadre-de-son-appel-a-idees-mondial\/\"},\"wordCount\":606,\"publisher\":{\"@id\":\"https:\/\/cifar.ca\/fr\/#organization\"},\"image\":{\"@id\":\"https:\/\/cifar.ca\/fr\/cifarnews\/2018\/04\/19\/le-cifar-a-preselectionne-douze-propositions-dans-le-cadre-de-son-appel-a-idees-mondial\/#primaryimage\"},\"thumbnailUrl\":\"https:\/\/cifar.ca\/wp-content\/uploads\/2020\/01\/globalcall_listview.png\",\"articleSection\":[\"Annonce\",\"Non classifi\u00e9(e)\"],\"inLanguage\":\"fr-FR\"},{\"@type\":\"WebPage\",\"@id\":\"https:\/\/cifar.ca\/fr\/cifarnews\/2018\/04\/19\/le-cifar-a-preselectionne-douze-propositions-dans-le-cadre-de-son-appel-a-idees-mondial\/\",\"url\":\"https:\/\/cifar.ca\/fr\/cifarnews\/2018\/04\/19\/le-cifar-a-preselectionne-douze-propositions-dans-le-cadre-de-son-appel-a-idees-mondial\/\",\"name\":\"Le CIFAR a pr\u00e9s\u00e9lectionn\u00e9 douze propositions dans le cadre de son Appel \u00e0 id\u00e9es mondial - CIFAR\",\"isPartOf\":{\"@id\":\"https:\/\/cifar.ca\/fr\/#website\"},\"primaryImageOfPage\":{\"@id\":\"https:\/\/cifar.ca\/fr\/cifarnews\/2018\/04\/19\/le-cifar-a-preselectionne-douze-propositions-dans-le-cadre-de-son-appel-a-idees-mondial\/#primaryimage\"},\"image\":{\"@id\":\"https:\/\/cifar.ca\/fr\/cifarnews\/2018\/04\/19\/le-cifar-a-preselectionne-douze-propositions-dans-le-cadre-de-son-appel-a-idees-mondial\/#primaryimage\"},\"thumbnailUrl\":\"https:\/\/cifar.ca\/wp-content\/uploads\/2020\/01\/globalcall_listview.png\",\"datePublished\":\"2018-04-19T17:26:00+00:00\",\"dateModified\":\"2025-12-18T11:37:34+00:00\",\"breadcrumb\":{\"@id\":\"https:\/\/cifar.ca\/fr\/cifarnews\/2018\/04\/19\/le-cifar-a-preselectionne-douze-propositions-dans-le-cadre-de-son-appel-a-idees-mondial\/#breadcrumb\"},\"inLanguage\":\"fr-FR\",\"potentialAction\":[{\"@type\":\"ReadAction\",\"target\":[\"https:\/\/cifar.ca\/fr\/cifarnews\/2018\/04\/19\/le-cifar-a-preselectionne-douze-propositions-dans-le-cadre-de-son-appel-a-idees-mondial\/\"]}]},{\"@type\":\"ImageObject\",\"inLanguage\":\"fr-FR\",\"@id\":\"https:\/\/cifar.ca\/fr\/cifarnews\/2018\/04\/19\/le-cifar-a-preselectionne-douze-propositions-dans-le-cadre-de-son-appel-a-idees-mondial\/#primaryimage\",\"url\":\"https:\/\/cifar.ca\/wp-content\/uploads\/2020\/01\/globalcall_listview.png\",\"contentUrl\":\"https:\/\/cifar.ca\/wp-content\/uploads\/2020\/01\/globalcall_listview.png\",\"width\":640,\"height\":340},{\"@type\":\"BreadcrumbList\",\"@id\":\"https:\/\/cifar.ca\/fr\/cifarnews\/2018\/04\/19\/le-cifar-a-preselectionne-douze-propositions-dans-le-cadre-de-son-appel-a-idees-mondial\/#breadcrumb\",\"itemListElement\":[{\"@type\":\"ListItem\",\"position\":1,\"name\":\"Acceuil\",\"item\":\"https:\/\/cifar.ca\/fr\/\"},{\"@type\":\"ListItem\",\"position\":2,\"name\":\"Le CIFAR a pr\u00e9s\u00e9lectionn\u00e9 douze propositions dans le cadre de son Appel \u00e0 id\u00e9es mondial\"}]},{\"@type\":\"WebSite\",\"@id\":\"https:\/\/cifar.ca\/fr\/#website\",\"url\":\"https:\/\/cifar.ca\/fr\/\",\"name\":\"CIFAR\",\"description\":\"Convoquer des esprits extraordinaires pour r\u00e9pondre aux questions les plus importantes auxquelles la science et l'humanit\u00e9 sont confront\u00e9es.\",\"publisher\":{\"@id\":\"https:\/\/cifar.ca\/fr\/#organization\"},\"potentialAction\":[{\"@type\":\"SearchAction\",\"target\":{\"@type\":\"EntryPoint\",\"urlTemplate\":\"https:\/\/cifar.ca\/fr\/?s={search_term_string}\"},\"query-input\":{\"@type\":\"PropertyValueSpecification\",\"valueRequired\":true,\"valueName\":\"search_term_string\"}}],\"inLanguage\":\"fr-FR\"},{\"@type\":\"Organization\",\"@id\":\"https:\/\/cifar.ca\/fr\/#organization\",\"name\":\"CIFAR\",\"url\":\"https:\/\/cifar.ca\/fr\/\",\"logo\":{\"@type\":\"ImageObject\",\"inLanguage\":\"fr-FR\",\"@id\":\"https:\/\/cifar.ca\/fr\/#\/schema\/logo\/image\/\",\"url\":\"https:\/\/cifar.ca\/wp-content\/uploads\/2020\/01\/cifar-logo-rgb-colour.png\",\"contentUrl\":\"https:\/\/cifar.ca\/wp-content\/uploads\/2020\/01\/cifar-logo-rgb-colour.png\",\"width\":1884,\"height\":681,\"caption\":\"CIFAR\"},\"image\":{\"@id\":\"https:\/\/cifar.ca\/fr\/#\/schema\/logo\/image\/\"}},{\"@type\":\"Person\",\"@id\":\"https:\/\/cifar.ca\/fr\/#\/schema\/person\/be6ac84c25822d31a0039f3d6a9a7d1b\",\"name\":\"Alison Rutka\",\"image\":{\"@type\":\"ImageObject\",\"inLanguage\":\"fr-FR\",\"@id\":\"https:\/\/secure.gravatar.com\/avatar\/615d15ec89ba993517314fec79e6489a0dba223bcd18c606519b0f363d03f7fc?s=96&d=mm&r=g\",\"url\":\"https:\/\/secure.gravatar.com\/avatar\/615d15ec89ba993517314fec79e6489a0dba223bcd18c606519b0f363d03f7fc?s=96&d=mm&r=g\",\"contentUrl\":\"https:\/\/secure.gravatar.com\/avatar\/615d15ec89ba993517314fec79e6489a0dba223bcd18c606519b0f363d03f7fc?s=96&d=mm&r=g\",\"caption\":\"Alison Rutka\"}}]}<\/script>\n<!-- \/ Yoast SEO plugin. -->","yoast_head_json":{"title":"CIFAR","robots":{"index":"index","follow":"follow","max-snippet":"max-snippet:-1","max-image-preview":"max-image-preview:large","max-video-preview":"max-video-preview:-1"},"canonical":"https:\/\/cifar.ca\/fr\/cifarnews\/2018\/04\/19\/le-cifar-a-preselectionne-douze-propositions-dans-le-cadre-de-son-appel-a-idees-mondial\/","og_locale":"fr_FR","og_type":"article","og_title":"Le CIFAR a pr\u00e9s\u00e9lectionn\u00e9 douze propositions dans le cadre de son Appel \u00e0 id\u00e9es mondial - CIFAR","og_description":"Le CIFAR a pr\u00e9s\u00e9lectionn\u00e9 douze finalistes dans le cadre de son Appel \u00e0 id\u00e9es mondial, un concours international destin\u00e9 \u00e0 la cr\u00e9ation de nouveaux programmes [&hellip;]","og_url":"https:\/\/cifar.ca\/fr\/cifarnews\/2018\/04\/19\/le-cifar-a-preselectionne-douze-propositions-dans-le-cadre-de-son-appel-a-idees-mondial\/","og_site_name":"CIFAR","article_published_time":"2018-04-19T17:26:00+00:00","article_modified_time":"2025-12-18T11:37:34+00:00","og_image":[{"width":640,"height":340,"url":"https:\/\/cifar.ca\/wp-content\/uploads\/2020\/01\/globalcall_listview.png","type":"image\/png"}],"author":"Alison Rutka","twitter_card":"summary_large_image","twitter_misc":{"\u00c9crit par":"Alison Rutka","Dur\u00e9e de lecture estim\u00e9e":"3 minutes"},"schema":{"@context":"https:\/\/schema.org","@graph":[{"@type":"Article","@id":"https:\/\/cifar.ca\/fr\/cifarnews\/2018\/04\/19\/le-cifar-a-preselectionne-douze-propositions-dans-le-cadre-de-son-appel-a-idees-mondial\/#article","isPartOf":{"@id":"https:\/\/cifar.ca\/fr\/cifarnews\/2018\/04\/19\/le-cifar-a-preselectionne-douze-propositions-dans-le-cadre-de-son-appel-a-idees-mondial\/"},"author":{"name":"Alison Rutka","@id":"https:\/\/cifar.ca\/fr\/#\/schema\/person\/be6ac84c25822d31a0039f3d6a9a7d1b"},"headline":"Le CIFAR a pr\u00e9s\u00e9lectionn\u00e9 douze propositions dans le cadre de son Appel \u00e0 id\u00e9es mondial","datePublished":"2018-04-19T17:26:00+00:00","dateModified":"2025-12-18T11:37:34+00:00","mainEntityOfPage":{"@id":"https:\/\/cifar.ca\/fr\/cifarnews\/2018\/04\/19\/le-cifar-a-preselectionne-douze-propositions-dans-le-cadre-de-son-appel-a-idees-mondial\/"},"wordCount":606,"publisher":{"@id":"https:\/\/cifar.ca\/fr\/#organization"},"image":{"@id":"https:\/\/cifar.ca\/fr\/cifarnews\/2018\/04\/19\/le-cifar-a-preselectionne-douze-propositions-dans-le-cadre-de-son-appel-a-idees-mondial\/#primaryimage"},"thumbnailUrl":"https:\/\/cifar.ca\/wp-content\/uploads\/2020\/01\/globalcall_listview.png","articleSection":["Annonce","Non classifi\u00e9(e)"],"inLanguage":"fr-FR"},{"@type":"WebPage","@id":"https:\/\/cifar.ca\/fr\/cifarnews\/2018\/04\/19\/le-cifar-a-preselectionne-douze-propositions-dans-le-cadre-de-son-appel-a-idees-mondial\/","url":"https:\/\/cifar.ca\/fr\/cifarnews\/2018\/04\/19\/le-cifar-a-preselectionne-douze-propositions-dans-le-cadre-de-son-appel-a-idees-mondial\/","name":"Le CIFAR a pr\u00e9s\u00e9lectionn\u00e9 douze propositions dans le cadre de son Appel \u00e0 id\u00e9es mondial - CIFAR","isPartOf":{"@id":"https:\/\/cifar.ca\/fr\/#website"},"primaryImageOfPage":{"@id":"https:\/\/cifar.ca\/fr\/cifarnews\/2018\/04\/19\/le-cifar-a-preselectionne-douze-propositions-dans-le-cadre-de-son-appel-a-idees-mondial\/#primaryimage"},"image":{"@id":"https:\/\/cifar.ca\/fr\/cifarnews\/2018\/04\/19\/le-cifar-a-preselectionne-douze-propositions-dans-le-cadre-de-son-appel-a-idees-mondial\/#primaryimage"},"thumbnailUrl":"https:\/\/cifar.ca\/wp-content\/uploads\/2020\/01\/globalcall_listview.png","datePublished":"2018-04-19T17:26:00+00:00","dateModified":"2025-12-18T11:37:34+00:00","breadcrumb":{"@id":"https:\/\/cifar.ca\/fr\/cifarnews\/2018\/04\/19\/le-cifar-a-preselectionne-douze-propositions-dans-le-cadre-de-son-appel-a-idees-mondial\/#breadcrumb"},"inLanguage":"fr-FR","potentialAction":[{"@type":"ReadAction","target":["https:\/\/cifar.ca\/fr\/cifarnews\/2018\/04\/19\/le-cifar-a-preselectionne-douze-propositions-dans-le-cadre-de-son-appel-a-idees-mondial\/"]}]},{"@type":"ImageObject","inLanguage":"fr-FR","@id":"https:\/\/cifar.ca\/fr\/cifarnews\/2018\/04\/19\/le-cifar-a-preselectionne-douze-propositions-dans-le-cadre-de-son-appel-a-idees-mondial\/#primaryimage","url":"https:\/\/cifar.ca\/wp-content\/uploads\/2020\/01\/globalcall_listview.png","contentUrl":"https:\/\/cifar.ca\/wp-content\/uploads\/2020\/01\/globalcall_listview.png","width":640,"height":340},{"@type":"BreadcrumbList","@id":"https:\/\/cifar.ca\/fr\/cifarnews\/2018\/04\/19\/le-cifar-a-preselectionne-douze-propositions-dans-le-cadre-de-son-appel-a-idees-mondial\/#breadcrumb","itemListElement":[{"@type":"ListItem","position":1,"name":"Acceuil","item":"https:\/\/cifar.ca\/fr\/"},{"@type":"ListItem","position":2,"name":"Le CIFAR a pr\u00e9s\u00e9lectionn\u00e9 douze propositions dans le cadre de son Appel \u00e0 id\u00e9es mondial"}]},{"@type":"WebSite","@id":"https:\/\/cifar.ca\/fr\/#website","url":"https:\/\/cifar.ca\/fr\/","name":"CIFAR","description":"Convoquer des esprits extraordinaires pour r\u00e9pondre aux questions les plus importantes auxquelles la science et l'humanit\u00e9 sont confront\u00e9es.","publisher":{"@id":"https:\/\/cifar.ca\/fr\/#organization"},"potentialAction":[{"@type":"SearchAction","target":{"@type":"EntryPoint","urlTemplate":"https:\/\/cifar.ca\/fr\/?s={search_term_string}"},"query-input":{"@type":"PropertyValueSpecification","valueRequired":true,"valueName":"search_term_string"}}],"inLanguage":"fr-FR"},{"@type":"Organization","@id":"https:\/\/cifar.ca\/fr\/#organization","name":"CIFAR","url":"https:\/\/cifar.ca\/fr\/","logo":{"@type":"ImageObject","inLanguage":"fr-FR","@id":"https:\/\/cifar.ca\/fr\/#\/schema\/logo\/image\/","url":"https:\/\/cifar.ca\/wp-content\/uploads\/2020\/01\/cifar-logo-rgb-colour.png","contentUrl":"https:\/\/cifar.ca\/wp-content\/uploads\/2020\/01\/cifar-logo-rgb-colour.png","width":1884,"height":681,"caption":"CIFAR"},"image":{"@id":"https:\/\/cifar.ca\/fr\/#\/schema\/logo\/image\/"}},{"@type":"Person","@id":"https:\/\/cifar.ca\/fr\/#\/schema\/person\/be6ac84c25822d31a0039f3d6a9a7d1b","name":"Alison Rutka","image":{"@type":"ImageObject","inLanguage":"fr-FR","@id":"https:\/\/secure.gravatar.com\/avatar\/615d15ec89ba993517314fec79e6489a0dba223bcd18c606519b0f363d03f7fc?s=96&d=mm&r=g","url":"https:\/\/secure.gravatar.com\/avatar\/615d15ec89ba993517314fec79e6489a0dba223bcd18c606519b0f363d03f7fc?s=96&d=mm&r=g","contentUrl":"https:\/\/secure.gravatar.com\/avatar\/615d15ec89ba993517314fec79e6489a0dba223bcd18c606519b0f363d03f7fc?s=96&d=mm&r=g","caption":"Alison Rutka"}}]}},"_links":{"self":[{"href":"https:\/\/cifar.ca\/fr\/wp-json\/wp\/v2\/posts\/21473","targetHints":{"allow":["GET"]}}],"collection":[{"href":"https:\/\/cifar.ca\/fr\/wp-json\/wp\/v2\/posts"}],"about":[{"href":"https:\/\/cifar.ca\/fr\/wp-json\/wp\/v2\/types\/post"}],"author":[{"embeddable":true,"href":"https:\/\/cifar.ca\/fr\/wp-json\/wp\/v2\/users\/65"}],"replies":[{"embeddable":true,"href":"https:\/\/cifar.ca\/fr\/wp-json\/wp\/v2\/comments?post=21473"}],"version-history":[{"count":0,"href":"https:\/\/cifar.ca\/fr\/wp-json\/wp\/v2\/posts\/21473\/revisions"}],"wp:featuredmedia":[{"embeddable":true,"href":"https:\/\/cifar.ca\/fr\/wp-json\/wp\/v2\/media\/28147"}],"wp:attachment":[{"href":"https:\/\/cifar.ca\/fr\/wp-json\/wp\/v2\/media?parent=21473"}],"wp:term":[{"taxonomy":"category","embeddable":true,"href":"https:\/\/cifar.ca\/fr\/wp-json\/wp\/v2\/categories?post=21473"},{"taxonomy":"post_tag","embeddable":true,"href":"https:\/\/cifar.ca\/fr\/wp-json\/wp\/v2\/tags?post=21473"}],"curies":[{"name":"wp","href":"https:\/\/api.w.org\/{rel}","templated":true}]}}