{"id":21475,"date":"2017-09-27T19:20:00","date_gmt":"2017-09-27T23:20:00","guid":{"rendered":"https:\/\/cifar661.wpengine.com\/cifarnews\/2017\/09\/27\/cifar-accueille-la-nouvelle-conseillere-scientifique-en-chef-du-canada\/"},"modified":"2025-12-18T06:55:26","modified_gmt":"2025-12-18T11:55:26","slug":"cifar-accueille-la-nouvelle-conseillere-scientifique-en-chef-du-canada","status":"publish","type":"post","link":"https:\/\/cifar.ca\/fr\/cifarnews\/2017\/09\/27\/cifar-accueille-la-nouvelle-conseillere-scientifique-en-chef-du-canada\/","title":{"rendered":"Le CIFAR accueille la nouvelle conseill\u00e8re scientifique en chef du Canada"},"content":{"rendered":"<h3>Le CIFAR f\u00e9licite la nouvelle scientifique en chef du Canada, Dre Mona Nemer, ainsi que le gouvernement du Canada de cette \u00e9tape importante vers le renforcement de la science et de la recherche au Canada.<\/h3>\n<p>\u00ab F\u00e9licitations \u00e0 la Dre Nemer de sa nomination \u00e0 titre de conseill\u00e8re scientifique en chef. Nous vous soutenons sans r\u00e9serve dans ce poste essentiel \u00bb, dit le Dr Alan Bernstein, pr\u00e9sident et chef de la direction du CIFAR. \u00ab Voil\u00e0 une nouvelle emballante pour la communaut\u00e9 scientifique canadienne et aussi pour la communaut\u00e9 mondiale de la recherche. \u00bb<\/p>\n<p>Le premier ministre Justin Trudeau et la ministre des Sciences Kirsty Duncan ont annonc\u00e9 la nomination de la Dre Nemer le 26 septembre. La Dre Nemer offrira des conseils scientifiques au gouvernement, et veillera \u00e0 ce que les travaux scientifiques men\u00e9s au sein du gouvernement soient accessibles \u00e0 la population et \u00e0 ce que les scientifiques f\u00e9d\u00e9raux soient en mesure de parler librement de leurs recherches. Une fois par ann\u00e9e, elle pr\u00e9sentera au premier ministre et \u00e0 la ministre des Sciences un rapport sur la situation des travaux scientifiques du gouvernement f\u00e9d\u00e9ral.<\/p>\n<p>Dans ses travaux, la Dre Nemer, \u00e9minente chercheuse en m\u00e9decine, s\u2019est pench\u00e9e avant tout sur le c\u0153ur, et plus sp\u00e9cifiquement sur les m\u00e9canismes de l\u2019insuffisance cardiaque et de la cardiopathie cong\u00e9nitale. Elle a publi\u00e9 plus de 200 articles scientifiques, et ses recherches ont men\u00e9 \u00e0 la mise au point de nouveaux tests diagnostiques pour la d\u00e9tection de l\u2019insuffisance cardiaque et des causes g\u00e9n\u00e9tiques de la cardiopathie cong\u00e9nitale. La Dre Nemer a \u00e9t\u00e9 vice-rectrice \u00e0 la recherche \u00e0 l\u2019Universit\u00e9 d\u2019Ottawa pendant plus de dix ans. Elle a si\u00e9g\u00e9 \u00e0 de nombreux comit\u00e9s consultatifs scientifiques nationaux et internationaux. En outre, elle est membre de la Soci\u00e9t\u00e9 royale du Canada et de l\u2019Ordre du Canada, ainsi que chevali\u00e8re de l\u2019Ordre national du Qu\u00e9bec.<\/p>\n","protected":false},"excerpt":{"rendered":"<p>Le CIFAR f\u00e9licite la nouvelle scientifique en chef du Canada, Dre Mona Nemer, ainsi que le gouvernement du Canada de cette \u00e9tape importante vers le [&hellip;]<\/p>\n","protected":false},"author":65,"featured_media":14826,"comment_status":"closed","ping_status":"closed","sticky":false,"template":"","format":"standard","meta":{"_acf_changed":false,"footnotes":""},"categories":[4010,2211],"tags":[],"class_list":["post-21475","post","type-post","status-publish","format-standard","has-post-thumbnail","hentry","category-annonce-fr","category-prix"],"acf":[],"yoast_head":"<!-- This site is optimized with the Yoast SEO plugin v27.2 - https:\/\/yoast.com\/product\/yoast-seo-wordpress\/ -->\n<title>CIFAR<\/title>\n<meta name=\"robots\" content=\"index, follow, max-snippet:-1, max-image-preview:large, max-video-preview:-1\" \/>\n<link rel=\"canonical\" href=\"https:\/\/cifar.ca\/fr\/cifarnews\/2017\/09\/27\/cifar-accueille-la-nouvelle-conseillere-scientifique-en-chef-du-canada\/\" \/>\n<meta property=\"og:locale\" content=\"fr_FR\" \/>\n<meta property=\"og:type\" content=\"article\" \/>\n<meta property=\"og:title\" content=\"Le CIFAR accueille la nouvelle conseill\u00e8re scientifique en chef du Canada - CIFAR\" \/>\n<meta property=\"og:description\" content=\"Le CIFAR f\u00e9licite la nouvelle scientifique en chef du Canada, Dre Mona Nemer, ainsi que le gouvernement du Canada de cette \u00e9tape importante vers le [&hellip;]\" \/>\n<meta property=\"og:url\" content=\"https:\/\/cifar.ca\/fr\/cifarnews\/2017\/09\/27\/cifar-accueille-la-nouvelle-conseillere-scientifique-en-chef-du-canada\/\" \/>\n<meta property=\"og:site_name\" content=\"CIFAR\" \/>\n<meta property=\"article:published_time\" content=\"2017-09-27T23:20:00+00:00\" \/>\n<meta property=\"article:modified_time\" content=\"2025-12-18T11:55:26+00:00\" \/>\n<meta property=\"og:image\" content=\"https:\/\/cifar.ca\/wp-content\/uploads\/2020\/01\/mona-nemer-1024x471.png\" \/>\n\t<meta property=\"og:image:width\" content=\"1024\" \/>\n\t<meta property=\"og:image:height\" content=\"471\" \/>\n\t<meta property=\"og:image:type\" content=\"image\/png\" \/>\n<meta name=\"author\" content=\"Alison Rutka\" \/>\n<meta name=\"twitter:card\" content=\"summary_large_image\" \/>\n<meta name=\"twitter:label1\" content=\"\u00c9crit par\" \/>\n\t<meta name=\"twitter:data1\" content=\"Alison Rutka\" \/>\n\t<meta name=\"twitter:label2\" content=\"Dur\u00e9e de lecture estim\u00e9e\" \/>\n\t<meta name=\"twitter:data2\" content=\"2 minutes\" \/>\n<script type=\"application\/ld+json\" class=\"yoast-schema-graph\">{\"@context\":\"https:\/\/schema.org\",\"@graph\":[{\"@type\":\"Article\",\"@id\":\"https:\/\/cifar.ca\/fr\/cifarnews\/2017\/09\/27\/cifar-accueille-la-nouvelle-conseillere-scientifique-en-chef-du-canada\/#article\",\"isPartOf\":{\"@id\":\"https:\/\/cifar.ca\/fr\/cifarnews\/2017\/09\/27\/cifar-accueille-la-nouvelle-conseillere-scientifique-en-chef-du-canada\/\"},\"author\":{\"name\":\"Alison Rutka\",\"@id\":\"https:\/\/cifar.ca\/fr\/#\/schema\/person\/be6ac84c25822d31a0039f3d6a9a7d1b\"},\"headline\":\"Le CIFAR accueille la nouvelle conseill\u00e8re scientifique en chef du Canada\",\"datePublished\":\"2017-09-27T23:20:00+00:00\",\"dateModified\":\"2025-12-18T11:55:26+00:00\",\"mainEntityOfPage\":{\"@id\":\"https:\/\/cifar.ca\/fr\/cifarnews\/2017\/09\/27\/cifar-accueille-la-nouvelle-conseillere-scientifique-en-chef-du-canada\/\"},\"wordCount\":336,\"publisher\":{\"@id\":\"https:\/\/cifar.ca\/fr\/#organization\"},\"image\":{\"@id\":\"https:\/\/cifar.ca\/fr\/cifarnews\/2017\/09\/27\/cifar-accueille-la-nouvelle-conseillere-scientifique-en-chef-du-canada\/#primaryimage\"},\"thumbnailUrl\":\"https:\/\/cifar.ca\/wp-content\/uploads\/2020\/01\/mona-nemer.png\",\"articleSection\":[\"Annonce\",\"Prix\"],\"inLanguage\":\"fr-FR\"},{\"@type\":\"WebPage\",\"@id\":\"https:\/\/cifar.ca\/fr\/cifarnews\/2017\/09\/27\/cifar-accueille-la-nouvelle-conseillere-scientifique-en-chef-du-canada\/\",\"url\":\"https:\/\/cifar.ca\/fr\/cifarnews\/2017\/09\/27\/cifar-accueille-la-nouvelle-conseillere-scientifique-en-chef-du-canada\/\",\"name\":\"Le CIFAR accueille la nouvelle conseill\u00e8re scientifique en chef du Canada - CIFAR\",\"isPartOf\":{\"@id\":\"https:\/\/cifar.ca\/fr\/#website\"},\"primaryImageOfPage\":{\"@id\":\"https:\/\/cifar.ca\/fr\/cifarnews\/2017\/09\/27\/cifar-accueille-la-nouvelle-conseillere-scientifique-en-chef-du-canada\/#primaryimage\"},\"image\":{\"@id\":\"https:\/\/cifar.ca\/fr\/cifarnews\/2017\/09\/27\/cifar-accueille-la-nouvelle-conseillere-scientifique-en-chef-du-canada\/#primaryimage\"},\"thumbnailUrl\":\"https:\/\/cifar.ca\/wp-content\/uploads\/2020\/01\/mona-nemer.png\",\"datePublished\":\"2017-09-27T23:20:00+00:00\",\"dateModified\":\"2025-12-18T11:55:26+00:00\",\"breadcrumb\":{\"@id\":\"https:\/\/cifar.ca\/fr\/cifarnews\/2017\/09\/27\/cifar-accueille-la-nouvelle-conseillere-scientifique-en-chef-du-canada\/#breadcrumb\"},\"inLanguage\":\"fr-FR\",\"potentialAction\":[{\"@type\":\"ReadAction\",\"target\":[\"https:\/\/cifar.ca\/fr\/cifarnews\/2017\/09\/27\/cifar-accueille-la-nouvelle-conseillere-scientifique-en-chef-du-canada\/\"]}]},{\"@type\":\"ImageObject\",\"inLanguage\":\"fr-FR\",\"@id\":\"https:\/\/cifar.ca\/fr\/cifarnews\/2017\/09\/27\/cifar-accueille-la-nouvelle-conseillere-scientifique-en-chef-du-canada\/#primaryimage\",\"url\":\"https:\/\/cifar.ca\/wp-content\/uploads\/2020\/01\/mona-nemer.png\",\"contentUrl\":\"https:\/\/cifar.ca\/wp-content\/uploads\/2020\/01\/mona-nemer.png\",\"width\":2000,\"height\":920},{\"@type\":\"BreadcrumbList\",\"@id\":\"https:\/\/cifar.ca\/fr\/cifarnews\/2017\/09\/27\/cifar-accueille-la-nouvelle-conseillere-scientifique-en-chef-du-canada\/#breadcrumb\",\"itemListElement\":[{\"@type\":\"ListItem\",\"position\":1,\"name\":\"Acceuil\",\"item\":\"https:\/\/cifar.ca\/fr\/\"},{\"@type\":\"ListItem\",\"position\":2,\"name\":\"Le CIFAR accueille la nouvelle conseill\u00e8re scientifique en chef du Canada\"}]},{\"@type\":\"WebSite\",\"@id\":\"https:\/\/cifar.ca\/fr\/#website\",\"url\":\"https:\/\/cifar.ca\/fr\/\",\"name\":\"CIFAR\",\"description\":\"Convoquer des esprits extraordinaires pour r\u00e9pondre aux questions les plus importantes auxquelles la science et l'humanit\u00e9 sont confront\u00e9es.\",\"publisher\":{\"@id\":\"https:\/\/cifar.ca\/fr\/#organization\"},\"potentialAction\":[{\"@type\":\"SearchAction\",\"target\":{\"@type\":\"EntryPoint\",\"urlTemplate\":\"https:\/\/cifar.ca\/fr\/?s={search_term_string}\"},\"query-input\":{\"@type\":\"PropertyValueSpecification\",\"valueRequired\":true,\"valueName\":\"search_term_string\"}}],\"inLanguage\":\"fr-FR\"},{\"@type\":\"Organization\",\"@id\":\"https:\/\/cifar.ca\/fr\/#organization\",\"name\":\"CIFAR\",\"url\":\"https:\/\/cifar.ca\/fr\/\",\"logo\":{\"@type\":\"ImageObject\",\"inLanguage\":\"fr-FR\",\"@id\":\"https:\/\/cifar.ca\/fr\/#\/schema\/logo\/image\/\",\"url\":\"https:\/\/cifar.ca\/wp-content\/uploads\/2020\/01\/cifar-logo-rgb-colour.png\",\"contentUrl\":\"https:\/\/cifar.ca\/wp-content\/uploads\/2020\/01\/cifar-logo-rgb-colour.png\",\"width\":1884,\"height\":681,\"caption\":\"CIFAR\"},\"image\":{\"@id\":\"https:\/\/cifar.ca\/fr\/#\/schema\/logo\/image\/\"}},{\"@type\":\"Person\",\"@id\":\"https:\/\/cifar.ca\/fr\/#\/schema\/person\/be6ac84c25822d31a0039f3d6a9a7d1b\",\"name\":\"Alison Rutka\",\"image\":{\"@type\":\"ImageObject\",\"inLanguage\":\"fr-FR\",\"@id\":\"https:\/\/secure.gravatar.com\/avatar\/615d15ec89ba993517314fec79e6489a0dba223bcd18c606519b0f363d03f7fc?s=96&d=mm&r=g\",\"url\":\"https:\/\/secure.gravatar.com\/avatar\/615d15ec89ba993517314fec79e6489a0dba223bcd18c606519b0f363d03f7fc?s=96&d=mm&r=g\",\"contentUrl\":\"https:\/\/secure.gravatar.com\/avatar\/615d15ec89ba993517314fec79e6489a0dba223bcd18c606519b0f363d03f7fc?s=96&d=mm&r=g\",\"caption\":\"Alison Rutka\"}}]}<\/script>\n<!-- \/ Yoast SEO plugin. -->","yoast_head_json":{"title":"CIFAR","robots":{"index":"index","follow":"follow","max-snippet":"max-snippet:-1","max-image-preview":"max-image-preview:large","max-video-preview":"max-video-preview:-1"},"canonical":"https:\/\/cifar.ca\/fr\/cifarnews\/2017\/09\/27\/cifar-accueille-la-nouvelle-conseillere-scientifique-en-chef-du-canada\/","og_locale":"fr_FR","og_type":"article","og_title":"Le CIFAR accueille la nouvelle conseill\u00e8re scientifique en chef du Canada - CIFAR","og_description":"Le CIFAR f\u00e9licite la nouvelle scientifique en chef du Canada, Dre Mona Nemer, ainsi que le gouvernement du Canada de cette \u00e9tape importante vers le [&hellip;]","og_url":"https:\/\/cifar.ca\/fr\/cifarnews\/2017\/09\/27\/cifar-accueille-la-nouvelle-conseillere-scientifique-en-chef-du-canada\/","og_site_name":"CIFAR","article_published_time":"2017-09-27T23:20:00+00:00","article_modified_time":"2025-12-18T11:55:26+00:00","og_image":[{"width":1024,"height":471,"url":"https:\/\/cifar.ca\/wp-content\/uploads\/2020\/01\/mona-nemer-1024x471.png","type":"image\/png"}],"author":"Alison Rutka","twitter_card":"summary_large_image","twitter_misc":{"\u00c9crit par":"Alison Rutka","Dur\u00e9e de lecture estim\u00e9e":"2 minutes"},"schema":{"@context":"https:\/\/schema.org","@graph":[{"@type":"Article","@id":"https:\/\/cifar.ca\/fr\/cifarnews\/2017\/09\/27\/cifar-accueille-la-nouvelle-conseillere-scientifique-en-chef-du-canada\/#article","isPartOf":{"@id":"https:\/\/cifar.ca\/fr\/cifarnews\/2017\/09\/27\/cifar-accueille-la-nouvelle-conseillere-scientifique-en-chef-du-canada\/"},"author":{"name":"Alison Rutka","@id":"https:\/\/cifar.ca\/fr\/#\/schema\/person\/be6ac84c25822d31a0039f3d6a9a7d1b"},"headline":"Le CIFAR accueille la nouvelle conseill\u00e8re scientifique en chef du Canada","datePublished":"2017-09-27T23:20:00+00:00","dateModified":"2025-12-18T11:55:26+00:00","mainEntityOfPage":{"@id":"https:\/\/cifar.ca\/fr\/cifarnews\/2017\/09\/27\/cifar-accueille-la-nouvelle-conseillere-scientifique-en-chef-du-canada\/"},"wordCount":336,"publisher":{"@id":"https:\/\/cifar.ca\/fr\/#organization"},"image":{"@id":"https:\/\/cifar.ca\/fr\/cifarnews\/2017\/09\/27\/cifar-accueille-la-nouvelle-conseillere-scientifique-en-chef-du-canada\/#primaryimage"},"thumbnailUrl":"https:\/\/cifar.ca\/wp-content\/uploads\/2020\/01\/mona-nemer.png","articleSection":["Annonce","Prix"],"inLanguage":"fr-FR"},{"@type":"WebPage","@id":"https:\/\/cifar.ca\/fr\/cifarnews\/2017\/09\/27\/cifar-accueille-la-nouvelle-conseillere-scientifique-en-chef-du-canada\/","url":"https:\/\/cifar.ca\/fr\/cifarnews\/2017\/09\/27\/cifar-accueille-la-nouvelle-conseillere-scientifique-en-chef-du-canada\/","name":"Le CIFAR accueille la nouvelle conseill\u00e8re scientifique en chef du Canada - CIFAR","isPartOf":{"@id":"https:\/\/cifar.ca\/fr\/#website"},"primaryImageOfPage":{"@id":"https:\/\/cifar.ca\/fr\/cifarnews\/2017\/09\/27\/cifar-accueille-la-nouvelle-conseillere-scientifique-en-chef-du-canada\/#primaryimage"},"image":{"@id":"https:\/\/cifar.ca\/fr\/cifarnews\/2017\/09\/27\/cifar-accueille-la-nouvelle-conseillere-scientifique-en-chef-du-canada\/#primaryimage"},"thumbnailUrl":"https:\/\/cifar.ca\/wp-content\/uploads\/2020\/01\/mona-nemer.png","datePublished":"2017-09-27T23:20:00+00:00","dateModified":"2025-12-18T11:55:26+00:00","breadcrumb":{"@id":"https:\/\/cifar.ca\/fr\/cifarnews\/2017\/09\/27\/cifar-accueille-la-nouvelle-conseillere-scientifique-en-chef-du-canada\/#breadcrumb"},"inLanguage":"fr-FR","potentialAction":[{"@type":"ReadAction","target":["https:\/\/cifar.ca\/fr\/cifarnews\/2017\/09\/27\/cifar-accueille-la-nouvelle-conseillere-scientifique-en-chef-du-canada\/"]}]},{"@type":"ImageObject","inLanguage":"fr-FR","@id":"https:\/\/cifar.ca\/fr\/cifarnews\/2017\/09\/27\/cifar-accueille-la-nouvelle-conseillere-scientifique-en-chef-du-canada\/#primaryimage","url":"https:\/\/cifar.ca\/wp-content\/uploads\/2020\/01\/mona-nemer.png","contentUrl":"https:\/\/cifar.ca\/wp-content\/uploads\/2020\/01\/mona-nemer.png","width":2000,"height":920},{"@type":"BreadcrumbList","@id":"https:\/\/cifar.ca\/fr\/cifarnews\/2017\/09\/27\/cifar-accueille-la-nouvelle-conseillere-scientifique-en-chef-du-canada\/#breadcrumb","itemListElement":[{"@type":"ListItem","position":1,"name":"Acceuil","item":"https:\/\/cifar.ca\/fr\/"},{"@type":"ListItem","position":2,"name":"Le CIFAR accueille la nouvelle conseill\u00e8re scientifique en chef du Canada"}]},{"@type":"WebSite","@id":"https:\/\/cifar.ca\/fr\/#website","url":"https:\/\/cifar.ca\/fr\/","name":"CIFAR","description":"Convoquer des esprits extraordinaires pour r\u00e9pondre aux questions les plus importantes auxquelles la science et l'humanit\u00e9 sont confront\u00e9es.","publisher":{"@id":"https:\/\/cifar.ca\/fr\/#organization"},"potentialAction":[{"@type":"SearchAction","target":{"@type":"EntryPoint","urlTemplate":"https:\/\/cifar.ca\/fr\/?s={search_term_string}"},"query-input":{"@type":"PropertyValueSpecification","valueRequired":true,"valueName":"search_term_string"}}],"inLanguage":"fr-FR"},{"@type":"Organization","@id":"https:\/\/cifar.ca\/fr\/#organization","name":"CIFAR","url":"https:\/\/cifar.ca\/fr\/","logo":{"@type":"ImageObject","inLanguage":"fr-FR","@id":"https:\/\/cifar.ca\/fr\/#\/schema\/logo\/image\/","url":"https:\/\/cifar.ca\/wp-content\/uploads\/2020\/01\/cifar-logo-rgb-colour.png","contentUrl":"https:\/\/cifar.ca\/wp-content\/uploads\/2020\/01\/cifar-logo-rgb-colour.png","width":1884,"height":681,"caption":"CIFAR"},"image":{"@id":"https:\/\/cifar.ca\/fr\/#\/schema\/logo\/image\/"}},{"@type":"Person","@id":"https:\/\/cifar.ca\/fr\/#\/schema\/person\/be6ac84c25822d31a0039f3d6a9a7d1b","name":"Alison Rutka","image":{"@type":"ImageObject","inLanguage":"fr-FR","@id":"https:\/\/secure.gravatar.com\/avatar\/615d15ec89ba993517314fec79e6489a0dba223bcd18c606519b0f363d03f7fc?s=96&d=mm&r=g","url":"https:\/\/secure.gravatar.com\/avatar\/615d15ec89ba993517314fec79e6489a0dba223bcd18c606519b0f363d03f7fc?s=96&d=mm&r=g","contentUrl":"https:\/\/secure.gravatar.com\/avatar\/615d15ec89ba993517314fec79e6489a0dba223bcd18c606519b0f363d03f7fc?s=96&d=mm&r=g","caption":"Alison Rutka"}}]}},"_links":{"self":[{"href":"https:\/\/cifar.ca\/fr\/wp-json\/wp\/v2\/posts\/21475","targetHints":{"allow":["GET"]}}],"collection":[{"href":"https:\/\/cifar.ca\/fr\/wp-json\/wp\/v2\/posts"}],"about":[{"href":"https:\/\/cifar.ca\/fr\/wp-json\/wp\/v2\/types\/post"}],"author":[{"embeddable":true,"href":"https:\/\/cifar.ca\/fr\/wp-json\/wp\/v2\/users\/65"}],"replies":[{"embeddable":true,"href":"https:\/\/cifar.ca\/fr\/wp-json\/wp\/v2\/comments?post=21475"}],"version-history":[{"count":0,"href":"https:\/\/cifar.ca\/fr\/wp-json\/wp\/v2\/posts\/21475\/revisions"}],"wp:featuredmedia":[{"embeddable":true,"href":"https:\/\/cifar.ca\/fr\/wp-json\/wp\/v2\/media\/14826"}],"wp:attachment":[{"href":"https:\/\/cifar.ca\/fr\/wp-json\/wp\/v2\/media?parent=21475"}],"wp:term":[{"taxonomy":"category","embeddable":true,"href":"https:\/\/cifar.ca\/fr\/wp-json\/wp\/v2\/categories?post=21475"},{"taxonomy":"post_tag","embeddable":true,"href":"https:\/\/cifar.ca\/fr\/wp-json\/wp\/v2\/tags?post=21475"}],"curies":[{"name":"wp","href":"https:\/\/api.w.org\/{rel}","templated":true}]}}