{"id":21489,"date":"2019-05-09T14:47:25","date_gmt":"2019-05-09T18:47:25","guid":{"rendered":"https:\/\/cifar661.wpengine.com\/cifarnews\/2019\/05\/09\/le-cifar-soutient-la-diversite-et-appuie-la-charte-dimensions-equite-diversite-et-inclusion-au-canada\/"},"modified":"2020-01-29T22:43:01","modified_gmt":"2020-01-30T03:43:01","slug":"le-cifar-soutient-la-diversite-et-appuie-la-charte-dimensions-equite-diversite-et-inclusion-au-canada","status":"publish","type":"post","link":"https:\/\/cifar.ca\/fr\/cifarnews\/2019\/05\/09\/le-cifar-soutient-la-diversite-et-appuie-la-charte-dimensions-equite-diversite-et-inclusion-au-canada\/","title":{"rendered":"Le CIFAR soutient la diversit\u00e9 et appuie la charte Dimensions : \u00e9quit\u00e9, diversit\u00e9 et inclusion au Canada"},"content":{"rendered":"<p dir=\"ltr\">Le CIFAR croit que des perspectives diverses sont essentielles pour comprendre et r&eacute;soudre les questions les plus importantes auxquelles la science et l&rsquo;humanit&eacute; sont confront&eacute;es. <\/p>\n<p dir=\"ltr\">Le CIFAR f&eacute;licite l&rsquo;honorable Kirsty Duncan, ministre des Sciences et des Sports, et le gouvernement du Canada pour le lancement du <a href=\"http:\/\/www.nserc-crsng.gc.ca\/NSERC-CRSNG\/EDI-EDI\/Dimensions_Dimensions_fra.asp\" >programme pilote Dimensions<\/a>&nbsp;et de la charte canadienne Dimensions&nbsp;: &eacute;quit&eacute;, diversit&eacute; et inclusion.<\/p>\n<p dir=\"ltr\">Le programme et la charte, bas&eacute;s sur le programme <a href=\"https:\/\/www.ecu.ac.uk\/equality-charters\/athena-swan\/\" >Athena Swan<\/a>&nbsp;du Royaume-Uni, encouragent les &eacute;tablissements de recherche au pays &agrave; reconna&icirc;tre que l&rsquo;&laquo;&nbsp;&eacute;quit&eacute;, la diversit&eacute; et l&rsquo;inclusion renforcent le milieu de la recherche, la qualit&eacute;, la pertinence et l&rsquo;impact de la recherche, et les possibilit&eacute;s qui s&rsquo;offrent &agrave; tous les participants &eacute;ventuels&nbsp;&raquo;. En devenant signataires de la charte, les &eacute;tablissements s&rsquo;engagent &agrave; prendre des mesures concr&egrave;tes et mesurables pour accro&icirc;tre l&rsquo;&eacute;quit&eacute;, la diversit&eacute; et l&rsquo;inclusion (EDI).<\/p>\n<p dir=\"ltr\">&laquo;&nbsp;Les barri&egrave;res syst&eacute;miques auxquelles font face les femmes et d&rsquo;autres groupes sous-repr&eacute;sent&eacute;s en science existent bel et bien, et ne se limitent pas aux recherches coll&eacute;giales et universitaires&nbsp;&raquo;, d&eacute;clare Alan Bernstein, pr&eacute;sident et chef de la direction du CIFAR. &laquo;&nbsp;Nous nous r&eacute;jouissons de continuer &agrave; travailler avec le gouvernement canadien pour renforcer d&rsquo;autant plus le r&ocirc;le du Canada &agrave; titre de chef de file de la science qui promeut l&rsquo;&eacute;quit&eacute;, la diversit&eacute; et l&rsquo;inclusion afin de favoriser l&rsquo;innovation et la cr&eacute;ation de connaissances par l&rsquo;entremise d&rsquo;investissements cibl&eacute;s au profit de la recherche de pointe.&nbsp;&raquo;<\/p>\n<p dir=\"ltr\">Apr&egrave;s de vastes consultations pour mettre au point la charte, le programme sera mis &agrave; l&rsquo;essai dans 25&nbsp;universit&eacute;s et &eacute;tablissements d&rsquo;enseignement sup&eacute;rieur. Bien qu&rsquo;il n&rsquo;ait pas particip&eacute; au projet pilote initial, le CIFAR est ravi d&rsquo;avoir l&rsquo;occasion de jouer un r&ocirc;le actif pour aider le milieu de la recherche &agrave; faire avancer l&rsquo;&eacute;quit&eacute;, la diversit&eacute; et l&rsquo;inclusion, et de contribuer &agrave; instaurer des changements culturels plus profonds au sein de l&rsquo;&eacute;cosyst&egrave;me de la recherche. &nbsp;<\/p>\n<p dir=\"ltr\">\n<p dir=\"ltr\">Le CIFAR s&rsquo;engage &agrave; favoriser l&rsquo;&eacute;quit&eacute;, la diversit&eacute; et l&rsquo;inclusion. Nous reconnaissons que la r&eacute;union de personnes issues de multiples domaines, perspectives et exp&eacute;riences est essentielle pour favoriser l&rsquo;excellence et accro&icirc;tre l&rsquo;impact de notre organisation. Pour accomplir notre mission et incarner les valeurs de diversit&eacute;, d&rsquo;excellence, de respect et de collaboration, il est imp&eacute;ratif de veiller &agrave; ce que chaque personne se sente valoris&eacute;e et accueillie.&nbsp;Nous sommes en train de r&eacute;aliser un examen int&eacute;gral des pratiques du CIFAR en vue de formuler un plan qui favorise l&rsquo;&eacute;quit&eacute;, la diversit&eacute; et l&rsquo;inclusion en reconnaissance de l&rsquo;importance de l&rsquo;EDI pour accro&icirc;tre l&rsquo;excellence et l&rsquo;impact de la recherche.<\/p>\n<hr \/>\n<p dir=\"ltr\"><strong>Pour de plus amples renseignements sur l&rsquo;engagement du CIFAR &agrave; l&rsquo;&eacute;gard de l&rsquo;EDI, veuillez communiquer avec&nbsp;:<\/strong><\/p>\n<p dir=\"ltr\">Jon Farrow, sp&eacute;cialiste des relations avec les m&eacute;dias et r&eacute;dacteur &mdash; <a href=\"mailto:jon.farrow@cifar.ca\">jon.farrow@cifar.ca<\/a><\/p>\n<p>Kate Geddie, directrice principale, recherche, et pr&eacute;sidente du Groupe de travail sur l&rsquo;&eacute;quit&eacute;, la diversit&eacute; et l&rsquo;inclusion du CIFAR &mdash; <a href=\"mailto:kate.geddie@cifar.ca\">kate.geddie@cifar.ca<\/a><\/p>\n","protected":false},"excerpt":{"rendered":"<p>Le CIFAR croit que des perspectives diverses sont essentielles pour comprendre et r\u00e9soudre les questions les plus importantes auxquelles la science et l\u2019humanit\u00e9 sont confront\u00e9es.<\/p>\n","protected":false},"author":65,"featured_media":31530,"comment_status":"closed","ping_status":"closed","sticky":false,"template":"","format":"standard","meta":{"_acf_changed":false,"footnotes":""},"categories":[4010],"tags":[4533,4537],"class_list":["post-21489","post","type-post","status-publish","format-standard","has-post-thumbnail","hentry","category-annonce-fr","tag-dimensions-fr","tag-equite-diversite-et-inclusion"],"acf":[],"yoast_head":"<!-- This site is optimized with the Yoast SEO plugin v27.2 - https:\/\/yoast.com\/product\/yoast-seo-wordpress\/ -->\n<title>CIFAR<\/title>\n<meta name=\"robots\" content=\"index, follow, max-snippet:-1, max-image-preview:large, max-video-preview:-1\" \/>\n<link rel=\"canonical\" href=\"https:\/\/cifar.ca\/fr\/cifarnews\/2019\/05\/09\/le-cifar-soutient-la-diversite-et-appuie-la-charte-dimensions-equite-diversite-et-inclusion-au-canada\/\" \/>\n<meta property=\"og:locale\" content=\"fr_FR\" \/>\n<meta property=\"og:type\" content=\"article\" \/>\n<meta property=\"og:title\" content=\"Le CIFAR soutient la diversit\u00e9 et appuie la charte Dimensions : \u00e9quit\u00e9, diversit\u00e9 et inclusion au Canada - CIFAR\" \/>\n<meta property=\"og:description\" content=\"Le CIFAR croit que des perspectives diverses sont essentielles pour comprendre et r\u00e9soudre les questions les plus importantes auxquelles la science et l\u2019humanit\u00e9 sont confront\u00e9es.\" \/>\n<meta property=\"og:url\" content=\"https:\/\/cifar.ca\/fr\/cifarnews\/2019\/05\/09\/le-cifar-soutient-la-diversite-et-appuie-la-charte-dimensions-equite-diversite-et-inclusion-au-canada\/\" \/>\n<meta property=\"og:site_name\" content=\"CIFAR\" \/>\n<meta property=\"article:published_time\" content=\"2019-05-09T18:47:25+00:00\" \/>\n<meta property=\"article:modified_time\" content=\"2020-01-30T03:43:01+00:00\" \/>\n<meta property=\"og:image\" content=\"https:\/\/cifar.ca\/wp-content\/uploads\/2019\/06\/WordPress-Banners-Generic.png\" \/>\n\t<meta property=\"og:image:width\" content=\"1920\" \/>\n\t<meta property=\"og:image:height\" content=\"700\" \/>\n\t<meta property=\"og:image:type\" content=\"image\/png\" \/>\n<meta name=\"author\" content=\"Alison Rutka\" \/>\n<meta name=\"twitter:card\" content=\"summary_large_image\" \/>\n<meta name=\"twitter:label1\" content=\"\u00c9crit par\" \/>\n\t<meta name=\"twitter:data1\" content=\"Alison Rutka\" \/>\n\t<meta name=\"twitter:label2\" content=\"Dur\u00e9e de lecture estim\u00e9e\" \/>\n\t<meta name=\"twitter:data2\" content=\"3 minutes\" \/>\n<script type=\"application\/ld+json\" class=\"yoast-schema-graph\">{\"@context\":\"https:\/\/schema.org\",\"@graph\":[{\"@type\":\"Article\",\"@id\":\"https:\/\/cifar.ca\/fr\/cifarnews\/2019\/05\/09\/le-cifar-soutient-la-diversite-et-appuie-la-charte-dimensions-equite-diversite-et-inclusion-au-canada\/#article\",\"isPartOf\":{\"@id\":\"https:\/\/cifar.ca\/fr\/cifarnews\/2019\/05\/09\/le-cifar-soutient-la-diversite-et-appuie-la-charte-dimensions-equite-diversite-et-inclusion-au-canada\/\"},\"author\":{\"name\":\"Alison Rutka\",\"@id\":\"https:\/\/cifar.ca\/fr\/#\/schema\/person\/be6ac84c25822d31a0039f3d6a9a7d1b\"},\"headline\":\"Le CIFAR soutient la diversit\u00e9 et appuie la charte Dimensions : \u00e9quit\u00e9, diversit\u00e9 et inclusion au Canada\",\"datePublished\":\"2019-05-09T18:47:25+00:00\",\"dateModified\":\"2020-01-30T03:43:01+00:00\",\"mainEntityOfPage\":{\"@id\":\"https:\/\/cifar.ca\/fr\/cifarnews\/2019\/05\/09\/le-cifar-soutient-la-diversite-et-appuie-la-charte-dimensions-equite-diversite-et-inclusion-au-canada\/\"},\"wordCount\":690,\"publisher\":{\"@id\":\"https:\/\/cifar.ca\/fr\/#organization\"},\"image\":{\"@id\":\"https:\/\/cifar.ca\/fr\/cifarnews\/2019\/05\/09\/le-cifar-soutient-la-diversite-et-appuie-la-charte-dimensions-equite-diversite-et-inclusion-au-canada\/#primaryimage\"},\"thumbnailUrl\":\"https:\/\/cifar.ca\/wp-content\/uploads\/2019\/06\/WordPress-Banners-Generic.png\",\"keywords\":[\"Dimensions\",\"\u00c9quit\u00e9, diversit\u00e9 et inclusion\"],\"articleSection\":[\"Annonce\"],\"inLanguage\":\"fr-FR\"},{\"@type\":\"WebPage\",\"@id\":\"https:\/\/cifar.ca\/fr\/cifarnews\/2019\/05\/09\/le-cifar-soutient-la-diversite-et-appuie-la-charte-dimensions-equite-diversite-et-inclusion-au-canada\/\",\"url\":\"https:\/\/cifar.ca\/fr\/cifarnews\/2019\/05\/09\/le-cifar-soutient-la-diversite-et-appuie-la-charte-dimensions-equite-diversite-et-inclusion-au-canada\/\",\"name\":\"Le CIFAR soutient la diversit\u00e9 et appuie la charte Dimensions : \u00e9quit\u00e9, diversit\u00e9 et inclusion au Canada - CIFAR\",\"isPartOf\":{\"@id\":\"https:\/\/cifar.ca\/fr\/#website\"},\"primaryImageOfPage\":{\"@id\":\"https:\/\/cifar.ca\/fr\/cifarnews\/2019\/05\/09\/le-cifar-soutient-la-diversite-et-appuie-la-charte-dimensions-equite-diversite-et-inclusion-au-canada\/#primaryimage\"},\"image\":{\"@id\":\"https:\/\/cifar.ca\/fr\/cifarnews\/2019\/05\/09\/le-cifar-soutient-la-diversite-et-appuie-la-charte-dimensions-equite-diversite-et-inclusion-au-canada\/#primaryimage\"},\"thumbnailUrl\":\"https:\/\/cifar.ca\/wp-content\/uploads\/2019\/06\/WordPress-Banners-Generic.png\",\"datePublished\":\"2019-05-09T18:47:25+00:00\",\"dateModified\":\"2020-01-30T03:43:01+00:00\",\"breadcrumb\":{\"@id\":\"https:\/\/cifar.ca\/fr\/cifarnews\/2019\/05\/09\/le-cifar-soutient-la-diversite-et-appuie-la-charte-dimensions-equite-diversite-et-inclusion-au-canada\/#breadcrumb\"},\"inLanguage\":\"fr-FR\",\"potentialAction\":[{\"@type\":\"ReadAction\",\"target\":[\"https:\/\/cifar.ca\/fr\/cifarnews\/2019\/05\/09\/le-cifar-soutient-la-diversite-et-appuie-la-charte-dimensions-equite-diversite-et-inclusion-au-canada\/\"]}]},{\"@type\":\"ImageObject\",\"inLanguage\":\"fr-FR\",\"@id\":\"https:\/\/cifar.ca\/fr\/cifarnews\/2019\/05\/09\/le-cifar-soutient-la-diversite-et-appuie-la-charte-dimensions-equite-diversite-et-inclusion-au-canada\/#primaryimage\",\"url\":\"https:\/\/cifar.ca\/wp-content\/uploads\/2019\/06\/WordPress-Banners-Generic.png\",\"contentUrl\":\"https:\/\/cifar.ca\/wp-content\/uploads\/2019\/06\/WordPress-Banners-Generic.png\",\"width\":1920,\"height\":700,\"caption\":\"Generic Banner\"},{\"@type\":\"BreadcrumbList\",\"@id\":\"https:\/\/cifar.ca\/fr\/cifarnews\/2019\/05\/09\/le-cifar-soutient-la-diversite-et-appuie-la-charte-dimensions-equite-diversite-et-inclusion-au-canada\/#breadcrumb\",\"itemListElement\":[{\"@type\":\"ListItem\",\"position\":1,\"name\":\"Acceuil\",\"item\":\"https:\/\/cifar.ca\/fr\/\"},{\"@type\":\"ListItem\",\"position\":2,\"name\":\"Le CIFAR soutient la diversit\u00e9 et appuie la charte Dimensions : \u00e9quit\u00e9, diversit\u00e9 et inclusion au Canada\"}]},{\"@type\":\"WebSite\",\"@id\":\"https:\/\/cifar.ca\/fr\/#website\",\"url\":\"https:\/\/cifar.ca\/fr\/\",\"name\":\"CIFAR\",\"description\":\"Convoquer des esprits extraordinaires pour r\u00e9pondre aux questions les plus importantes auxquelles la science et l'humanit\u00e9 sont confront\u00e9es.\",\"publisher\":{\"@id\":\"https:\/\/cifar.ca\/fr\/#organization\"},\"potentialAction\":[{\"@type\":\"SearchAction\",\"target\":{\"@type\":\"EntryPoint\",\"urlTemplate\":\"https:\/\/cifar.ca\/fr\/?s={search_term_string}\"},\"query-input\":{\"@type\":\"PropertyValueSpecification\",\"valueRequired\":true,\"valueName\":\"search_term_string\"}}],\"inLanguage\":\"fr-FR\"},{\"@type\":\"Organization\",\"@id\":\"https:\/\/cifar.ca\/fr\/#organization\",\"name\":\"CIFAR\",\"url\":\"https:\/\/cifar.ca\/fr\/\",\"logo\":{\"@type\":\"ImageObject\",\"inLanguage\":\"fr-FR\",\"@id\":\"https:\/\/cifar.ca\/fr\/#\/schema\/logo\/image\/\",\"url\":\"https:\/\/cifar.ca\/wp-content\/uploads\/2020\/01\/cifar-logo-rgb-colour.png\",\"contentUrl\":\"https:\/\/cifar.ca\/wp-content\/uploads\/2020\/01\/cifar-logo-rgb-colour.png\",\"width\":1884,\"height\":681,\"caption\":\"CIFAR\"},\"image\":{\"@id\":\"https:\/\/cifar.ca\/fr\/#\/schema\/logo\/image\/\"}},{\"@type\":\"Person\",\"@id\":\"https:\/\/cifar.ca\/fr\/#\/schema\/person\/be6ac84c25822d31a0039f3d6a9a7d1b\",\"name\":\"Alison Rutka\",\"image\":{\"@type\":\"ImageObject\",\"inLanguage\":\"fr-FR\",\"@id\":\"https:\/\/secure.gravatar.com\/avatar\/615d15ec89ba993517314fec79e6489a0dba223bcd18c606519b0f363d03f7fc?s=96&d=mm&r=g\",\"url\":\"https:\/\/secure.gravatar.com\/avatar\/615d15ec89ba993517314fec79e6489a0dba223bcd18c606519b0f363d03f7fc?s=96&d=mm&r=g\",\"contentUrl\":\"https:\/\/secure.gravatar.com\/avatar\/615d15ec89ba993517314fec79e6489a0dba223bcd18c606519b0f363d03f7fc?s=96&d=mm&r=g\",\"caption\":\"Alison Rutka\"}}]}<\/script>\n<!-- \/ Yoast SEO plugin. -->","yoast_head_json":{"title":"CIFAR","robots":{"index":"index","follow":"follow","max-snippet":"max-snippet:-1","max-image-preview":"max-image-preview:large","max-video-preview":"max-video-preview:-1"},"canonical":"https:\/\/cifar.ca\/fr\/cifarnews\/2019\/05\/09\/le-cifar-soutient-la-diversite-et-appuie-la-charte-dimensions-equite-diversite-et-inclusion-au-canada\/","og_locale":"fr_FR","og_type":"article","og_title":"Le CIFAR soutient la diversit\u00e9 et appuie la charte Dimensions : \u00e9quit\u00e9, diversit\u00e9 et inclusion au Canada - CIFAR","og_description":"Le CIFAR croit que des perspectives diverses sont essentielles pour comprendre et r\u00e9soudre les questions les plus importantes auxquelles la science et l\u2019humanit\u00e9 sont confront\u00e9es.","og_url":"https:\/\/cifar.ca\/fr\/cifarnews\/2019\/05\/09\/le-cifar-soutient-la-diversite-et-appuie-la-charte-dimensions-equite-diversite-et-inclusion-au-canada\/","og_site_name":"CIFAR","article_published_time":"2019-05-09T18:47:25+00:00","article_modified_time":"2020-01-30T03:43:01+00:00","og_image":[{"width":1920,"height":700,"url":"https:\/\/cifar.ca\/wp-content\/uploads\/2019\/06\/WordPress-Banners-Generic.png","type":"image\/png"}],"author":"Alison Rutka","twitter_card":"summary_large_image","twitter_misc":{"\u00c9crit par":"Alison Rutka","Dur\u00e9e de lecture estim\u00e9e":"3 minutes"},"schema":{"@context":"https:\/\/schema.org","@graph":[{"@type":"Article","@id":"https:\/\/cifar.ca\/fr\/cifarnews\/2019\/05\/09\/le-cifar-soutient-la-diversite-et-appuie-la-charte-dimensions-equite-diversite-et-inclusion-au-canada\/#article","isPartOf":{"@id":"https:\/\/cifar.ca\/fr\/cifarnews\/2019\/05\/09\/le-cifar-soutient-la-diversite-et-appuie-la-charte-dimensions-equite-diversite-et-inclusion-au-canada\/"},"author":{"name":"Alison Rutka","@id":"https:\/\/cifar.ca\/fr\/#\/schema\/person\/be6ac84c25822d31a0039f3d6a9a7d1b"},"headline":"Le CIFAR soutient la diversit\u00e9 et appuie la charte Dimensions : \u00e9quit\u00e9, diversit\u00e9 et inclusion au Canada","datePublished":"2019-05-09T18:47:25+00:00","dateModified":"2020-01-30T03:43:01+00:00","mainEntityOfPage":{"@id":"https:\/\/cifar.ca\/fr\/cifarnews\/2019\/05\/09\/le-cifar-soutient-la-diversite-et-appuie-la-charte-dimensions-equite-diversite-et-inclusion-au-canada\/"},"wordCount":690,"publisher":{"@id":"https:\/\/cifar.ca\/fr\/#organization"},"image":{"@id":"https:\/\/cifar.ca\/fr\/cifarnews\/2019\/05\/09\/le-cifar-soutient-la-diversite-et-appuie-la-charte-dimensions-equite-diversite-et-inclusion-au-canada\/#primaryimage"},"thumbnailUrl":"https:\/\/cifar.ca\/wp-content\/uploads\/2019\/06\/WordPress-Banners-Generic.png","keywords":["Dimensions","\u00c9quit\u00e9, diversit\u00e9 et inclusion"],"articleSection":["Annonce"],"inLanguage":"fr-FR"},{"@type":"WebPage","@id":"https:\/\/cifar.ca\/fr\/cifarnews\/2019\/05\/09\/le-cifar-soutient-la-diversite-et-appuie-la-charte-dimensions-equite-diversite-et-inclusion-au-canada\/","url":"https:\/\/cifar.ca\/fr\/cifarnews\/2019\/05\/09\/le-cifar-soutient-la-diversite-et-appuie-la-charte-dimensions-equite-diversite-et-inclusion-au-canada\/","name":"Le CIFAR soutient la diversit\u00e9 et appuie la charte Dimensions : \u00e9quit\u00e9, diversit\u00e9 et inclusion au Canada - CIFAR","isPartOf":{"@id":"https:\/\/cifar.ca\/fr\/#website"},"primaryImageOfPage":{"@id":"https:\/\/cifar.ca\/fr\/cifarnews\/2019\/05\/09\/le-cifar-soutient-la-diversite-et-appuie-la-charte-dimensions-equite-diversite-et-inclusion-au-canada\/#primaryimage"},"image":{"@id":"https:\/\/cifar.ca\/fr\/cifarnews\/2019\/05\/09\/le-cifar-soutient-la-diversite-et-appuie-la-charte-dimensions-equite-diversite-et-inclusion-au-canada\/#primaryimage"},"thumbnailUrl":"https:\/\/cifar.ca\/wp-content\/uploads\/2019\/06\/WordPress-Banners-Generic.png","datePublished":"2019-05-09T18:47:25+00:00","dateModified":"2020-01-30T03:43:01+00:00","breadcrumb":{"@id":"https:\/\/cifar.ca\/fr\/cifarnews\/2019\/05\/09\/le-cifar-soutient-la-diversite-et-appuie-la-charte-dimensions-equite-diversite-et-inclusion-au-canada\/#breadcrumb"},"inLanguage":"fr-FR","potentialAction":[{"@type":"ReadAction","target":["https:\/\/cifar.ca\/fr\/cifarnews\/2019\/05\/09\/le-cifar-soutient-la-diversite-et-appuie-la-charte-dimensions-equite-diversite-et-inclusion-au-canada\/"]}]},{"@type":"ImageObject","inLanguage":"fr-FR","@id":"https:\/\/cifar.ca\/fr\/cifarnews\/2019\/05\/09\/le-cifar-soutient-la-diversite-et-appuie-la-charte-dimensions-equite-diversite-et-inclusion-au-canada\/#primaryimage","url":"https:\/\/cifar.ca\/wp-content\/uploads\/2019\/06\/WordPress-Banners-Generic.png","contentUrl":"https:\/\/cifar.ca\/wp-content\/uploads\/2019\/06\/WordPress-Banners-Generic.png","width":1920,"height":700,"caption":"Generic Banner"},{"@type":"BreadcrumbList","@id":"https:\/\/cifar.ca\/fr\/cifarnews\/2019\/05\/09\/le-cifar-soutient-la-diversite-et-appuie-la-charte-dimensions-equite-diversite-et-inclusion-au-canada\/#breadcrumb","itemListElement":[{"@type":"ListItem","position":1,"name":"Acceuil","item":"https:\/\/cifar.ca\/fr\/"},{"@type":"ListItem","position":2,"name":"Le CIFAR soutient la diversit\u00e9 et appuie la charte Dimensions : \u00e9quit\u00e9, diversit\u00e9 et inclusion au Canada"}]},{"@type":"WebSite","@id":"https:\/\/cifar.ca\/fr\/#website","url":"https:\/\/cifar.ca\/fr\/","name":"CIFAR","description":"Convoquer des esprits extraordinaires pour r\u00e9pondre aux questions les plus importantes auxquelles la science et l'humanit\u00e9 sont confront\u00e9es.","publisher":{"@id":"https:\/\/cifar.ca\/fr\/#organization"},"potentialAction":[{"@type":"SearchAction","target":{"@type":"EntryPoint","urlTemplate":"https:\/\/cifar.ca\/fr\/?s={search_term_string}"},"query-input":{"@type":"PropertyValueSpecification","valueRequired":true,"valueName":"search_term_string"}}],"inLanguage":"fr-FR"},{"@type":"Organization","@id":"https:\/\/cifar.ca\/fr\/#organization","name":"CIFAR","url":"https:\/\/cifar.ca\/fr\/","logo":{"@type":"ImageObject","inLanguage":"fr-FR","@id":"https:\/\/cifar.ca\/fr\/#\/schema\/logo\/image\/","url":"https:\/\/cifar.ca\/wp-content\/uploads\/2020\/01\/cifar-logo-rgb-colour.png","contentUrl":"https:\/\/cifar.ca\/wp-content\/uploads\/2020\/01\/cifar-logo-rgb-colour.png","width":1884,"height":681,"caption":"CIFAR"},"image":{"@id":"https:\/\/cifar.ca\/fr\/#\/schema\/logo\/image\/"}},{"@type":"Person","@id":"https:\/\/cifar.ca\/fr\/#\/schema\/person\/be6ac84c25822d31a0039f3d6a9a7d1b","name":"Alison Rutka","image":{"@type":"ImageObject","inLanguage":"fr-FR","@id":"https:\/\/secure.gravatar.com\/avatar\/615d15ec89ba993517314fec79e6489a0dba223bcd18c606519b0f363d03f7fc?s=96&d=mm&r=g","url":"https:\/\/secure.gravatar.com\/avatar\/615d15ec89ba993517314fec79e6489a0dba223bcd18c606519b0f363d03f7fc?s=96&d=mm&r=g","contentUrl":"https:\/\/secure.gravatar.com\/avatar\/615d15ec89ba993517314fec79e6489a0dba223bcd18c606519b0f363d03f7fc?s=96&d=mm&r=g","caption":"Alison Rutka"}}]}},"_links":{"self":[{"href":"https:\/\/cifar.ca\/fr\/wp-json\/wp\/v2\/posts\/21489","targetHints":{"allow":["GET"]}}],"collection":[{"href":"https:\/\/cifar.ca\/fr\/wp-json\/wp\/v2\/posts"}],"about":[{"href":"https:\/\/cifar.ca\/fr\/wp-json\/wp\/v2\/types\/post"}],"author":[{"embeddable":true,"href":"https:\/\/cifar.ca\/fr\/wp-json\/wp\/v2\/users\/65"}],"replies":[{"embeddable":true,"href":"https:\/\/cifar.ca\/fr\/wp-json\/wp\/v2\/comments?post=21489"}],"version-history":[{"count":0,"href":"https:\/\/cifar.ca\/fr\/wp-json\/wp\/v2\/posts\/21489\/revisions"}],"wp:featuredmedia":[{"embeddable":true,"href":"https:\/\/cifar.ca\/fr\/wp-json\/wp\/v2\/media\/31530"}],"wp:attachment":[{"href":"https:\/\/cifar.ca\/fr\/wp-json\/wp\/v2\/media?parent=21489"}],"wp:term":[{"taxonomy":"category","embeddable":true,"href":"https:\/\/cifar.ca\/fr\/wp-json\/wp\/v2\/categories?post=21489"},{"taxonomy":"post_tag","embeddable":true,"href":"https:\/\/cifar.ca\/fr\/wp-json\/wp\/v2\/tags?post=21489"}],"curies":[{"name":"wp","href":"https:\/\/api.w.org\/{rel}","templated":true}]}}