{"id":21566,"date":"2019-01-16T19:02:11","date_gmt":"2019-01-17T00:02:11","guid":{"rendered":"https:\/\/cifar661.wpengine.com\/cifarnews\/2019\/01\/16\/limites-revendications-et-l-avenir-de-l-appartenance\/"},"modified":"2025-12-18T05:04:29","modified_gmt":"2025-12-18T10:04:29","slug":"limites-revendications-et-l-avenir-de-l-appartenance","status":"publish","type":"post","link":"https:\/\/cifar.ca\/fr\/cifarnews\/2019\/01\/16\/limites-revendications-et-l-avenir-de-l-appartenance\/","title":{"rendered":"Limites, revendications et l\u2019avenir de l\u2019appartenance"},"content":{"rendered":"<p>Comment des groupes peuvent-ils \u00eatre unis, mais pas exclusifs?<\/p>\n<p><iframe loading=\"lazy\" src=\"https:\/\/www.youtube.com\/embed\/L5tRN-ZUy1E\" width=\"560\" height=\"315\" frameborder=\"0\"><\/iframe><\/p>\n<p>Vid\u00e9o en anglais<\/p>\n<p>Toutes les soci\u00e9t\u00e9s distinguent les membres des non-membres. En effet, la biologie et la psychologie de l\u2019\u00e9volution sugg\u00e8rent que les humains sont pr\u00e9dispos\u00e9s \u00e0 faire une distinction entre \u00ab\u00a0nous\u00a0\u00bb et \u00ab\u00a0eux\u00a0\u00bb, et le processus peut am\u00e9liorer la confiance et la coop\u00e9ration. Mais elle peut aussi entra\u00eener divers probl\u00e8mes, comme l\u2019injustice, l\u2019iniquit\u00e9 et la suspicion.<\/p>\n<p>Le programme Limites, revendications et l\u2019avenir de l\u2019appartenance explorera les moyens de cr\u00e9er et d\u2019autonomiser des groupes sans se rabattre sur des id\u00e9es qui nous divisent.<\/p>\n<p>Comme les limites traditionnelles disparaissent dans le monde, de nombreuses personnes se posent des questions sur leur propre appartenance. Des \u00e9v\u00e9nements politiques r\u00e9cents, comme le Brexit, d\u00e9montrent que si de nouveaux groupes inclusifs ne parviennent pas \u00e0 s\u2019enraciner, les gens lancent des appels fond\u00e9s sur des divisions associ\u00e9es \u00e0 la race, \u00e0 la religion et \u00e0 la classe.<\/p>\n<p>Voici les questions que pose le programme\u00a0: Pouvons-nous redessiner les fronti\u00e8res d\u2019une mani\u00e8re inclusive sans perdre la solidarit\u00e9 et la possibilit\u00e9 d\u2019action collective? Pourquoi cette appartenance est-elle importante? Un monde sans fronti\u00e8res est-il possible?<\/p>\n<h2 class=\"cust-post-title\">Postulants<\/h2>\n<ul>\n<li>\u00a0 <a href=\"https:\/\/cifar.ca\/fr\/biographie\/irene-bloemraad\/\" target=\"_blank\" rel=\"noopener noreferrer\">Irene Bloemraad<\/a> est Boursi\u00e8re principale au sein du programme Bien-\u00eatre collectif du CIFAR, et professeure de sociologie et titulaire de la chaire Thomas Garden Barnes d\u2019\u00e9tudes canadiennes \u00e0 l\u2019Universit\u00e9 de la Californie \u00e0 Berkeley.<\/li>\n<li>\u00a0 Will Kimlycka est professeur de philosophie et titulaire de la chaire de recherche du Canada en philosophie politique \u00e0 l\u2019Universit\u00e9 Queen\u2019s.<\/li>\n<\/ul>\n","protected":false},"excerpt":{"rendered":"<p>Comment des groupes peuvent-ils \u00eatre unis, mais pas exclusifs? Vid\u00e9o en anglais Toutes les soci\u00e9t\u00e9s distinguent les membres des non-membres. En effet, la biologie et [&hellip;]<\/p>\n","protected":false},"author":65,"featured_media":14615,"comment_status":"closed","ping_status":"closed","sticky":false,"template":"","format":"standard","meta":{"_acf_changed":false,"footnotes":""},"categories":[11],"tags":[],"class_list":["post-21566","post","type-post","status-publish","format-standard","has-post-thumbnail","hentry","category-non-classifiee"],"acf":[],"yoast_head":"<!-- This site is optimized with the Yoast SEO plugin v27.2 - https:\/\/yoast.com\/product\/yoast-seo-wordpress\/ -->\n<title>CIFAR<\/title>\n<meta name=\"robots\" content=\"index, follow, max-snippet:-1, max-image-preview:large, max-video-preview:-1\" \/>\n<link rel=\"canonical\" href=\"https:\/\/cifar.ca\/fr\/cifarnews\/2019\/01\/16\/limites-revendications-et-l-avenir-de-l-appartenance\/\" \/>\n<meta property=\"og:locale\" content=\"fr_FR\" \/>\n<meta property=\"og:type\" content=\"article\" \/>\n<meta property=\"og:title\" content=\"Limites, revendications et l\u2019avenir de l\u2019appartenance - CIFAR\" \/>\n<meta property=\"og:description\" content=\"Comment des groupes peuvent-ils \u00eatre unis, mais pas exclusifs? Vid\u00e9o en anglais Toutes les soci\u00e9t\u00e9s distinguent les membres des non-membres. En effet, la biologie et [&hellip;]\" \/>\n<meta property=\"og:url\" content=\"https:\/\/cifar.ca\/fr\/cifarnews\/2019\/01\/16\/limites-revendications-et-l-avenir-de-l-appartenance\/\" \/>\n<meta property=\"og:site_name\" content=\"CIFAR\" \/>\n<meta property=\"article:published_time\" content=\"2019-01-17T00:02:11+00:00\" \/>\n<meta property=\"article:modified_time\" content=\"2025-12-18T10:04:29+00:00\" \/>\n<meta property=\"og:image\" content=\"https:\/\/cifar.ca\/wp-content\/uploads\/2020\/01\/boundaries_news.jpg\" \/>\n\t<meta property=\"og:image:width\" content=\"2000\" \/>\n\t<meta property=\"og:image:height\" content=\"759\" \/>\n\t<meta property=\"og:image:type\" content=\"image\/jpeg\" \/>\n<meta name=\"author\" content=\"Alison Rutka\" \/>\n<meta name=\"twitter:card\" content=\"summary_large_image\" \/>\n<meta name=\"twitter:label1\" content=\"\u00c9crit par\" \/>\n\t<meta name=\"twitter:data1\" content=\"Alison Rutka\" \/>\n\t<meta name=\"twitter:label2\" content=\"Dur\u00e9e de lecture estim\u00e9e\" \/>\n\t<meta name=\"twitter:data2\" content=\"2 minutes\" \/>\n<script type=\"application\/ld+json\" class=\"yoast-schema-graph\">{\"@context\":\"https:\/\/schema.org\",\"@graph\":[{\"@type\":\"Article\",\"@id\":\"https:\/\/cifar.ca\/fr\/cifarnews\/2019\/01\/16\/limites-revendications-et-l-avenir-de-l-appartenance\/#article\",\"isPartOf\":{\"@id\":\"https:\/\/cifar.ca\/fr\/cifarnews\/2019\/01\/16\/limites-revendications-et-l-avenir-de-l-appartenance\/\"},\"author\":{\"name\":\"Alison Rutka\",\"@id\":\"https:\/\/cifar.ca\/fr\/#\/schema\/person\/be6ac84c25822d31a0039f3d6a9a7d1b\"},\"headline\":\"Limites, revendications et l\u2019avenir de l\u2019appartenance\",\"datePublished\":\"2019-01-17T00:02:11+00:00\",\"dateModified\":\"2025-12-18T10:04:29+00:00\",\"mainEntityOfPage\":{\"@id\":\"https:\/\/cifar.ca\/fr\/cifarnews\/2019\/01\/16\/limites-revendications-et-l-avenir-de-l-appartenance\/\"},\"wordCount\":275,\"publisher\":{\"@id\":\"https:\/\/cifar.ca\/fr\/#organization\"},\"image\":{\"@id\":\"https:\/\/cifar.ca\/fr\/cifarnews\/2019\/01\/16\/limites-revendications-et-l-avenir-de-l-appartenance\/#primaryimage\"},\"thumbnailUrl\":\"https:\/\/cifar.ca\/wp-content\/uploads\/2020\/01\/boundaries_news.jpg\",\"articleSection\":[\"Non classifi\u00e9(e)\"],\"inLanguage\":\"fr-FR\"},{\"@type\":\"WebPage\",\"@id\":\"https:\/\/cifar.ca\/fr\/cifarnews\/2019\/01\/16\/limites-revendications-et-l-avenir-de-l-appartenance\/\",\"url\":\"https:\/\/cifar.ca\/fr\/cifarnews\/2019\/01\/16\/limites-revendications-et-l-avenir-de-l-appartenance\/\",\"name\":\"Limites, revendications et l\u2019avenir de l\u2019appartenance - CIFAR\",\"isPartOf\":{\"@id\":\"https:\/\/cifar.ca\/fr\/#website\"},\"primaryImageOfPage\":{\"@id\":\"https:\/\/cifar.ca\/fr\/cifarnews\/2019\/01\/16\/limites-revendications-et-l-avenir-de-l-appartenance\/#primaryimage\"},\"image\":{\"@id\":\"https:\/\/cifar.ca\/fr\/cifarnews\/2019\/01\/16\/limites-revendications-et-l-avenir-de-l-appartenance\/#primaryimage\"},\"thumbnailUrl\":\"https:\/\/cifar.ca\/wp-content\/uploads\/2020\/01\/boundaries_news.jpg\",\"datePublished\":\"2019-01-17T00:02:11+00:00\",\"dateModified\":\"2025-12-18T10:04:29+00:00\",\"breadcrumb\":{\"@id\":\"https:\/\/cifar.ca\/fr\/cifarnews\/2019\/01\/16\/limites-revendications-et-l-avenir-de-l-appartenance\/#breadcrumb\"},\"inLanguage\":\"fr-FR\",\"potentialAction\":[{\"@type\":\"ReadAction\",\"target\":[\"https:\/\/cifar.ca\/fr\/cifarnews\/2019\/01\/16\/limites-revendications-et-l-avenir-de-l-appartenance\/\"]}]},{\"@type\":\"ImageObject\",\"inLanguage\":\"fr-FR\",\"@id\":\"https:\/\/cifar.ca\/fr\/cifarnews\/2019\/01\/16\/limites-revendications-et-l-avenir-de-l-appartenance\/#primaryimage\",\"url\":\"https:\/\/cifar.ca\/wp-content\/uploads\/2020\/01\/boundaries_news.jpg\",\"contentUrl\":\"https:\/\/cifar.ca\/wp-content\/uploads\/2020\/01\/boundaries_news.jpg\",\"width\":2000,\"height\":759},{\"@type\":\"BreadcrumbList\",\"@id\":\"https:\/\/cifar.ca\/fr\/cifarnews\/2019\/01\/16\/limites-revendications-et-l-avenir-de-l-appartenance\/#breadcrumb\",\"itemListElement\":[{\"@type\":\"ListItem\",\"position\":1,\"name\":\"Acceuil\",\"item\":\"https:\/\/cifar.ca\/fr\/\"},{\"@type\":\"ListItem\",\"position\":2,\"name\":\"Limites, revendications et l\u2019avenir de l\u2019appartenance\"}]},{\"@type\":\"WebSite\",\"@id\":\"https:\/\/cifar.ca\/fr\/#website\",\"url\":\"https:\/\/cifar.ca\/fr\/\",\"name\":\"CIFAR\",\"description\":\"Convoquer des esprits extraordinaires pour r\u00e9pondre aux questions les plus importantes auxquelles la science et l'humanit\u00e9 sont confront\u00e9es.\",\"publisher\":{\"@id\":\"https:\/\/cifar.ca\/fr\/#organization\"},\"potentialAction\":[{\"@type\":\"SearchAction\",\"target\":{\"@type\":\"EntryPoint\",\"urlTemplate\":\"https:\/\/cifar.ca\/fr\/?s={search_term_string}\"},\"query-input\":{\"@type\":\"PropertyValueSpecification\",\"valueRequired\":true,\"valueName\":\"search_term_string\"}}],\"inLanguage\":\"fr-FR\"},{\"@type\":\"Organization\",\"@id\":\"https:\/\/cifar.ca\/fr\/#organization\",\"name\":\"CIFAR\",\"url\":\"https:\/\/cifar.ca\/fr\/\",\"logo\":{\"@type\":\"ImageObject\",\"inLanguage\":\"fr-FR\",\"@id\":\"https:\/\/cifar.ca\/fr\/#\/schema\/logo\/image\/\",\"url\":\"https:\/\/cifar.ca\/wp-content\/uploads\/2020\/01\/cifar-logo-rgb-colour.png\",\"contentUrl\":\"https:\/\/cifar.ca\/wp-content\/uploads\/2020\/01\/cifar-logo-rgb-colour.png\",\"width\":1884,\"height\":681,\"caption\":\"CIFAR\"},\"image\":{\"@id\":\"https:\/\/cifar.ca\/fr\/#\/schema\/logo\/image\/\"}},{\"@type\":\"Person\",\"@id\":\"https:\/\/cifar.ca\/fr\/#\/schema\/person\/be6ac84c25822d31a0039f3d6a9a7d1b\",\"name\":\"Alison Rutka\",\"image\":{\"@type\":\"ImageObject\",\"inLanguage\":\"fr-FR\",\"@id\":\"https:\/\/secure.gravatar.com\/avatar\/615d15ec89ba993517314fec79e6489a0dba223bcd18c606519b0f363d03f7fc?s=96&d=mm&r=g\",\"url\":\"https:\/\/secure.gravatar.com\/avatar\/615d15ec89ba993517314fec79e6489a0dba223bcd18c606519b0f363d03f7fc?s=96&d=mm&r=g\",\"contentUrl\":\"https:\/\/secure.gravatar.com\/avatar\/615d15ec89ba993517314fec79e6489a0dba223bcd18c606519b0f363d03f7fc?s=96&d=mm&r=g\",\"caption\":\"Alison Rutka\"}}]}<\/script>\n<!-- \/ Yoast SEO plugin. -->","yoast_head_json":{"title":"CIFAR","robots":{"index":"index","follow":"follow","max-snippet":"max-snippet:-1","max-image-preview":"max-image-preview:large","max-video-preview":"max-video-preview:-1"},"canonical":"https:\/\/cifar.ca\/fr\/cifarnews\/2019\/01\/16\/limites-revendications-et-l-avenir-de-l-appartenance\/","og_locale":"fr_FR","og_type":"article","og_title":"Limites, revendications et l\u2019avenir de l\u2019appartenance - CIFAR","og_description":"Comment des groupes peuvent-ils \u00eatre unis, mais pas exclusifs? Vid\u00e9o en anglais Toutes les soci\u00e9t\u00e9s distinguent les membres des non-membres. En effet, la biologie et [&hellip;]","og_url":"https:\/\/cifar.ca\/fr\/cifarnews\/2019\/01\/16\/limites-revendications-et-l-avenir-de-l-appartenance\/","og_site_name":"CIFAR","article_published_time":"2019-01-17T00:02:11+00:00","article_modified_time":"2025-12-18T10:04:29+00:00","og_image":[{"width":2000,"height":759,"url":"https:\/\/cifar.ca\/wp-content\/uploads\/2020\/01\/boundaries_news.jpg","type":"image\/jpeg"}],"author":"Alison Rutka","twitter_card":"summary_large_image","twitter_misc":{"\u00c9crit par":"Alison Rutka","Dur\u00e9e de lecture estim\u00e9e":"2 minutes"},"schema":{"@context":"https:\/\/schema.org","@graph":[{"@type":"Article","@id":"https:\/\/cifar.ca\/fr\/cifarnews\/2019\/01\/16\/limites-revendications-et-l-avenir-de-l-appartenance\/#article","isPartOf":{"@id":"https:\/\/cifar.ca\/fr\/cifarnews\/2019\/01\/16\/limites-revendications-et-l-avenir-de-l-appartenance\/"},"author":{"name":"Alison Rutka","@id":"https:\/\/cifar.ca\/fr\/#\/schema\/person\/be6ac84c25822d31a0039f3d6a9a7d1b"},"headline":"Limites, revendications et l\u2019avenir de l\u2019appartenance","datePublished":"2019-01-17T00:02:11+00:00","dateModified":"2025-12-18T10:04:29+00:00","mainEntityOfPage":{"@id":"https:\/\/cifar.ca\/fr\/cifarnews\/2019\/01\/16\/limites-revendications-et-l-avenir-de-l-appartenance\/"},"wordCount":275,"publisher":{"@id":"https:\/\/cifar.ca\/fr\/#organization"},"image":{"@id":"https:\/\/cifar.ca\/fr\/cifarnews\/2019\/01\/16\/limites-revendications-et-l-avenir-de-l-appartenance\/#primaryimage"},"thumbnailUrl":"https:\/\/cifar.ca\/wp-content\/uploads\/2020\/01\/boundaries_news.jpg","articleSection":["Non classifi\u00e9(e)"],"inLanguage":"fr-FR"},{"@type":"WebPage","@id":"https:\/\/cifar.ca\/fr\/cifarnews\/2019\/01\/16\/limites-revendications-et-l-avenir-de-l-appartenance\/","url":"https:\/\/cifar.ca\/fr\/cifarnews\/2019\/01\/16\/limites-revendications-et-l-avenir-de-l-appartenance\/","name":"Limites, revendications et l\u2019avenir de l\u2019appartenance - CIFAR","isPartOf":{"@id":"https:\/\/cifar.ca\/fr\/#website"},"primaryImageOfPage":{"@id":"https:\/\/cifar.ca\/fr\/cifarnews\/2019\/01\/16\/limites-revendications-et-l-avenir-de-l-appartenance\/#primaryimage"},"image":{"@id":"https:\/\/cifar.ca\/fr\/cifarnews\/2019\/01\/16\/limites-revendications-et-l-avenir-de-l-appartenance\/#primaryimage"},"thumbnailUrl":"https:\/\/cifar.ca\/wp-content\/uploads\/2020\/01\/boundaries_news.jpg","datePublished":"2019-01-17T00:02:11+00:00","dateModified":"2025-12-18T10:04:29+00:00","breadcrumb":{"@id":"https:\/\/cifar.ca\/fr\/cifarnews\/2019\/01\/16\/limites-revendications-et-l-avenir-de-l-appartenance\/#breadcrumb"},"inLanguage":"fr-FR","potentialAction":[{"@type":"ReadAction","target":["https:\/\/cifar.ca\/fr\/cifarnews\/2019\/01\/16\/limites-revendications-et-l-avenir-de-l-appartenance\/"]}]},{"@type":"ImageObject","inLanguage":"fr-FR","@id":"https:\/\/cifar.ca\/fr\/cifarnews\/2019\/01\/16\/limites-revendications-et-l-avenir-de-l-appartenance\/#primaryimage","url":"https:\/\/cifar.ca\/wp-content\/uploads\/2020\/01\/boundaries_news.jpg","contentUrl":"https:\/\/cifar.ca\/wp-content\/uploads\/2020\/01\/boundaries_news.jpg","width":2000,"height":759},{"@type":"BreadcrumbList","@id":"https:\/\/cifar.ca\/fr\/cifarnews\/2019\/01\/16\/limites-revendications-et-l-avenir-de-l-appartenance\/#breadcrumb","itemListElement":[{"@type":"ListItem","position":1,"name":"Acceuil","item":"https:\/\/cifar.ca\/fr\/"},{"@type":"ListItem","position":2,"name":"Limites, revendications et l\u2019avenir de l\u2019appartenance"}]},{"@type":"WebSite","@id":"https:\/\/cifar.ca\/fr\/#website","url":"https:\/\/cifar.ca\/fr\/","name":"CIFAR","description":"Convoquer des esprits extraordinaires pour r\u00e9pondre aux questions les plus importantes auxquelles la science et l'humanit\u00e9 sont confront\u00e9es.","publisher":{"@id":"https:\/\/cifar.ca\/fr\/#organization"},"potentialAction":[{"@type":"SearchAction","target":{"@type":"EntryPoint","urlTemplate":"https:\/\/cifar.ca\/fr\/?s={search_term_string}"},"query-input":{"@type":"PropertyValueSpecification","valueRequired":true,"valueName":"search_term_string"}}],"inLanguage":"fr-FR"},{"@type":"Organization","@id":"https:\/\/cifar.ca\/fr\/#organization","name":"CIFAR","url":"https:\/\/cifar.ca\/fr\/","logo":{"@type":"ImageObject","inLanguage":"fr-FR","@id":"https:\/\/cifar.ca\/fr\/#\/schema\/logo\/image\/","url":"https:\/\/cifar.ca\/wp-content\/uploads\/2020\/01\/cifar-logo-rgb-colour.png","contentUrl":"https:\/\/cifar.ca\/wp-content\/uploads\/2020\/01\/cifar-logo-rgb-colour.png","width":1884,"height":681,"caption":"CIFAR"},"image":{"@id":"https:\/\/cifar.ca\/fr\/#\/schema\/logo\/image\/"}},{"@type":"Person","@id":"https:\/\/cifar.ca\/fr\/#\/schema\/person\/be6ac84c25822d31a0039f3d6a9a7d1b","name":"Alison Rutka","image":{"@type":"ImageObject","inLanguage":"fr-FR","@id":"https:\/\/secure.gravatar.com\/avatar\/615d15ec89ba993517314fec79e6489a0dba223bcd18c606519b0f363d03f7fc?s=96&d=mm&r=g","url":"https:\/\/secure.gravatar.com\/avatar\/615d15ec89ba993517314fec79e6489a0dba223bcd18c606519b0f363d03f7fc?s=96&d=mm&r=g","contentUrl":"https:\/\/secure.gravatar.com\/avatar\/615d15ec89ba993517314fec79e6489a0dba223bcd18c606519b0f363d03f7fc?s=96&d=mm&r=g","caption":"Alison Rutka"}}]}},"_links":{"self":[{"href":"https:\/\/cifar.ca\/fr\/wp-json\/wp\/v2\/posts\/21566","targetHints":{"allow":["GET"]}}],"collection":[{"href":"https:\/\/cifar.ca\/fr\/wp-json\/wp\/v2\/posts"}],"about":[{"href":"https:\/\/cifar.ca\/fr\/wp-json\/wp\/v2\/types\/post"}],"author":[{"embeddable":true,"href":"https:\/\/cifar.ca\/fr\/wp-json\/wp\/v2\/users\/65"}],"replies":[{"embeddable":true,"href":"https:\/\/cifar.ca\/fr\/wp-json\/wp\/v2\/comments?post=21566"}],"version-history":[{"count":0,"href":"https:\/\/cifar.ca\/fr\/wp-json\/wp\/v2\/posts\/21566\/revisions"}],"wp:featuredmedia":[{"embeddable":true,"href":"https:\/\/cifar.ca\/fr\/wp-json\/wp\/v2\/media\/14615"}],"wp:attachment":[{"href":"https:\/\/cifar.ca\/fr\/wp-json\/wp\/v2\/media?parent=21566"}],"wp:term":[{"taxonomy":"category","embeddable":true,"href":"https:\/\/cifar.ca\/fr\/wp-json\/wp\/v2\/categories?post=21566"},{"taxonomy":"post_tag","embeddable":true,"href":"https:\/\/cifar.ca\/fr\/wp-json\/wp\/v2\/tags?post=21566"}],"curies":[{"name":"wp","href":"https:\/\/api.w.org\/{rel}","templated":true}]}}