{"id":42429,"date":"2021-01-19T11:00:05","date_gmt":"2021-01-19T16:00:05","guid":{"rendered":"https:\/\/cifar661.wpengine.com\/cifarnews\/2021\/01\/12\/canada-cifar-ai-chairs-program-surges-past-100\/"},"modified":"2022-10-25T11:55:20","modified_gmt":"2022-10-25T15:55:20","slug":"les-chaires-en-ia-canada-cifar-font-progresser-la-recherche-en-ia-dans-les-domaines-de-la-sante-des-changements-climatiques-et-de-lia-responsable","status":"publish","type":"post","link":"https:\/\/cifar.ca\/fr\/cifarnews\/2021\/01\/19\/les-chaires-en-ia-canada-cifar-font-progresser-la-recherche-en-ia-dans-les-domaines-de-la-sante-des-changements-climatiques-et-de-lia-responsable\/","title":{"rendered":"Le programme des chaires en IA Canada-CIFAR compte plus de 100 titulaires"},"content":{"rendered":"\n\n\t\t\t<h2>\n\t\t\tSuivez-nous\t\t<\/h2>\n\t\t<button class='connect square balloon white-transparent facebook left' data-url='https:\/\/www.facebook.com\/CIFAR\/' aria-haspopup=\"false\"   aria-label='Suis nous surFaceBook' data-balloon-pos='right'>\n\t\t\tFaceBook\n\t\t<\/button>\n\t\t<button class='connect square balloon white-transparent twitter' data-url='https:\/\/twitter.com\/cifar_news' aria-haspopup=\"false\"   aria-label='Suis nous surTwitter' data-balloon-pos='right'>\n\t\t\tTwitter\n\t\t<\/button>\n\t\t<button class='connect square balloon white-transparent youtube left' data-url='https:\/\/www.youtube.com\/channel\/UCZj1nnTIiutUjEg-22e8UTA' aria-haspopup=\"false\"   aria-label='Suis nous surYouTube' data-balloon-pos='right'>\n\t\t\tYouTube\n\t\t<\/button>\n\t\t<button class='connect square balloon white-transparent linkedin' data-url='https:\/\/ca.linkedin.com\/company\/canadian-institute-for-advanced-research' aria-haspopup=\"false\"   aria-label='Suis nous surLinkedIn' data-balloon-pos='right'>\n\t\t\tLinkedIn\n\t\t<\/button>\n\n\t\tPar: <strong>Liz Do<\/strong>\n\t\t29 Sep, 2022\n<h2>\n\t\tLes chaires en IA Canada-CIFAR font progresser la recherche en IA dans les domaines de la sant\u00e9, des changements climatiques et de l&rsquo;IA responsable. \n\t<\/h2>\n<p>Le Canada accueille 29 chercheurs et chercheuses du monde entier au sein de son importante communaut\u00e9 de recherche et de formation en IA. Les nouveaux titulaires de chaires en IA Canada-CIFAR sont des pionniers de la recherche dans un large \u00e9ventail de domaines, dont l&rsquo;apprentissage automatique au service de la sant\u00e9 et l&rsquo;IA responsable.<\/p>\n<p><a href=\"https:\/\/cifar.ca\/fr\/cifarnews\/2021\/01\/12\/quatre-chercheurs-en-ia-a-surveiller-en-2021\/\"><em>D\u00e9couvrez quelques titulaires de chaires qui font avancer la recherche en IA dans des domaines qui b\u00e9n\u00e9ficient \u00e0 la soci\u00e9t\u00e9.<\/em><\/a><\/p>\n<p>\u00ab\u00a0Au nom du CIFAR, je suis ravie d&rsquo;accueillir et de f\u00e9liciter la toute nouvelle cohorte de titulaires de chaires en IA Canada-CIFAR. Ces nouveaux membres de notre communaut\u00e9 se joindront \u00e0 un r\u00e9seau dynamique de talents qui m\u00e8nent des recherches aux quatre coins du Canada afin de relever certains des d\u00e9fis les plus urgents du monde. Leurs contributions transformeront l&rsquo;avenir et favoriseront une utilisation de l&rsquo;IA qui profitera \u00e0 tous\u00a0\u00bb, mentionne Elissa Strome, directrice ex\u00e9cutive, Strat\u00e9gie pancanadienne en mati\u00e8re d&rsquo;IA, CIFAR.<\/p>\n<p>Le programme de chaires en IA Canada-CIFAR, pierre angulaire de la Strat\u00e9gie pancanadienne en mati\u00e8re d&rsquo;IA, vise \u00e0 attirer des chercheurs exceptionnels au Canada en leur offrant un financement \u00e0 long terme pour poursuivre des id\u00e9es novatrices. <\/p>\n\t\t\t<p>\u00ab Avec les nominations d&rsquo;aujourd&rsquo;hui, le Canada a maintenant attir\u00e9 plus de 100 des meilleurs chercheurs en IA du monde. Il s&rsquo;agit d&rsquo;une \u00e9tape importante de la Strat\u00e9gie pancanadienne en mati\u00e8re d&rsquo;IA alors qu&rsquo;elle continue \u00e0 renforcer le leadership du Canada dans le d\u00e9veloppement d&rsquo;une IA responsable, qui refl\u00e8te nos valeurs en mati\u00e8re de droits de la personne, d&rsquo;inclusion et de diversit\u00e9. Les chaires en IA Canada-CIFAR ont des r\u00e9percussions consid\u00e9rables sur les capacit\u00e9s croissantes du Canada en mati\u00e8re d&rsquo;IA, notamment en contribuant \u00e0 la cr\u00e9ation de nouvelles entreprises, d&#8217;emplois bien r\u00e9mun\u00e9r\u00e9s et de produits et services novateurs qui enrichiront la vie des Canadiens et Canadiennes \u00bb, indique l&rsquo;honorable Philippe Champagne, ministre de l&rsquo;Innovation, de la Science et de l&rsquo;Industrie. <\/p>\n\t<p><strong>L&rsquo;IA au Canada\u00a0:<\/strong><\/p>\n<ul>\n<li aria-level=\"1\">Depuis 2017, 57 scientifiques ont obtenu leur premier poste de facult\u00e9 au Canada \u00e0 titre de titulaires de chaires en IA Canada-CIFAR.\u00a0\u00a0<\/li>\n<li aria-level=\"1\">1\u00a0200 boursiers dipl\u00f4m\u00e9s et postdoctoraux ont \u00e9t\u00e9 form\u00e9s dans des instituts d&rsquo;IA (Amii, Institut Vecteur et Mila).\u00a0\u00a0<\/li>\n<li aria-level=\"1\">Plus de 45 nouveaux laboratoires de R-D en IA ont \u00e9t\u00e9 cr\u00e9\u00e9s par des multinationales au Canada, et le pays a enregistr\u00e9 une croissance de 50 % des investissements directs \u00e9trangers dans les TIC.<\/li>\n<li aria-level=\"1\">Le Canada occupe le 4e\u00a0rang au monde pour la migration des comp\u00e9tences en IA.\u00a0\u00a0<\/li>\n<li aria-level=\"1\">Les jeunes pousses canadiennes en IA ont re\u00e7u 658 millions $ en capital-risque en 2019, une hausse de 49 % sur 12 mois.*<\/li>\n<\/ul>\n<p>*Donn\u00e9es tir\u00e9es du r\u00e9cent <button data-href=\"https:\/\/cifar.ca\/wp-content\/uploads\/2020\/11\/Rapport-devaluation-dimpact-de-la-strat-egie-pancanadienne-dIA.pdf\" data-target=\"_blank\" rel=\"noopener\">Rapport d&rsquo;\u00e9valuation d&rsquo;impact de la Strat\u00e9gie pancanadienne en mati\u00e8re d&rsquo;IA d&rsquo;Accenture<\/button>\u00a0<\/p>\n<h3>\n\t\t2021 Cohort of Canada CIFAR AI Chairs:\n\t<\/h3>\n\t\t\t\t\t\t\t\t\t<p><iframe loading=\"lazy\" title=\"Announcing the new Canada CIFAR AI Chairs 2021\" width=\"500\" height=\"281\" src=\"https:\/\/www.youtube.com\/embed\/1TzJj6ZBHH4?feature=oembed\" frameborder=\"0\" allow=\"accelerometer; autoplay; clipboard-write; encrypted-media; gyroscope; picture-in-picture\" allowfullscreen><\/iframe><\/p>\n\t<h4>Amii<\/h4>\n\t\t\t\t\t\t\t\t\t<a href=\"https:\/\/cifar.ca\/fr\/biographie\/michael-bowling\/\" aria-label=\"Michael Bowling. Voir le profil\">\n\t\t\t\t\t<img loading=\"lazy\" decoding=\"async\" width=\"160\" height=\"160\" src=\"https:\/\/cifar.ca\/wp-content\/uploads\/2020\/12\/Michael-Bowling-BW_F-190x190.jpg\"\n\t\t\t\t\t\talt=\"About Michael Bowling\" itemprop=\"image\"\n\t\t\t\t\t\tsrcset=\"https:\/\/cifar.ca\/wp-content\/uploads\/2020\/12\/Michael-Bowling-BW_F-190x190.jpg 160w, https:\/\/cifar.ca\/wp-content\/uploads\/2020\/12\/Michael-Bowling-BW_F-125x125.jpg  125w\"\n\t\t\t\t\t\tsizes=\"auto, (max-width: 160px) 100vw, 160px\"\/>\n\t\t\t\t\t\t<\/a>\n\t\t\t\t\t\t<h2>Michael Bowling<\/h2>\n\t\t\t\t\t\t\t\t<h3>Titulaire de chaire en IA Canada-CIFAR<\/h3>\n\t\t\t\t\t\t\t\tStrat\u00e9gie pancanadienne en mati\u00e8re d&rsquo;IA\n\t\t\t\t\tAmii<br \/>DeepMind<br \/>Universit\u00e9 de l&#039;Alberta\t\t\t\t\n\t\t\t\t\tCanada\t\t\t\t\n\t\t\t\t\t\t\t\t\t<a href=\"https:\/\/cifar.ca\/fr\/biographie\/mo-chen\/\" aria-label=\"Mo Chen. Voir le profil\">\n\t\t\t\t\t<img loading=\"lazy\" decoding=\"async\" width=\"160\" height=\"160\" src=\"https:\/\/cifar.ca\/wp-content\/uploads\/2020\/12\/Mo-Chen-BW-F-190x190.jpg\"\n\t\t\t\t\t\talt=\"About Mo Chen\" itemprop=\"image\"\n\t\t\t\t\t\tsrcset=\"https:\/\/cifar.ca\/wp-content\/uploads\/2020\/12\/Mo-Chen-BW-F-190x190.jpg 160w, https:\/\/cifar.ca\/wp-content\/uploads\/2020\/12\/Mo-Chen-BW-F-125x125.jpg  125w\"\n\t\t\t\t\t\tsizes=\"auto, (max-width: 160px) 100vw, 160px\"\/>\n\t\t\t\t\t\t<\/a>\n\t\t\t\t\t\t<h2>Mo Chen<\/h2>\n\t\t\t\t\t\t\t\t<h3>Titulaire de chaire en IA Canada-CIFAR<\/h3>\n\t\t\t\t\t\t\t\tStrat\u00e9gie pancanadienne en mati\u00e8re d&rsquo;IA\n\t\t\t\t\tAmii<br \/>Universit\u00e9 Simon Fraser\t\t\t\t\n\t\t\t\t\tCanada\t\t\t\t\n\t\t\t\t\t\t\t\t\t<a href=\"https:\/\/cifar.ca\/fr\/biographie\/russell-greiner\/\" aria-label=\"Russell Greiner. Voir le profil\">\n\t\t\t\t\t<img loading=\"lazy\" decoding=\"async\" width=\"160\" height=\"160\" src=\"https:\/\/cifar.ca\/wp-content\/uploads\/2020\/12\/Russell-Greiner-BW_F-190x190.jpg\"\n\t\t\t\t\t\talt=\"About Russell Greiner\" itemprop=\"image\"\n\t\t\t\t\t\tsrcset=\"https:\/\/cifar.ca\/wp-content\/uploads\/2020\/12\/Russell-Greiner-BW_F-190x190.jpg 160w, https:\/\/cifar.ca\/wp-content\/uploads\/2020\/12\/Russell-Greiner-BW_F-125x125.jpg  125w\"\n\t\t\t\t\t\tsizes=\"auto, (max-width: 160px) 100vw, 160px\"\/>\n\t\t\t\t\t\t<\/a>\n\t\t\t\t\t\t<h2>Russell Greiner<\/h2>\n\t\t\t\t\t\t\t\t<h3>Titulaire de chaire en IA Canada-CIFAR<\/h3>\n\t\t\t\t\t\t\t\tStrat\u00e9gie pancanadienne en mati\u00e8re d&rsquo;IA\n\t\t\t\t\tAmii<br \/>Universit\u00e9 de l&#039;Alberta\t\t\t\t\n\t\t\t\t\tCanada\t\t\t\t\n\t\t\t\t\t\t\t\t\t<a href=\"https:\/\/cifar.ca\/fr\/biographie\/yuhong-guo\/\" aria-label=\"Yuhong Guo. Voir le profil\">\n\t\t\t\t\t<img loading=\"lazy\" decoding=\"async\" width=\"160\" height=\"160\" src=\"https:\/\/cifar.ca\/wp-content\/uploads\/2020\/12\/Guo-Yuhong-BW_F-190x190.jpg\"\n\t\t\t\t\t\talt=\"About Yuhong Guo\" itemprop=\"image\"\n\t\t\t\t\t\tsrcset=\"https:\/\/cifar.ca\/wp-content\/uploads\/2020\/12\/Guo-Yuhong-BW_F-190x190.jpg 160w, https:\/\/cifar.ca\/wp-content\/uploads\/2020\/12\/Guo-Yuhong-BW_F-125x125.jpg  125w\"\n\t\t\t\t\t\tsizes=\"auto, (max-width: 160px) 100vw, 160px\"\/>\n\t\t\t\t\t\t<\/a>\n\t\t\t\t\t\t<h2>Yuhong Guo<\/h2>\n\t\t\t\t\t\t\t\t<h3>Titulaire de chaire en IA Canada-CIFAR<\/h3>\n\t\t\t\t\t\t\t\tStrat\u00e9gie pancanadienne en mati\u00e8re d&rsquo;IA\n\t\t\t\t\tAmii<br \/>Universit\u00e9 Carleton\t\t\t\t\n\t\t\t\t\tCanada\t\t\t\t\n\t\t\t\t\t\t\t\t\t<a href=\"https:\/\/cifar.ca\/fr\/biographie\/matthew-guzdial\/\" aria-label=\"Matthew Guzdial. Voir le profil\">\n\t\t\t\t\t<img loading=\"lazy\" decoding=\"async\" width=\"160\" height=\"160\" src=\"https:\/\/cifar.ca\/wp-content\/uploads\/2020\/12\/Matthew-Guzdial-BW_F-190x190.jpg\"\n\t\t\t\t\t\talt=\"About Matthew Guzdial\" itemprop=\"image\"\n\t\t\t\t\t\tsrcset=\"https:\/\/cifar.ca\/wp-content\/uploads\/2020\/12\/Matthew-Guzdial-BW_F-190x190.jpg 160w, https:\/\/cifar.ca\/wp-content\/uploads\/2020\/12\/Matthew-Guzdial-BW_F-125x125.jpg  125w\"\n\t\t\t\t\t\tsizes=\"auto, (max-width: 160px) 100vw, 160px\"\/>\n\t\t\t\t\t\t<\/a>\n\t\t\t\t\t\t<h2>Matthew Guzdial<\/h2>\n\t\t\t\t\t\t\t\t<h3>Titulaire de chaire en IA Canada-CIFAR<\/h3>\n\t\t\t\t\t\t\t\tStrat\u00e9gie pancanadienne en mati\u00e8re d&rsquo;IA\n\t\t\t\t\tAmii<br \/>Universit\u00e9 de l&#039;Alberta\t\t\t\t\n\t\t\t\t\tCanada\t\t\t\t\n\t\t\t\t\t\t\t\t\t<a href=\"https:\/\/cifar.ca\/fr\/biographie\/nidhi-hegde\/\" aria-label=\"Nidhi Hegde. Voir le profil\">\n\t\t\t\t\t<img loading=\"lazy\" decoding=\"async\" width=\"160\" height=\"160\" src=\"https:\/\/cifar.ca\/wp-content\/uploads\/2020\/12\/Nidhi-Hedge-BW_F-190x190.jpg\"\n\t\t\t\t\t\talt=\"About Nidhi Hegde\" itemprop=\"image\"\n\t\t\t\t\t\tsrcset=\"https:\/\/cifar.ca\/wp-content\/uploads\/2020\/12\/Nidhi-Hedge-BW_F-190x190.jpg 160w, https:\/\/cifar.ca\/wp-content\/uploads\/2020\/12\/Nidhi-Hedge-BW_F-125x125.jpg  125w\"\n\t\t\t\t\t\tsizes=\"auto, (max-width: 160px) 100vw, 160px\"\/>\n\t\t\t\t\t\t<\/a>\n\t\t\t\t\t\t<h2>Nidhi Hegde<\/h2>\n\t\t\t\t\t\t\t\t<h3>Titulaire de chaire en IA Canada-CIFAR<\/h3>\n\t\t\t\t\t\t\t\tStrat\u00e9gie pancanadienne en mati\u00e8re d&rsquo;IA\n\t\t\t\t\tAmii<br \/>Universit\u00e9 de l&#039;Alberta\t\t\t\t\n\t\t\t\t\tCanada\t\t\t\t\n\t\t\t\t\t\t\t\t\t<a href=\"https:\/\/cifar.ca\/fr\/biographie\/levi-h-s-lelis\/\" aria-label=\"Levi H. S. Lelis. Voir le profil\">\n\t\t\t\t\t<img loading=\"lazy\" decoding=\"async\" width=\"160\" height=\"160\" src=\"https:\/\/cifar.ca\/wp-content\/uploads\/2020\/12\/levis_hs_lelis-190x190.jpg\"\n\t\t\t\t\t\talt=\"About Levi H. S. Lelis\" itemprop=\"image\"\n\t\t\t\t\t\tsrcset=\"https:\/\/cifar.ca\/wp-content\/uploads\/2020\/12\/levis_hs_lelis-190x190.jpg 160w, https:\/\/cifar.ca\/wp-content\/uploads\/2020\/12\/levis_hs_lelis-125x125.jpg  125w\"\n\t\t\t\t\t\tsizes=\"auto, (max-width: 160px) 100vw, 160px\"\/>\n\t\t\t\t\t\t<\/a>\n\t\t\t\t\t\t<h2>Levi H. S. Lelis<\/h2>\n\t\t\t\t\t\t\t\t<h3>Titulaire de chaire en IA Canada-CIFAR<\/h3>\n\t\t\t\t\t\t\t\tStrat\u00e9gie pancanadienne en mati\u00e8re d&rsquo;IA\n\t\t\t\t\tAmii<br \/>Universidade Federal de Vi\u00e7osa in Brazil<br \/>Universit\u00e9 de l&#039;Alberta\t\t\t\t\n\t\t\t\t\tCanada\t\t\t\t\n\t\t\t\t\t\t\t\t\t<a href=\"https:\/\/cifar.ca\/fr\/biographie\/lei-ma\/\" aria-label=\"Lei Ma. Voir le profil\">\n\t\t\t\t\t<img loading=\"lazy\" decoding=\"async\" width=\"160\" height=\"160\" src=\"https:\/\/cifar.ca\/wp-content\/uploads\/2020\/12\/Lei-Ma-BW_F-190x190.jpg\"\n\t\t\t\t\t\talt=\"About Lei Ma\" itemprop=\"image\"\n\t\t\t\t\t\tsrcset=\"https:\/\/cifar.ca\/wp-content\/uploads\/2020\/12\/Lei-Ma-BW_F-190x190.jpg 160w, https:\/\/cifar.ca\/wp-content\/uploads\/2020\/12\/Lei-Ma-BW_F-125x125.jpg  125w\"\n\t\t\t\t\t\tsizes=\"auto, (max-width: 160px) 100vw, 160px\"\/>\n\t\t\t\t\t\t<\/a>\n\t\t\t\t\t\t<h2>Lei Ma<\/h2>\n\t\t\t\t\t\t\t\t<h3>Titulaire de chaire en IA Canada-CIFAR<\/h3>\n\t\t\t\t\t\t\t\tStrat\u00e9gie pancanadienne en mati\u00e8re d&rsquo;IA\n\t\t\t\t\tAmii<br \/>Universit\u00e9 de l&#039;Alberta\t\t\t\t\n\t\t\t\t\tCanada\t\t\t\t\n\t\t\t\t\t\t\t\t\t<a href=\"https:\/\/cifar.ca\/fr\/biographie\/martin-muller\/\" aria-label=\"Martin M\u00fcller. Voir le profil\">\n\t\t\t\t\t<img loading=\"lazy\" decoding=\"async\" width=\"160\" height=\"160\" src=\"https:\/\/cifar.ca\/wp-content\/uploads\/2020\/12\/Martin-Muller-BW_F-190x190.jpg\"\n\t\t\t\t\t\talt=\"About Martin M\u00fcller\" itemprop=\"image\"\n\t\t\t\t\t\tsrcset=\"https:\/\/cifar.ca\/wp-content\/uploads\/2020\/12\/Martin-Muller-BW_F-190x190.jpg 160w, https:\/\/cifar.ca\/wp-content\/uploads\/2020\/12\/Martin-Muller-BW_F-125x125.jpg  125w\"\n\t\t\t\t\t\tsizes=\"auto, (max-width: 160px) 100vw, 160px\"\/>\n\t\t\t\t\t\t<\/a>\n\t\t\t\t\t\t<h2>Martin M\u00fcller<\/h2>\n\t\t\t\t\t\t\t\t<h3>Titulaire de chaire en IA Canada-CIFAR<\/h3>\n\t\t\t\t\t\t\t\tStrat\u00e9gie pancanadienne en mati\u00e8re d&rsquo;IA\n\t\t\t\t\tAmii<br \/>Universit\u00e9 de l&#039;Alberta\t\t\t\t\n\t\t\t\t\tCanada\t\t\t\t\n\t\t\t\t\t\t\t\t\t<a href=\"https:\/\/cifar.ca\/fr\/biographie\/patrick-m-pilarski\/\" aria-label=\"Patrick M. Pilarski. Voir le profil\">\n\t\t\t\t\t<img loading=\"lazy\" decoding=\"async\" width=\"160\" height=\"160\" src=\"https:\/\/cifar.ca\/wp-content\/uploads\/2020\/12\/Patrick-Pilarski-BW_F-190x190.jpg\"\n\t\t\t\t\t\talt=\"About Patrick M. Pilarski\" itemprop=\"image\"\n\t\t\t\t\t\tsrcset=\"https:\/\/cifar.ca\/wp-content\/uploads\/2020\/12\/Patrick-Pilarski-BW_F-190x190.jpg 160w, https:\/\/cifar.ca\/wp-content\/uploads\/2020\/12\/Patrick-Pilarski-BW_F-125x125.jpg  125w\"\n\t\t\t\t\t\tsizes=\"auto, (max-width: 160px) 100vw, 160px\"\/>\n\t\t\t\t\t\t<\/a>\n\t\t\t\t\t\t<h2>Patrick M. Pilarski<\/h2>\n\t\t\t\t\t\t\t\t<h3>Titulaire de chaire en IA Canada-CIFAR<\/h3>\n\t\t\t\t\t\t\t\tStrat\u00e9gie pancanadienne en mati\u00e8re d&rsquo;IA\n\t\t\t\t\tAmii<br \/>DeepMind<br \/>Universit\u00e9 de l&#039;Alberta\t\t\t\t\n\t\t\t\t\tCanada\t\t\t\t\n\t\t\t\t\t\t\t\t\t<a href=\"https:\/\/cifar.ca\/fr\/biographie\/dale-schuurmans\/\" aria-label=\"Dale Schuurmans. Voir le profil\">\n\t\t\t\t\t<img loading=\"lazy\" decoding=\"async\" width=\"160\" height=\"160\" src=\"https:\/\/cifar.ca\/wp-content\/uploads\/2020\/12\/Dale-Schuurmans-BW_F-190x190.jpg\"\n\t\t\t\t\t\talt=\"About Dale Schuurmans\" itemprop=\"image\"\n\t\t\t\t\t\tsrcset=\"https:\/\/cifar.ca\/wp-content\/uploads\/2020\/12\/Dale-Schuurmans-BW_F-190x190.jpg 160w, https:\/\/cifar.ca\/wp-content\/uploads\/2020\/12\/Dale-Schuurmans-BW_F-125x125.jpg  125w\"\n\t\t\t\t\t\tsizes=\"auto, (max-width: 160px) 100vw, 160px\"\/>\n\t\t\t\t\t\t<\/a>\n\t\t\t\t\t\t<h2>Dale Schuurmans<\/h2>\n\t\t\t\t\t\t\t\t<h3>Titulaire de chaire en IA Canada-CIFAR<\/h3>\n\t\t\t\t\t\t\t\tStrat\u00e9gie pancanadienne en mati\u00e8re d&rsquo;IA\n\t\t\t\t\tAmii<br \/>Google Brian<br \/>Universit\u00e9 de l&#039;Alberta\t\t\t\t\n\t\t\t\t\tCanada\t\t\t\t\n\t\t\t\t\t\t\t\t\t<a href=\"https:\/\/cifar.ca\/fr\/biographie\/richard-sutton\/\" aria-label=\"Richard S. Sutton. Voir le profil\">\n\t\t\t\t\t<img loading=\"lazy\" decoding=\"async\" width=\"160\" height=\"160\" src=\"https:\/\/cifar.ca\/wp-content\/uploads\/2020\/12\/Richard-S.-Sutton-BW_F-190x190.jpg\"\n\t\t\t\t\t\talt=\"About Richard S. Sutton\" itemprop=\"image\"\n\t\t\t\t\t\tsrcset=\"https:\/\/cifar.ca\/wp-content\/uploads\/2020\/12\/Richard-S.-Sutton-BW_F-190x190.jpg 160w, https:\/\/cifar.ca\/wp-content\/uploads\/2020\/12\/Richard-S.-Sutton-BW_F-125x125.jpg  125w\"\n\t\t\t\t\t\tsizes=\"auto, (max-width: 160px) 100vw, 160px\"\/>\n\t\t\t\t\t\t<\/a>\n\t\t\t\t\t\t<h2>Richard S. Sutton<\/h2>\n\t\t\t\t\t\t\t\t<h3>Membre auxiliaire<br \/>Titulaire de chaire en IA Canada-CIFAR<\/h3>\n\t\t\t\t\t\t\t\tApprentissage automatique, apprentissage biologique<br \/>Strat\u00e9gie pancanadienne en mati\u00e8re d&rsquo;IA\n\t\t\t\t\tAmii<br \/>DeepMind<br \/>Universit\u00e9 de l&#039;Alberta\t\t\t\t\n\t\t\t\t\tCanada\t\t\t\t\n\t\t\t\t\t\t\t\t\t<a href=\"https:\/\/cifar.ca\/fr\/biographie\/matthew-taylor\/\" aria-label=\"Matthew Taylor. Voir le profil\">\n\t\t\t\t\t<img loading=\"lazy\" decoding=\"async\" width=\"160\" height=\"160\" src=\"https:\/\/cifar.ca\/wp-content\/uploads\/2020\/12\/Matt-Taylor-BW_F-190x190.jpg\"\n\t\t\t\t\t\talt=\"About Matthew Taylor\" itemprop=\"image\"\n\t\t\t\t\t\tsrcset=\"https:\/\/cifar.ca\/wp-content\/uploads\/2020\/12\/Matt-Taylor-BW_F-190x190.jpg 160w, https:\/\/cifar.ca\/wp-content\/uploads\/2020\/12\/Matt-Taylor-BW_F-125x125.jpg  125w\"\n\t\t\t\t\t\tsizes=\"auto, (max-width: 160px) 100vw, 160px\"\/>\n\t\t\t\t\t\t<\/a>\n\t\t\t\t\t\t<h2>Matthew Taylor<\/h2>\n\t\t\t\t\t\t\t\t<h3>Titulaire de chaire en IA Canada-CIFAR<\/h3>\n\t\t\t\t\t\t\t\tStrat\u00e9gie pancanadienne en mati\u00e8re d&rsquo;IA\n\t\t\t\t\tAmii<br \/>Universit\u00e9 de l&#039;Alberta<br \/>Washington State University\t\t\t\t\n\t\t\t\t\tCanada\t\t\t\t\n\t\t\t\t\t\t\t\t\t<a href=\"https:\/\/cifar.ca\/fr\/biographie\/osmar-r-zaiane\/\" aria-label=\"Osmar R. Za\u00efane. Voir le profil\">\n\t\t\t\t\t<img loading=\"lazy\" decoding=\"async\" width=\"160\" height=\"160\" src=\"https:\/\/cifar.ca\/wp-content\/uploads\/2020\/12\/Osmar-Zaiane-BW_F-190x190.jpg\"\n\t\t\t\t\t\talt=\"About Osmar R. Za\u00efane\" itemprop=\"image\"\n\t\t\t\t\t\tsrcset=\"https:\/\/cifar.ca\/wp-content\/uploads\/2020\/12\/Osmar-Zaiane-BW_F-190x190.jpg 160w, https:\/\/cifar.ca\/wp-content\/uploads\/2020\/12\/Osmar-Zaiane-BW_F-125x125.jpg  125w\"\n\t\t\t\t\t\tsizes=\"auto, (max-width: 160px) 100vw, 160px\"\/>\n\t\t\t\t\t\t<\/a>\n\t\t\t\t\t\t<h2>Osmar R. Za\u00efane<\/h2>\n\t\t\t\t\t\t\t\t<h3>Titulaire de chaire en IA Canada-CIFAR<\/h3>\n\t\t\t\t\t\t\t\tStrat\u00e9gie pancanadienne en mati\u00e8re d&rsquo;IA\n\t\t\t\t\tAmii<br \/>Universit\u00e9 de l&#039;Alberta\t\t\t\t\n\t\t\t\t\tCanada\t\t\t\t\n\t\t\t\t\t\t\t\t\t<a href=\"https:\/\/cifar.ca\/fr\/biographie\/sandra-zilles\/\" aria-label=\"Sandra Zilles. Voir le profil\">\n\t\t\t\t\t<img loading=\"lazy\" decoding=\"async\" width=\"160\" height=\"160\" src=\"https:\/\/cifar.ca\/wp-content\/uploads\/2020\/12\/Sandra_Zilles-BW_F-190x190.jpg\"\n\t\t\t\t\t\talt=\"About Sandra Zilles\" itemprop=\"image\"\n\t\t\t\t\t\tsrcset=\"https:\/\/cifar.ca\/wp-content\/uploads\/2020\/12\/Sandra_Zilles-BW_F-190x190.jpg 160w, https:\/\/cifar.ca\/wp-content\/uploads\/2020\/12\/Sandra_Zilles-BW_F-125x125.jpg  125w\"\n\t\t\t\t\t\tsizes=\"auto, (max-width: 160px) 100vw, 160px\"\/>\n\t\t\t\t\t\t<\/a>\n\t\t\t\t\t\t<h2>Sandra Zilles<\/h2>\n\t\t\t\t\t\t\t\t<h3>Titulaire de chaire en IA Canada-CIFAR<\/h3>\n\t\t\t\t\t\t\t\tStrat\u00e9gie pancanadienne en mati\u00e8re d&rsquo;IA\n\t\t\t\t\tAmii<br \/>Universit\u00e9 de Regina\t\t\t\t\n\t\t\t\t\tCanada\t\t\t\t\n\t<h4>Mila<\/h4>\n\t\t\t\t\t\t\t\t\t<a href=\"https:\/\/cifar.ca\/fr\/biographie\/dzmitry-bahdanau\/\" aria-label=\"Dzmitry Bahdanau. Voir le profil\">\n\t\t\t\t\t<img loading=\"lazy\" decoding=\"async\" width=\"160\" height=\"160\" src=\"https:\/\/cifar.ca\/wp-content\/uploads\/2020\/12\/Dzmitry-Bahdanau-BW_F-190x190.jpg\"\n\t\t\t\t\t\talt=\"About Dzmitry Bahdanau\" itemprop=\"image\"\n\t\t\t\t\t\tsrcset=\"https:\/\/cifar.ca\/wp-content\/uploads\/2020\/12\/Dzmitry-Bahdanau-BW_F-190x190.jpg 160w, https:\/\/cifar.ca\/wp-content\/uploads\/2020\/12\/Dzmitry-Bahdanau-BW_F-125x125.jpg  125w\"\n\t\t\t\t\t\tsizes=\"auto, (max-width: 160px) 100vw, 160px\"\/>\n\t\t\t\t\t\t<\/a>\n\t\t\t\t\t\t<h2>Dzmitry Bahdanau<\/h2>\n\t\t\t\t\t\t\t\t<h3>Titulaire de chaire en IA Canada-CIFAR<\/h3>\n\t\t\t\t\t\t\t\tStrat\u00e9gie pancanadienne en mati\u00e8re d&rsquo;IA\n\t\t\t\t\tUniversit\u00e9 McGill<br \/>Mila<br \/>ServiceNow Element AI\t\t\t\t\n\t\t\t\t\tCanada\t\t\t\t\n\t\t\t\t\t\t\t\t\t<a href=\"https:\/\/cifar.ca\/fr\/biographie\/samira-ebrahimi-kahou\/\" aria-label=\"Samira Ebrahimi Kahou. Voir le profil\">\n\t\t\t\t\t<img loading=\"lazy\" decoding=\"async\" width=\"160\" height=\"160\" src=\"https:\/\/cifar.ca\/wp-content\/uploads\/2020\/12\/Samira-Ebrahimi-Kahou-BW_F-190x190.jpg\"\n\t\t\t\t\t\talt=\"About Samira Ebrahimi Kahou\" itemprop=\"image\"\n\t\t\t\t\t\tsrcset=\"https:\/\/cifar.ca\/wp-content\/uploads\/2020\/12\/Samira-Ebrahimi-Kahou-BW_F-190x190.jpg 160w, https:\/\/cifar.ca\/wp-content\/uploads\/2020\/12\/Samira-Ebrahimi-Kahou-BW_F-125x125.jpg  125w\"\n\t\t\t\t\t\tsizes=\"auto, (max-width: 160px) 100vw, 160px\"\/>\n\t\t\t\t\t\t<\/a>\n\t\t\t\t\t\t<h2>Samira Ebrahimi Kahou<\/h2>\n\t\t\t\t\t\t\t\t<h3>Titulaire de chaire en IA Canada-CIFAR<\/h3>\n\t\t\t\t\t\t\t\tStrat\u00e9gie pancanadienne en mati\u00e8re d&rsquo;IA\n\t\t\t\t\t\u00c9cole de technologie sup\u00e9rieure (\u00c9TS)<br \/>Universit\u00e9 McGill<br \/>Mila\t\t\t\t\n\t\t\t\t\tCanada\t\t\t\t\n\t\t\t\t\t\t\t\t\t<a href=\"https:\/\/cifar.ca\/fr\/biographie\/golnoosh-farnadi\/\" aria-label=\"Golnoosh Farnadi. Voir le profil\">\n\t\t\t\t\t<img loading=\"lazy\" decoding=\"async\" width=\"160\" height=\"160\" src=\"https:\/\/cifar.ca\/wp-content\/uploads\/2020\/12\/Golnoosh-Fanardi-BW_F-190x190.jpg\"\n\t\t\t\t\t\talt=\"About Golnoosh Farnadi\" itemprop=\"image\"\n\t\t\t\t\t\tsrcset=\"https:\/\/cifar.ca\/wp-content\/uploads\/2020\/12\/Golnoosh-Fanardi-BW_F-190x190.jpg 160w, https:\/\/cifar.ca\/wp-content\/uploads\/2020\/12\/Golnoosh-Fanardi-BW_F-125x125.jpg  125w\"\n\t\t\t\t\t\tsizes=\"auto, (max-width: 160px) 100vw, 160px\"\/>\n\t\t\t\t\t\t<\/a>\n\t\t\t\t\t\t<h2>Golnoosh Farnadi<\/h2>\n\t\t\t\t\t\t\t\t<h3>Titulaire de chaire en IA Canada-CIFAR<\/h3>\n\t\t\t\t\t\t\t\tStrat\u00e9gie pancanadienne en mati\u00e8re d&rsquo;IA\n\t\t\t\t\tHEC Montr\u00e9al<br \/>Mila<br \/>Universit\u00e9 de Montr\u00e9al\t\t\t\t\n\t\t\t\t\tCanada\t\t\t\t\n\t\t\t\t\t\t\t\t\t<a href=\"https:\/\/cifar.ca\/fr\/biographie\/gauthier-gidel\/\" aria-label=\"Gauthier Gidel. Voir le profil\">\n\t\t\t\t\t<img loading=\"lazy\" decoding=\"async\" width=\"160\" height=\"160\" src=\"https:\/\/cifar.ca\/wp-content\/uploads\/2020\/12\/Gauthier-Gidel-BW_F-190x190.jpg\"\n\t\t\t\t\t\talt=\"About Gauthier Gidel\" itemprop=\"image\"\n\t\t\t\t\t\tsrcset=\"https:\/\/cifar.ca\/wp-content\/uploads\/2020\/12\/Gauthier-Gidel-BW_F-190x190.jpg 160w, https:\/\/cifar.ca\/wp-content\/uploads\/2020\/12\/Gauthier-Gidel-BW_F-125x125.jpg  125w\"\n\t\t\t\t\t\tsizes=\"auto, (max-width: 160px) 100vw, 160px\"\/>\n\t\t\t\t\t\t<\/a>\n\t\t\t\t\t\t<h2>Gauthier Gidel<\/h2>\n\t\t\t\t\t\t\t\t<h3>Titulaire de chaire en IA Canada-CIFAR<\/h3>\n\t\t\t\t\t\t\t\tStrat\u00e9gie pancanadienne en mati\u00e8re d&rsquo;IA\n\t\t\t\t\tMila<br \/>Universit\u00e9 de Montr\u00e9al\t\t\t\t\n\t\t\t\t\tCanada\t\t\t\t\n\t\t\t\t\t\t\t\t\t<a href=\"https:\/\/cifar.ca\/fr\/biographie\/guillaume-lajoie\/\" aria-label=\"Guillaume Lajoie. Voir le profil\">\n\t\t\t\t\t<img loading=\"lazy\" decoding=\"async\" width=\"160\" height=\"160\" src=\"https:\/\/cifar.ca\/wp-content\/uploads\/2020\/12\/Guillaume-Lajoie-BW_F-190x190.jpg\"\n\t\t\t\t\t\talt=\"About Guillaume Lajoie\" itemprop=\"image\"\n\t\t\t\t\t\tsrcset=\"https:\/\/cifar.ca\/wp-content\/uploads\/2020\/12\/Guillaume-Lajoie-BW_F-190x190.jpg 160w, https:\/\/cifar.ca\/wp-content\/uploads\/2020\/12\/Guillaume-Lajoie-BW_F-125x125.jpg  125w\"\n\t\t\t\t\t\tsizes=\"auto, (max-width: 160px) 100vw, 160px\"\/>\n\t\t\t\t\t\t<\/a>\n\t\t\t\t\t\t<h2>Guillaume Lajoie<\/h2>\n\t\t\t\t\t\t\t\t<h3>Titulaire de chaire en IA Canada-CIFAR<\/h3>\n\t\t\t\t\t\t\t\tStrat\u00e9gie pancanadienne en mati\u00e8re d&rsquo;IA\n\t\t\t\t\tMila<br \/>Universit\u00e9 de Montr\u00e9al\t\t\t\t\n\t\t\t\t\tCanada\t\t\t\t\n\t\t\t\t\t\t\t\t\t<a href=\"https:\/\/cifar.ca\/fr\/biographie\/eilif-b-muller\/\" aria-label=\"Eilif B. Muller. Voir le profil\">\n\t\t\t\t\t<img loading=\"lazy\" decoding=\"async\" width=\"160\" height=\"160\" src=\"https:\/\/cifar.ca\/wp-content\/uploads\/2020\/12\/Eilif-Muller-BW_F-190x190.jpg\"\n\t\t\t\t\t\talt=\"About Eilif B. Muller\" itemprop=\"image\"\n\t\t\t\t\t\tsrcset=\"https:\/\/cifar.ca\/wp-content\/uploads\/2020\/12\/Eilif-Muller-BW_F-190x190.jpg 160w, https:\/\/cifar.ca\/wp-content\/uploads\/2020\/12\/Eilif-Muller-BW_F-125x125.jpg  125w\"\n\t\t\t\t\t\tsizes=\"auto, (max-width: 160px) 100vw, 160px\"\/>\n\t\t\t\t\t\t<\/a>\n\t\t\t\t\t\t<h2>Eilif B. Muller<\/h2>\n\t\t\t\t\t\t\t\t<h3>Titulaire de chaire en IA Canada-CIFAR<\/h3>\n\t\t\t\t\t\t\t\tStrat\u00e9gie pancanadienne en mati\u00e8re d&rsquo;IA\n\t\t\t\t\tCHU Sainte-Justine Research Center<br \/>Mila<br \/>Universit\u00e9 de Montr\u00e9al\t\t\t\t\n\t\t\t\t\tCanada\t\t\t\t\n\t\t\t\t\t\t\t\t\t<a href=\"https:\/\/cifar.ca\/fr\/biographie\/adam-oberman\/\" aria-label=\"Adam Oberman. Voir le profil\">\n\t\t\t\t\t<img loading=\"lazy\" decoding=\"async\" width=\"160\" height=\"160\" src=\"https:\/\/cifar.ca\/wp-content\/uploads\/2020\/12\/Adam-Oberman-BW_F-190x190.jpg\"\n\t\t\t\t\t\talt=\"About Adam Oberman\" itemprop=\"image\"\n\t\t\t\t\t\tsrcset=\"https:\/\/cifar.ca\/wp-content\/uploads\/2020\/12\/Adam-Oberman-BW_F-190x190.jpg 160w, https:\/\/cifar.ca\/wp-content\/uploads\/2020\/12\/Adam-Oberman-BW_F-125x125.jpg  125w\"\n\t\t\t\t\t\tsizes=\"auto, (max-width: 160px) 100vw, 160px\"\/>\n\t\t\t\t\t\t<\/a>\n\t\t\t\t\t\t<h2>Adam Oberman<\/h2>\n\t\t\t\t\t\t\t\t<h3>Titulaire de chaire en IA Canada-CIFAR<\/h3>\n\t\t\t\t\t\t\t\tStrat\u00e9gie pancanadienne en mati\u00e8re d&rsquo;IA\n\t\t\t\t\tMila<br \/>Universit\u00e9 McGill\t\t\t\t\n\t\t\t\t\t\t\t\t\t<a href=\"https:\/\/cifar.ca\/fr\/biographie\/david-rolnick\/\" aria-label=\"David Rolnick. Voir le profil\">\n\t\t\t\t\t<img loading=\"lazy\" decoding=\"async\" width=\"160\" height=\"160\" src=\"https:\/\/cifar.ca\/wp-content\/uploads\/2020\/12\/David-Rolnick-BW_F-190x190.jpg\"\n\t\t\t\t\t\talt=\"About David Rolnick\" itemprop=\"image\"\n\t\t\t\t\t\tsrcset=\"https:\/\/cifar.ca\/wp-content\/uploads\/2020\/12\/David-Rolnick-BW_F-190x190.jpg 160w, https:\/\/cifar.ca\/wp-content\/uploads\/2020\/12\/David-Rolnick-BW_F-125x125.jpg  125w\"\n\t\t\t\t\t\tsizes=\"auto, (max-width: 160px) 100vw, 160px\"\/>\n\t\t\t\t\t\t<\/a>\n\t\t\t\t\t\t<h2>David Rolnick<\/h2>\n\t\t\t\t\t\t\t\t<h3>Titulaire de chaire en IA Canada-CIFAR<\/h3>\n\t\t\t\t\t\t\t\tStrat\u00e9gie pancanadienne en mati\u00e8re d&rsquo;IA\n\t\t\t\t\tUniversit\u00e9 McGill<br \/>Mila\t\t\t\t\n\t\t\t\t\tCanada\t\t\t\t\n\t\t\t\t\t\t\t\t\t<a href=\"https:\/\/cifar.ca\/fr\/biographie\/xujie-si\/\" aria-label=\"Xujie Si. Voir le profil\">\n\t\t\t\t\t<img loading=\"lazy\" decoding=\"async\" width=\"160\" height=\"160\" src=\"https:\/\/cifar.ca\/wp-content\/uploads\/2020\/12\/Xujie-Sie-BW_F-190x190.jpg\"\n\t\t\t\t\t\talt=\"About Xujie Si\" itemprop=\"image\"\n\t\t\t\t\t\tsrcset=\"https:\/\/cifar.ca\/wp-content\/uploads\/2020\/12\/Xujie-Sie-BW_F-190x190.jpg 160w, https:\/\/cifar.ca\/wp-content\/uploads\/2020\/12\/Xujie-Sie-BW_F-125x125.jpg  125w\"\n\t\t\t\t\t\tsizes=\"auto, (max-width: 160px) 100vw, 160px\"\/>\n\t\t\t\t\t\t<\/a>\n\t\t\t\t\t\t<h2>Xujie Si<\/h2>\n\t\t\t\t\t\t\t\t<h3>Titulaire de chaire en IA Canada-CIFAR<\/h3>\n\t\t\t\t\t\t\t\tStrat\u00e9gie pancanadienne en mati\u00e8re d&rsquo;IA\n\t\t\t\t\tUniversit\u00e9 McGill<br \/>Mila\t\t\t\t\n\t\t\t\t\tCanada\t\t\t\t\n\t\t\t\t\t\t\t\t\t<a href=\"https:\/\/cifar.ca\/fr\/biographie\/guy-wolf\/\" aria-label=\"Guy Wolf. Voir le profil\">\n\t\t\t\t\t<img loading=\"lazy\" decoding=\"async\" width=\"160\" height=\"160\" src=\"https:\/\/cifar.ca\/wp-content\/uploads\/2020\/12\/Guy-Wolf-BW_F-190x190.jpg\"\n\t\t\t\t\t\talt=\"About Guy Wolf\" itemprop=\"image\"\n\t\t\t\t\t\tsrcset=\"https:\/\/cifar.ca\/wp-content\/uploads\/2020\/12\/Guy-Wolf-BW_F-190x190.jpg 160w, https:\/\/cifar.ca\/wp-content\/uploads\/2020\/12\/Guy-Wolf-BW_F-125x125.jpg  125w\"\n\t\t\t\t\t\tsizes=\"auto, (max-width: 160px) 100vw, 160px\"\/>\n\t\t\t\t\t\t<\/a>\n\t\t\t\t\t\t<h2>Guy Wolf<\/h2>\n\t\t\t\t\t\t\t\t<h3>Titulaire de chaire en IA Canada-CIFAR<\/h3>\n\t\t\t\t\t\t\t\tStrat\u00e9gie pancanadienne en mati\u00e8re d&rsquo;IA\n\t\t\t\t\tMila<br \/>Universit\u00e9 de Montr\u00e9al\t\t\t\t\n\t\t\t\t\tCanada\t\t\t\t\n\t<h4>Vector Institute<\/h4>\n\t\t\t\t\t\t\t\t\t<a href=\"https:\/\/cifar.ca\/fr\/biographie\/david-duvenaud\/\" aria-label=\"David Duvenaud. Voir le profil\">\n\t\t\t\t\t<img loading=\"lazy\" decoding=\"async\" width=\"160\" height=\"160\" src=\"https:\/\/cifar.ca\/wp-content\/uploads\/2020\/12\/David-Duvenaud-BW-F-190x190.jpg\"\n\t\t\t\t\t\talt=\"About David Duvenaud\" itemprop=\"image\"\n\t\t\t\t\t\tsrcset=\"https:\/\/cifar.ca\/wp-content\/uploads\/2020\/12\/David-Duvenaud-BW-F-190x190.jpg 160w, https:\/\/cifar.ca\/wp-content\/uploads\/2020\/12\/David-Duvenaud-BW-F-125x125.jpg  125w\"\n\t\t\t\t\t\tsizes=\"auto, (max-width: 160px) 100vw, 160px\"\/>\n\t\t\t\t\t\t<\/a>\n\t\t\t\t\t\t<h2>David Duvenaud<\/h2>\n\t\t\t\t\t\t\t\t<h3>Titulaire de chaire en IA Canada-CIFAR<\/h3>\n\t\t\t\t\t\t\t\tStrat\u00e9gie pancanadienne en mati\u00e8re d&rsquo;IA\n\t\t\t\t\tInvenia<br \/>Universit\u00e9 de Toronto<br \/>Institut Vecteur\t\t\t\t\n\t\t\t\t\tCanada\t\t\t\t\n\t\t\t\t\t\t\t\t\t<a href=\"https:\/\/cifar.ca\/fr\/biographie\/michael-brudno\/\" aria-label=\"Michael Brudno. Voir le profil\">\n\t\t\t\t\t<img loading=\"lazy\" decoding=\"async\" width=\"160\" height=\"160\" src=\"https:\/\/cifar.ca\/wp-content\/uploads\/2020\/12\/Michael-Brudno-BW_F-190x190.jpg\"\n\t\t\t\t\t\talt=\"About Michael Brudno\" itemprop=\"image\"\n\t\t\t\t\t\tsrcset=\"https:\/\/cifar.ca\/wp-content\/uploads\/2020\/12\/Michael-Brudno-BW_F-190x190.jpg 160w, https:\/\/cifar.ca\/wp-content\/uploads\/2020\/12\/Michael-Brudno-BW_F-125x125.jpg  125w\"\n\t\t\t\t\t\tsizes=\"auto, (max-width: 160px) 100vw, 160px\"\/>\n\t\t\t\t\t\t<\/a>\n\t\t\t\t\t\t<h2>Michael Brudno<\/h2>\n\t\t\t\t\t\t\t\t<h3>Titulaire de chaire en IA Canada-CIFAR<\/h3>\n\t\t\t\t\t\t\t\tStrat\u00e9gie pancanadienne en mati\u00e8re d&rsquo;IA\n\t\t\t\t\tUniversity Health Network (UHN)<br \/>Universit\u00e9 de Toronto<br \/>Institut Vecteur\t\t\t\t\n\t\t\t\t\tCanada\t\t\t\t\n\t\t\t\t\t\t\t\t\t<a href=\"https:\/\/cifar.ca\/fr\/biographie\/rahul-g-krishnan\/\" aria-label=\"Rahul G. Krishnan. Voir le profil\">\n\t\t\t\t\t<img loading=\"lazy\" decoding=\"async\" width=\"160\" height=\"160\" src=\"https:\/\/cifar.ca\/wp-content\/uploads\/2020\/12\/Rahul-Krishnan-BW_F-190x190.jpg\"\n\t\t\t\t\t\talt=\"About Rahul G. Krishnan\" itemprop=\"image\"\n\t\t\t\t\t\tsrcset=\"https:\/\/cifar.ca\/wp-content\/uploads\/2020\/12\/Rahul-Krishnan-BW_F-190x190.jpg 160w, https:\/\/cifar.ca\/wp-content\/uploads\/2020\/12\/Rahul-Krishnan-BW_F-125x125.jpg  125w\"\n\t\t\t\t\t\tsizes=\"auto, (max-width: 160px) 100vw, 160px\"\/>\n\t\t\t\t\t\t<\/a>\n\t\t\t\t\t\t<h2>Rahul G. Krishnan<\/h2>\n\t\t\t\t\t\t\t\t<h3>Titulaire de chaire en IA Canada-CIFAR<\/h3>\n\t\t\t\t\t\t\t\tStrat\u00e9gie pancanadienne en mati\u00e8re d&rsquo;IA\n\t\t\t\t\tUniversit\u00e9 de Toronto<br \/>Institut Vecteur\t\t\t\t\n\t\t\t\t\tCanada\t\t\t\t\n<h3>\n\t\tAbout the CIFAR Pan-Canadian AI Strategy\n\t<\/h3>\n\t<p>In 2017, the Government of Canada appointed CIFAR to develop and lead the<a href=\"https:\/\/cifar.ca\/ai\/\"> Pan-Canadian Artificial Intelligence Strategy.<\/a> The Canada CIFAR AI Chairs Program is a cornerstone of the Strategy. The Canada CIFAR AI Chairs are named in partnership with Canada&rsquo;s three national AI institutes: <a href=\"https:\/\/www.amii.ca\/\">Amii<\/a> (Edmonton), <a href=\"https:\/\/mila.quebec\/en\/\">Mila<\/a> (Montreal) and Vector Institute (Toronto), as well as universities and hospitals across the country.<\/p>\n<h2>\n\t\tSoutenez-nous\n\t<\/h2>\n\t<p><strong>Le CIFAR<\/strong> est un organisme de bienfaisance enregistr\u00e9 qui re\u00e7oit le soutien des gouvernements du Canada, de l&rsquo;Alberta et du Qu\u00e9bec, ainsi que de fondations, de donateurs individuels, d&rsquo;entreprises et de partenaires canadiens et internationaux.<\/p>\n   <!-- Mandeep add class on anchor -->\n\t<a href=\"\/fr\/dons\/\" target=\"_self\" rel=\"noopener\">\n\t\t\t\t\tDons\t\t\t\t\t\t\t\n\t\t\t\t\t\t<\/a>\n\n","protected":false},"excerpt":{"rendered":"<p>Suivez-nous FaceBook Twitter YouTube LinkedIn Par: Liz Do 29 Sep, 2022 Les chaires en IA Canada-CIFAR font progresser la recherche en IA dans les domaines [&hellip;]<\/p>\n","protected":false},"author":65,"featured_media":42489,"comment_status":"closed","ping_status":"closed","sticky":false,"template":"","format":"standard","meta":{"_acf_changed":false,"footnotes":""},"categories":[4010,3972],"tags":[],"class_list":["post-42429","post","type-post","status-publish","format-standard","has-post-thumbnail","hentry","category-annonce-fr","category-strategie-pancanadienne-en-matiere-dia"],"acf":[],"yoast_head":"<!-- This site is optimized with the Yoast SEO plugin v27.2 - https:\/\/yoast.com\/product\/yoast-seo-wordpress\/ -->\n<title>CIFAR<\/title>\n<meta name=\"robots\" content=\"index, follow, max-snippet:-1, max-image-preview:large, max-video-preview:-1\" \/>\n<link rel=\"canonical\" href=\"https:\/\/cifar.ca\/fr\/cifarnews\/2021\/01\/19\/les-chaires-en-ia-canada-cifar-font-progresser-la-recherche-en-ia-dans-les-domaines-de-la-sante-des-changements-climatiques-et-de-lia-responsable\/\" \/>\n<meta property=\"og:locale\" content=\"fr_FR\" \/>\n<meta property=\"og:type\" content=\"article\" \/>\n<meta property=\"og:title\" content=\"Le programme des chaires en IA Canada-CIFAR compte plus de 100 titulaires - CIFAR\" \/>\n<meta property=\"og:description\" content=\"Suivez-nous FaceBook Twitter YouTube LinkedIn Par: Liz Do 29 Sep, 2022 Les chaires en IA Canada-CIFAR font progresser la recherche en IA dans les domaines [&hellip;]\" \/>\n<meta property=\"og:url\" content=\"https:\/\/cifar.ca\/fr\/cifarnews\/2021\/01\/19\/les-chaires-en-ia-canada-cifar-font-progresser-la-recherche-en-ia-dans-les-domaines-de-la-sante-des-changements-climatiques-et-de-lia-responsable\/\" \/>\n<meta property=\"og:site_name\" content=\"CIFAR\" \/>\n<meta property=\"article:published_time\" content=\"2021-01-19T16:00:05+00:00\" \/>\n<meta property=\"article:modified_time\" content=\"2022-10-25T15:55:20+00:00\" \/>\n<meta property=\"og:image\" content=\"https:\/\/cifar.ca\/wp-content\/uploads\/2021\/01\/AICAN_CCAI-announcement.jpg\" \/>\n\t<meta property=\"og:image:width\" content=\"1920\" \/>\n\t<meta property=\"og:image:height\" content=\"487\" \/>\n\t<meta property=\"og:image:type\" content=\"image\/jpeg\" \/>\n<meta name=\"author\" content=\"Alison Rutka\" \/>\n<meta name=\"twitter:card\" content=\"summary_large_image\" \/>\n<meta name=\"twitter:label1\" content=\"\u00c9crit par\" \/>\n\t<meta name=\"twitter:data1\" content=\"Alison Rutka\" \/>\n\t<meta name=\"twitter:label2\" content=\"Dur\u00e9e de lecture estim\u00e9e\" \/>\n\t<meta name=\"twitter:data2\" content=\"6 minutes\" \/>\n<script type=\"application\/ld+json\" class=\"yoast-schema-graph\">{\"@context\":\"https:\/\/schema.org\",\"@graph\":[{\"@type\":\"Article\",\"@id\":\"https:\/\/cifar.ca\/fr\/cifarnews\/2021\/01\/19\/les-chaires-en-ia-canada-cifar-font-progresser-la-recherche-en-ia-dans-les-domaines-de-la-sante-des-changements-climatiques-et-de-lia-responsable\/#article\",\"isPartOf\":{\"@id\":\"https:\/\/cifar.ca\/fr\/cifarnews\/2021\/01\/19\/les-chaires-en-ia-canada-cifar-font-progresser-la-recherche-en-ia-dans-les-domaines-de-la-sante-des-changements-climatiques-et-de-lia-responsable\/\"},\"author\":{\"name\":\"Alison Rutka\",\"@id\":\"https:\/\/cifar.ca\/fr\/#\/schema\/person\/be6ac84c25822d31a0039f3d6a9a7d1b\"},\"headline\":\"Le programme des chaires en IA Canada-CIFAR compte plus de 100 titulaires\",\"datePublished\":\"2021-01-19T16:00:05+00:00\",\"dateModified\":\"2022-10-25T15:55:20+00:00\",\"mainEntityOfPage\":{\"@id\":\"https:\/\/cifar.ca\/fr\/cifarnews\/2021\/01\/19\/les-chaires-en-ia-canada-cifar-font-progresser-la-recherche-en-ia-dans-les-domaines-de-la-sante-des-changements-climatiques-et-de-lia-responsable\/\"},\"wordCount\":1257,\"publisher\":{\"@id\":\"https:\/\/cifar.ca\/fr\/#organization\"},\"image\":{\"@id\":\"https:\/\/cifar.ca\/fr\/cifarnews\/2021\/01\/19\/les-chaires-en-ia-canada-cifar-font-progresser-la-recherche-en-ia-dans-les-domaines-de-la-sante-des-changements-climatiques-et-de-lia-responsable\/#primaryimage\"},\"thumbnailUrl\":\"https:\/\/cifar.ca\/wp-content\/uploads\/2021\/01\/AICAN_CCAI-announcement.jpg\",\"articleSection\":[\"Annonce\",\"Strat\u00e9gie pancanadienne en mati\u00e8re d&#039;IA\"],\"inLanguage\":\"fr-FR\"},{\"@type\":\"WebPage\",\"@id\":\"https:\/\/cifar.ca\/fr\/cifarnews\/2021\/01\/19\/les-chaires-en-ia-canada-cifar-font-progresser-la-recherche-en-ia-dans-les-domaines-de-la-sante-des-changements-climatiques-et-de-lia-responsable\/\",\"url\":\"https:\/\/cifar.ca\/fr\/cifarnews\/2021\/01\/19\/les-chaires-en-ia-canada-cifar-font-progresser-la-recherche-en-ia-dans-les-domaines-de-la-sante-des-changements-climatiques-et-de-lia-responsable\/\",\"name\":\"Le programme des chaires en IA Canada-CIFAR compte plus de 100 titulaires - CIFAR\",\"isPartOf\":{\"@id\":\"https:\/\/cifar.ca\/fr\/#website\"},\"primaryImageOfPage\":{\"@id\":\"https:\/\/cifar.ca\/fr\/cifarnews\/2021\/01\/19\/les-chaires-en-ia-canada-cifar-font-progresser-la-recherche-en-ia-dans-les-domaines-de-la-sante-des-changements-climatiques-et-de-lia-responsable\/#primaryimage\"},\"image\":{\"@id\":\"https:\/\/cifar.ca\/fr\/cifarnews\/2021\/01\/19\/les-chaires-en-ia-canada-cifar-font-progresser-la-recherche-en-ia-dans-les-domaines-de-la-sante-des-changements-climatiques-et-de-lia-responsable\/#primaryimage\"},\"thumbnailUrl\":\"https:\/\/cifar.ca\/wp-content\/uploads\/2021\/01\/AICAN_CCAI-announcement.jpg\",\"datePublished\":\"2021-01-19T16:00:05+00:00\",\"dateModified\":\"2022-10-25T15:55:20+00:00\",\"breadcrumb\":{\"@id\":\"https:\/\/cifar.ca\/fr\/cifarnews\/2021\/01\/19\/les-chaires-en-ia-canada-cifar-font-progresser-la-recherche-en-ia-dans-les-domaines-de-la-sante-des-changements-climatiques-et-de-lia-responsable\/#breadcrumb\"},\"inLanguage\":\"fr-FR\",\"potentialAction\":[{\"@type\":\"ReadAction\",\"target\":[\"https:\/\/cifar.ca\/fr\/cifarnews\/2021\/01\/19\/les-chaires-en-ia-canada-cifar-font-progresser-la-recherche-en-ia-dans-les-domaines-de-la-sante-des-changements-climatiques-et-de-lia-responsable\/\"]}]},{\"@type\":\"ImageObject\",\"inLanguage\":\"fr-FR\",\"@id\":\"https:\/\/cifar.ca\/fr\/cifarnews\/2021\/01\/19\/les-chaires-en-ia-canada-cifar-font-progresser-la-recherche-en-ia-dans-les-domaines-de-la-sante-des-changements-climatiques-et-de-lia-responsable\/#primaryimage\",\"url\":\"https:\/\/cifar.ca\/wp-content\/uploads\/2021\/01\/AICAN_CCAI-announcement.jpg\",\"contentUrl\":\"https:\/\/cifar.ca\/wp-content\/uploads\/2021\/01\/AICAN_CCAI-announcement.jpg\",\"width\":1920,\"height\":487},{\"@type\":\"BreadcrumbList\",\"@id\":\"https:\/\/cifar.ca\/fr\/cifarnews\/2021\/01\/19\/les-chaires-en-ia-canada-cifar-font-progresser-la-recherche-en-ia-dans-les-domaines-de-la-sante-des-changements-climatiques-et-de-lia-responsable\/#breadcrumb\",\"itemListElement\":[{\"@type\":\"ListItem\",\"position\":1,\"name\":\"Acceuil\",\"item\":\"https:\/\/cifar.ca\/fr\/\"},{\"@type\":\"ListItem\",\"position\":2,\"name\":\"Le programme des chaires en IA Canada-CIFAR compte plus de 100 titulaires\"}]},{\"@type\":\"WebSite\",\"@id\":\"https:\/\/cifar.ca\/fr\/#website\",\"url\":\"https:\/\/cifar.ca\/fr\/\",\"name\":\"CIFAR\",\"description\":\"Convoquer des esprits extraordinaires pour r\u00e9pondre aux questions les plus importantes auxquelles la science et l'humanit\u00e9 sont confront\u00e9es.\",\"publisher\":{\"@id\":\"https:\/\/cifar.ca\/fr\/#organization\"},\"potentialAction\":[{\"@type\":\"SearchAction\",\"target\":{\"@type\":\"EntryPoint\",\"urlTemplate\":\"https:\/\/cifar.ca\/fr\/?s={search_term_string}\"},\"query-input\":{\"@type\":\"PropertyValueSpecification\",\"valueRequired\":true,\"valueName\":\"search_term_string\"}}],\"inLanguage\":\"fr-FR\"},{\"@type\":\"Organization\",\"@id\":\"https:\/\/cifar.ca\/fr\/#organization\",\"name\":\"CIFAR\",\"url\":\"https:\/\/cifar.ca\/fr\/\",\"logo\":{\"@type\":\"ImageObject\",\"inLanguage\":\"fr-FR\",\"@id\":\"https:\/\/cifar.ca\/fr\/#\/schema\/logo\/image\/\",\"url\":\"https:\/\/cifar.ca\/wp-content\/uploads\/2020\/01\/cifar-logo-rgb-colour.png\",\"contentUrl\":\"https:\/\/cifar.ca\/wp-content\/uploads\/2020\/01\/cifar-logo-rgb-colour.png\",\"width\":1884,\"height\":681,\"caption\":\"CIFAR\"},\"image\":{\"@id\":\"https:\/\/cifar.ca\/fr\/#\/schema\/logo\/image\/\"}},{\"@type\":\"Person\",\"@id\":\"https:\/\/cifar.ca\/fr\/#\/schema\/person\/be6ac84c25822d31a0039f3d6a9a7d1b\",\"name\":\"Alison Rutka\",\"image\":{\"@type\":\"ImageObject\",\"inLanguage\":\"fr-FR\",\"@id\":\"https:\/\/secure.gravatar.com\/avatar\/615d15ec89ba993517314fec79e6489a0dba223bcd18c606519b0f363d03f7fc?s=96&d=mm&r=g\",\"url\":\"https:\/\/secure.gravatar.com\/avatar\/615d15ec89ba993517314fec79e6489a0dba223bcd18c606519b0f363d03f7fc?s=96&d=mm&r=g\",\"contentUrl\":\"https:\/\/secure.gravatar.com\/avatar\/615d15ec89ba993517314fec79e6489a0dba223bcd18c606519b0f363d03f7fc?s=96&d=mm&r=g\",\"caption\":\"Alison Rutka\"}}]}<\/script>\n<!-- \/ Yoast SEO plugin. -->","yoast_head_json":{"title":"CIFAR","robots":{"index":"index","follow":"follow","max-snippet":"max-snippet:-1","max-image-preview":"max-image-preview:large","max-video-preview":"max-video-preview:-1"},"canonical":"https:\/\/cifar.ca\/fr\/cifarnews\/2021\/01\/19\/les-chaires-en-ia-canada-cifar-font-progresser-la-recherche-en-ia-dans-les-domaines-de-la-sante-des-changements-climatiques-et-de-lia-responsable\/","og_locale":"fr_FR","og_type":"article","og_title":"Le programme des chaires en IA Canada-CIFAR compte plus de 100 titulaires - CIFAR","og_description":"Suivez-nous FaceBook Twitter YouTube LinkedIn Par: Liz Do 29 Sep, 2022 Les chaires en IA Canada-CIFAR font progresser la recherche en IA dans les domaines [&hellip;]","og_url":"https:\/\/cifar.ca\/fr\/cifarnews\/2021\/01\/19\/les-chaires-en-ia-canada-cifar-font-progresser-la-recherche-en-ia-dans-les-domaines-de-la-sante-des-changements-climatiques-et-de-lia-responsable\/","og_site_name":"CIFAR","article_published_time":"2021-01-19T16:00:05+00:00","article_modified_time":"2022-10-25T15:55:20+00:00","og_image":[{"width":1920,"height":487,"url":"https:\/\/cifar.ca\/wp-content\/uploads\/2021\/01\/AICAN_CCAI-announcement.jpg","type":"image\/jpeg"}],"author":"Alison Rutka","twitter_card":"summary_large_image","twitter_misc":{"\u00c9crit par":"Alison Rutka","Dur\u00e9e de lecture estim\u00e9e":"6 minutes"},"schema":{"@context":"https:\/\/schema.org","@graph":[{"@type":"Article","@id":"https:\/\/cifar.ca\/fr\/cifarnews\/2021\/01\/19\/les-chaires-en-ia-canada-cifar-font-progresser-la-recherche-en-ia-dans-les-domaines-de-la-sante-des-changements-climatiques-et-de-lia-responsable\/#article","isPartOf":{"@id":"https:\/\/cifar.ca\/fr\/cifarnews\/2021\/01\/19\/les-chaires-en-ia-canada-cifar-font-progresser-la-recherche-en-ia-dans-les-domaines-de-la-sante-des-changements-climatiques-et-de-lia-responsable\/"},"author":{"name":"Alison Rutka","@id":"https:\/\/cifar.ca\/fr\/#\/schema\/person\/be6ac84c25822d31a0039f3d6a9a7d1b"},"headline":"Le programme des chaires en IA Canada-CIFAR compte plus de 100 titulaires","datePublished":"2021-01-19T16:00:05+00:00","dateModified":"2022-10-25T15:55:20+00:00","mainEntityOfPage":{"@id":"https:\/\/cifar.ca\/fr\/cifarnews\/2021\/01\/19\/les-chaires-en-ia-canada-cifar-font-progresser-la-recherche-en-ia-dans-les-domaines-de-la-sante-des-changements-climatiques-et-de-lia-responsable\/"},"wordCount":1257,"publisher":{"@id":"https:\/\/cifar.ca\/fr\/#organization"},"image":{"@id":"https:\/\/cifar.ca\/fr\/cifarnews\/2021\/01\/19\/les-chaires-en-ia-canada-cifar-font-progresser-la-recherche-en-ia-dans-les-domaines-de-la-sante-des-changements-climatiques-et-de-lia-responsable\/#primaryimage"},"thumbnailUrl":"https:\/\/cifar.ca\/wp-content\/uploads\/2021\/01\/AICAN_CCAI-announcement.jpg","articleSection":["Annonce","Strat\u00e9gie pancanadienne en mati\u00e8re d&#039;IA"],"inLanguage":"fr-FR"},{"@type":"WebPage","@id":"https:\/\/cifar.ca\/fr\/cifarnews\/2021\/01\/19\/les-chaires-en-ia-canada-cifar-font-progresser-la-recherche-en-ia-dans-les-domaines-de-la-sante-des-changements-climatiques-et-de-lia-responsable\/","url":"https:\/\/cifar.ca\/fr\/cifarnews\/2021\/01\/19\/les-chaires-en-ia-canada-cifar-font-progresser-la-recherche-en-ia-dans-les-domaines-de-la-sante-des-changements-climatiques-et-de-lia-responsable\/","name":"Le programme des chaires en IA Canada-CIFAR compte plus de 100 titulaires - CIFAR","isPartOf":{"@id":"https:\/\/cifar.ca\/fr\/#website"},"primaryImageOfPage":{"@id":"https:\/\/cifar.ca\/fr\/cifarnews\/2021\/01\/19\/les-chaires-en-ia-canada-cifar-font-progresser-la-recherche-en-ia-dans-les-domaines-de-la-sante-des-changements-climatiques-et-de-lia-responsable\/#primaryimage"},"image":{"@id":"https:\/\/cifar.ca\/fr\/cifarnews\/2021\/01\/19\/les-chaires-en-ia-canada-cifar-font-progresser-la-recherche-en-ia-dans-les-domaines-de-la-sante-des-changements-climatiques-et-de-lia-responsable\/#primaryimage"},"thumbnailUrl":"https:\/\/cifar.ca\/wp-content\/uploads\/2021\/01\/AICAN_CCAI-announcement.jpg","datePublished":"2021-01-19T16:00:05+00:00","dateModified":"2022-10-25T15:55:20+00:00","breadcrumb":{"@id":"https:\/\/cifar.ca\/fr\/cifarnews\/2021\/01\/19\/les-chaires-en-ia-canada-cifar-font-progresser-la-recherche-en-ia-dans-les-domaines-de-la-sante-des-changements-climatiques-et-de-lia-responsable\/#breadcrumb"},"inLanguage":"fr-FR","potentialAction":[{"@type":"ReadAction","target":["https:\/\/cifar.ca\/fr\/cifarnews\/2021\/01\/19\/les-chaires-en-ia-canada-cifar-font-progresser-la-recherche-en-ia-dans-les-domaines-de-la-sante-des-changements-climatiques-et-de-lia-responsable\/"]}]},{"@type":"ImageObject","inLanguage":"fr-FR","@id":"https:\/\/cifar.ca\/fr\/cifarnews\/2021\/01\/19\/les-chaires-en-ia-canada-cifar-font-progresser-la-recherche-en-ia-dans-les-domaines-de-la-sante-des-changements-climatiques-et-de-lia-responsable\/#primaryimage","url":"https:\/\/cifar.ca\/wp-content\/uploads\/2021\/01\/AICAN_CCAI-announcement.jpg","contentUrl":"https:\/\/cifar.ca\/wp-content\/uploads\/2021\/01\/AICAN_CCAI-announcement.jpg","width":1920,"height":487},{"@type":"BreadcrumbList","@id":"https:\/\/cifar.ca\/fr\/cifarnews\/2021\/01\/19\/les-chaires-en-ia-canada-cifar-font-progresser-la-recherche-en-ia-dans-les-domaines-de-la-sante-des-changements-climatiques-et-de-lia-responsable\/#breadcrumb","itemListElement":[{"@type":"ListItem","position":1,"name":"Acceuil","item":"https:\/\/cifar.ca\/fr\/"},{"@type":"ListItem","position":2,"name":"Le programme des chaires en IA Canada-CIFAR compte plus de 100 titulaires"}]},{"@type":"WebSite","@id":"https:\/\/cifar.ca\/fr\/#website","url":"https:\/\/cifar.ca\/fr\/","name":"CIFAR","description":"Convoquer des esprits extraordinaires pour r\u00e9pondre aux questions les plus importantes auxquelles la science et l'humanit\u00e9 sont confront\u00e9es.","publisher":{"@id":"https:\/\/cifar.ca\/fr\/#organization"},"potentialAction":[{"@type":"SearchAction","target":{"@type":"EntryPoint","urlTemplate":"https:\/\/cifar.ca\/fr\/?s={search_term_string}"},"query-input":{"@type":"PropertyValueSpecification","valueRequired":true,"valueName":"search_term_string"}}],"inLanguage":"fr-FR"},{"@type":"Organization","@id":"https:\/\/cifar.ca\/fr\/#organization","name":"CIFAR","url":"https:\/\/cifar.ca\/fr\/","logo":{"@type":"ImageObject","inLanguage":"fr-FR","@id":"https:\/\/cifar.ca\/fr\/#\/schema\/logo\/image\/","url":"https:\/\/cifar.ca\/wp-content\/uploads\/2020\/01\/cifar-logo-rgb-colour.png","contentUrl":"https:\/\/cifar.ca\/wp-content\/uploads\/2020\/01\/cifar-logo-rgb-colour.png","width":1884,"height":681,"caption":"CIFAR"},"image":{"@id":"https:\/\/cifar.ca\/fr\/#\/schema\/logo\/image\/"}},{"@type":"Person","@id":"https:\/\/cifar.ca\/fr\/#\/schema\/person\/be6ac84c25822d31a0039f3d6a9a7d1b","name":"Alison Rutka","image":{"@type":"ImageObject","inLanguage":"fr-FR","@id":"https:\/\/secure.gravatar.com\/avatar\/615d15ec89ba993517314fec79e6489a0dba223bcd18c606519b0f363d03f7fc?s=96&d=mm&r=g","url":"https:\/\/secure.gravatar.com\/avatar\/615d15ec89ba993517314fec79e6489a0dba223bcd18c606519b0f363d03f7fc?s=96&d=mm&r=g","contentUrl":"https:\/\/secure.gravatar.com\/avatar\/615d15ec89ba993517314fec79e6489a0dba223bcd18c606519b0f363d03f7fc?s=96&d=mm&r=g","caption":"Alison Rutka"}}]}},"_links":{"self":[{"href":"https:\/\/cifar.ca\/fr\/wp-json\/wp\/v2\/posts\/42429","targetHints":{"allow":["GET"]}}],"collection":[{"href":"https:\/\/cifar.ca\/fr\/wp-json\/wp\/v2\/posts"}],"about":[{"href":"https:\/\/cifar.ca\/fr\/wp-json\/wp\/v2\/types\/post"}],"author":[{"embeddable":true,"href":"https:\/\/cifar.ca\/fr\/wp-json\/wp\/v2\/users\/65"}],"replies":[{"embeddable":true,"href":"https:\/\/cifar.ca\/fr\/wp-json\/wp\/v2\/comments?post=42429"}],"version-history":[{"count":0,"href":"https:\/\/cifar.ca\/fr\/wp-json\/wp\/v2\/posts\/42429\/revisions"}],"wp:featuredmedia":[{"embeddable":true,"href":"https:\/\/cifar.ca\/fr\/wp-json\/wp\/v2\/media\/42489"}],"wp:attachment":[{"href":"https:\/\/cifar.ca\/fr\/wp-json\/wp\/v2\/media?parent=42429"}],"wp:term":[{"taxonomy":"category","embeddable":true,"href":"https:\/\/cifar.ca\/fr\/wp-json\/wp\/v2\/categories?post=42429"},{"taxonomy":"post_tag","embeddable":true,"href":"https:\/\/cifar.ca\/fr\/wp-json\/wp\/v2\/tags?post=42429"}],"curies":[{"name":"wp","href":"https:\/\/api.w.org\/{rel}","templated":true}]}}