{"id":51796,"date":"2016-10-07T18:11:06","date_gmt":"2016-10-07T22:11:06","guid":{"rendered":"https:\/\/cifar661.wpengine.com\/cifarnews\/2016\/10\/07\/improving-the-future-well-being-of-the-world-s-children\/"},"modified":"2025-12-18T07:08:25","modified_gmt":"2025-12-18T12:08:25","slug":"improving-the-future-well-being-of-the-world-s-children","status":"publish","type":"post","link":"https:\/\/cifar.ca\/fr\/cifarnews\/2016\/10\/07\/improving-the-future-well-being-of-the-world-s-children\/","title":{"rendered":"Improving the future well-being of the world\u2019s children"},"content":{"rendered":"<p>Next month, CIFAR will convene nearly a hundred researchers, policy-makers, practitioners and civil society organizations in London for the CIFAR Forum on the Well-Being of the World&rsquo;s Children.<\/p>\n<p>The purpose of the CIFAR Forum is threefold. First, we are bringing together researchers, funders and implementers from around the world to identify opportunities for a new research agenda around child well-being. Second, we will explore possible future directions and activities for CIFAR to work in partnership with new institutions and organizations. And third, we are confident that the CIFAR model can help to bring an integrated, interdisciplinary approach to the challenge of children&rsquo;s well-being.<\/p>\n<p>The need for a forum like this is obvious. Whether we&rsquo;re looking at children who are chronically undernourished in rural India, or traumatized by war in Syria, or suffering neglect or abuse in Canada, the world&rsquo;s children face major challenges that will affect their life trajectories. Research can provide some of the evidence we need to give them help, but we have to figure out the right questions to ask, and the right ways to implement the answers we find.<\/p>\n<p>We decided to hold the CIFAR Forum for a number of reasons. We already have tremendous research experience in related areas. For example, our Child &amp; Brain Development (CBD) program has made important progress in understanding the epigenetics of early childhood experience and its effect on future health and well-being. <a href=\"\/bio\/w.-thomas-boyce\">W. Thomas Boyce<\/a>, who is co-director of the CBD program, will bring insights from the program forward as co-chair of the forum&rsquo;s advisory council.<\/p>\n<p>CIFAR also brings more than 30 years of experience putting together people from across disciplines and from around the world to tackle important and complex problems. We&rsquo;ve learned from that experience that a diversity of perspectives can raise questions and lead to solutions that would never occur to an individual or even a group of people with similar backgrounds.<\/p>\n<p>The Forum takes CIFAR&rsquo;s approach and extends it by convening preeminent researchers from academia, working international organizations and NGOs &ndash; some of which have experience with action-oriented service delivery &ndash; together with government and non-governmental funders. We&rsquo;re fortunate to have attracted the generous support of <a href=\"http:\/\/www.international.gc.ca\/gac-amc\/index.aspx?lang=eng\">Global Affairs Canada<\/a>, the <a href=\"http:\/\/www.cihr-irsc.gc.ca\/e\/193.html\">Canadian Institutes of Health Research<\/a>, and the <a href=\"https:\/\/www.gatesfoundation.org\/\">Bill &amp; Melinda Gates Foundation<\/a>. We recognize that with a problem this important and complex, all sectors have a role to play in finding and realizing solutions.<\/p>\n<p>We realize that, by itself, a single two-day forum won&rsquo;t solve the problems of the world&rsquo;s children. But we hope it will begin the conversation. And we plan on following up on the Forum, exploring how it might turn into a more sustained effort.<\/p>\n<p>I&rsquo;m excited about this entirely new CIFAR initiative. It builds on our core competency as a convener, and combines it with our growing international reach and determination to have an impact on the world. I look forward to seeing the effort bear fruit. And I promise to keep you updated.<\/p>\n","protected":false},"excerpt":{"rendered":"<p>Next month, CIFAR will convene nearly a hundred researchers, policy-makers, practitioners and civil society organizations in London for the CIFAR Forum on the Well-Being of [&hellip;]<\/p>\n","protected":false},"author":76,"featured_media":32728,"comment_status":"closed","ping_status":"closed","sticky":false,"template":"","format":"standard","meta":{"_acf_changed":false,"footnotes":""},"categories":[2077],"tags":[],"class_list":["post-51796","post","type-post","status-publish","format-standard","has-post-thumbnail","hentry","category-message-du-president"],"acf":[],"yoast_head":"<!-- This site is optimized with the Yoast SEO plugin v27.2 - https:\/\/yoast.com\/product\/yoast-seo-wordpress\/ -->\n<title>CIFAR<\/title>\n<meta name=\"robots\" content=\"index, follow, max-snippet:-1, max-image-preview:large, max-video-preview:-1\" \/>\n<link rel=\"canonical\" href=\"https:\/\/cifar.ca\/fr\/cifarnews\/2016\/10\/07\/improving-the-future-well-being-of-the-world-s-children\/\" \/>\n<meta property=\"og:locale\" content=\"fr_FR\" \/>\n<meta property=\"og:type\" content=\"article\" \/>\n<meta property=\"og:title\" content=\"Improving the future well-being of the world\u2019s children - CIFAR\" \/>\n<meta property=\"og:description\" content=\"Next month, CIFAR will convene nearly a hundred researchers, policy-makers, practitioners and civil society organizations in London for the CIFAR Forum on the Well-Being of [&hellip;]\" \/>\n<meta property=\"og:url\" content=\"https:\/\/cifar.ca\/fr\/cifarnews\/2016\/10\/07\/improving-the-future-well-being-of-the-world-s-children\/\" \/>\n<meta property=\"og:site_name\" content=\"CIFAR\" \/>\n<meta property=\"article:published_time\" content=\"2016-10-07T22:11:06+00:00\" \/>\n<meta property=\"article:modified_time\" content=\"2025-12-18T12:08:25+00:00\" \/>\n<meta property=\"og:image\" content=\"https:\/\/cifar.ca\/wp-content\/uploads\/2020\/05\/AlanBernstein-black.jpg\" \/>\n\t<meta property=\"og:image:width\" content=\"2400\" \/>\n\t<meta property=\"og:image:height\" content=\"1203\" \/>\n\t<meta property=\"og:image:type\" content=\"image\/jpeg\" \/>\n<meta name=\"author\" content=\"Maninder Singh\" \/>\n<meta name=\"twitter:card\" content=\"summary_large_image\" \/>\n<meta name=\"twitter:label1\" content=\"\u00c9crit par\" \/>\n\t<meta name=\"twitter:data1\" content=\"Maninder Singh\" \/>\n\t<meta name=\"twitter:label2\" content=\"Dur\u00e9e de lecture estim\u00e9e\" \/>\n\t<meta name=\"twitter:data2\" content=\"3 minutes\" \/>\n<script type=\"application\/ld+json\" class=\"yoast-schema-graph\">{\"@context\":\"https:\/\/schema.org\",\"@graph\":[{\"@type\":\"Article\",\"@id\":\"https:\/\/cifar.ca\/fr\/cifarnews\/2016\/10\/07\/improving-the-future-well-being-of-the-world-s-children\/#article\",\"isPartOf\":{\"@id\":\"https:\/\/cifar.ca\/fr\/cifarnews\/2016\/10\/07\/improving-the-future-well-being-of-the-world-s-children\/\"},\"author\":{\"name\":\"Maninder Singh\",\"@id\":\"https:\/\/cifar.ca\/fr\/#\/schema\/person\/9465a4d8e262ec9ae69399b6ba3fd8c6\"},\"headline\":\"Improving the future well-being of the world\u2019s children\",\"datePublished\":\"2016-10-07T22:11:06+00:00\",\"dateModified\":\"2025-12-18T12:08:25+00:00\",\"mainEntityOfPage\":{\"@id\":\"https:\/\/cifar.ca\/fr\/cifarnews\/2016\/10\/07\/improving-the-future-well-being-of-the-world-s-children\/\"},\"wordCount\":523,\"publisher\":{\"@id\":\"https:\/\/cifar.ca\/fr\/#organization\"},\"image\":{\"@id\":\"https:\/\/cifar.ca\/fr\/cifarnews\/2016\/10\/07\/improving-the-future-well-being-of-the-world-s-children\/#primaryimage\"},\"thumbnailUrl\":\"https:\/\/cifar.ca\/wp-content\/uploads\/2020\/05\/AlanBernstein-black.jpg\",\"articleSection\":[\"Message du pr\u00e9sident\"],\"inLanguage\":\"fr-FR\"},{\"@type\":\"WebPage\",\"@id\":\"https:\/\/cifar.ca\/fr\/cifarnews\/2016\/10\/07\/improving-the-future-well-being-of-the-world-s-children\/\",\"url\":\"https:\/\/cifar.ca\/fr\/cifarnews\/2016\/10\/07\/improving-the-future-well-being-of-the-world-s-children\/\",\"name\":\"Improving the future well-being of the world\u2019s children - CIFAR\",\"isPartOf\":{\"@id\":\"https:\/\/cifar.ca\/fr\/#website\"},\"primaryImageOfPage\":{\"@id\":\"https:\/\/cifar.ca\/fr\/cifarnews\/2016\/10\/07\/improving-the-future-well-being-of-the-world-s-children\/#primaryimage\"},\"image\":{\"@id\":\"https:\/\/cifar.ca\/fr\/cifarnews\/2016\/10\/07\/improving-the-future-well-being-of-the-world-s-children\/#primaryimage\"},\"thumbnailUrl\":\"https:\/\/cifar.ca\/wp-content\/uploads\/2020\/05\/AlanBernstein-black.jpg\",\"datePublished\":\"2016-10-07T22:11:06+00:00\",\"dateModified\":\"2025-12-18T12:08:25+00:00\",\"breadcrumb\":{\"@id\":\"https:\/\/cifar.ca\/fr\/cifarnews\/2016\/10\/07\/improving-the-future-well-being-of-the-world-s-children\/#breadcrumb\"},\"inLanguage\":\"fr-FR\",\"potentialAction\":[{\"@type\":\"ReadAction\",\"target\":[\"https:\/\/cifar.ca\/fr\/cifarnews\/2016\/10\/07\/improving-the-future-well-being-of-the-world-s-children\/\"]}]},{\"@type\":\"ImageObject\",\"inLanguage\":\"fr-FR\",\"@id\":\"https:\/\/cifar.ca\/fr\/cifarnews\/2016\/10\/07\/improving-the-future-well-being-of-the-world-s-children\/#primaryimage\",\"url\":\"https:\/\/cifar.ca\/wp-content\/uploads\/2020\/05\/AlanBernstein-black.jpg\",\"contentUrl\":\"https:\/\/cifar.ca\/wp-content\/uploads\/2020\/05\/AlanBernstein-black.jpg\",\"width\":2400,\"height\":1203,\"caption\":\"Alan Bernstein\"},{\"@type\":\"BreadcrumbList\",\"@id\":\"https:\/\/cifar.ca\/fr\/cifarnews\/2016\/10\/07\/improving-the-future-well-being-of-the-world-s-children\/#breadcrumb\",\"itemListElement\":[{\"@type\":\"ListItem\",\"position\":1,\"name\":\"Acceuil\",\"item\":\"https:\/\/cifar.ca\/fr\/\"},{\"@type\":\"ListItem\",\"position\":2,\"name\":\"Improving the future well-being of the world\u2019s children\"}]},{\"@type\":\"WebSite\",\"@id\":\"https:\/\/cifar.ca\/fr\/#website\",\"url\":\"https:\/\/cifar.ca\/fr\/\",\"name\":\"CIFAR\",\"description\":\"Convoquer des esprits extraordinaires pour r\u00e9pondre aux questions les plus importantes auxquelles la science et l'humanit\u00e9 sont confront\u00e9es.\",\"publisher\":{\"@id\":\"https:\/\/cifar.ca\/fr\/#organization\"},\"potentialAction\":[{\"@type\":\"SearchAction\",\"target\":{\"@type\":\"EntryPoint\",\"urlTemplate\":\"https:\/\/cifar.ca\/fr\/?s={search_term_string}\"},\"query-input\":{\"@type\":\"PropertyValueSpecification\",\"valueRequired\":true,\"valueName\":\"search_term_string\"}}],\"inLanguage\":\"fr-FR\"},{\"@type\":\"Organization\",\"@id\":\"https:\/\/cifar.ca\/fr\/#organization\",\"name\":\"CIFAR\",\"url\":\"https:\/\/cifar.ca\/fr\/\",\"logo\":{\"@type\":\"ImageObject\",\"inLanguage\":\"fr-FR\",\"@id\":\"https:\/\/cifar.ca\/fr\/#\/schema\/logo\/image\/\",\"url\":\"https:\/\/cifar.ca\/wp-content\/uploads\/2020\/01\/cifar-logo-rgb-colour.png\",\"contentUrl\":\"https:\/\/cifar.ca\/wp-content\/uploads\/2020\/01\/cifar-logo-rgb-colour.png\",\"width\":1884,\"height\":681,\"caption\":\"CIFAR\"},\"image\":{\"@id\":\"https:\/\/cifar.ca\/fr\/#\/schema\/logo\/image\/\"}},{\"@type\":\"Person\",\"@id\":\"https:\/\/cifar.ca\/fr\/#\/schema\/person\/9465a4d8e262ec9ae69399b6ba3fd8c6\",\"name\":\"Maninder Singh\",\"image\":{\"@type\":\"ImageObject\",\"inLanguage\":\"fr-FR\",\"@id\":\"https:\/\/secure.gravatar.com\/avatar\/e2822c10908091962eaee267fc11d4884d29eb4b5334ca4e839892654e7c3fa5?s=96&d=mm&r=g\",\"url\":\"https:\/\/secure.gravatar.com\/avatar\/e2822c10908091962eaee267fc11d4884d29eb4b5334ca4e839892654e7c3fa5?s=96&d=mm&r=g\",\"contentUrl\":\"https:\/\/secure.gravatar.com\/avatar\/e2822c10908091962eaee267fc11d4884d29eb4b5334ca4e839892654e7c3fa5?s=96&d=mm&r=g\",\"caption\":\"Maninder Singh\"}}]}<\/script>\n<!-- \/ Yoast SEO plugin. -->","yoast_head_json":{"title":"CIFAR","robots":{"index":"index","follow":"follow","max-snippet":"max-snippet:-1","max-image-preview":"max-image-preview:large","max-video-preview":"max-video-preview:-1"},"canonical":"https:\/\/cifar.ca\/fr\/cifarnews\/2016\/10\/07\/improving-the-future-well-being-of-the-world-s-children\/","og_locale":"fr_FR","og_type":"article","og_title":"Improving the future well-being of the world\u2019s children - CIFAR","og_description":"Next month, CIFAR will convene nearly a hundred researchers, policy-makers, practitioners and civil society organizations in London for the CIFAR Forum on the Well-Being of [&hellip;]","og_url":"https:\/\/cifar.ca\/fr\/cifarnews\/2016\/10\/07\/improving-the-future-well-being-of-the-world-s-children\/","og_site_name":"CIFAR","article_published_time":"2016-10-07T22:11:06+00:00","article_modified_time":"2025-12-18T12:08:25+00:00","og_image":[{"width":2400,"height":1203,"url":"https:\/\/cifar.ca\/wp-content\/uploads\/2020\/05\/AlanBernstein-black.jpg","type":"image\/jpeg"}],"author":"Maninder Singh","twitter_card":"summary_large_image","twitter_misc":{"\u00c9crit par":"Maninder Singh","Dur\u00e9e de lecture estim\u00e9e":"3 minutes"},"schema":{"@context":"https:\/\/schema.org","@graph":[{"@type":"Article","@id":"https:\/\/cifar.ca\/fr\/cifarnews\/2016\/10\/07\/improving-the-future-well-being-of-the-world-s-children\/#article","isPartOf":{"@id":"https:\/\/cifar.ca\/fr\/cifarnews\/2016\/10\/07\/improving-the-future-well-being-of-the-world-s-children\/"},"author":{"name":"Maninder Singh","@id":"https:\/\/cifar.ca\/fr\/#\/schema\/person\/9465a4d8e262ec9ae69399b6ba3fd8c6"},"headline":"Improving the future well-being of the world\u2019s children","datePublished":"2016-10-07T22:11:06+00:00","dateModified":"2025-12-18T12:08:25+00:00","mainEntityOfPage":{"@id":"https:\/\/cifar.ca\/fr\/cifarnews\/2016\/10\/07\/improving-the-future-well-being-of-the-world-s-children\/"},"wordCount":523,"publisher":{"@id":"https:\/\/cifar.ca\/fr\/#organization"},"image":{"@id":"https:\/\/cifar.ca\/fr\/cifarnews\/2016\/10\/07\/improving-the-future-well-being-of-the-world-s-children\/#primaryimage"},"thumbnailUrl":"https:\/\/cifar.ca\/wp-content\/uploads\/2020\/05\/AlanBernstein-black.jpg","articleSection":["Message du pr\u00e9sident"],"inLanguage":"fr-FR"},{"@type":"WebPage","@id":"https:\/\/cifar.ca\/fr\/cifarnews\/2016\/10\/07\/improving-the-future-well-being-of-the-world-s-children\/","url":"https:\/\/cifar.ca\/fr\/cifarnews\/2016\/10\/07\/improving-the-future-well-being-of-the-world-s-children\/","name":"Improving the future well-being of the world\u2019s children - CIFAR","isPartOf":{"@id":"https:\/\/cifar.ca\/fr\/#website"},"primaryImageOfPage":{"@id":"https:\/\/cifar.ca\/fr\/cifarnews\/2016\/10\/07\/improving-the-future-well-being-of-the-world-s-children\/#primaryimage"},"image":{"@id":"https:\/\/cifar.ca\/fr\/cifarnews\/2016\/10\/07\/improving-the-future-well-being-of-the-world-s-children\/#primaryimage"},"thumbnailUrl":"https:\/\/cifar.ca\/wp-content\/uploads\/2020\/05\/AlanBernstein-black.jpg","datePublished":"2016-10-07T22:11:06+00:00","dateModified":"2025-12-18T12:08:25+00:00","breadcrumb":{"@id":"https:\/\/cifar.ca\/fr\/cifarnews\/2016\/10\/07\/improving-the-future-well-being-of-the-world-s-children\/#breadcrumb"},"inLanguage":"fr-FR","potentialAction":[{"@type":"ReadAction","target":["https:\/\/cifar.ca\/fr\/cifarnews\/2016\/10\/07\/improving-the-future-well-being-of-the-world-s-children\/"]}]},{"@type":"ImageObject","inLanguage":"fr-FR","@id":"https:\/\/cifar.ca\/fr\/cifarnews\/2016\/10\/07\/improving-the-future-well-being-of-the-world-s-children\/#primaryimage","url":"https:\/\/cifar.ca\/wp-content\/uploads\/2020\/05\/AlanBernstein-black.jpg","contentUrl":"https:\/\/cifar.ca\/wp-content\/uploads\/2020\/05\/AlanBernstein-black.jpg","width":2400,"height":1203,"caption":"Alan Bernstein"},{"@type":"BreadcrumbList","@id":"https:\/\/cifar.ca\/fr\/cifarnews\/2016\/10\/07\/improving-the-future-well-being-of-the-world-s-children\/#breadcrumb","itemListElement":[{"@type":"ListItem","position":1,"name":"Acceuil","item":"https:\/\/cifar.ca\/fr\/"},{"@type":"ListItem","position":2,"name":"Improving the future well-being of the world\u2019s children"}]},{"@type":"WebSite","@id":"https:\/\/cifar.ca\/fr\/#website","url":"https:\/\/cifar.ca\/fr\/","name":"CIFAR","description":"Convoquer des esprits extraordinaires pour r\u00e9pondre aux questions les plus importantes auxquelles la science et l'humanit\u00e9 sont confront\u00e9es.","publisher":{"@id":"https:\/\/cifar.ca\/fr\/#organization"},"potentialAction":[{"@type":"SearchAction","target":{"@type":"EntryPoint","urlTemplate":"https:\/\/cifar.ca\/fr\/?s={search_term_string}"},"query-input":{"@type":"PropertyValueSpecification","valueRequired":true,"valueName":"search_term_string"}}],"inLanguage":"fr-FR"},{"@type":"Organization","@id":"https:\/\/cifar.ca\/fr\/#organization","name":"CIFAR","url":"https:\/\/cifar.ca\/fr\/","logo":{"@type":"ImageObject","inLanguage":"fr-FR","@id":"https:\/\/cifar.ca\/fr\/#\/schema\/logo\/image\/","url":"https:\/\/cifar.ca\/wp-content\/uploads\/2020\/01\/cifar-logo-rgb-colour.png","contentUrl":"https:\/\/cifar.ca\/wp-content\/uploads\/2020\/01\/cifar-logo-rgb-colour.png","width":1884,"height":681,"caption":"CIFAR"},"image":{"@id":"https:\/\/cifar.ca\/fr\/#\/schema\/logo\/image\/"}},{"@type":"Person","@id":"https:\/\/cifar.ca\/fr\/#\/schema\/person\/9465a4d8e262ec9ae69399b6ba3fd8c6","name":"Maninder Singh","image":{"@type":"ImageObject","inLanguage":"fr-FR","@id":"https:\/\/secure.gravatar.com\/avatar\/e2822c10908091962eaee267fc11d4884d29eb4b5334ca4e839892654e7c3fa5?s=96&d=mm&r=g","url":"https:\/\/secure.gravatar.com\/avatar\/e2822c10908091962eaee267fc11d4884d29eb4b5334ca4e839892654e7c3fa5?s=96&d=mm&r=g","contentUrl":"https:\/\/secure.gravatar.com\/avatar\/e2822c10908091962eaee267fc11d4884d29eb4b5334ca4e839892654e7c3fa5?s=96&d=mm&r=g","caption":"Maninder Singh"}}]}},"_links":{"self":[{"href":"https:\/\/cifar.ca\/fr\/wp-json\/wp\/v2\/posts\/51796","targetHints":{"allow":["GET"]}}],"collection":[{"href":"https:\/\/cifar.ca\/fr\/wp-json\/wp\/v2\/posts"}],"about":[{"href":"https:\/\/cifar.ca\/fr\/wp-json\/wp\/v2\/types\/post"}],"author":[{"embeddable":true,"href":"https:\/\/cifar.ca\/fr\/wp-json\/wp\/v2\/users\/76"}],"replies":[{"embeddable":true,"href":"https:\/\/cifar.ca\/fr\/wp-json\/wp\/v2\/comments?post=51796"}],"version-history":[{"count":0,"href":"https:\/\/cifar.ca\/fr\/wp-json\/wp\/v2\/posts\/51796\/revisions"}],"wp:featuredmedia":[{"embeddable":true,"href":"https:\/\/cifar.ca\/fr\/wp-json\/wp\/v2\/media\/32728"}],"wp:attachment":[{"href":"https:\/\/cifar.ca\/fr\/wp-json\/wp\/v2\/media?parent=51796"}],"wp:term":[{"taxonomy":"category","embeddable":true,"href":"https:\/\/cifar.ca\/fr\/wp-json\/wp\/v2\/categories?post=51796"},{"taxonomy":"post_tag","embeddable":true,"href":"https:\/\/cifar.ca\/fr\/wp-json\/wp\/v2\/tags?post=51796"}],"curies":[{"name":"wp","href":"https:\/\/api.w.org\/{rel}","templated":true}]}}