{"id":52717,"date":"2022-06-03T15:20:13","date_gmt":"2022-06-03T19:20:13","guid":{"rendered":"https:\/\/cifar.ca\/?p=52717"},"modified":"2025-12-18T02:29:36","modified_gmt":"2025-12-18T07:29:36","slug":"voici-la-cohorte-2022-2024-des-membres-du-programme-des-chercheurs-mondiaux-cifar-azrieli","status":"publish","type":"post","link":"https:\/\/cifar.ca\/fr\/cifarnews\/2022\/06\/03\/voici-la-cohorte-2022-2024-des-membres-du-programme-des-chercheurs-mondiaux-cifar-azrieli\/","title":{"rendered":"Voici la cohorte 2022-2024 des membres du programme des chercheurs mondiaux CIFAR-Azrieli"},"content":{"rendered":"\r\n\r\n\r\n\t\tPar: <strong>Johnny Kung<\/strong>\r\n\t\t29 Sep, 2022\r\n\t<h4>Pour soutenir la prochaine g\u00e9n\u00e9ration de leaders scientifiques, le CIFAR accueille de nouveaux membres du programme des chercheurs mondiaux CIFAR-Azrieli choisis pour l&rsquo;excellence de leurs recherches et de leur leadership.<\/h4>\r\n<p>Nous avons fait membres du programme des chercheurs mondiaux CIFAR-Azrieli pour 2022-2024 dix-huit scientifiques en d\u00e9but de carri\u00e8re. L&rsquo;annonce de la cohorte de cette ann\u00e9e arrive dans une ann\u00e9e charni\u00e8re, alors que le CIFAR c\u00e9l\u00e8bre son 40e anniversaire.<\/p>\r\n<p>Pour comm\u00e9morer ses 40 ann\u00e9es d&rsquo;exploration des questions les plus pressantes de la science et de l&rsquo;humanit\u00e9, le CIFAR c\u00e9l\u00e8bre non seulement sa riche histoire, mais aussi son impact futur et la fa\u00e7on dont il jouera un r\u00f4le central dans le soutien de la prochaine g\u00e9n\u00e9ration de scientifiques.<\/p>\r\n<p>Le programme des <a href=\"https:\/\/cifar.ca\/fr\/initiatives-a-lintention-de-la-prochaine-generation\/chercheurs-mondiaux\/\" target=\"_blank\" rel=\"noopener\">chercheurs mondiaux CIFAR-Azrieli<\/a> fait partie d&rsquo;une s\u00e9rie d&rsquo;initiatives \u00e0 l&rsquo;intention de la nouvelle g\u00e9n\u00e9ration; son objectif est de stimuler le potentiel de scientifiques en d\u00e9but de carri\u00e8re \u00e0 poursuivre des id\u00e9es audacieuses \u00e0 fort impact.<\/p>\r\n<p>\u00ab Le programme offre une occasion incomparable d&rsquo;explorer des sujets v\u00e9ritablement interdisciplinaires aux c\u00f4t\u00e9s de certains des plus illustres scientifiques du monde, \u00e0 la recherche de r\u00e9ponses \u00e0 certaines des questions les plus difficiles \u00bb, d\u00e9clare Rachel Parker, directrice principale, Recherche.<\/p>\r\n<p>S\u00e9lectionn\u00e9es parmi plus de 200 candidatures admissibles provenant de 32 pays, les 18 personnes retenues travaillent dans des institutions de six pays : Canada, Chili, Inde, Afrique du Sud, Royaume-Uni et \u00c9tats-Unis.<\/p>\r\n<p>Le programme des chercheurs mondiaux CIFAR-Azrieli est un programme exceptionnel qui offre 100 000 $ en soutien \u00e0 la recherche sans restriction, en plus d&rsquo;occasions de mentorat, de r\u00e9seautage \u00e0 l&rsquo;\u00e9chelle mondiale et de perfectionnement des comp\u00e9tences professionnelles.<\/p>\r\n<p>Pendant deux ans, les membres de ce programme participent \u00e0 l&rsquo;un des 12 axes de recherche du CIFAR o\u00f9 ils ont l&rsquo;occasion de collaborer avec les membres de l&rsquo;Institut. La cohorte de cette ann\u00e9e contribuera aux programmes <a href=\"https:\/\/cifar.ca\/fr\/programmes-de-recherche\/energie-solaire-bio-inspiree\/\" target=\"_blank\" rel=\"noopener\">\u00c9nergie solaire bio-inspir\u00e9e<\/a>, <a href=\"https:\/\/cifar.ca\/fr\/programmes-de-recherche\/developpement-du-cerveau-et-de-lenfant\/\" target=\"_blank\" rel=\"noopener\">D\u00e9veloppement du cerveau et de l&rsquo;enfant<\/a>, <a href=\"https:\/\/cifar.ca\/fr\/programmes-de-recherche\/extreme-univers-et-gravite\/\" target=\"_blank\" rel=\"noopener\">Extr\u00eame Univers et gravit\u00e9<\/a>, <a href=\"https:\/\/cifar.ca\/fr\/programmes-de-recherche\/apprentissage-automatique-apprentissage-biologiques\/\" target=\"_blank\" rel=\"noopener\">Apprentissage automatique, apprentissage biologique<\/a>, <a href=\"https:\/\/cifar.ca\/fr\/programmes-de-recherche\/informatique-quantique\/\" target=\"_blank\" rel=\"noopener\">Informatique quantique<\/a> et <a href=\"https:\/\/cifar.ca\/fr\/programmes-de-recherche\/materiaux-quantiques\/\" target=\"_blank\" rel=\"noopener\">Mat\u00e9riaux quantiques<\/a>. Une fois leur mandat termin\u00e9, plusieurs continuent \u00e0 contribuer \u00e0 la communaut\u00e9 du CIFAR \u00e0 titre de membres du CIFAR, de titulaires de chaire en IA Canada-CIFAR ou encore par leur participation \u00e0 des ateliers.<\/p>\r\n<p>\u00ab Je tiens \u00e0 f\u00e9liciter et \u00e0 accueillir notre septi\u00e8me cohorte de membres du programme des chercheurs mondiaux CIFAR-Azrieli. Ces personnes comptent parmi les jeunes scientifiques au talent le plus prometteur au monde \u00bb, a d\u00e9clar\u00e9 Alan Bernstein, O.C., pr\u00e9sident et chef de la direction du CIFAR.<\/p>\r\n<p>\u00ab L&rsquo;humanit\u00e9 fait face \u00e0 de nombreux d\u00e9fis complexes et urgents, qu&rsquo;il s&rsquo;agisse de l&rsquo;in\u00e9galit\u00e9 des revenus ou des changements climatiques. Nous avons besoin de scientifiques de talent qui misent sur la cr\u00e9ativit\u00e9, en particulier de la prochaine g\u00e9n\u00e9ration en recherche, pour contribuer \u00e0 l&rsquo;effort mondial visant \u00e0 relever ces d\u00e9fis et \u00e0 r\u00e9soudre ces questions scientifiques passionnantes. Il est primordial d&rsquo;offrir des opportunit\u00e9s \u00e0 cette nouvelle g\u00e9n\u00e9ration de cerveaux innovants \u00bb, ajoute Alan Bernstein. \u00ab Voil\u00e0 pourquoi des programmes comme celui des chercheurs mondiaux CIFAR-Azrieli sont si importants pour faire progresser la science et permettre un changement positif dans le monde. \u00bb<\/p>\r\n\t<h2><b>D\u00e9couvrez la cohorte 2022-2024 des membres du programme des chercheurs mondiaux CIFAR-Azrieli<\/b><\/h2>\r\n\t  \t\t \t\t\t\t<h2>Articles li\u00e9s<\/h2>\r\n\t\t\t\t\t\t<ul>\r\n\t\t\t\t\t\t\t\t\t<li>\r\n\t\t\t\t\t\t<a href=\"https:\/\/cifar.ca\/fr\/cifarnews\/2022\/10\/20\/le-cifar-annonce-la-creation-de-la-bourse-honorifique-alan-bernstein-en-soutien-a-la-prochaine-generation-de-scientifiques\/\">Le CIFAR annonce la cr\u00e9ation de la bourse honorifique Alan Bernstein en soutien \u00e0 la prochaine g\u00e9n\u00e9ration de scientifiques<\/a>\r\n\t\t\t\t\t\t20 octobre 2022\r\n\t\t\t\t\t<\/li>\r\n\t\t\t\t\t\t\t\t\t<li>\r\n\t\t\t\t\t\t<a href=\"https:\/\/cifar.ca\/fr\/cifarnews\/2022\/10\/03\/marla-b-sokolowski-et-w-thomas-boyce-nommes-membres-distingues-du-cifar\/\">Marla B. Sokolowski et W. Thomas Boyce nomm\u00e9s membres distingu\u00e9s du CIFAR<\/a>\r\n\t\t\t\t\t\t03 octobre 2022\r\n\t\t\t\t\t<\/li>\r\n\t\t\t\t\t\t\t\t\t<li>\r\n\t\t\t\t\t\t<a href=\"https:\/\/cifar.ca\/fr\/cifarnews\/2022\/09\/29\/nouvelles-perspectives-sur-la-science-de-la-conscience-le-cifar-accueille-un-evenement-destine-a-la-prochaine-generation-a-cancun\/\">Nouvelles perspectives sur la science de la conscience : Le CIFAR accueille un \u00e9v\u00e9nement destin\u00e9 \u00e0 la prochaine g\u00e9n\u00e9ration \u00e0 Cancun<\/a>\r\n\t\t\t\t\t\t29 septembre 2022\r\n\t\t\t\t\t<\/li>\r\n\t\t\t\t\t\t\t\t\t<li>\r\n\t\t\t\t\t\t<a href=\"https:\/\/cifar.ca\/fr\/cifarnews\/2022\/09\/28\/fin-de-lapar-2022-et-reprise-de-la-formation-en-personne-en-2023\/\">Fin de l&rsquo;APAR 2022 et reprise de la formation en personne en 2023<\/a>\r\n\t\t\t\t\t\t28 septembre 2022\r\n\t\t\t\t\t<\/li>\r\n\t\t\t\t\t\t\t<\/ul>\r\n\t\t\t\t<img loading=\"lazy\" decoding=\"async\" src=\"https:\/\/cifar.ca\/wp-content\/uploads\/2022\/05\/QIS_Ashok-Ajoy_web.jpg\" alt=\"QIS_Ashok-Ajoy_web\" itemprop=\"image\" height=\"400\" width=\"400\" title=\"QIS_Ashok-Ajoy_web\" onerror=\"this.style.display='none'\"  \/>\t\t\t\t\t\r\n\t<h3><a href=\"https:\/\/cifar.ca\/fr\/biographie\/ashok-ajoy\/\" target=\"_blank\" rel=\"noopener\">Ashok Ajoy<\/a><\/h3>\r\n<strong>Informatique quantique<\/strong><br \/>\r\n(Universit\u00e9 de la Californie \u00e0 Berkeley)\r\n<p>Ashok Ajoy et son groupe cherchent \u00e0 exploiter la puissance des technologies quantiques pour relever des d\u00e9fis concrets dans le domaine des sciences chimiques. Ils se concentrent en particulier sur la mise au point de m\u00e9thodes de r\u00e9sonance magn\u00e9tique nucl\u00e9aire (RMN) \u00ab am\u00e9lior\u00e9es sur le plan quantique \u00bb pour \u00e9tudier des syst\u00e8mes complexes. <\/p>\r\n\t\t\t\t<img loading=\"lazy\" decoding=\"async\" src=\"https:\/\/cifar.ca\/wp-content\/uploads\/2022\/05\/GEU_Yacine.jpg\" alt=\"GEU_Yacine\" itemprop=\"image\" height=\"400\" width=\"400\" title=\"GEU_Yacine\" onerror=\"this.style.display='none'\"  \/>\t\t\t\t\t\r\n\t<h3><a href=\"https:\/\/cifar.ca\/fr\/biographie\/yacine-ali-haimoud\/\" target=\"_blank\" rel=\"noopener\">Yacine Ali-Haimoud<\/a><\/h3>\r\n<strong>Extr\u00eame Univers et gravit\u00e9 <\/strong><br \/>\r\n(Universit\u00e9 de New York)\r\n<p>Dans ses recherches, Yacine Ali-Ha\u00efmoud vise \u00e0 comprendre la nature de la mati\u00e8re sombre qui impr\u00e8gne l&rsquo;Univers et demeure un profond myst\u00e8re. Il cherche des indices sur le type de nouvelle particule que pourrait constituer la mati\u00e8re sombre en \u00e9tudiant les empreintes qu&rsquo;elle pourrait laisser dans le fond diffus cosmologique.<\/p>\r\n\t\t\t\t<img loading=\"lazy\" decoding=\"async\" src=\"https:\/\/cifar.ca\/wp-content\/uploads\/2022\/05\/QM_Zakaria-Al-Balushi-bw-web.jpg\" alt=\"QM_Zakaria-Al-Balushi-bw-web\" itemprop=\"image\" height=\"400\" width=\"400\" title=\"QM_Zakaria-Al-Balushi-bw-web\" onerror=\"this.style.display='none'\"  \/>\t\t\t\t\t\r\n\t<h3><a href=\"https:\/\/cifar.ca\/fr\/biographie\/zakaria-al-balushi\/\" target=\"_blank\" rel=\"noopener\">Zakaria Al Balushi<\/a><\/h3>\r\n<strong>Mat\u00e9riaux quantiques<\/strong><br \/>\r\n(Universit\u00e9 de la Californie \u00e0 Berkeley)\r\n<p>Zakaria Al Balushi se penche sur la synth\u00e8se de mat\u00e9riaux \u00e9lectroniques en couches minces (h\u00e9t\u00e9rostructures de semi-conducteurs compos\u00e9s, mat\u00e9riaux quantiques, etc.) et en nanostructures (mat\u00e9riaux 2D, nanofils, points quantiques, etc.) \u00e0 l&rsquo;aide de techniques de d\u00e9p\u00f4t chimique en phase vapeur (CVD pour chemical vapor deposition). <\/p>\r\n\t\t\t\t<img loading=\"lazy\" decoding=\"async\" src=\"https:\/\/cifar.ca\/wp-content\/uploads\/2022\/05\/BSE_Chibueze-Amanchukwu_web.jpg\" alt=\"BSE_Chibueze-Amanchukwu_web\" itemprop=\"image\" height=\"400\" width=\"400\" title=\"BSE_Chibueze-Amanchukwu_web\" onerror=\"this.style.display='none'\"  \/>\t\t\t\t\t\r\n\t<h3><a href=\"https:\/\/cifar.ca\/fr\/biographie\/chibueze-amanchukwu\/\" target=\"_blank\" rel=\"noopener\">Chibueze Amanchukwu<\/a><\/h3>\r\n<strong>\u00c9nergie solaire bio-inspir\u00e9e<\/strong><br \/>\r\n(Universit\u00e9 de Chicago)\r\n<p>Les travaux de Chibueze Amanchukwu consistent \u00e0 reconsid\u00e9rer le CO2 &#8211; au lieu des combustibles fossiles &#8211; comme ressource dans une nouvelle industrie chimique. Pour ce faire, son groupe de recherche combine le CO2 ind\u00e9sirable comme source de carbone, le H2O comme source de protons et les \u00e9lectrons de l&rsquo;\u00e9lectricit\u00e9 renouvelable comme source d&rsquo;\u00e9nergie pour fabriquer les produits souhait\u00e9s. <\/p>\r\n\t\t\t\t<img loading=\"lazy\" decoding=\"async\" src=\"https:\/\/cifar.ca\/wp-content\/uploads\/2022\/05\/CBD_Natalie-Brito_web.jpg\" alt=\"CBD_Natalie-Brito_web\" itemprop=\"image\" height=\"400\" width=\"400\" title=\"CBD_Natalie-Brito_web\" onerror=\"this.style.display='none'\"  \/>\t\t\t\t\t\r\n\t<h3><a href=\"https:\/\/cifar.ca\/fr\/biographie\/natalie-hiromi-brito\/\" target=\"_blank\" rel=\"noopener\">Natalie Hiromi Brito<\/a><\/h3>\r\n<strong>D\u00e9veloppement du cerveau et de l&rsquo;enfant<\/strong><br \/>\r\n(Universit\u00e9 de New York)\r\n<p>Natalie Hiromi Brito est une psychologue du d\u00e9veloppement dot\u00e9e d&rsquo;une formation en \u00e9valuation neurocomportementale, en interaction parents-enfants et en \u00e9lectroenc\u00e9phalographie (EEG). Ses travaux portent essentiellement sur la fa\u00e7on dont les contextes sociaux et culturels pr\u00e9coces influencent la trajectoire du d\u00e9veloppement neurocognitif.<\/p>\r\n\t\t\t\t<img loading=\"lazy\" decoding=\"async\" src=\"https:\/\/cifar.ca\/wp-content\/uploads\/2022\/05\/LMB_Eva-Dyer_web.jpg\" alt=\"LMB_Eva-Dyer_web\" itemprop=\"image\" height=\"400\" width=\"400\" title=\"LMB_Eva-Dyer_web\" onerror=\"this.style.display='none'\"  \/>\t\t\t\t\t\r\n\t<h3><a href=\"https:\/\/cifar.ca\/fr\/biographie\/eva-dyer\/\" target=\"_blank\" rel=\"noopener\">Eva Dyer<\/a><\/h3>\r\n<strong>Apprentissage automatique, apprentissage biologique<\/strong><br \/>\r\n(Institut de technologie de la G\u00e9orgie)\r\n<p>Dans ses recherches, Eva Dyer associe l&rsquo;apprentissage automatique et les neurosciences pour comprendre le cerveau, son fonctionnement et la fa\u00e7on dont la maladie fa\u00e7onne les circuits neuronaux. Son laboratoire, le Neural Data Science (NerDS) Lab, met au point de nouveaux outils et cadres pour interpr\u00e9ter des ensembles de donn\u00e9es neuroscientifiques complexes et cr\u00e9er des architectures d&rsquo;intelligence artificielle inspir\u00e9es du cerveau.<\/p>\r\n\t\t\t\t<img loading=\"lazy\" decoding=\"async\" src=\"https:\/\/cifar.ca\/wp-content\/uploads\/2022\/05\/QM_Alex-Frano_web.jpg\" alt=\"QM_Alex-Frano_web\" itemprop=\"image\" height=\"400\" width=\"400\" title=\"QM_Alex-Frano_web\" onerror=\"this.style.display='none'\"  \/>\t\t\t\t\t\r\n\t<h3><a href=\"https:\/\/cifar.ca\/fr\/biographie\/alex-frano\/\" target=\"_blank\" rel=\"noopener\">Alex Fra\u00f1\u00f3<\/a><\/h3>\r\n<strong>Mat\u00e9riaux quantiques<\/strong><br \/>\r\n(Universit\u00e9 de la Californie \u00e0 San Diego)\r\n<p>Alex Fra\u00f1\u00f3 est un exp\u00e9rimentateur dans le domaine de la mati\u00e8re condens\u00e9e dont les recherches se situent au croisement de la science fondamentale des mat\u00e9riaux, de l&rsquo;informatique neuromorphique et des ph\u00e9nom\u00e8nes d&rsquo;autoassemblage m\u00e9soscopique. Son groupe de recherche \u00e9tudie sp\u00e9cifiquement les syst\u00e8mes d&rsquo;\u00e9lectrons fortement corr\u00e9l\u00e9s, aussi appel\u00e9s \u00ab mat\u00e9riaux quantiques \u00bb, en raison des propri\u00e9t\u00e9s d\u00e9routantes des \u00e9lectrons dans ces mat\u00e9riaux, ainsi que divers outils de diffusion des rayons X pour les sonder.<\/p>\r\n\t\t\t\t<img loading=\"lazy\" decoding=\"async\" src=\"https:\/\/cifar.ca\/wp-content\/uploads\/2022\/05\/BSE_Ariel-Furst_web.jpg\" alt=\"BSE_Ariel-Furst_web\" itemprop=\"image\" height=\"400\" width=\"400\" title=\"BSE_Ariel-Furst_web\" onerror=\"this.style.display='none'\"  \/>\t\t\t\t\t\r\n\t<h3><a href=\"https:\/\/cifar.ca\/fr\/biographie\/ariel-furst\/\" target=\"_blank\" rel=\"noopener\">Ariel Furst<\/a><\/h3>\r\n<strong>\u00c9nergie solaire bio-inspir\u00e9e <\/strong><br \/>\r\n(Institut de technologie du Massachusetts)\r\n<p>Dans ses recherches, Ariel Furst met l&rsquo;accent sur l&rsquo;int\u00e9gration des outils du g\u00e9nie chimique et biologique \u00e0 l&rsquo;\u00e9lectrochimie. Le groupe de Furst d\u00e9veloppe des technologies peu co\u00fbteuses et d\u00e9ployables pour am\u00e9liorer la sant\u00e9 humaine et environnementale, tout en veillant \u00e0 la formation et \u00e0 l&rsquo;\u00e9ducation de la prochaine g\u00e9n\u00e9ration de leaders scientifiques. <\/p>\r\n\t\t\t\t<img loading=\"lazy\" decoding=\"async\" src=\"https:\/\/cifar.ca\/wp-content\/uploads\/2022\/05\/CBD_Amanda-Lea_web.jpg\" alt=\"CBD_Amanda-Lea_web\" itemprop=\"image\" height=\"400\" width=\"400\" title=\"CBD_Amanda-Lea_web\" onerror=\"this.style.display='none'\"  \/>\t\t\t\t\t\r\n\t<h3><a href=\"https:\/\/cifar.ca\/fr\/biographie\/amanda-lea\/\" target=\"_blank\" rel=\"noopener\">Amanda Lea<\/a><\/h3>\r\n<strong>D\u00e9veloppement du cerveau et de l&rsquo;enfant<\/strong><br \/>\r\n(Universit\u00e9 Vanderbilt)\r\n<p>Amanda Lea fait appel \u00e0 des m\u00e9thodes anthropologiques et g\u00e9nomiques pour \u00e9tudier les effets du d\u00e9but de la vie sur les processus mol\u00e9culaires et la sant\u00e9 au sein de populations internationales qui connaissent des changements socioculturels rapides. Elle enrichit ce travail de terrain par des exp\u00e9riences en laboratoire afin d&rsquo;\u00e9tudier comment les effets du d\u00e9but de la vie \u00ab s&rsquo;int\u00e9riorisent \u00bb et influencent la fonction cellulaire.<\/p>\r\n\t\t\t\t<img loading=\"lazy\" decoding=\"async\" src=\"https:\/\/cifar.ca\/wp-content\/uploads\/2022\/05\/QM_Qiong-Ma-2_web.jpg\" alt=\"QM_Qiong-Ma-2_web\" itemprop=\"image\" height=\"400\" width=\"400\" title=\"QM_Qiong-Ma-2_web\" onerror=\"this.style.display='none'\"  \/>\t\t\t\t\t\r\n\t<h3><a href=\"https:\/\/cifar.ca\/fr\/biographie\/qiong-ma\/\" target=\"_blank\" rel=\"noopener\">Qiong Ma<\/a><\/h3>\r\n<strong>Mat\u00e9riaux quantiques<\/strong><br \/>\r\n(Coll\u00e8ge de Boston)\r\n<p>Dans ses recherches, Qiong Ma vise \u00e0 d\u00e9couvrir et \u00e0 comprendre des mat\u00e9riaux complexes pour en tirer des fonctionnalit\u00e9s \u00e9mergentes. En rassemblant les composantes individuelles des mat\u00e9riaux et en activant les interactions entre elles, les mat\u00e9riaux peuvent exhiber des comportements collectifs auxquels on ne peut s&rsquo;attendre de la part de leurs composantes microscopiques, donnant lieu \u00e0 des fonctionnalit\u00e9s \u00e9mergentes. Son laboratoire vise \u00e0 comprendre et \u00e0 utiliser ces fonctions \u00e9mergentes pour cr\u00e9er de nouvelles technologies. <\/p>\r\n\t\t\t\t<img loading=\"lazy\" decoding=\"async\" src=\"https:\/\/cifar.ca\/wp-content\/uploads\/2022\/05\/GEU_Katherine-Mack_web.jpg\" alt=\"GEU_Katherine-Mack_web\" itemprop=\"image\" height=\"400\" width=\"400\" title=\"GEU_Katherine-Mack_web\" onerror=\"this.style.display='none'\"  \/>\t\t\t\t\t\r\n\t<h3><a href=\"https:\/\/cifar.ca\/fr\/biographie\/katherine-mack\/\" target=\"_blank\" rel=\"noopener\">Katherine Mack<\/a><\/h3>\r\n<strong>Extr\u00eame Univers et gravit\u00e9 <\/strong><br \/>\r\n(Institut Perimeter de physique th\u00e9orique et Universit\u00e9 d&rsquo;\u00e9tat de la Caroline du Nord)\r\n<p>Les recherches de Katherine Mack portent sur la cosmologie, l&rsquo;\u00e9tude de l&rsquo;histoire, de l&rsquo;\u00e9volution, de la composition et de l&rsquo;avenir du cosmos. Plut\u00f4t que de se consacrer \u00e0 la formulation de th\u00e9ories ou \u00e0 la collecte de donn\u00e9es, elle travaille en ph\u00e9nom\u00e9nologie dans le but d&rsquo;\u00e9tablir des liens entre une th\u00e9orie physique et ses implications observationnelles ou th\u00e9oriques.<\/p>\r\n\t\t\t\t<img loading=\"lazy\" decoding=\"async\" src=\"https:\/\/cifar.ca\/wp-content\/uploads\/2022\/05\/BSE_Eva-Nichols_web.jpg\" alt=\"BSE_Eva-Nichols_web\" itemprop=\"image\" height=\"400\" width=\"400\" title=\"BSE_Eva-Nichols_web\" onerror=\"this.style.display='none'\"  \/>\t\t\t\t\t\r\n\t<h3><a href=\"https:\/\/cifar.ca\/fr\/biographie\/eva-nichols\/\" target=\"_blank\" rel=\"noopener\">Eva Nichols<\/a><\/h3>\r\n<strong>\u00c9nergie solaire bioinspir\u00e9e<\/strong><br \/>\r\n(Universit\u00e9 de la Colombie-Britannique)\r\n<p>Dans ses recherches, Eva Nichols s&rsquo;int\u00e9resse au d\u00e9veloppement et \u00e0 la compr\u00e9hension des catalyseurs pour la r\u00e9duction \u00e9lectrochimique du carbone oxyd\u00e9 en produits \u00e0 valeur ajout\u00e9e. Son groupe de recherche s&rsquo;efforce d&rsquo;am\u00e9liorer l&rsquo;activit\u00e9 et la s\u00e9lectivit\u00e9 des catalyseurs en s&rsquo;inspirant de la biologie et en appliquant des principes g\u00e9n\u00e9raux de conception d&rsquo;enzymes fixatrices de CO2 \u00e0 des syst\u00e8mes \u00e0 base de mol\u00e9cules et de mat\u00e9riaux synth\u00e9tiques. <\/p>\r\n\t\t\t\t<img loading=\"lazy\" decoding=\"async\" src=\"https:\/\/cifar.ca\/wp-content\/uploads\/2022\/05\/LMB_EmmaPierson-web.jpg\" alt=\"LMB_EmmaPierson-web\" itemprop=\"image\" height=\"400\" width=\"400\" title=\"LMB_EmmaPierson-web\" onerror=\"this.style.display='none'\"  \/>\t\t\t\t\t\r\n\t<h3><a href=\"https:\/\/cifar.ca\/fr\/biographie\/emma-pierson\/\" target=\"_blank\" rel=\"noopener\">Emma Pierson<\/a><\/h3>\r\n<strong>Apprentissage automatique, apprentissage biologique<\/strong><br \/>\r\n(Cornell Tech et Technion &#8211; Institut de technologie d&rsquo;Isra\u00ebl)\r\n<p>Emma Pierson met \u00e0 profit l&rsquo;IA pour tenter de cr\u00e9er un monde plus \u00e9quitable. L&rsquo;IA nous procure la capacit\u00e9 surhumaine de scruter de nouveaux ensembles de donn\u00e9es complexes; nous pouvons exploiter cette capacit\u00e9 pour accro\u00eetre l&rsquo;\u00e9galit\u00e9 sociale en choisissant soigneusement o\u00f9 nous regardons et en donnant la priorit\u00e9 aux personnes que nous ne prenions pas en compte auparavant.<\/p>\r\n\t\t\t\t<img loading=\"lazy\" decoding=\"async\" src=\"https:\/\/cifar.ca\/wp-content\/uploads\/2022\/06\/LMB-Benjamin-Rosman-web.jpg\" alt=\"LMB-Benjamin-Rosman-web\" itemprop=\"image\" height=\"400\" width=\"400\" title=\"LMB-Benjamin-Rosman-web\" onerror=\"this.style.display='none'\"  \/>\t\t\t\t\t\r\n\t\t\t\t<img decoding=\"async\" src=\"https:\/\/cifar.ca\/wp-content\/plugins\/bb-plugin\/img\/pixel.png\" alt=\"\" itemprop=\"image\" onerror=\"this.style.display='none'\"  \/>\t\t\t\t\t\r\n\t<h3><a href=\"https:\/\/cifar.ca\/fr\/biographie\/benjamin-rosman\/\" target=\"_blank\" rel=\"noopener\">Benjamin Rosman<\/a><\/h3>\r\n<strong>Apprentissage automatique, apprentissage biologique<\/strong><br \/>\r\n(Universit\u00e9 de Witwatersrand)\r\n<p>Les recherches de Benjamin Rosman visent \u00e0 comprendre comment les connaissances acquises par un robot ou d&rsquo;autres agents artificiels lors de la r\u00e9solution d&rsquo;une t\u00e2che peuvent \u00eatre r\u00e9utilis\u00e9es pour la suivante, en s&rsquo;inspirant de la capacit\u00e9 des humains \u00e0 d\u00e9composer des probl\u00e8mes complexes en \u00e9l\u00e9ments r\u00e9utilisables.<\/p>\r\n\t\t\t\t<img loading=\"lazy\" decoding=\"async\" src=\"https:\/\/cifar.ca\/wp-content\/uploads\/2022\/05\/CBD_Danielle-Roubinov_web.jpg\" alt=\"CBD_Danielle-Roubinov_web\" itemprop=\"image\" height=\"400\" width=\"400\" title=\"CBD_Danielle-Roubinov_web\" onerror=\"this.style.display='none'\"  \/>\t\t\t\t\t\r\n\t<h3><a href=\"https:\/\/cifar.ca\/fr\/biographie\/danielle-roubinov\/\" target=\"_blank\" rel=\"noopener\">Danielle Roubinov<\/a><\/h3>\r\n<strong>D\u00e9veloppement du cerveau et de l&rsquo;enfant<\/strong><br \/>\r\n(Universit\u00e9 de la Californie \u00e0 San Francisco et Universit\u00e9 de la Caroline du Nord \u00e0 Chapel Hill)\r\n<p>Danielle Roubinov s&rsquo;int\u00e9resse \u00e0 la fa\u00e7on dont les exp\u00e9riences de stress influencent le corps et l&rsquo;esprit des enfants pendant des p\u00e9riodes sensibles des premi\u00e8res ann\u00e9es de la vie. Elle \u00e9tudie comment l&rsquo;adversit\u00e9 pendant l&rsquo;enfance peut agir sur les m\u00e9canismes biologiques et comportementaux pr\u00e9coces qui augmentent le risque pour les enfants de conna\u00eetre des probl\u00e8mes de sant\u00e9 psychologique, ainsi que les diff\u00e9rents facteurs de protection qui favorisent la r\u00e9silience.<\/p>\r\n\t\t\t\t<img loading=\"lazy\" decoding=\"async\" src=\"https:\/\/cifar.ca\/wp-content\/uploads\/2022\/05\/QIS_Paul-Skrzypczyk_web.jpg\" alt=\"QIS_Paul-Skrzypczyk_web\" itemprop=\"image\" height=\"400\" width=\"400\" title=\"QIS_Paul-Skrzypczyk_web\" onerror=\"this.style.display='none'\"  \/>\t\t\t\t\t\r\n\t<h3><a href=\"https:\/\/cifar.ca\/fr\/biographie\/paul-skrzypczyk\/\" target=\"_blank\" rel=\"noopener\">Paul Skrzypczyk<\/a><\/h3>\r\n<strong>Informatique quantique <\/strong><br \/>\r\n(Universit\u00e9 de Bristol)\r\n<p>Les recherches de Paul Skrzypczyk portent sur l&rsquo;ensemble des moyens fondamentalement nouveaux et extraordinaires par lesquels l&rsquo;intrication quantique nous permet de traiter l&rsquo;information, et sur ce que cela nous apprend en retour sur le tissu m\u00eame de la nature.<\/p>\r\n\t\t\t\t<img loading=\"lazy\" decoding=\"async\" src=\"https:\/\/cifar.ca\/wp-content\/uploads\/2022\/05\/QIS_Pablo-Solano-web.jpg\" alt=\"QIS_Pablo-Solano-web\" itemprop=\"image\" height=\"400\" width=\"400\" title=\"QIS_Pablo-Solano-web\" onerror=\"this.style.display='none'\"  \/>\t\t\t\t\t\r\n\t<h3><a href=\"https:\/\/cifar.ca\/fr\/biographie\/pablo-solano\/\" target=\"_blank\" rel=\"noopener\">Pablo Solano<\/a><\/h3>\r\n<strong>Informatique quantique<\/strong><br \/>\r\n(Universit\u00e9 de Concepci\u00f3n)\r\n<p>Pablo Solano s&rsquo;int\u00e9resse \u00e0 l&rsquo;interaction de la mati\u00e8re avec la lumi\u00e8re. Les atomes repr\u00e9sentent les \u00e9l\u00e9ments constitutifs de tout ce qui nous entoure; ils sont la cl\u00e9 pour \u00e9lucider et exploiter les propri\u00e9t\u00e9s du monde quantique. Les recherches de Solano portent sur les effets physiques et les applications possibles de l&rsquo;interconnexion des atomes \u00e0 distance. Par ailleurs, ces plateformes associent aussi les aspects exp\u00e9rimentaux et th\u00e9oriques de la physique atomique, de l&rsquo;optique quantique et de l&rsquo;informatique quantique.<\/p>\r\n\t\t\t\t<img loading=\"lazy\" decoding=\"async\" src=\"https:\/\/cifar.ca\/wp-content\/uploads\/2022\/05\/GEU_Shriharsh-Tendulkar_web.jpg\" alt=\"GEU_Shriharsh-Tendulkar_web\" itemprop=\"image\" height=\"400\" width=\"400\" title=\"GEU_Shriharsh-Tendulkar_web\" onerror=\"this.style.display='none'\"  \/>\t\t\t\t\t\r\n\t<h3><a href=\"https:\/\/cifar.ca\/fr\/biographie\/shriharsh-tendulkar\/\" target=\"_blank\" rel=\"noopener\">Shriharsh Tendulkar<\/a><\/h3>\r\n<strong>Extr\u00eame Univers et gravit\u00e9<\/strong><br \/>\r\nInstitut Tata de recherche fondamentale et Centre national de radioastrophysique) \r\n<p>Shriharsh Tendulkar \u00e9tudie les ph\u00e9nom\u00e8nes astrophysiques transitoires &#8211; des \u00e9v\u00e9nements extr\u00eamement violents comme les myst\u00e9rieux sursauts radio rapides (SRR) et autres explosions dans l&rsquo;Univers dont la dur\u00e9e se mesure en millisecondes, mais qui lib\u00e8rent plus d&rsquo;\u00e9nergie que le Soleil en mille ans. Ces sursauts constituent des laboratoires pour \u00e9tudier le comportement de la mati\u00e8re, de la lumi\u00e8re et des champs magn\u00e9tiques dans des environnements extr\u00eames et servent de sondes pour \u00e9tudier la structure de l&rsquo;Univers.<\/p>\r\n\t<ul>\r\n\t\t<li>\r\n\t\t\t<button>\r\n\t\t\t\tImprimer\r\n\t\t\t<\/button>\r\n\t\t<\/li>\r\n\t\t<li>\r\n\t\t\t<button>\r\n\t\t\t\tCopier le lien\r\n\t\t\t<\/button>\r\n\t\t\t<label for=\"singleShareHiddenInput\">single share hidden input<\/label>\r\n\t\t\t<input id=\"singleShareHiddenInput\" tabindex=\"-1\" type=\"text\"\/>\r\n\t\t<\/li>\r\n\t\t\t\t<li>\r\n\t\t\t<button aria-controls=\"singleSharePlatforms-b07a4d1117c9ccb16b83985d941f8b80\">\r\n\t\t\t\tPartager\r\n\t\t\t<\/button>\r\n\t\t<\/li>\r\n\t\t\t<\/ul>\r\n<h2>\r\n\t\tSoutenez-nous\r\n\t<\/h2>\r\n\t<p><strong>Le CIFAR<\/strong> est un organisme de bienfaisance enregistr\u00e9 qui re\u00e7oit le soutien des gouvernements du Canada, de l&rsquo;Alberta et du Qu\u00e9bec, ainsi que de fondations, de donateurs individuels, d&rsquo;entreprises et de partenaires canadiens et internationaux.<\/p>\r\n   <!-- Mandeep add class on anchor -->\r\n\t<a href=\"https:\/\/cifar.ca\/fr\/dons\/\" target=\"_self\" rel=\"noopener\">\r\n\t\t\t\t\tDons\t\t\t\t\t\t\t\r\n\t\t\t\t\t\t<\/a>\r\n\r\n","protected":false},"excerpt":{"rendered":"<p>In support of the next generation of science leaders, CIFAR welcomes new scholars chosen for their outstanding early-career research in diverse fields<\/p>\n","protected":false},"author":65,"featured_media":52703,"comment_status":"closed","ping_status":"closed","sticky":false,"template":"","format":"standard","meta":{"_acf_changed":false,"footnotes":""},"categories":[1837,1771],"tags":[5400,5401,5402,5403,5404,5241,5405,5248,5258,5406,5407,5408,5409,5397,4633,5410,5240,4634,5411,5412,5413,5414,5415,5416,5417],"class_list":["post-52717","post","type-post","status-publish","format-standard","has-post-thumbnail","hentry","category-chercheurs-mondiaux-cifar-azrieli","category-nouvelles","tag-alex-frano-fr","tag-amanda-lea-fr","tag-ariel-furst-fr","tag-ashok-ajoy-fr","tag-benjamin-rosman-fr","tag-bio-inspired-solar-energy-fr","tag-chibueze-amanchukwu-fr","tag-child-brain-development-fr","tag-cifar-azrieli-global-scholars-fr","tag-danielle-roubinov-fr","tag-emma-pierson-fr","tag-eva-dyer-fr","tag-eva-nichols-fr","tag-gravity-and-the-extreme-universe-fr","tag-informatique-quantique","tag-katherine-mack-fr","tag-learning-in-machines-and-brains-fr","tag-materiaux-quantiques","tag-natalie-hiromi-brito-fr","tag-pablo-solano-fr","tag-paul-skrzypczyk-fr","tag-qiong-ma-fr","tag-shriharsh-tendulkar-fr","tag-yacine-ali-haimoud-fr","tag-zakaria-al-balushi-fr"],"acf":[],"yoast_head":"<!-- This site is optimized with the Yoast SEO plugin v27.2 - https:\/\/yoast.com\/product\/yoast-seo-wordpress\/ -->\n<title>CIFAR<\/title>\n<meta name=\"description\" content=\"In support of the next generation of science leaders, CIFAR welcomes new scholars chosen for their outstanding early-career research in diverse fields\" \/>\n<meta name=\"robots\" content=\"index, follow, max-snippet:-1, max-image-preview:large, max-video-preview:-1\" \/>\n<link rel=\"canonical\" href=\"https:\/\/cifar.ca\/fr\/cifarnews\/2022\/06\/03\/voici-la-cohorte-2022-2024-des-membres-du-programme-des-chercheurs-mondiaux-cifar-azrieli\/\" \/>\n<meta property=\"og:locale\" content=\"fr_FR\" \/>\n<meta property=\"og:type\" content=\"article\" \/>\n<meta property=\"og:title\" content=\"Voici la cohorte 2022-2024 des membres du programme des chercheurs mondiaux CIFAR-Azrieli - CIFAR\" \/>\n<meta property=\"og:description\" content=\"In support of the next generation of science leaders, CIFAR welcomes new scholars chosen for their outstanding early-career research in diverse fields\" \/>\n<meta property=\"og:url\" content=\"https:\/\/cifar.ca\/fr\/cifarnews\/2022\/06\/03\/voici-la-cohorte-2022-2024-des-membres-du-programme-des-chercheurs-mondiaux-cifar-azrieli\/\" \/>\n<meta property=\"og:site_name\" content=\"CIFAR\" \/>\n<meta property=\"article:published_time\" content=\"2022-06-03T19:20:13+00:00\" \/>\n<meta property=\"article:modified_time\" content=\"2025-12-18T07:29:36+00:00\" \/>\n<meta property=\"og:image\" content=\"https:\/\/cifar.ca\/wp-content\/uploads\/2022\/06\/GS_announcement2022.jpg\" \/>\n\t<meta property=\"og:image:width\" content=\"1920\" \/>\n\t<meta property=\"og:image:height\" content=\"1080\" \/>\n\t<meta property=\"og:image:type\" content=\"image\/jpeg\" \/>\n<meta name=\"author\" content=\"Alison Rutka\" \/>\n<meta name=\"twitter:card\" content=\"summary_large_image\" \/>\n<meta name=\"twitter:label1\" content=\"\u00c9crit par\" \/>\n\t<meta name=\"twitter:data1\" content=\"Alison Rutka\" \/>\n\t<meta name=\"twitter:label2\" content=\"Dur\u00e9e de lecture estim\u00e9e\" \/>\n\t<meta name=\"twitter:data2\" content=\"13 minutes\" \/>\n<script type=\"application\/ld+json\" class=\"yoast-schema-graph\">{\"@context\":\"https:\/\/schema.org\",\"@graph\":[{\"@type\":\"Article\",\"@id\":\"https:\/\/cifar.ca\/fr\/cifarnews\/2022\/06\/03\/voici-la-cohorte-2022-2024-des-membres-du-programme-des-chercheurs-mondiaux-cifar-azrieli\/#article\",\"isPartOf\":{\"@id\":\"https:\/\/cifar.ca\/fr\/cifarnews\/2022\/06\/03\/voici-la-cohorte-2022-2024-des-membres-du-programme-des-chercheurs-mondiaux-cifar-azrieli\/\"},\"author\":{\"name\":\"Alison Rutka\",\"@id\":\"https:\/\/cifar.ca\/fr\/#\/schema\/person\/be6ac84c25822d31a0039f3d6a9a7d1b\"},\"headline\":\"Voici la cohorte 2022-2024 des membres du programme des chercheurs mondiaux CIFAR-Azrieli\",\"datePublished\":\"2022-06-03T19:20:13+00:00\",\"dateModified\":\"2025-12-18T07:29:36+00:00\",\"mainEntityOfPage\":{\"@id\":\"https:\/\/cifar.ca\/fr\/cifarnews\/2022\/06\/03\/voici-la-cohorte-2022-2024-des-membres-du-programme-des-chercheurs-mondiaux-cifar-azrieli\/\"},\"wordCount\":2145,\"publisher\":{\"@id\":\"https:\/\/cifar.ca\/fr\/#organization\"},\"image\":{\"@id\":\"https:\/\/cifar.ca\/fr\/cifarnews\/2022\/06\/03\/voici-la-cohorte-2022-2024-des-membres-du-programme-des-chercheurs-mondiaux-cifar-azrieli\/#primaryimage\"},\"thumbnailUrl\":\"https:\/\/cifar.ca\/wp-content\/uploads\/2022\/06\/GS_announcement2022.jpg\",\"keywords\":[\"Alex Fra\u00f1\u00f3\",\"Amanda Lea\",\"Ariel Furst\",\"Ashok Ajoy\",\"Benjamin Rosman\",\"Bio-inspired Solar Energy\",\"Chibueze Amanchukwu\",\"Child Brain Development\",\"CIFAR Azrieli Global Scholars\",\"Danielle Roubinov\",\"Emma Pierson\",\"Eva Dyer\",\"Eva Nichols\",\"Gravity and the Extreme Universe\",\"Informatique quantique\",\"Katherine Mack\",\"Learning in machines and brains\",\"Mat\u00e9riaux quantiques\",\"Natalie Hiromi Brito\",\"Pablo Solano\",\"Paul Skrzypczyk\",\"Qiong Ma\",\"Shriharsh Tendulkar\",\"Yacine Ali-Haimoud\",\"Zakaria Al Balushi\"],\"articleSection\":[\"Chercheurs mondiaux CIFAR-Azrieli\",\"Nouvelles\"],\"inLanguage\":\"fr-FR\"},{\"@type\":\"WebPage\",\"@id\":\"https:\/\/cifar.ca\/fr\/cifarnews\/2022\/06\/03\/voici-la-cohorte-2022-2024-des-membres-du-programme-des-chercheurs-mondiaux-cifar-azrieli\/\",\"url\":\"https:\/\/cifar.ca\/fr\/cifarnews\/2022\/06\/03\/voici-la-cohorte-2022-2024-des-membres-du-programme-des-chercheurs-mondiaux-cifar-azrieli\/\",\"name\":\"Voici la cohorte 2022-2024 des membres du programme des chercheurs mondiaux CIFAR-Azrieli - CIFAR\",\"isPartOf\":{\"@id\":\"https:\/\/cifar.ca\/fr\/#website\"},\"primaryImageOfPage\":{\"@id\":\"https:\/\/cifar.ca\/fr\/cifarnews\/2022\/06\/03\/voici-la-cohorte-2022-2024-des-membres-du-programme-des-chercheurs-mondiaux-cifar-azrieli\/#primaryimage\"},\"image\":{\"@id\":\"https:\/\/cifar.ca\/fr\/cifarnews\/2022\/06\/03\/voici-la-cohorte-2022-2024-des-membres-du-programme-des-chercheurs-mondiaux-cifar-azrieli\/#primaryimage\"},\"thumbnailUrl\":\"https:\/\/cifar.ca\/wp-content\/uploads\/2022\/06\/GS_announcement2022.jpg\",\"datePublished\":\"2022-06-03T19:20:13+00:00\",\"dateModified\":\"2025-12-18T07:29:36+00:00\",\"description\":\"In support of the next generation of science leaders, CIFAR welcomes new scholars chosen for their outstanding early-career research in diverse fields\",\"breadcrumb\":{\"@id\":\"https:\/\/cifar.ca\/fr\/cifarnews\/2022\/06\/03\/voici-la-cohorte-2022-2024-des-membres-du-programme-des-chercheurs-mondiaux-cifar-azrieli\/#breadcrumb\"},\"inLanguage\":\"fr-FR\",\"potentialAction\":[{\"@type\":\"ReadAction\",\"target\":[\"https:\/\/cifar.ca\/fr\/cifarnews\/2022\/06\/03\/voici-la-cohorte-2022-2024-des-membres-du-programme-des-chercheurs-mondiaux-cifar-azrieli\/\"]}]},{\"@type\":\"ImageObject\",\"inLanguage\":\"fr-FR\",\"@id\":\"https:\/\/cifar.ca\/fr\/cifarnews\/2022\/06\/03\/voici-la-cohorte-2022-2024-des-membres-du-programme-des-chercheurs-mondiaux-cifar-azrieli\/#primaryimage\",\"url\":\"https:\/\/cifar.ca\/wp-content\/uploads\/2022\/06\/GS_announcement2022.jpg\",\"contentUrl\":\"https:\/\/cifar.ca\/wp-content\/uploads\/2022\/06\/GS_announcement2022.jpg\",\"width\":1920,\"height\":1080},{\"@type\":\"BreadcrumbList\",\"@id\":\"https:\/\/cifar.ca\/fr\/cifarnews\/2022\/06\/03\/voici-la-cohorte-2022-2024-des-membres-du-programme-des-chercheurs-mondiaux-cifar-azrieli\/#breadcrumb\",\"itemListElement\":[{\"@type\":\"ListItem\",\"position\":1,\"name\":\"Acceuil\",\"item\":\"https:\/\/cifar.ca\/fr\/\"},{\"@type\":\"ListItem\",\"position\":2,\"name\":\"Voici la cohorte 2022-2024 des membres du programme des chercheurs mondiaux CIFAR-Azrieli\"}]},{\"@type\":\"WebSite\",\"@id\":\"https:\/\/cifar.ca\/fr\/#website\",\"url\":\"https:\/\/cifar.ca\/fr\/\",\"name\":\"CIFAR\",\"description\":\"Convoquer des esprits extraordinaires pour r\u00e9pondre aux questions les plus importantes auxquelles la science et l'humanit\u00e9 sont confront\u00e9es.\",\"publisher\":{\"@id\":\"https:\/\/cifar.ca\/fr\/#organization\"},\"potentialAction\":[{\"@type\":\"SearchAction\",\"target\":{\"@type\":\"EntryPoint\",\"urlTemplate\":\"https:\/\/cifar.ca\/fr\/?s={search_term_string}\"},\"query-input\":{\"@type\":\"PropertyValueSpecification\",\"valueRequired\":true,\"valueName\":\"search_term_string\"}}],\"inLanguage\":\"fr-FR\"},{\"@type\":\"Organization\",\"@id\":\"https:\/\/cifar.ca\/fr\/#organization\",\"name\":\"CIFAR\",\"url\":\"https:\/\/cifar.ca\/fr\/\",\"logo\":{\"@type\":\"ImageObject\",\"inLanguage\":\"fr-FR\",\"@id\":\"https:\/\/cifar.ca\/fr\/#\/schema\/logo\/image\/\",\"url\":\"https:\/\/cifar.ca\/wp-content\/uploads\/2020\/01\/cifar-logo-rgb-colour.png\",\"contentUrl\":\"https:\/\/cifar.ca\/wp-content\/uploads\/2020\/01\/cifar-logo-rgb-colour.png\",\"width\":1884,\"height\":681,\"caption\":\"CIFAR\"},\"image\":{\"@id\":\"https:\/\/cifar.ca\/fr\/#\/schema\/logo\/image\/\"}},{\"@type\":\"Person\",\"@id\":\"https:\/\/cifar.ca\/fr\/#\/schema\/person\/be6ac84c25822d31a0039f3d6a9a7d1b\",\"name\":\"Alison Rutka\",\"image\":{\"@type\":\"ImageObject\",\"inLanguage\":\"fr-FR\",\"@id\":\"https:\/\/secure.gravatar.com\/avatar\/615d15ec89ba993517314fec79e6489a0dba223bcd18c606519b0f363d03f7fc?s=96&d=mm&r=g\",\"url\":\"https:\/\/secure.gravatar.com\/avatar\/615d15ec89ba993517314fec79e6489a0dba223bcd18c606519b0f363d03f7fc?s=96&d=mm&r=g\",\"contentUrl\":\"https:\/\/secure.gravatar.com\/avatar\/615d15ec89ba993517314fec79e6489a0dba223bcd18c606519b0f363d03f7fc?s=96&d=mm&r=g\",\"caption\":\"Alison Rutka\"}}]}<\/script>\n<!-- \/ Yoast SEO plugin. -->","yoast_head_json":{"title":"CIFAR","description":"In support of the next generation of science leaders, CIFAR welcomes new scholars chosen for their outstanding early-career research in diverse fields","robots":{"index":"index","follow":"follow","max-snippet":"max-snippet:-1","max-image-preview":"max-image-preview:large","max-video-preview":"max-video-preview:-1"},"canonical":"https:\/\/cifar.ca\/fr\/cifarnews\/2022\/06\/03\/voici-la-cohorte-2022-2024-des-membres-du-programme-des-chercheurs-mondiaux-cifar-azrieli\/","og_locale":"fr_FR","og_type":"article","og_title":"Voici la cohorte 2022-2024 des membres du programme des chercheurs mondiaux CIFAR-Azrieli - CIFAR","og_description":"In support of the next generation of science leaders, CIFAR welcomes new scholars chosen for their outstanding early-career research in diverse fields","og_url":"https:\/\/cifar.ca\/fr\/cifarnews\/2022\/06\/03\/voici-la-cohorte-2022-2024-des-membres-du-programme-des-chercheurs-mondiaux-cifar-azrieli\/","og_site_name":"CIFAR","article_published_time":"2022-06-03T19:20:13+00:00","article_modified_time":"2025-12-18T07:29:36+00:00","og_image":[{"width":1920,"height":1080,"url":"https:\/\/cifar.ca\/wp-content\/uploads\/2022\/06\/GS_announcement2022.jpg","type":"image\/jpeg"}],"author":"Alison Rutka","twitter_card":"summary_large_image","twitter_misc":{"\u00c9crit par":"Alison Rutka","Dur\u00e9e de lecture estim\u00e9e":"13 minutes"},"schema":{"@context":"https:\/\/schema.org","@graph":[{"@type":"Article","@id":"https:\/\/cifar.ca\/fr\/cifarnews\/2022\/06\/03\/voici-la-cohorte-2022-2024-des-membres-du-programme-des-chercheurs-mondiaux-cifar-azrieli\/#article","isPartOf":{"@id":"https:\/\/cifar.ca\/fr\/cifarnews\/2022\/06\/03\/voici-la-cohorte-2022-2024-des-membres-du-programme-des-chercheurs-mondiaux-cifar-azrieli\/"},"author":{"name":"Alison Rutka","@id":"https:\/\/cifar.ca\/fr\/#\/schema\/person\/be6ac84c25822d31a0039f3d6a9a7d1b"},"headline":"Voici la cohorte 2022-2024 des membres du programme des chercheurs mondiaux CIFAR-Azrieli","datePublished":"2022-06-03T19:20:13+00:00","dateModified":"2025-12-18T07:29:36+00:00","mainEntityOfPage":{"@id":"https:\/\/cifar.ca\/fr\/cifarnews\/2022\/06\/03\/voici-la-cohorte-2022-2024-des-membres-du-programme-des-chercheurs-mondiaux-cifar-azrieli\/"},"wordCount":2145,"publisher":{"@id":"https:\/\/cifar.ca\/fr\/#organization"},"image":{"@id":"https:\/\/cifar.ca\/fr\/cifarnews\/2022\/06\/03\/voici-la-cohorte-2022-2024-des-membres-du-programme-des-chercheurs-mondiaux-cifar-azrieli\/#primaryimage"},"thumbnailUrl":"https:\/\/cifar.ca\/wp-content\/uploads\/2022\/06\/GS_announcement2022.jpg","keywords":["Alex Fra\u00f1\u00f3","Amanda Lea","Ariel Furst","Ashok Ajoy","Benjamin Rosman","Bio-inspired Solar Energy","Chibueze Amanchukwu","Child Brain Development","CIFAR Azrieli Global Scholars","Danielle Roubinov","Emma Pierson","Eva Dyer","Eva Nichols","Gravity and the Extreme Universe","Informatique quantique","Katherine Mack","Learning in machines and brains","Mat\u00e9riaux quantiques","Natalie Hiromi Brito","Pablo Solano","Paul Skrzypczyk","Qiong Ma","Shriharsh Tendulkar","Yacine Ali-Haimoud","Zakaria Al Balushi"],"articleSection":["Chercheurs mondiaux CIFAR-Azrieli","Nouvelles"],"inLanguage":"fr-FR"},{"@type":"WebPage","@id":"https:\/\/cifar.ca\/fr\/cifarnews\/2022\/06\/03\/voici-la-cohorte-2022-2024-des-membres-du-programme-des-chercheurs-mondiaux-cifar-azrieli\/","url":"https:\/\/cifar.ca\/fr\/cifarnews\/2022\/06\/03\/voici-la-cohorte-2022-2024-des-membres-du-programme-des-chercheurs-mondiaux-cifar-azrieli\/","name":"Voici la cohorte 2022-2024 des membres du programme des chercheurs mondiaux CIFAR-Azrieli - CIFAR","isPartOf":{"@id":"https:\/\/cifar.ca\/fr\/#website"},"primaryImageOfPage":{"@id":"https:\/\/cifar.ca\/fr\/cifarnews\/2022\/06\/03\/voici-la-cohorte-2022-2024-des-membres-du-programme-des-chercheurs-mondiaux-cifar-azrieli\/#primaryimage"},"image":{"@id":"https:\/\/cifar.ca\/fr\/cifarnews\/2022\/06\/03\/voici-la-cohorte-2022-2024-des-membres-du-programme-des-chercheurs-mondiaux-cifar-azrieli\/#primaryimage"},"thumbnailUrl":"https:\/\/cifar.ca\/wp-content\/uploads\/2022\/06\/GS_announcement2022.jpg","datePublished":"2022-06-03T19:20:13+00:00","dateModified":"2025-12-18T07:29:36+00:00","description":"In support of the next generation of science leaders, CIFAR welcomes new scholars chosen for their outstanding early-career research in diverse fields","breadcrumb":{"@id":"https:\/\/cifar.ca\/fr\/cifarnews\/2022\/06\/03\/voici-la-cohorte-2022-2024-des-membres-du-programme-des-chercheurs-mondiaux-cifar-azrieli\/#breadcrumb"},"inLanguage":"fr-FR","potentialAction":[{"@type":"ReadAction","target":["https:\/\/cifar.ca\/fr\/cifarnews\/2022\/06\/03\/voici-la-cohorte-2022-2024-des-membres-du-programme-des-chercheurs-mondiaux-cifar-azrieli\/"]}]},{"@type":"ImageObject","inLanguage":"fr-FR","@id":"https:\/\/cifar.ca\/fr\/cifarnews\/2022\/06\/03\/voici-la-cohorte-2022-2024-des-membres-du-programme-des-chercheurs-mondiaux-cifar-azrieli\/#primaryimage","url":"https:\/\/cifar.ca\/wp-content\/uploads\/2022\/06\/GS_announcement2022.jpg","contentUrl":"https:\/\/cifar.ca\/wp-content\/uploads\/2022\/06\/GS_announcement2022.jpg","width":1920,"height":1080},{"@type":"BreadcrumbList","@id":"https:\/\/cifar.ca\/fr\/cifarnews\/2022\/06\/03\/voici-la-cohorte-2022-2024-des-membres-du-programme-des-chercheurs-mondiaux-cifar-azrieli\/#breadcrumb","itemListElement":[{"@type":"ListItem","position":1,"name":"Acceuil","item":"https:\/\/cifar.ca\/fr\/"},{"@type":"ListItem","position":2,"name":"Voici la cohorte 2022-2024 des membres du programme des chercheurs mondiaux CIFAR-Azrieli"}]},{"@type":"WebSite","@id":"https:\/\/cifar.ca\/fr\/#website","url":"https:\/\/cifar.ca\/fr\/","name":"CIFAR","description":"Convoquer des esprits extraordinaires pour r\u00e9pondre aux questions les plus importantes auxquelles la science et l'humanit\u00e9 sont confront\u00e9es.","publisher":{"@id":"https:\/\/cifar.ca\/fr\/#organization"},"potentialAction":[{"@type":"SearchAction","target":{"@type":"EntryPoint","urlTemplate":"https:\/\/cifar.ca\/fr\/?s={search_term_string}"},"query-input":{"@type":"PropertyValueSpecification","valueRequired":true,"valueName":"search_term_string"}}],"inLanguage":"fr-FR"},{"@type":"Organization","@id":"https:\/\/cifar.ca\/fr\/#organization","name":"CIFAR","url":"https:\/\/cifar.ca\/fr\/","logo":{"@type":"ImageObject","inLanguage":"fr-FR","@id":"https:\/\/cifar.ca\/fr\/#\/schema\/logo\/image\/","url":"https:\/\/cifar.ca\/wp-content\/uploads\/2020\/01\/cifar-logo-rgb-colour.png","contentUrl":"https:\/\/cifar.ca\/wp-content\/uploads\/2020\/01\/cifar-logo-rgb-colour.png","width":1884,"height":681,"caption":"CIFAR"},"image":{"@id":"https:\/\/cifar.ca\/fr\/#\/schema\/logo\/image\/"}},{"@type":"Person","@id":"https:\/\/cifar.ca\/fr\/#\/schema\/person\/be6ac84c25822d31a0039f3d6a9a7d1b","name":"Alison Rutka","image":{"@type":"ImageObject","inLanguage":"fr-FR","@id":"https:\/\/secure.gravatar.com\/avatar\/615d15ec89ba993517314fec79e6489a0dba223bcd18c606519b0f363d03f7fc?s=96&d=mm&r=g","url":"https:\/\/secure.gravatar.com\/avatar\/615d15ec89ba993517314fec79e6489a0dba223bcd18c606519b0f363d03f7fc?s=96&d=mm&r=g","contentUrl":"https:\/\/secure.gravatar.com\/avatar\/615d15ec89ba993517314fec79e6489a0dba223bcd18c606519b0f363d03f7fc?s=96&d=mm&r=g","caption":"Alison Rutka"}}]}},"_links":{"self":[{"href":"https:\/\/cifar.ca\/fr\/wp-json\/wp\/v2\/posts\/52717","targetHints":{"allow":["GET"]}}],"collection":[{"href":"https:\/\/cifar.ca\/fr\/wp-json\/wp\/v2\/posts"}],"about":[{"href":"https:\/\/cifar.ca\/fr\/wp-json\/wp\/v2\/types\/post"}],"author":[{"embeddable":true,"href":"https:\/\/cifar.ca\/fr\/wp-json\/wp\/v2\/users\/65"}],"replies":[{"embeddable":true,"href":"https:\/\/cifar.ca\/fr\/wp-json\/wp\/v2\/comments?post=52717"}],"version-history":[{"count":0,"href":"https:\/\/cifar.ca\/fr\/wp-json\/wp\/v2\/posts\/52717\/revisions"}],"wp:featuredmedia":[{"embeddable":true,"href":"https:\/\/cifar.ca\/fr\/wp-json\/wp\/v2\/media\/52703"}],"wp:attachment":[{"href":"https:\/\/cifar.ca\/fr\/wp-json\/wp\/v2\/media?parent=52717"}],"wp:term":[{"taxonomy":"category","embeddable":true,"href":"https:\/\/cifar.ca\/fr\/wp-json\/wp\/v2\/categories?post=52717"},{"taxonomy":"post_tag","embeddable":true,"href":"https:\/\/cifar.ca\/fr\/wp-json\/wp\/v2\/tags?post=52717"}],"curies":[{"name":"wp","href":"https:\/\/api.w.org\/{rel}","templated":true}]}}