{"id":53578,"date":"2022-09-29T13:55:57","date_gmt":"2022-09-29T17:55:57","guid":{"rendered":"https:\/\/cifar.ca\/?p=53578"},"modified":"2025-12-18T02:25:58","modified_gmt":"2025-12-18T07:25:58","slug":"tables-rondes-du-cifar-sur-le-cancer-et-la-matiere-sombre-du-genome","status":"publish","type":"post","link":"https:\/\/cifar.ca\/fr\/cifarnews\/2022\/09\/29\/tables-rondes-du-cifar-sur-le-cancer-et-la-matiere-sombre-du-genome\/","title":{"rendered":"Tables rondes du CIFAR sur le cancer et la mati\u00e8re sombre du g\u00e9nome"},"content":{"rendered":"<h3><span style=\"color: #da291c;\">Au cours des vingt derni\u00e8res ann\u00e9es, des perc\u00e9es en mati\u00e8re de s\u00e9quen\u00e7age g\u00e9nomique ont permis d\u2019approfondir consid\u00e9rablement notre compr\u00e9hension de la contribution des changements g\u00e9n\u00e9tiques au d\u00e9veloppement du cancer.<\/span><\/h3>\n<p>De grands projets collaboratifs financ\u00e9s par des fonds publics ont men\u00e9 \u00e0 la cr\u00e9ation de pr\u00e9cieuses ressources pour l\u2019ensemble de la communaut\u00e9 de recherche en canc\u00e9rologie. Ces ressources ont permis aux scientifiques d\u2019acqu\u00e9rir de nouvelles connaissances sur la fa\u00e7on dont les modifications des voies g\u00e9n\u00e9tiques peuvent mener au cancer.<\/p>\n<p>La plupart de ces ressources et des initiatives de recherche se concentrent actuellement sur les \u00ab\u2009g\u00e8nes codants\u2009\u00bb qui codent pour les prot\u00e9ines \u00e0 la base d\u2019un grand nombre des composants fonctionnels et structurels des cellules. Cependant, plus de 98 % du g\u00e9nome est \u00ab\u2009non codant\u2009\u00bb et il a \u00e9t\u00e9 d\u00e9montr\u00e9 que cette \u00ab\u2009mati\u00e8re sombre\u2009\u00bb du g\u00e9nome poss\u00e8de d\u2019importantes fonctions biologiques, contr\u00f4lant la fa\u00e7on dont les g\u00e8nes sont activ\u00e9s ou d\u00e9sactiv\u00e9s. Ce qui manque aujourd\u2019hui, c\u2019est un r\u00e9f\u00e9rentiel complet de tous les types d\u2019\u00e9l\u00e9ments non codants pertinents pour le cancer et, plus important encore, une initiative syst\u00e9matique pour comprendre la signification fonctionnelle des changements g\u00e9n\u00e9tiques dans le g\u00e9nome non codant en ce qui concerne le d\u00e9veloppement du cancer.<\/p>\n<p>Le 3 novembre 2021, le CIFAR a organis\u00e9 une table ronde r\u00e9unissant des sp\u00e9cialistes du monde entier en biologie du g\u00e9nome non codant et en biologie du cancer, ainsi que des responsables de programmes de \u00ab\u2009m\u00e9gabiologie\u2009\u00bb. Un vaste consensus s\u2019est d\u00e9gag\u00e9 : le d\u00e9veloppement de ressources communes, comme des bases de donn\u00e9es, de nouveaux outils et de nouvelles techniques de recherche, favoriserait consid\u00e9rablement l\u2019avancement du domaine. Le 26 avril 2022, une deuxi\u00e8me table ronde a permis d\u2019examiner les priorit\u00e9s scientifiques et la structure de gouvernance \u00e9ventuelles d\u2019un projet destin\u00e9 \u00e0 la cr\u00e9ation de ces ressources communes.<\/p>\n<p>Ce rapport propose une br\u00e8ve introduction \u00e0 la biologie de la mati\u00e8re sombre du g\u00e9nome et met en \u00e9vidence les principales id\u00e9es issues de ces deux tables rondes, y compris les prochaines \u00e9tapes prometteuses pour l\u2019avancement du domaine.<\/p>\n<p>Cette s\u00e9rie de tables rondes a \u00e9t\u00e9 rendue possible gr\u00e2ce au g\u00e9n\u00e9reux soutien du Fonds de la famille MacMillan.<\/p>\n<p><a href=\"https:\/\/cifar.ca\/wp-content\/uploads\/2022\/09\/le-cancer-et-la-matiere-sombre-du-genome_Rapport-sommaire-FR-2022pdf.pdf\"><img loading=\"lazy\" decoding=\"async\" class=\" wp-image-53579 alignleft\" src=\"https:\/\/cifar.ca\/wp-content\/uploads\/2022\/09\/le-cancer-et-la-matie\u0300re-fr.jpg\" alt=\"\" width=\"170\" height=\"238\" \/><\/a><a href=\"https:\/\/cifar.ca\/wp-content\/uploads\/2022\/09\/le-cancer-et-la-matiere-sombre-du-genome_Rapport-sommaire-FR-2022pdf.pdf\">Lire le rapport<\/a><\/p>\n<p>&nbsp;<\/p>\n<p>&nbsp;<\/p>\n<p>&nbsp;<\/p>\n<p>&nbsp;<\/p>\n<p>&nbsp;<\/p>\n<p>&nbsp;<\/p>\n<hr \/>\n<p><strong>Pour de plus amples renseignements, veuillez communiquer avec :<\/strong><br \/>\n<a href=\"mailto: johnny.kung@cifar.ca\">Johnny Kung<\/a>, Sp\u00e9cialiste responsable, Mobilisation du savoir et Publications, CIFAR<\/p>\n","protected":false},"excerpt":{"rendered":"<p>Au cours des vingt derni\u00e8res ann\u00e9es, des perc\u00e9es en mati\u00e8re de s\u00e9quen\u00e7age g\u00e9nomique ont permis d\u2019approfondir consid\u00e9rablement notre compr\u00e9hension de la contribution des changements g\u00e9n\u00e9tiques au d\u00e9veloppement du cancer.<\/p>\n","protected":false},"author":69,"featured_media":53575,"comment_status":"closed","ping_status":"closed","sticky":false,"template":"","format":"standard","meta":{"_acf_changed":false,"footnotes":""},"categories":[3865],"tags":[2100,6554,2154,5509],"class_list":["post-53578","post","type-post","status-publish","format-standard","has-post-thumbnail","hentry","category-rapport","tag-biologie","tag-biology","tag-cancer","tag-genome"],"acf":[],"yoast_head":"<!-- This site is optimized with the Yoast SEO plugin v27.2 - https:\/\/yoast.com\/product\/yoast-seo-wordpress\/ -->\n<title>CIFAR<\/title>\n<meta name=\"description\" content=\"Au cours des vingt derni\u00e8res ann\u00e9es, des perc\u00e9es en mati\u00e8re de s\u00e9quen\u00e7age g\u00e9nomique ont permis d\u2019approfondir consid\u00e9rablement notre compr\u00e9hension de la contribution des changements g\u00e9n\u00e9tiques au d\u00e9veloppement du cancer.\" \/>\n<meta name=\"robots\" content=\"index, follow, max-snippet:-1, max-image-preview:large, max-video-preview:-1\" \/>\n<link rel=\"canonical\" href=\"https:\/\/cifar.ca\/fr\/cifarnews\/2022\/09\/29\/tables-rondes-du-cifar-sur-le-cancer-et-la-matiere-sombre-du-genome\/\" \/>\n<meta property=\"og:locale\" content=\"fr_FR\" \/>\n<meta property=\"og:type\" content=\"article\" \/>\n<meta property=\"og:title\" content=\"Tables rondes du CIFAR sur le cancer et la mati\u00e8re sombre du g\u00e9nome - CIFAR\" \/>\n<meta property=\"og:description\" content=\"Au cours des vingt derni\u00e8res ann\u00e9es, des perc\u00e9es en mati\u00e8re de s\u00e9quen\u00e7age g\u00e9nomique ont permis d\u2019approfondir consid\u00e9rablement notre compr\u00e9hension de la contribution des changements g\u00e9n\u00e9tiques au d\u00e9veloppement du cancer.\" \/>\n<meta property=\"og:url\" content=\"https:\/\/cifar.ca\/fr\/cifarnews\/2022\/09\/29\/tables-rondes-du-cifar-sur-le-cancer-et-la-matiere-sombre-du-genome\/\" \/>\n<meta property=\"og:site_name\" content=\"CIFAR\" \/>\n<meta property=\"article:published_time\" content=\"2022-09-29T17:55:57+00:00\" \/>\n<meta property=\"article:modified_time\" content=\"2025-12-18T07:25:58+00:00\" \/>\n<meta property=\"og:image\" content=\"https:\/\/cifar.ca\/wp-content\/uploads\/2022\/09\/Cancer-and-dark-genome_banner.jpg\" \/>\n\t<meta property=\"og:image:width\" content=\"1920\" \/>\n\t<meta property=\"og:image:height\" content=\"1080\" \/>\n\t<meta property=\"og:image:type\" content=\"image\/jpeg\" \/>\n<meta name=\"author\" content=\"Abeer Khan\" \/>\n<meta name=\"twitter:card\" content=\"summary_large_image\" \/>\n<meta name=\"twitter:label1\" content=\"\u00c9crit par\" \/>\n\t<meta name=\"twitter:data1\" content=\"Abeer Khan\" \/>\n\t<meta name=\"twitter:label2\" content=\"Dur\u00e9e de lecture estim\u00e9e\" \/>\n\t<meta name=\"twitter:data2\" content=\"3 minutes\" \/>\n<script type=\"application\/ld+json\" class=\"yoast-schema-graph\">{\"@context\":\"https:\/\/schema.org\",\"@graph\":[{\"@type\":\"Article\",\"@id\":\"https:\/\/cifar.ca\/fr\/cifarnews\/2022\/09\/29\/tables-rondes-du-cifar-sur-le-cancer-et-la-matiere-sombre-du-genome\/#article\",\"isPartOf\":{\"@id\":\"https:\/\/cifar.ca\/fr\/cifarnews\/2022\/09\/29\/tables-rondes-du-cifar-sur-le-cancer-et-la-matiere-sombre-du-genome\/\"},\"author\":{\"name\":\"Abeer Khan\",\"@id\":\"https:\/\/cifar.ca\/fr\/#\/schema\/person\/3aee109595ac7abfaa614d31c729b0dc\"},\"headline\":\"Tables rondes du CIFAR sur le cancer et la mati\u00e8re sombre du g\u00e9nome\",\"datePublished\":\"2022-09-29T17:55:57+00:00\",\"dateModified\":\"2025-12-18T07:25:58+00:00\",\"mainEntityOfPage\":{\"@id\":\"https:\/\/cifar.ca\/fr\/cifarnews\/2022\/09\/29\/tables-rondes-du-cifar-sur-le-cancer-et-la-matiere-sombre-du-genome\/\"},\"wordCount\":453,\"publisher\":{\"@id\":\"https:\/\/cifar.ca\/fr\/#organization\"},\"image\":{\"@id\":\"https:\/\/cifar.ca\/fr\/cifarnews\/2022\/09\/29\/tables-rondes-du-cifar-sur-le-cancer-et-la-matiere-sombre-du-genome\/#primaryimage\"},\"thumbnailUrl\":\"https:\/\/cifar.ca\/wp-content\/uploads\/2022\/09\/Cancer-and-dark-genome_banner.jpg\",\"keywords\":[\"Biologie\",\"Biology\",\"Cancer\",\"G\u00e9nome\"],\"articleSection\":[\"Rapport\"],\"inLanguage\":\"fr-FR\"},{\"@type\":\"WebPage\",\"@id\":\"https:\/\/cifar.ca\/fr\/cifarnews\/2022\/09\/29\/tables-rondes-du-cifar-sur-le-cancer-et-la-matiere-sombre-du-genome\/\",\"url\":\"https:\/\/cifar.ca\/fr\/cifarnews\/2022\/09\/29\/tables-rondes-du-cifar-sur-le-cancer-et-la-matiere-sombre-du-genome\/\",\"name\":\"Tables rondes du CIFAR sur le cancer et la mati\u00e8re sombre du g\u00e9nome - CIFAR\",\"isPartOf\":{\"@id\":\"https:\/\/cifar.ca\/fr\/#website\"},\"primaryImageOfPage\":{\"@id\":\"https:\/\/cifar.ca\/fr\/cifarnews\/2022\/09\/29\/tables-rondes-du-cifar-sur-le-cancer-et-la-matiere-sombre-du-genome\/#primaryimage\"},\"image\":{\"@id\":\"https:\/\/cifar.ca\/fr\/cifarnews\/2022\/09\/29\/tables-rondes-du-cifar-sur-le-cancer-et-la-matiere-sombre-du-genome\/#primaryimage\"},\"thumbnailUrl\":\"https:\/\/cifar.ca\/wp-content\/uploads\/2022\/09\/Cancer-and-dark-genome_banner.jpg\",\"datePublished\":\"2022-09-29T17:55:57+00:00\",\"dateModified\":\"2025-12-18T07:25:58+00:00\",\"description\":\"Au cours des vingt derni\u00e8res ann\u00e9es, des perc\u00e9es en mati\u00e8re de s\u00e9quen\u00e7age g\u00e9nomique ont permis d\u2019approfondir consid\u00e9rablement notre compr\u00e9hension de la contribution des changements g\u00e9n\u00e9tiques au d\u00e9veloppement du cancer.\",\"breadcrumb\":{\"@id\":\"https:\/\/cifar.ca\/fr\/cifarnews\/2022\/09\/29\/tables-rondes-du-cifar-sur-le-cancer-et-la-matiere-sombre-du-genome\/#breadcrumb\"},\"inLanguage\":\"fr-FR\",\"potentialAction\":[{\"@type\":\"ReadAction\",\"target\":[\"https:\/\/cifar.ca\/fr\/cifarnews\/2022\/09\/29\/tables-rondes-du-cifar-sur-le-cancer-et-la-matiere-sombre-du-genome\/\"]}]},{\"@type\":\"ImageObject\",\"inLanguage\":\"fr-FR\",\"@id\":\"https:\/\/cifar.ca\/fr\/cifarnews\/2022\/09\/29\/tables-rondes-du-cifar-sur-le-cancer-et-la-matiere-sombre-du-genome\/#primaryimage\",\"url\":\"https:\/\/cifar.ca\/wp-content\/uploads\/2022\/09\/Cancer-and-dark-genome_banner.jpg\",\"contentUrl\":\"https:\/\/cifar.ca\/wp-content\/uploads\/2022\/09\/Cancer-and-dark-genome_banner.jpg\",\"width\":1920,\"height\":1080},{\"@type\":\"BreadcrumbList\",\"@id\":\"https:\/\/cifar.ca\/fr\/cifarnews\/2022\/09\/29\/tables-rondes-du-cifar-sur-le-cancer-et-la-matiere-sombre-du-genome\/#breadcrumb\",\"itemListElement\":[{\"@type\":\"ListItem\",\"position\":1,\"name\":\"Acceuil\",\"item\":\"https:\/\/cifar.ca\/fr\/\"},{\"@type\":\"ListItem\",\"position\":2,\"name\":\"Tables rondes du CIFAR sur le cancer et la mati\u00e8re sombre du g\u00e9nome\"}]},{\"@type\":\"WebSite\",\"@id\":\"https:\/\/cifar.ca\/fr\/#website\",\"url\":\"https:\/\/cifar.ca\/fr\/\",\"name\":\"CIFAR\",\"description\":\"Convoquer des esprits extraordinaires pour r\u00e9pondre aux questions les plus importantes auxquelles la science et l'humanit\u00e9 sont confront\u00e9es.\",\"publisher\":{\"@id\":\"https:\/\/cifar.ca\/fr\/#organization\"},\"potentialAction\":[{\"@type\":\"SearchAction\",\"target\":{\"@type\":\"EntryPoint\",\"urlTemplate\":\"https:\/\/cifar.ca\/fr\/?s={search_term_string}\"},\"query-input\":{\"@type\":\"PropertyValueSpecification\",\"valueRequired\":true,\"valueName\":\"search_term_string\"}}],\"inLanguage\":\"fr-FR\"},{\"@type\":\"Organization\",\"@id\":\"https:\/\/cifar.ca\/fr\/#organization\",\"name\":\"CIFAR\",\"url\":\"https:\/\/cifar.ca\/fr\/\",\"logo\":{\"@type\":\"ImageObject\",\"inLanguage\":\"fr-FR\",\"@id\":\"https:\/\/cifar.ca\/fr\/#\/schema\/logo\/image\/\",\"url\":\"https:\/\/cifar.ca\/wp-content\/uploads\/2020\/01\/cifar-logo-rgb-colour.png\",\"contentUrl\":\"https:\/\/cifar.ca\/wp-content\/uploads\/2020\/01\/cifar-logo-rgb-colour.png\",\"width\":1884,\"height\":681,\"caption\":\"CIFAR\"},\"image\":{\"@id\":\"https:\/\/cifar.ca\/fr\/#\/schema\/logo\/image\/\"}},{\"@type\":\"Person\",\"@id\":\"https:\/\/cifar.ca\/fr\/#\/schema\/person\/3aee109595ac7abfaa614d31c729b0dc\",\"name\":\"Abeer Khan\",\"image\":{\"@type\":\"ImageObject\",\"inLanguage\":\"fr-FR\",\"@id\":\"https:\/\/secure.gravatar.com\/avatar\/b0f48c92afcbd16f5e44d53068a50e57c538517fd8dcf3f9f19350da55ccabd6?s=96&d=mm&r=g\",\"url\":\"https:\/\/secure.gravatar.com\/avatar\/b0f48c92afcbd16f5e44d53068a50e57c538517fd8dcf3f9f19350da55ccabd6?s=96&d=mm&r=g\",\"contentUrl\":\"https:\/\/secure.gravatar.com\/avatar\/b0f48c92afcbd16f5e44d53068a50e57c538517fd8dcf3f9f19350da55ccabd6?s=96&d=mm&r=g\",\"caption\":\"Abeer Khan\"}}]}<\/script>\n<!-- \/ Yoast SEO plugin. -->","yoast_head_json":{"title":"CIFAR","description":"Au cours des vingt derni\u00e8res ann\u00e9es, des perc\u00e9es en mati\u00e8re de s\u00e9quen\u00e7age g\u00e9nomique ont permis d\u2019approfondir consid\u00e9rablement notre compr\u00e9hension de la contribution des changements g\u00e9n\u00e9tiques au d\u00e9veloppement du cancer.","robots":{"index":"index","follow":"follow","max-snippet":"max-snippet:-1","max-image-preview":"max-image-preview:large","max-video-preview":"max-video-preview:-1"},"canonical":"https:\/\/cifar.ca\/fr\/cifarnews\/2022\/09\/29\/tables-rondes-du-cifar-sur-le-cancer-et-la-matiere-sombre-du-genome\/","og_locale":"fr_FR","og_type":"article","og_title":"Tables rondes du CIFAR sur le cancer et la mati\u00e8re sombre du g\u00e9nome - CIFAR","og_description":"Au cours des vingt derni\u00e8res ann\u00e9es, des perc\u00e9es en mati\u00e8re de s\u00e9quen\u00e7age g\u00e9nomique ont permis d\u2019approfondir consid\u00e9rablement notre compr\u00e9hension de la contribution des changements g\u00e9n\u00e9tiques au d\u00e9veloppement du cancer.","og_url":"https:\/\/cifar.ca\/fr\/cifarnews\/2022\/09\/29\/tables-rondes-du-cifar-sur-le-cancer-et-la-matiere-sombre-du-genome\/","og_site_name":"CIFAR","article_published_time":"2022-09-29T17:55:57+00:00","article_modified_time":"2025-12-18T07:25:58+00:00","og_image":[{"width":1920,"height":1080,"url":"https:\/\/cifar.ca\/wp-content\/uploads\/2022\/09\/Cancer-and-dark-genome_banner.jpg","type":"image\/jpeg"}],"author":"Abeer Khan","twitter_card":"summary_large_image","twitter_misc":{"\u00c9crit par":"Abeer Khan","Dur\u00e9e de lecture estim\u00e9e":"3 minutes"},"schema":{"@context":"https:\/\/schema.org","@graph":[{"@type":"Article","@id":"https:\/\/cifar.ca\/fr\/cifarnews\/2022\/09\/29\/tables-rondes-du-cifar-sur-le-cancer-et-la-matiere-sombre-du-genome\/#article","isPartOf":{"@id":"https:\/\/cifar.ca\/fr\/cifarnews\/2022\/09\/29\/tables-rondes-du-cifar-sur-le-cancer-et-la-matiere-sombre-du-genome\/"},"author":{"name":"Abeer Khan","@id":"https:\/\/cifar.ca\/fr\/#\/schema\/person\/3aee109595ac7abfaa614d31c729b0dc"},"headline":"Tables rondes du CIFAR sur le cancer et la mati\u00e8re sombre du g\u00e9nome","datePublished":"2022-09-29T17:55:57+00:00","dateModified":"2025-12-18T07:25:58+00:00","mainEntityOfPage":{"@id":"https:\/\/cifar.ca\/fr\/cifarnews\/2022\/09\/29\/tables-rondes-du-cifar-sur-le-cancer-et-la-matiere-sombre-du-genome\/"},"wordCount":453,"publisher":{"@id":"https:\/\/cifar.ca\/fr\/#organization"},"image":{"@id":"https:\/\/cifar.ca\/fr\/cifarnews\/2022\/09\/29\/tables-rondes-du-cifar-sur-le-cancer-et-la-matiere-sombre-du-genome\/#primaryimage"},"thumbnailUrl":"https:\/\/cifar.ca\/wp-content\/uploads\/2022\/09\/Cancer-and-dark-genome_banner.jpg","keywords":["Biologie","Biology","Cancer","G\u00e9nome"],"articleSection":["Rapport"],"inLanguage":"fr-FR"},{"@type":"WebPage","@id":"https:\/\/cifar.ca\/fr\/cifarnews\/2022\/09\/29\/tables-rondes-du-cifar-sur-le-cancer-et-la-matiere-sombre-du-genome\/","url":"https:\/\/cifar.ca\/fr\/cifarnews\/2022\/09\/29\/tables-rondes-du-cifar-sur-le-cancer-et-la-matiere-sombre-du-genome\/","name":"Tables rondes du CIFAR sur le cancer et la mati\u00e8re sombre du g\u00e9nome - CIFAR","isPartOf":{"@id":"https:\/\/cifar.ca\/fr\/#website"},"primaryImageOfPage":{"@id":"https:\/\/cifar.ca\/fr\/cifarnews\/2022\/09\/29\/tables-rondes-du-cifar-sur-le-cancer-et-la-matiere-sombre-du-genome\/#primaryimage"},"image":{"@id":"https:\/\/cifar.ca\/fr\/cifarnews\/2022\/09\/29\/tables-rondes-du-cifar-sur-le-cancer-et-la-matiere-sombre-du-genome\/#primaryimage"},"thumbnailUrl":"https:\/\/cifar.ca\/wp-content\/uploads\/2022\/09\/Cancer-and-dark-genome_banner.jpg","datePublished":"2022-09-29T17:55:57+00:00","dateModified":"2025-12-18T07:25:58+00:00","description":"Au cours des vingt derni\u00e8res ann\u00e9es, des perc\u00e9es en mati\u00e8re de s\u00e9quen\u00e7age g\u00e9nomique ont permis d\u2019approfondir consid\u00e9rablement notre compr\u00e9hension de la contribution des changements g\u00e9n\u00e9tiques au d\u00e9veloppement du cancer.","breadcrumb":{"@id":"https:\/\/cifar.ca\/fr\/cifarnews\/2022\/09\/29\/tables-rondes-du-cifar-sur-le-cancer-et-la-matiere-sombre-du-genome\/#breadcrumb"},"inLanguage":"fr-FR","potentialAction":[{"@type":"ReadAction","target":["https:\/\/cifar.ca\/fr\/cifarnews\/2022\/09\/29\/tables-rondes-du-cifar-sur-le-cancer-et-la-matiere-sombre-du-genome\/"]}]},{"@type":"ImageObject","inLanguage":"fr-FR","@id":"https:\/\/cifar.ca\/fr\/cifarnews\/2022\/09\/29\/tables-rondes-du-cifar-sur-le-cancer-et-la-matiere-sombre-du-genome\/#primaryimage","url":"https:\/\/cifar.ca\/wp-content\/uploads\/2022\/09\/Cancer-and-dark-genome_banner.jpg","contentUrl":"https:\/\/cifar.ca\/wp-content\/uploads\/2022\/09\/Cancer-and-dark-genome_banner.jpg","width":1920,"height":1080},{"@type":"BreadcrumbList","@id":"https:\/\/cifar.ca\/fr\/cifarnews\/2022\/09\/29\/tables-rondes-du-cifar-sur-le-cancer-et-la-matiere-sombre-du-genome\/#breadcrumb","itemListElement":[{"@type":"ListItem","position":1,"name":"Acceuil","item":"https:\/\/cifar.ca\/fr\/"},{"@type":"ListItem","position":2,"name":"Tables rondes du CIFAR sur le cancer et la mati\u00e8re sombre du g\u00e9nome"}]},{"@type":"WebSite","@id":"https:\/\/cifar.ca\/fr\/#website","url":"https:\/\/cifar.ca\/fr\/","name":"CIFAR","description":"Convoquer des esprits extraordinaires pour r\u00e9pondre aux questions les plus importantes auxquelles la science et l'humanit\u00e9 sont confront\u00e9es.","publisher":{"@id":"https:\/\/cifar.ca\/fr\/#organization"},"potentialAction":[{"@type":"SearchAction","target":{"@type":"EntryPoint","urlTemplate":"https:\/\/cifar.ca\/fr\/?s={search_term_string}"},"query-input":{"@type":"PropertyValueSpecification","valueRequired":true,"valueName":"search_term_string"}}],"inLanguage":"fr-FR"},{"@type":"Organization","@id":"https:\/\/cifar.ca\/fr\/#organization","name":"CIFAR","url":"https:\/\/cifar.ca\/fr\/","logo":{"@type":"ImageObject","inLanguage":"fr-FR","@id":"https:\/\/cifar.ca\/fr\/#\/schema\/logo\/image\/","url":"https:\/\/cifar.ca\/wp-content\/uploads\/2020\/01\/cifar-logo-rgb-colour.png","contentUrl":"https:\/\/cifar.ca\/wp-content\/uploads\/2020\/01\/cifar-logo-rgb-colour.png","width":1884,"height":681,"caption":"CIFAR"},"image":{"@id":"https:\/\/cifar.ca\/fr\/#\/schema\/logo\/image\/"}},{"@type":"Person","@id":"https:\/\/cifar.ca\/fr\/#\/schema\/person\/3aee109595ac7abfaa614d31c729b0dc","name":"Abeer Khan","image":{"@type":"ImageObject","inLanguage":"fr-FR","@id":"https:\/\/secure.gravatar.com\/avatar\/b0f48c92afcbd16f5e44d53068a50e57c538517fd8dcf3f9f19350da55ccabd6?s=96&d=mm&r=g","url":"https:\/\/secure.gravatar.com\/avatar\/b0f48c92afcbd16f5e44d53068a50e57c538517fd8dcf3f9f19350da55ccabd6?s=96&d=mm&r=g","contentUrl":"https:\/\/secure.gravatar.com\/avatar\/b0f48c92afcbd16f5e44d53068a50e57c538517fd8dcf3f9f19350da55ccabd6?s=96&d=mm&r=g","caption":"Abeer Khan"}}]}},"_links":{"self":[{"href":"https:\/\/cifar.ca\/fr\/wp-json\/wp\/v2\/posts\/53578","targetHints":{"allow":["GET"]}}],"collection":[{"href":"https:\/\/cifar.ca\/fr\/wp-json\/wp\/v2\/posts"}],"about":[{"href":"https:\/\/cifar.ca\/fr\/wp-json\/wp\/v2\/types\/post"}],"author":[{"embeddable":true,"href":"https:\/\/cifar.ca\/fr\/wp-json\/wp\/v2\/users\/69"}],"replies":[{"embeddable":true,"href":"https:\/\/cifar.ca\/fr\/wp-json\/wp\/v2\/comments?post=53578"}],"version-history":[{"count":0,"href":"https:\/\/cifar.ca\/fr\/wp-json\/wp\/v2\/posts\/53578\/revisions"}],"wp:featuredmedia":[{"embeddable":true,"href":"https:\/\/cifar.ca\/fr\/wp-json\/wp\/v2\/media\/53575"}],"wp:attachment":[{"href":"https:\/\/cifar.ca\/fr\/wp-json\/wp\/v2\/media?parent=53578"}],"wp:term":[{"taxonomy":"category","embeddable":true,"href":"https:\/\/cifar.ca\/fr\/wp-json\/wp\/v2\/categories?post=53578"},{"taxonomy":"post_tag","embeddable":true,"href":"https:\/\/cifar.ca\/fr\/wp-json\/wp\/v2\/tags?post=53578"}],"curies":[{"name":"wp","href":"https:\/\/api.w.org\/{rel}","templated":true}]}}