{"id":54816,"date":"2021-05-01T20:26:15","date_gmt":"2021-05-02T00:26:15","guid":{"rendered":"https:\/\/cifar.ca\/?p=54816"},"modified":"2023-03-11T11:44:40","modified_gmt":"2023-03-11T16:44:40","slug":"ia-et-soins-de-sante-la-fusion-du-droit-et-de-la-science-deuxieme-partie","status":"publish","type":"post","link":"https:\/\/cifar.ca\/fr\/cifarnews\/2021\/05\/01\/ia-et-soins-de-sante-la-fusion-du-droit-et-de-la-science-deuxieme-partie\/","title":{"rendered":"IA et soins de sant\u00e9: la fusion du droit et de la science (deuxi\u00e8me partie)"},"content":{"rendered":"<h3><strong>R\u00e9glementation des dispositifs m\u00e9dicaux dot\u00e9s d&rsquo;IA<\/strong><\/h3>\n<p>mai 2021<\/p>\n<h3><span style=\"color: #da291c;\">Ce rapport est le r\u00e9sultat de la deuxi\u00e8me partie d&rsquo;un atelier en deux parties sur la fusion du droit et de la science.<\/span><\/h3>\n<p>Le deuxi\u00e8me \u00e9v\u00e9nement, intitul\u00e9 \u00ab\u00a0R\u00e9glementation des dispositifs m\u00e9dicaux dot\u00e9s d\u2019IA\u00a0\u00bb, a poursuivi les travaux de l\u2019\u00e9quipe de recherche en se concentrant sur une question plus pointue : la r\u00e9glementation des dispositifs m\u00e9dicaux.<\/p>\n<p>Des sp\u00e9cialistes de la recherche et de l\u2019innovation poss\u00e9dant une expertise en droit, en \u00e9thique, en politique, en m\u00e9decine ou en informatique se sont r\u00e9unis pour r\u00e9pondre \u00e0 une question centrale\u00a0: comment Sant\u00e9 Canada devrait-il r\u00e9glementer les dispositifs m\u00e9dicaux dot\u00e9s d\u2019IA\u00a0?<\/p>\n<p>Sant\u00e9 Canada poss\u00e8de un pouvoir r\u00e9glementaire clair sur les dispositifs m\u00e9dicaux et r\u00e9alise des analyses sur le plan de la s\u00e9curit\u00e9 pour d\u00e9terminer ceux dont l\u2019utilisation sera autoris\u00e9e au Canada. Le minist\u00e8re est en train de modifier son approche de la r\u00e9glementation des dispositifs m\u00e9dicaux, en partie en raison de ses pr\u00e9occupations quant \u00e0 la fa\u00e7on de r\u00e9glementer l\u2019IA. Il s\u2019agit donc d\u2019un \u00e9v\u00e9nement important et opportun sur la r\u00e9glementation de l\u2019IA dans le domaine des soins de sant\u00e9.<\/p>\n<p>Les chercheurs et chercheuses interdisciplinaires r\u00e9unis dans le cadre de cet atelier ont collabor\u00e9 pour aider Sant\u00e9 Canada \u00e0 orienter ses efforts de r\u00e9glementation de mani\u00e8re \u00e0 tirer parti des avantages de l\u2019IA. La pr\u00e9sence de repr\u00e9sentants de Sant\u00e9 Canada a permis de s\u2019assurer que les id\u00e9es et les recommandations formul\u00e9es \u00e9taient opportunes et bien document\u00e9es.<\/p>\n<p>COMIT\u00c9 ORGANISATEUR :\u00a0 Colleen M. Flood Droit, Universit\u00e9 d\u2019Ottawa; Jo\u00eblle Pineau Informatique, Universit\u00e9 McGill\/Mila\/Laboratoire de recherche en IA Facebook Montr\u00e9al ; C\u00e9line Castets-Renard Droit, Universit\u00e9 d\u2019Ottawa\/ Universit\u00e9 Toulouse Capitole (France).<\/p>\n<p><img loading=\"lazy\" decoding=\"async\" class=\"wp-image-53576 alignleft\" src=\"https:\/\/cifar.ca\/wp-content\/uploads\/2023\/03\/HealthLaw2FR.jpg\" alt=\"IA et soins de sante : la fusion du droit et de la science\" width=\"199\" height=\"279\" \/><button class=\"pdf-btn-link cifar_btn_link\" data-href=\"https:\/\/cifar.ca\/wp-content\/uploads\/2021\/05\/IA-et-soins-de-sante-La-fusion-du-droit-et-de-la-science-II.pdf\" data-target=\"_blank\">Lire le rapport complet<\/button><\/p>\n<p><a href=\"https:\/\/cifar.ca\/fr\/cifarnews\/2021\/02\/01\/ia-et-soins-de-sante-la-fusion-du-droit-et-de-la-science\/\">Lire la premi\u00e8re partie de la s\u00e9rie<\/a><\/p>\n","protected":false},"excerpt":{"rendered":"<p>R\u00e9glementation des dispositifs m\u00e9dicaux dot\u00e9s d&rsquo;IA mai 2021 Ce rapport est le r\u00e9sultat de la deuxi\u00e8me partie d&rsquo;un atelier en deux parties sur la fusion [&hellip;]<\/p>\n","protected":false},"author":63,"featured_media":54812,"comment_status":"closed","ping_status":"closed","sticky":false,"template":"","format":"standard","meta":{"_acf_changed":false,"footnotes":""},"categories":[5619,933,5621,3865,5657],"tags":[],"class_list":["post-54816","post","type-post","status-publish","format-standard","has-post-thumbnail","hentry","category-ia-au-service-de-la-sante","category-ia-et-societe","category-publications-sur-lia-et-la-sante","category-rapport","category-z-ia-et-soins-de-sante-la-fusion-du-droit-et-de-la-science"],"acf":[],"yoast_head":"<!-- This site is optimized with the Yoast SEO plugin v27.2 - https:\/\/yoast.com\/product\/yoast-seo-wordpress\/ -->\n<title>CIFAR<\/title>\n<meta name=\"description\" content=\"Le deuxi\u00e8me \u00e9v\u00e9nement, intitul\u00e9 \u00ab\u00a0R\u00e9glementation des dispositifs m\u00e9dicaux dot\u00e9s d\u2019IA\u00a0\u00bb, a poursuivi les travaux de l\u2019\u00e9quipe de recherche en se concentrant sur une question plus pointue : la r\u00e9glementation des dispositifs m\u00e9dicaux.\" \/>\n<meta name=\"robots\" content=\"index, follow, max-snippet:-1, max-image-preview:large, max-video-preview:-1\" \/>\n<link rel=\"canonical\" href=\"https:\/\/cifar.ca\/fr\/cifarnews\/2021\/05\/01\/ia-et-soins-de-sante-la-fusion-du-droit-et-de-la-science-deuxieme-partie\/\" \/>\n<meta property=\"og:locale\" content=\"fr_FR\" \/>\n<meta property=\"og:type\" content=\"article\" \/>\n<meta property=\"og:title\" content=\"IA et soins de sant\u00e9: la fusion du droit et de la science (deuxi\u00e8me partie) - CIFAR\" \/>\n<meta property=\"og:description\" content=\"Le deuxi\u00e8me \u00e9v\u00e9nement, intitul\u00e9 \u00ab\u00a0R\u00e9glementation des dispositifs m\u00e9dicaux dot\u00e9s d\u2019IA\u00a0\u00bb, a poursuivi les travaux de l\u2019\u00e9quipe de recherche en se concentrant sur une question plus pointue : la r\u00e9glementation des dispositifs m\u00e9dicaux.\" \/>\n<meta property=\"og:url\" content=\"https:\/\/cifar.ca\/fr\/cifarnews\/2021\/05\/01\/ia-et-soins-de-sante-la-fusion-du-droit-et-de-la-science-deuxieme-partie\/\" \/>\n<meta property=\"og:site_name\" content=\"CIFAR\" \/>\n<meta property=\"article:published_time\" content=\"2021-05-02T00:26:15+00:00\" \/>\n<meta property=\"article:modified_time\" content=\"2023-03-11T16:44:40+00:00\" \/>\n<meta property=\"og:image\" content=\"https:\/\/cifar.ca\/wp-content\/uploads\/2023\/03\/AIHealth1key.jpg\" \/>\n\t<meta property=\"og:image:width\" content=\"1100\" \/>\n\t<meta property=\"og:image:height\" content=\"615\" \/>\n\t<meta property=\"og:image:type\" content=\"image\/jpeg\" \/>\n<meta name=\"author\" content=\"Justine Brooks\" \/>\n<meta name=\"twitter:card\" content=\"summary_large_image\" \/>\n<meta name=\"twitter:label1\" content=\"\u00c9crit par\" \/>\n\t<meta name=\"twitter:data1\" content=\"Justine Brooks\" \/>\n\t<meta name=\"twitter:label2\" content=\"Dur\u00e9e de lecture estim\u00e9e\" \/>\n\t<meta name=\"twitter:data2\" content=\"2 minutes\" \/>\n<script type=\"application\/ld+json\" class=\"yoast-schema-graph\">{\"@context\":\"https:\/\/schema.org\",\"@graph\":[{\"@type\":\"Article\",\"@id\":\"https:\/\/cifar.ca\/fr\/cifarnews\/2021\/05\/01\/ia-et-soins-de-sante-la-fusion-du-droit-et-de-la-science-deuxieme-partie\/#article\",\"isPartOf\":{\"@id\":\"https:\/\/cifar.ca\/fr\/cifarnews\/2021\/05\/01\/ia-et-soins-de-sante-la-fusion-du-droit-et-de-la-science-deuxieme-partie\/\"},\"author\":{\"name\":\"Justine Brooks\",\"@id\":\"https:\/\/cifar.ca\/fr\/#\/schema\/person\/e2b54b4da40a11bc4916b20395422a32\"},\"headline\":\"IA et soins de sant\u00e9: la fusion du droit et de la science (deuxi\u00e8me partie)\",\"datePublished\":\"2021-05-02T00:26:15+00:00\",\"dateModified\":\"2023-03-11T16:44:40+00:00\",\"mainEntityOfPage\":{\"@id\":\"https:\/\/cifar.ca\/fr\/cifarnews\/2021\/05\/01\/ia-et-soins-de-sante-la-fusion-du-droit-et-de-la-science-deuxieme-partie\/\"},\"wordCount\":353,\"publisher\":{\"@id\":\"https:\/\/cifar.ca\/fr\/#organization\"},\"image\":{\"@id\":\"https:\/\/cifar.ca\/fr\/cifarnews\/2021\/05\/01\/ia-et-soins-de-sante-la-fusion-du-droit-et-de-la-science-deuxieme-partie\/#primaryimage\"},\"thumbnailUrl\":\"https:\/\/cifar.ca\/wp-content\/uploads\/2023\/03\/AIHealth1key.jpg\",\"articleSection\":[\"IA au service de la sant\u00e9\",\"IA et soci\u00e9t\u00e9\",\"Publications sur l'IA et la sant\u00e9\",\"Rapport\",\"z-IA et soins de sant\u00e9 : la fusion du droit et de la science\"],\"inLanguage\":\"fr-FR\"},{\"@type\":\"WebPage\",\"@id\":\"https:\/\/cifar.ca\/fr\/cifarnews\/2021\/05\/01\/ia-et-soins-de-sante-la-fusion-du-droit-et-de-la-science-deuxieme-partie\/\",\"url\":\"https:\/\/cifar.ca\/fr\/cifarnews\/2021\/05\/01\/ia-et-soins-de-sante-la-fusion-du-droit-et-de-la-science-deuxieme-partie\/\",\"name\":\"IA et soins de sant\u00e9: la fusion du droit et de la science (deuxi\u00e8me partie) - CIFAR\",\"isPartOf\":{\"@id\":\"https:\/\/cifar.ca\/fr\/#website\"},\"primaryImageOfPage\":{\"@id\":\"https:\/\/cifar.ca\/fr\/cifarnews\/2021\/05\/01\/ia-et-soins-de-sante-la-fusion-du-droit-et-de-la-science-deuxieme-partie\/#primaryimage\"},\"image\":{\"@id\":\"https:\/\/cifar.ca\/fr\/cifarnews\/2021\/05\/01\/ia-et-soins-de-sante-la-fusion-du-droit-et-de-la-science-deuxieme-partie\/#primaryimage\"},\"thumbnailUrl\":\"https:\/\/cifar.ca\/wp-content\/uploads\/2023\/03\/AIHealth1key.jpg\",\"datePublished\":\"2021-05-02T00:26:15+00:00\",\"dateModified\":\"2023-03-11T16:44:40+00:00\",\"description\":\"Le deuxi\u00e8me \u00e9v\u00e9nement, intitul\u00e9 \u00ab\u00a0R\u00e9glementation des dispositifs m\u00e9dicaux dot\u00e9s d\u2019IA\u00a0\u00bb, a poursuivi les travaux de l\u2019\u00e9quipe de recherche en se concentrant sur une question plus pointue : la r\u00e9glementation des dispositifs m\u00e9dicaux.\",\"breadcrumb\":{\"@id\":\"https:\/\/cifar.ca\/fr\/cifarnews\/2021\/05\/01\/ia-et-soins-de-sante-la-fusion-du-droit-et-de-la-science-deuxieme-partie\/#breadcrumb\"},\"inLanguage\":\"fr-FR\",\"potentialAction\":[{\"@type\":\"ReadAction\",\"target\":[\"https:\/\/cifar.ca\/fr\/cifarnews\/2021\/05\/01\/ia-et-soins-de-sante-la-fusion-du-droit-et-de-la-science-deuxieme-partie\/\"]}]},{\"@type\":\"ImageObject\",\"inLanguage\":\"fr-FR\",\"@id\":\"https:\/\/cifar.ca\/fr\/cifarnews\/2021\/05\/01\/ia-et-soins-de-sante-la-fusion-du-droit-et-de-la-science-deuxieme-partie\/#primaryimage\",\"url\":\"https:\/\/cifar.ca\/wp-content\/uploads\/2023\/03\/AIHealth1key.jpg\",\"contentUrl\":\"https:\/\/cifar.ca\/wp-content\/uploads\/2023\/03\/AIHealth1key.jpg\",\"width\":1100,\"height\":615,\"caption\":\"decorative image\"},{\"@type\":\"BreadcrumbList\",\"@id\":\"https:\/\/cifar.ca\/fr\/cifarnews\/2021\/05\/01\/ia-et-soins-de-sante-la-fusion-du-droit-et-de-la-science-deuxieme-partie\/#breadcrumb\",\"itemListElement\":[{\"@type\":\"ListItem\",\"position\":1,\"name\":\"Acceuil\",\"item\":\"https:\/\/cifar.ca\/fr\/\"},{\"@type\":\"ListItem\",\"position\":2,\"name\":\"IA et soins de sant\u00e9: la fusion du droit et de la science (deuxi\u00e8me partie)\"}]},{\"@type\":\"WebSite\",\"@id\":\"https:\/\/cifar.ca\/fr\/#website\",\"url\":\"https:\/\/cifar.ca\/fr\/\",\"name\":\"CIFAR\",\"description\":\"Convoquer des esprits extraordinaires pour r\u00e9pondre aux questions les plus importantes auxquelles la science et l'humanit\u00e9 sont confront\u00e9es.\",\"publisher\":{\"@id\":\"https:\/\/cifar.ca\/fr\/#organization\"},\"potentialAction\":[{\"@type\":\"SearchAction\",\"target\":{\"@type\":\"EntryPoint\",\"urlTemplate\":\"https:\/\/cifar.ca\/fr\/?s={search_term_string}\"},\"query-input\":{\"@type\":\"PropertyValueSpecification\",\"valueRequired\":true,\"valueName\":\"search_term_string\"}}],\"inLanguage\":\"fr-FR\"},{\"@type\":\"Organization\",\"@id\":\"https:\/\/cifar.ca\/fr\/#organization\",\"name\":\"CIFAR\",\"url\":\"https:\/\/cifar.ca\/fr\/\",\"logo\":{\"@type\":\"ImageObject\",\"inLanguage\":\"fr-FR\",\"@id\":\"https:\/\/cifar.ca\/fr\/#\/schema\/logo\/image\/\",\"url\":\"https:\/\/cifar.ca\/wp-content\/uploads\/2020\/01\/cifar-logo-rgb-colour.png\",\"contentUrl\":\"https:\/\/cifar.ca\/wp-content\/uploads\/2020\/01\/cifar-logo-rgb-colour.png\",\"width\":1884,\"height\":681,\"caption\":\"CIFAR\"},\"image\":{\"@id\":\"https:\/\/cifar.ca\/fr\/#\/schema\/logo\/image\/\"}},{\"@type\":\"Person\",\"@id\":\"https:\/\/cifar.ca\/fr\/#\/schema\/person\/e2b54b4da40a11bc4916b20395422a32\",\"name\":\"Justine Brooks\",\"image\":{\"@type\":\"ImageObject\",\"inLanguage\":\"fr-FR\",\"@id\":\"https:\/\/secure.gravatar.com\/avatar\/1889bcc5bdac8fd9b6eeace30610f03315e6508bbc8ac7e7162e6a2302cc21e6?s=96&d=mm&r=g\",\"url\":\"https:\/\/secure.gravatar.com\/avatar\/1889bcc5bdac8fd9b6eeace30610f03315e6508bbc8ac7e7162e6a2302cc21e6?s=96&d=mm&r=g\",\"contentUrl\":\"https:\/\/secure.gravatar.com\/avatar\/1889bcc5bdac8fd9b6eeace30610f03315e6508bbc8ac7e7162e6a2302cc21e6?s=96&d=mm&r=g\",\"caption\":\"Justine Brooks\"}}]}<\/script>\n<!-- \/ Yoast SEO plugin. -->","yoast_head_json":{"title":"CIFAR","description":"Le deuxi\u00e8me \u00e9v\u00e9nement, intitul\u00e9 \u00ab\u00a0R\u00e9glementation des dispositifs m\u00e9dicaux dot\u00e9s d\u2019IA\u00a0\u00bb, a poursuivi les travaux de l\u2019\u00e9quipe de recherche en se concentrant sur une question plus pointue : la r\u00e9glementation des dispositifs m\u00e9dicaux.","robots":{"index":"index","follow":"follow","max-snippet":"max-snippet:-1","max-image-preview":"max-image-preview:large","max-video-preview":"max-video-preview:-1"},"canonical":"https:\/\/cifar.ca\/fr\/cifarnews\/2021\/05\/01\/ia-et-soins-de-sante-la-fusion-du-droit-et-de-la-science-deuxieme-partie\/","og_locale":"fr_FR","og_type":"article","og_title":"IA et soins de sant\u00e9: la fusion du droit et de la science (deuxi\u00e8me partie) - CIFAR","og_description":"Le deuxi\u00e8me \u00e9v\u00e9nement, intitul\u00e9 \u00ab\u00a0R\u00e9glementation des dispositifs m\u00e9dicaux dot\u00e9s d\u2019IA\u00a0\u00bb, a poursuivi les travaux de l\u2019\u00e9quipe de recherche en se concentrant sur une question plus pointue : la r\u00e9glementation des dispositifs m\u00e9dicaux.","og_url":"https:\/\/cifar.ca\/fr\/cifarnews\/2021\/05\/01\/ia-et-soins-de-sante-la-fusion-du-droit-et-de-la-science-deuxieme-partie\/","og_site_name":"CIFAR","article_published_time":"2021-05-02T00:26:15+00:00","article_modified_time":"2023-03-11T16:44:40+00:00","og_image":[{"width":1100,"height":615,"url":"https:\/\/cifar.ca\/wp-content\/uploads\/2023\/03\/AIHealth1key.jpg","type":"image\/jpeg"}],"author":"Justine Brooks","twitter_card":"summary_large_image","twitter_misc":{"\u00c9crit par":"Justine Brooks","Dur\u00e9e de lecture estim\u00e9e":"2 minutes"},"schema":{"@context":"https:\/\/schema.org","@graph":[{"@type":"Article","@id":"https:\/\/cifar.ca\/fr\/cifarnews\/2021\/05\/01\/ia-et-soins-de-sante-la-fusion-du-droit-et-de-la-science-deuxieme-partie\/#article","isPartOf":{"@id":"https:\/\/cifar.ca\/fr\/cifarnews\/2021\/05\/01\/ia-et-soins-de-sante-la-fusion-du-droit-et-de-la-science-deuxieme-partie\/"},"author":{"name":"Justine Brooks","@id":"https:\/\/cifar.ca\/fr\/#\/schema\/person\/e2b54b4da40a11bc4916b20395422a32"},"headline":"IA et soins de sant\u00e9: la fusion du droit et de la science (deuxi\u00e8me partie)","datePublished":"2021-05-02T00:26:15+00:00","dateModified":"2023-03-11T16:44:40+00:00","mainEntityOfPage":{"@id":"https:\/\/cifar.ca\/fr\/cifarnews\/2021\/05\/01\/ia-et-soins-de-sante-la-fusion-du-droit-et-de-la-science-deuxieme-partie\/"},"wordCount":353,"publisher":{"@id":"https:\/\/cifar.ca\/fr\/#organization"},"image":{"@id":"https:\/\/cifar.ca\/fr\/cifarnews\/2021\/05\/01\/ia-et-soins-de-sante-la-fusion-du-droit-et-de-la-science-deuxieme-partie\/#primaryimage"},"thumbnailUrl":"https:\/\/cifar.ca\/wp-content\/uploads\/2023\/03\/AIHealth1key.jpg","articleSection":["IA au service de la sant\u00e9","IA et soci\u00e9t\u00e9","Publications sur l'IA et la sant\u00e9","Rapport","z-IA et soins de sant\u00e9 : la fusion du droit et de la science"],"inLanguage":"fr-FR"},{"@type":"WebPage","@id":"https:\/\/cifar.ca\/fr\/cifarnews\/2021\/05\/01\/ia-et-soins-de-sante-la-fusion-du-droit-et-de-la-science-deuxieme-partie\/","url":"https:\/\/cifar.ca\/fr\/cifarnews\/2021\/05\/01\/ia-et-soins-de-sante-la-fusion-du-droit-et-de-la-science-deuxieme-partie\/","name":"IA et soins de sant\u00e9: la fusion du droit et de la science (deuxi\u00e8me partie) - CIFAR","isPartOf":{"@id":"https:\/\/cifar.ca\/fr\/#website"},"primaryImageOfPage":{"@id":"https:\/\/cifar.ca\/fr\/cifarnews\/2021\/05\/01\/ia-et-soins-de-sante-la-fusion-du-droit-et-de-la-science-deuxieme-partie\/#primaryimage"},"image":{"@id":"https:\/\/cifar.ca\/fr\/cifarnews\/2021\/05\/01\/ia-et-soins-de-sante-la-fusion-du-droit-et-de-la-science-deuxieme-partie\/#primaryimage"},"thumbnailUrl":"https:\/\/cifar.ca\/wp-content\/uploads\/2023\/03\/AIHealth1key.jpg","datePublished":"2021-05-02T00:26:15+00:00","dateModified":"2023-03-11T16:44:40+00:00","description":"Le deuxi\u00e8me \u00e9v\u00e9nement, intitul\u00e9 \u00ab\u00a0R\u00e9glementation des dispositifs m\u00e9dicaux dot\u00e9s d\u2019IA\u00a0\u00bb, a poursuivi les travaux de l\u2019\u00e9quipe de recherche en se concentrant sur une question plus pointue : la r\u00e9glementation des dispositifs m\u00e9dicaux.","breadcrumb":{"@id":"https:\/\/cifar.ca\/fr\/cifarnews\/2021\/05\/01\/ia-et-soins-de-sante-la-fusion-du-droit-et-de-la-science-deuxieme-partie\/#breadcrumb"},"inLanguage":"fr-FR","potentialAction":[{"@type":"ReadAction","target":["https:\/\/cifar.ca\/fr\/cifarnews\/2021\/05\/01\/ia-et-soins-de-sante-la-fusion-du-droit-et-de-la-science-deuxieme-partie\/"]}]},{"@type":"ImageObject","inLanguage":"fr-FR","@id":"https:\/\/cifar.ca\/fr\/cifarnews\/2021\/05\/01\/ia-et-soins-de-sante-la-fusion-du-droit-et-de-la-science-deuxieme-partie\/#primaryimage","url":"https:\/\/cifar.ca\/wp-content\/uploads\/2023\/03\/AIHealth1key.jpg","contentUrl":"https:\/\/cifar.ca\/wp-content\/uploads\/2023\/03\/AIHealth1key.jpg","width":1100,"height":615,"caption":"decorative image"},{"@type":"BreadcrumbList","@id":"https:\/\/cifar.ca\/fr\/cifarnews\/2021\/05\/01\/ia-et-soins-de-sante-la-fusion-du-droit-et-de-la-science-deuxieme-partie\/#breadcrumb","itemListElement":[{"@type":"ListItem","position":1,"name":"Acceuil","item":"https:\/\/cifar.ca\/fr\/"},{"@type":"ListItem","position":2,"name":"IA et soins de sant\u00e9: la fusion du droit et de la science (deuxi\u00e8me partie)"}]},{"@type":"WebSite","@id":"https:\/\/cifar.ca\/fr\/#website","url":"https:\/\/cifar.ca\/fr\/","name":"CIFAR","description":"Convoquer des esprits extraordinaires pour r\u00e9pondre aux questions les plus importantes auxquelles la science et l'humanit\u00e9 sont confront\u00e9es.","publisher":{"@id":"https:\/\/cifar.ca\/fr\/#organization"},"potentialAction":[{"@type":"SearchAction","target":{"@type":"EntryPoint","urlTemplate":"https:\/\/cifar.ca\/fr\/?s={search_term_string}"},"query-input":{"@type":"PropertyValueSpecification","valueRequired":true,"valueName":"search_term_string"}}],"inLanguage":"fr-FR"},{"@type":"Organization","@id":"https:\/\/cifar.ca\/fr\/#organization","name":"CIFAR","url":"https:\/\/cifar.ca\/fr\/","logo":{"@type":"ImageObject","inLanguage":"fr-FR","@id":"https:\/\/cifar.ca\/fr\/#\/schema\/logo\/image\/","url":"https:\/\/cifar.ca\/wp-content\/uploads\/2020\/01\/cifar-logo-rgb-colour.png","contentUrl":"https:\/\/cifar.ca\/wp-content\/uploads\/2020\/01\/cifar-logo-rgb-colour.png","width":1884,"height":681,"caption":"CIFAR"},"image":{"@id":"https:\/\/cifar.ca\/fr\/#\/schema\/logo\/image\/"}},{"@type":"Person","@id":"https:\/\/cifar.ca\/fr\/#\/schema\/person\/e2b54b4da40a11bc4916b20395422a32","name":"Justine Brooks","image":{"@type":"ImageObject","inLanguage":"fr-FR","@id":"https:\/\/secure.gravatar.com\/avatar\/1889bcc5bdac8fd9b6eeace30610f03315e6508bbc8ac7e7162e6a2302cc21e6?s=96&d=mm&r=g","url":"https:\/\/secure.gravatar.com\/avatar\/1889bcc5bdac8fd9b6eeace30610f03315e6508bbc8ac7e7162e6a2302cc21e6?s=96&d=mm&r=g","contentUrl":"https:\/\/secure.gravatar.com\/avatar\/1889bcc5bdac8fd9b6eeace30610f03315e6508bbc8ac7e7162e6a2302cc21e6?s=96&d=mm&r=g","caption":"Justine Brooks"}}]}},"_links":{"self":[{"href":"https:\/\/cifar.ca\/fr\/wp-json\/wp\/v2\/posts\/54816","targetHints":{"allow":["GET"]}}],"collection":[{"href":"https:\/\/cifar.ca\/fr\/wp-json\/wp\/v2\/posts"}],"about":[{"href":"https:\/\/cifar.ca\/fr\/wp-json\/wp\/v2\/types\/post"}],"author":[{"embeddable":true,"href":"https:\/\/cifar.ca\/fr\/wp-json\/wp\/v2\/users\/63"}],"replies":[{"embeddable":true,"href":"https:\/\/cifar.ca\/fr\/wp-json\/wp\/v2\/comments?post=54816"}],"version-history":[{"count":0,"href":"https:\/\/cifar.ca\/fr\/wp-json\/wp\/v2\/posts\/54816\/revisions"}],"wp:featuredmedia":[{"embeddable":true,"href":"https:\/\/cifar.ca\/fr\/wp-json\/wp\/v2\/media\/54812"}],"wp:attachment":[{"href":"https:\/\/cifar.ca\/fr\/wp-json\/wp\/v2\/media?parent=54816"}],"wp:term":[{"taxonomy":"category","embeddable":true,"href":"https:\/\/cifar.ca\/fr\/wp-json\/wp\/v2\/categories?post=54816"},{"taxonomy":"post_tag","embeddable":true,"href":"https:\/\/cifar.ca\/fr\/wp-json\/wp\/v2\/tags?post=54816"}],"curies":[{"name":"wp","href":"https:\/\/api.w.org\/{rel}","templated":true}]}}