{"id":55084,"date":"2023-04-13T09:14:20","date_gmt":"2023-04-13T13:14:20","guid":{"rendered":"https:\/\/cifar.ca\/?p=55084"},"modified":"2025-12-18T02:13:47","modified_gmt":"2025-12-18T07:13:47","slug":"pour-une-deuxieme-annee-consecutive-le-cifar-obtient-la-certification-great-place-to-work","status":"publish","type":"post","link":"https:\/\/cifar.ca\/fr\/cifarnews\/2023\/04\/13\/pour-une-deuxieme-annee-consecutive-le-cifar-obtient-la-certification-great-place-to-work\/","title":{"rendered":"Pour une deuxi\u00e8me ann\u00e9e cons\u00e9cutive, le CIFAR obtient la certification Great Place to Work\u00ae"},"content":{"rendered":"<h4><span style=\"font-weight: 400; color: #da291c;\">La certification reconna\u00eet le leadership du CIFAR quant \u00e0 la cr\u00e9ation d\u2019un environnement de travail positif, inclusif et innovant.<\/span><\/h4>\n<p><span style=\"font-weight: 400;\">Le CIFAR a obtenu la certification Great Place to Work\u00ae (GPTW) pour 2023, au terme d\u2019un examen approfondi et ind\u00e9pendant men\u00e9 par le Great Place to Work\u00ae Institute Canada.<\/span><\/p>\n<p><span style=\"font-weight: 400;\">GPTW reconna\u00eet notre organisation pour la deuxi\u00e8me ann\u00e9e cons\u00e9cutive. Dans le cadre de son mandat et de sa culture d\u2019entreprise, le CIFAR s\u2019engage \u00e0 am\u00e9liorer l\u2019\u00e9quit\u00e9, la diversit\u00e9 et l\u2019inclusion (EDI) et compte divers comit\u00e9s qui proposent tout au long de l\u2019ann\u00e9e des ateliers sur le bien-\u00eatre et des \u00e9v\u00e9nements visant \u00e0 renforcer la communaut\u00e9.<\/span><\/p>\n<p><span style=\"font-weight: 400;\">La certification repose sur la r\u00e9troaction directe des membres du personnel du CIFAR, recueillie dans le cadre d\u2019une enqu\u00eate exhaustive et anonyme sur leur exp\u00e9rience du milieu de travail. Great Place to Work\u00ae fait autorit\u00e9 \u00e0 l\u2019\u00e9chelle mondiale en mati\u00e8re de culture d\u2019entreprise fond\u00e9e sur la confiance et le rendement de haut niveau.<\/span><\/p>\n<p><span style=\"font-weight: 400;\">\u00ab\u2009Depuis que je suis arriv\u00e9 au CIFAR en 2022, j\u2019ai \u00e9t\u00e9 impressionn\u00e9 par l\u2019engagement in\u00e9branlable du personnel envers notre mission et par l\u2019environnement de collaboration et de soutien exceptionnel cr\u00e9\u00e9 par cette mission commune\u2009\u00bb, a d\u00e9clar\u00e9 Stephen Toope, pr\u00e9sident et chef de la direction du CIFAR.<\/span><\/p>\n<p><span style=\"font-weight: 400;\"> Nancy Fonseca, vice-pr\u00e9sidente principale de Great Place to Work\u00ae Canada, affirme qu\u2019un lieu de travail exceptionnel se mesure \u00e0 la confiance que le personnel accorde \u00e0 la direction, \u00e0 la fiert\u00e9 qu\u2019il ressent \u00e0 l\u2019\u00e9gard de son travail et au plaisir qu\u2019il \u00e9prouve \u00e0 travailler avec ses coll\u00e8gues.<\/span><\/p>\n<p><span style=\"font-weight: 400;\">\u00ab\u2009Nos donn\u00e9es indiquent que les lieux de travail exceptionnels profitent d\u2019un meilleur rendement financier, d\u2019une r\u00e9duction du roulement du personnel et d\u2019une plus grande satisfaction de la client\u00e8le que leurs pairs. Qui plus est, les environnements de travail fond\u00e9s sur la confiance favorisent l\u2019innovation, l\u2019agilit\u00e9, la r\u00e9silience et l\u2019efficacit\u00e9\u2009\u00bb, a d\u00e9clar\u00e9 Nancy Fonseca.<\/span><\/p>\n<p><span style=\"font-weight: 400;\">\u00a0<\/span><span style=\"font-weight: 400;\">\u00ab\u2009Je tiens \u00e0 f\u00e9liciter l\u2019ensemble du personnel du CIFAR, a d\u00e9clar\u00e9 Stephen Toope. Cette certification t\u00e9moigne de leur engagement \u00e0 cultiver un lieu de travail positif, inclusif et innovant.\u2009\u00bb<\/span><\/p>\n","protected":false},"excerpt":{"rendered":"<p>La certification reconna\u00eet le leadership du CIFAR quant \u00e0 la cr\u00e9ation d\u2019un environnement de travail positif, inclusif et innovant. Le CIFAR a obtenu la certification [&hellip;]<\/p>\n","protected":false},"author":51,"featured_media":55085,"comment_status":"closed","ping_status":"closed","sticky":false,"template":"","format":"standard","meta":{"_acf_changed":false,"footnotes":""},"categories":[4010,1771],"tags":[5715,5714],"class_list":["post-55084","post","type-post","status-publish","format-standard","has-post-thumbnail","hentry","category-annonce-fr","category-nouvelles","tag-gptw-fr","tag-great-place-to-work-fr"],"acf":[],"yoast_head":"<!-- This site is optimized with the Yoast SEO plugin v27.2 - https:\/\/yoast.com\/product\/yoast-seo-wordpress\/ -->\n<title>CIFAR<\/title>\n<meta name=\"description\" content=\"La certification reconna\u00eet le leadership du CIFAR quant \u00e0 la cr\u00e9ation d\u2019un environnement de travail positif, inclusif et innovant.\" \/>\n<meta name=\"robots\" content=\"index, follow, max-snippet:-1, max-image-preview:large, max-video-preview:-1\" \/>\n<link rel=\"canonical\" href=\"https:\/\/cifar.ca\/fr\/cifarnews\/2023\/04\/13\/pour-une-deuxieme-annee-consecutive-le-cifar-obtient-la-certification-great-place-to-work\/\" \/>\n<meta property=\"og:locale\" content=\"fr_FR\" \/>\n<meta property=\"og:type\" content=\"article\" \/>\n<meta property=\"og:title\" content=\"Pour une deuxi\u00e8me ann\u00e9e cons\u00e9cutive, le CIFAR obtient la certification Great Place to Work\u00ae - CIFAR\" \/>\n<meta property=\"og:description\" content=\"La certification reconna\u00eet le leadership du CIFAR quant \u00e0 la cr\u00e9ation d\u2019un environnement de travail positif, inclusif et innovant.\" \/>\n<meta property=\"og:url\" content=\"https:\/\/cifar.ca\/fr\/cifarnews\/2023\/04\/13\/pour-une-deuxieme-annee-consecutive-le-cifar-obtient-la-certification-great-place-to-work\/\" \/>\n<meta property=\"og:site_name\" content=\"CIFAR\" \/>\n<meta property=\"article:published_time\" content=\"2023-04-13T13:14:20+00:00\" \/>\n<meta property=\"article:modified_time\" content=\"2025-12-18T07:13:47+00:00\" \/>\n<meta property=\"og:image\" content=\"https:\/\/cifar.ca\/wp-content\/uploads\/2023\/04\/GreatPlaceToWorkBannerFr.jpg\" \/>\n\t<meta property=\"og:image:width\" content=\"1920\" \/>\n\t<meta property=\"og:image:height\" content=\"1080\" \/>\n\t<meta property=\"og:image:type\" content=\"image\/jpeg\" \/>\n<meta name=\"author\" content=\"Liz Do\" \/>\n<meta name=\"twitter:card\" content=\"summary_large_image\" \/>\n<meta name=\"twitter:label1\" content=\"\u00c9crit par\" \/>\n\t<meta name=\"twitter:data1\" content=\"Liz Do\" \/>\n\t<meta name=\"twitter:label2\" content=\"Dur\u00e9e de lecture estim\u00e9e\" \/>\n\t<meta name=\"twitter:data2\" content=\"2 minutes\" \/>\n<script type=\"application\/ld+json\" class=\"yoast-schema-graph\">{\"@context\":\"https:\/\/schema.org\",\"@graph\":[{\"@type\":\"Article\",\"@id\":\"https:\/\/cifar.ca\/fr\/cifarnews\/2023\/04\/13\/pour-une-deuxieme-annee-consecutive-le-cifar-obtient-la-certification-great-place-to-work\/#article\",\"isPartOf\":{\"@id\":\"https:\/\/cifar.ca\/fr\/cifarnews\/2023\/04\/13\/pour-une-deuxieme-annee-consecutive-le-cifar-obtient-la-certification-great-place-to-work\/\"},\"author\":{\"name\":\"Liz Do\",\"@id\":\"https:\/\/cifar.ca\/fr\/#\/schema\/person\/772cd357eac17dc0f6b7e10b7d80a1b4\"},\"headline\":\"Pour une deuxi\u00e8me ann\u00e9e cons\u00e9cutive, le CIFAR obtient la certification Great Place to Work\u00ae\",\"datePublished\":\"2023-04-13T13:14:20+00:00\",\"dateModified\":\"2025-12-18T07:13:47+00:00\",\"mainEntityOfPage\":{\"@id\":\"https:\/\/cifar.ca\/fr\/cifarnews\/2023\/04\/13\/pour-une-deuxieme-annee-consecutive-le-cifar-obtient-la-certification-great-place-to-work\/\"},\"wordCount\":391,\"publisher\":{\"@id\":\"https:\/\/cifar.ca\/fr\/#organization\"},\"image\":{\"@id\":\"https:\/\/cifar.ca\/fr\/cifarnews\/2023\/04\/13\/pour-une-deuxieme-annee-consecutive-le-cifar-obtient-la-certification-great-place-to-work\/#primaryimage\"},\"thumbnailUrl\":\"https:\/\/cifar.ca\/wp-content\/uploads\/2023\/04\/GreatPlaceToWorkBannerFr.jpg\",\"keywords\":[\"GPTW\",\"Great Place to Work\"],\"articleSection\":[\"Annonce\",\"Nouvelles\"],\"inLanguage\":\"fr-FR\"},{\"@type\":\"WebPage\",\"@id\":\"https:\/\/cifar.ca\/fr\/cifarnews\/2023\/04\/13\/pour-une-deuxieme-annee-consecutive-le-cifar-obtient-la-certification-great-place-to-work\/\",\"url\":\"https:\/\/cifar.ca\/fr\/cifarnews\/2023\/04\/13\/pour-une-deuxieme-annee-consecutive-le-cifar-obtient-la-certification-great-place-to-work\/\",\"name\":\"Pour une deuxi\u00e8me ann\u00e9e cons\u00e9cutive, le CIFAR obtient la certification Great Place to Work\u00ae - CIFAR\",\"isPartOf\":{\"@id\":\"https:\/\/cifar.ca\/fr\/#website\"},\"primaryImageOfPage\":{\"@id\":\"https:\/\/cifar.ca\/fr\/cifarnews\/2023\/04\/13\/pour-une-deuxieme-annee-consecutive-le-cifar-obtient-la-certification-great-place-to-work\/#primaryimage\"},\"image\":{\"@id\":\"https:\/\/cifar.ca\/fr\/cifarnews\/2023\/04\/13\/pour-une-deuxieme-annee-consecutive-le-cifar-obtient-la-certification-great-place-to-work\/#primaryimage\"},\"thumbnailUrl\":\"https:\/\/cifar.ca\/wp-content\/uploads\/2023\/04\/GreatPlaceToWorkBannerFr.jpg\",\"datePublished\":\"2023-04-13T13:14:20+00:00\",\"dateModified\":\"2025-12-18T07:13:47+00:00\",\"description\":\"La certification reconna\u00eet le leadership du CIFAR quant \u00e0 la cr\u00e9ation d\u2019un environnement de travail positif, inclusif et innovant.\",\"breadcrumb\":{\"@id\":\"https:\/\/cifar.ca\/fr\/cifarnews\/2023\/04\/13\/pour-une-deuxieme-annee-consecutive-le-cifar-obtient-la-certification-great-place-to-work\/#breadcrumb\"},\"inLanguage\":\"fr-FR\",\"potentialAction\":[{\"@type\":\"ReadAction\",\"target\":[\"https:\/\/cifar.ca\/fr\/cifarnews\/2023\/04\/13\/pour-une-deuxieme-annee-consecutive-le-cifar-obtient-la-certification-great-place-to-work\/\"]}]},{\"@type\":\"ImageObject\",\"inLanguage\":\"fr-FR\",\"@id\":\"https:\/\/cifar.ca\/fr\/cifarnews\/2023\/04\/13\/pour-une-deuxieme-annee-consecutive-le-cifar-obtient-la-certification-great-place-to-work\/#primaryimage\",\"url\":\"https:\/\/cifar.ca\/wp-content\/uploads\/2023\/04\/GreatPlaceToWorkBannerFr.jpg\",\"contentUrl\":\"https:\/\/cifar.ca\/wp-content\/uploads\/2023\/04\/GreatPlaceToWorkBannerFr.jpg\",\"width\":1920,\"height\":1080},{\"@type\":\"BreadcrumbList\",\"@id\":\"https:\/\/cifar.ca\/fr\/cifarnews\/2023\/04\/13\/pour-une-deuxieme-annee-consecutive-le-cifar-obtient-la-certification-great-place-to-work\/#breadcrumb\",\"itemListElement\":[{\"@type\":\"ListItem\",\"position\":1,\"name\":\"Acceuil\",\"item\":\"https:\/\/cifar.ca\/fr\/\"},{\"@type\":\"ListItem\",\"position\":2,\"name\":\"Pour une deuxi\u00e8me ann\u00e9e cons\u00e9cutive, le CIFAR obtient la certification Great Place to Work\u00ae\"}]},{\"@type\":\"WebSite\",\"@id\":\"https:\/\/cifar.ca\/fr\/#website\",\"url\":\"https:\/\/cifar.ca\/fr\/\",\"name\":\"CIFAR\",\"description\":\"Convoquer des esprits extraordinaires pour r\u00e9pondre aux questions les plus importantes auxquelles la science et l'humanit\u00e9 sont confront\u00e9es.\",\"publisher\":{\"@id\":\"https:\/\/cifar.ca\/fr\/#organization\"},\"potentialAction\":[{\"@type\":\"SearchAction\",\"target\":{\"@type\":\"EntryPoint\",\"urlTemplate\":\"https:\/\/cifar.ca\/fr\/?s={search_term_string}\"},\"query-input\":{\"@type\":\"PropertyValueSpecification\",\"valueRequired\":true,\"valueName\":\"search_term_string\"}}],\"inLanguage\":\"fr-FR\"},{\"@type\":\"Organization\",\"@id\":\"https:\/\/cifar.ca\/fr\/#organization\",\"name\":\"CIFAR\",\"url\":\"https:\/\/cifar.ca\/fr\/\",\"logo\":{\"@type\":\"ImageObject\",\"inLanguage\":\"fr-FR\",\"@id\":\"https:\/\/cifar.ca\/fr\/#\/schema\/logo\/image\/\",\"url\":\"https:\/\/cifar.ca\/wp-content\/uploads\/2020\/01\/cifar-logo-rgb-colour.png\",\"contentUrl\":\"https:\/\/cifar.ca\/wp-content\/uploads\/2020\/01\/cifar-logo-rgb-colour.png\",\"width\":1884,\"height\":681,\"caption\":\"CIFAR\"},\"image\":{\"@id\":\"https:\/\/cifar.ca\/fr\/#\/schema\/logo\/image\/\"}},{\"@type\":\"Person\",\"@id\":\"https:\/\/cifar.ca\/fr\/#\/schema\/person\/772cd357eac17dc0f6b7e10b7d80a1b4\",\"name\":\"Liz Do\",\"image\":{\"@type\":\"ImageObject\",\"inLanguage\":\"fr-FR\",\"@id\":\"https:\/\/secure.gravatar.com\/avatar\/a6ad5f6c430679a96d91b356a7ca4753a816c0906754bb4951fe5f5ea1ee7973?s=96&d=mm&r=g\",\"url\":\"https:\/\/secure.gravatar.com\/avatar\/a6ad5f6c430679a96d91b356a7ca4753a816c0906754bb4951fe5f5ea1ee7973?s=96&d=mm&r=g\",\"contentUrl\":\"https:\/\/secure.gravatar.com\/avatar\/a6ad5f6c430679a96d91b356a7ca4753a816c0906754bb4951fe5f5ea1ee7973?s=96&d=mm&r=g\",\"caption\":\"Liz Do\"}}]}<\/script>\n<!-- \/ Yoast SEO plugin. -->","yoast_head_json":{"title":"CIFAR","description":"La certification reconna\u00eet le leadership du CIFAR quant \u00e0 la cr\u00e9ation d\u2019un environnement de travail positif, inclusif et innovant.","robots":{"index":"index","follow":"follow","max-snippet":"max-snippet:-1","max-image-preview":"max-image-preview:large","max-video-preview":"max-video-preview:-1"},"canonical":"https:\/\/cifar.ca\/fr\/cifarnews\/2023\/04\/13\/pour-une-deuxieme-annee-consecutive-le-cifar-obtient-la-certification-great-place-to-work\/","og_locale":"fr_FR","og_type":"article","og_title":"Pour une deuxi\u00e8me ann\u00e9e cons\u00e9cutive, le CIFAR obtient la certification Great Place to Work\u00ae - CIFAR","og_description":"La certification reconna\u00eet le leadership du CIFAR quant \u00e0 la cr\u00e9ation d\u2019un environnement de travail positif, inclusif et innovant.","og_url":"https:\/\/cifar.ca\/fr\/cifarnews\/2023\/04\/13\/pour-une-deuxieme-annee-consecutive-le-cifar-obtient-la-certification-great-place-to-work\/","og_site_name":"CIFAR","article_published_time":"2023-04-13T13:14:20+00:00","article_modified_time":"2025-12-18T07:13:47+00:00","og_image":[{"width":1920,"height":1080,"url":"https:\/\/cifar.ca\/wp-content\/uploads\/2023\/04\/GreatPlaceToWorkBannerFr.jpg","type":"image\/jpeg"}],"author":"Liz Do","twitter_card":"summary_large_image","twitter_misc":{"\u00c9crit par":"Liz Do","Dur\u00e9e de lecture estim\u00e9e":"2 minutes"},"schema":{"@context":"https:\/\/schema.org","@graph":[{"@type":"Article","@id":"https:\/\/cifar.ca\/fr\/cifarnews\/2023\/04\/13\/pour-une-deuxieme-annee-consecutive-le-cifar-obtient-la-certification-great-place-to-work\/#article","isPartOf":{"@id":"https:\/\/cifar.ca\/fr\/cifarnews\/2023\/04\/13\/pour-une-deuxieme-annee-consecutive-le-cifar-obtient-la-certification-great-place-to-work\/"},"author":{"name":"Liz Do","@id":"https:\/\/cifar.ca\/fr\/#\/schema\/person\/772cd357eac17dc0f6b7e10b7d80a1b4"},"headline":"Pour une deuxi\u00e8me ann\u00e9e cons\u00e9cutive, le CIFAR obtient la certification Great Place to Work\u00ae","datePublished":"2023-04-13T13:14:20+00:00","dateModified":"2025-12-18T07:13:47+00:00","mainEntityOfPage":{"@id":"https:\/\/cifar.ca\/fr\/cifarnews\/2023\/04\/13\/pour-une-deuxieme-annee-consecutive-le-cifar-obtient-la-certification-great-place-to-work\/"},"wordCount":391,"publisher":{"@id":"https:\/\/cifar.ca\/fr\/#organization"},"image":{"@id":"https:\/\/cifar.ca\/fr\/cifarnews\/2023\/04\/13\/pour-une-deuxieme-annee-consecutive-le-cifar-obtient-la-certification-great-place-to-work\/#primaryimage"},"thumbnailUrl":"https:\/\/cifar.ca\/wp-content\/uploads\/2023\/04\/GreatPlaceToWorkBannerFr.jpg","keywords":["GPTW","Great Place to Work"],"articleSection":["Annonce","Nouvelles"],"inLanguage":"fr-FR"},{"@type":"WebPage","@id":"https:\/\/cifar.ca\/fr\/cifarnews\/2023\/04\/13\/pour-une-deuxieme-annee-consecutive-le-cifar-obtient-la-certification-great-place-to-work\/","url":"https:\/\/cifar.ca\/fr\/cifarnews\/2023\/04\/13\/pour-une-deuxieme-annee-consecutive-le-cifar-obtient-la-certification-great-place-to-work\/","name":"Pour une deuxi\u00e8me ann\u00e9e cons\u00e9cutive, le CIFAR obtient la certification Great Place to Work\u00ae - CIFAR","isPartOf":{"@id":"https:\/\/cifar.ca\/fr\/#website"},"primaryImageOfPage":{"@id":"https:\/\/cifar.ca\/fr\/cifarnews\/2023\/04\/13\/pour-une-deuxieme-annee-consecutive-le-cifar-obtient-la-certification-great-place-to-work\/#primaryimage"},"image":{"@id":"https:\/\/cifar.ca\/fr\/cifarnews\/2023\/04\/13\/pour-une-deuxieme-annee-consecutive-le-cifar-obtient-la-certification-great-place-to-work\/#primaryimage"},"thumbnailUrl":"https:\/\/cifar.ca\/wp-content\/uploads\/2023\/04\/GreatPlaceToWorkBannerFr.jpg","datePublished":"2023-04-13T13:14:20+00:00","dateModified":"2025-12-18T07:13:47+00:00","description":"La certification reconna\u00eet le leadership du CIFAR quant \u00e0 la cr\u00e9ation d\u2019un environnement de travail positif, inclusif et innovant.","breadcrumb":{"@id":"https:\/\/cifar.ca\/fr\/cifarnews\/2023\/04\/13\/pour-une-deuxieme-annee-consecutive-le-cifar-obtient-la-certification-great-place-to-work\/#breadcrumb"},"inLanguage":"fr-FR","potentialAction":[{"@type":"ReadAction","target":["https:\/\/cifar.ca\/fr\/cifarnews\/2023\/04\/13\/pour-une-deuxieme-annee-consecutive-le-cifar-obtient-la-certification-great-place-to-work\/"]}]},{"@type":"ImageObject","inLanguage":"fr-FR","@id":"https:\/\/cifar.ca\/fr\/cifarnews\/2023\/04\/13\/pour-une-deuxieme-annee-consecutive-le-cifar-obtient-la-certification-great-place-to-work\/#primaryimage","url":"https:\/\/cifar.ca\/wp-content\/uploads\/2023\/04\/GreatPlaceToWorkBannerFr.jpg","contentUrl":"https:\/\/cifar.ca\/wp-content\/uploads\/2023\/04\/GreatPlaceToWorkBannerFr.jpg","width":1920,"height":1080},{"@type":"BreadcrumbList","@id":"https:\/\/cifar.ca\/fr\/cifarnews\/2023\/04\/13\/pour-une-deuxieme-annee-consecutive-le-cifar-obtient-la-certification-great-place-to-work\/#breadcrumb","itemListElement":[{"@type":"ListItem","position":1,"name":"Acceuil","item":"https:\/\/cifar.ca\/fr\/"},{"@type":"ListItem","position":2,"name":"Pour une deuxi\u00e8me ann\u00e9e cons\u00e9cutive, le CIFAR obtient la certification Great Place to Work\u00ae"}]},{"@type":"WebSite","@id":"https:\/\/cifar.ca\/fr\/#website","url":"https:\/\/cifar.ca\/fr\/","name":"CIFAR","description":"Convoquer des esprits extraordinaires pour r\u00e9pondre aux questions les plus importantes auxquelles la science et l'humanit\u00e9 sont confront\u00e9es.","publisher":{"@id":"https:\/\/cifar.ca\/fr\/#organization"},"potentialAction":[{"@type":"SearchAction","target":{"@type":"EntryPoint","urlTemplate":"https:\/\/cifar.ca\/fr\/?s={search_term_string}"},"query-input":{"@type":"PropertyValueSpecification","valueRequired":true,"valueName":"search_term_string"}}],"inLanguage":"fr-FR"},{"@type":"Organization","@id":"https:\/\/cifar.ca\/fr\/#organization","name":"CIFAR","url":"https:\/\/cifar.ca\/fr\/","logo":{"@type":"ImageObject","inLanguage":"fr-FR","@id":"https:\/\/cifar.ca\/fr\/#\/schema\/logo\/image\/","url":"https:\/\/cifar.ca\/wp-content\/uploads\/2020\/01\/cifar-logo-rgb-colour.png","contentUrl":"https:\/\/cifar.ca\/wp-content\/uploads\/2020\/01\/cifar-logo-rgb-colour.png","width":1884,"height":681,"caption":"CIFAR"},"image":{"@id":"https:\/\/cifar.ca\/fr\/#\/schema\/logo\/image\/"}},{"@type":"Person","@id":"https:\/\/cifar.ca\/fr\/#\/schema\/person\/772cd357eac17dc0f6b7e10b7d80a1b4","name":"Liz Do","image":{"@type":"ImageObject","inLanguage":"fr-FR","@id":"https:\/\/secure.gravatar.com\/avatar\/a6ad5f6c430679a96d91b356a7ca4753a816c0906754bb4951fe5f5ea1ee7973?s=96&d=mm&r=g","url":"https:\/\/secure.gravatar.com\/avatar\/a6ad5f6c430679a96d91b356a7ca4753a816c0906754bb4951fe5f5ea1ee7973?s=96&d=mm&r=g","contentUrl":"https:\/\/secure.gravatar.com\/avatar\/a6ad5f6c430679a96d91b356a7ca4753a816c0906754bb4951fe5f5ea1ee7973?s=96&d=mm&r=g","caption":"Liz Do"}}]}},"_links":{"self":[{"href":"https:\/\/cifar.ca\/fr\/wp-json\/wp\/v2\/posts\/55084","targetHints":{"allow":["GET"]}}],"collection":[{"href":"https:\/\/cifar.ca\/fr\/wp-json\/wp\/v2\/posts"}],"about":[{"href":"https:\/\/cifar.ca\/fr\/wp-json\/wp\/v2\/types\/post"}],"author":[{"embeddable":true,"href":"https:\/\/cifar.ca\/fr\/wp-json\/wp\/v2\/users\/51"}],"replies":[{"embeddable":true,"href":"https:\/\/cifar.ca\/fr\/wp-json\/wp\/v2\/comments?post=55084"}],"version-history":[{"count":0,"href":"https:\/\/cifar.ca\/fr\/wp-json\/wp\/v2\/posts\/55084\/revisions"}],"wp:featuredmedia":[{"embeddable":true,"href":"https:\/\/cifar.ca\/fr\/wp-json\/wp\/v2\/media\/55085"}],"wp:attachment":[{"href":"https:\/\/cifar.ca\/fr\/wp-json\/wp\/v2\/media?parent=55084"}],"wp:term":[{"taxonomy":"category","embeddable":true,"href":"https:\/\/cifar.ca\/fr\/wp-json\/wp\/v2\/categories?post=55084"},{"taxonomy":"post_tag","embeddable":true,"href":"https:\/\/cifar.ca\/fr\/wp-json\/wp\/v2\/tags?post=55084"}],"curies":[{"name":"wp","href":"https:\/\/api.w.org\/{rel}","templated":true}]}}