{"id":55231,"date":"2023-04-27T09:30:39","date_gmt":"2023-04-27T13:30:39","guid":{"rendered":"https:\/\/cifar.ca\/?p=55231"},"modified":"2025-12-18T02:09:35","modified_gmt":"2025-12-18T07:09:35","slug":"renforcement-du-leadership-du-canada-dans-le-secteur-de-lia","status":"publish","type":"post","link":"https:\/\/cifar.ca\/fr\/cifarnews\/2023\/04\/27\/renforcement-du-leadership-du-canada-dans-le-secteur-de-lia\/","title":{"rendered":"Renforcement du leadership du Canada dans le secteur de l\u2019IA gr\u00e2ce \u00e0 la cr\u00e9ation et au renouvellement de chaires en IA Canada-CIFAR dans le cadre de la Strat\u00e9gie pancanadienne en mati\u00e8re d\u2019IA"},"content":{"rendered":"<h2><span style=\"color: #da291c;\">Nomination de huit nouveaux titulaires de chaires et renouvellement du financement de sept<\/span><\/h2>\n<p>L\u2019Institut canadien de recherches avanc\u00e9es (CIFAR) et les trois instituts nationaux d\u2019IA du Canada ont annonc\u00e9 aujourd\u2019hui la nomination de huit chercheuses et chercheurs exceptionnels en tant que titulaires de chaires en IA Canada-CIFAR, ainsi que le renouvellement de la premi\u00e8re cohorte de chaires dans le cadre de la deuxi\u00e8me phase de la <a href=\"https:\/\/cifar.ca\/fr\/ia\/\">Strat\u00e9gie pancanadienne en mati\u00e8re d\u2019IA<\/a> du CIFAR. Ces nominations portent \u00e0 126 le nombre de titulaires de chaires en IA Canada-CIFAR. La croissance du solide \u00e9cosyst\u00e8me de recherche en IA du Canada se poursuit et le <a href=\"https:\/\/cifar.ca\/fr\/cifarnews\/2023\/03\/20\/faits-et-chiffres-le-paysage-de-lia-au-canada\/%23topskipToContent\">leadership mondial du Canada<\/a> dans ce domaine progresse..<\/p>\n<h4>Citations:<\/h4>\n<blockquote><p>\u00ab\u2009Alors que le d\u00e9veloppement et le d\u00e9ploiement de l\u2019IA sont plus rapides que jamais, il n\u2019a jamais \u00e9t\u00e9 aussi important de soutenir nos plus brillants cerveaux, leurs programmes de recherche et leur travail pour former la prochaine g\u00e9n\u00e9ration de chefs de file de la recherche. Le financement continu des titulaires de chaires en IA Canada-CIFAR fait progresser la recherche dans une gamme de sujets fondamentaux et appliqu\u00e9s \u00e0 l\u2019IA, notamment la d\u00e9couverte de m\u00e9dicaments et l\u2019apprentissage automatique au service de la sant\u00e9, les v\u00e9hicules autonomes, la d\u00e9couverte de mat\u00e9riaux, l\u2019interaction entre l\u2019homme et l\u2019IA, le traitement du langage naturel, et plus encore. Au nom du gouvernement du Canada, j\u2019adresse mes f\u00e9licitations \u00e0 toutes les personnes laur\u00e9ates, qui l\u2019ont bien m\u00e9rit\u00e9.\u2009\u00bb<br \/>\n\u2013 <strong>L\u2019honorable Fran\u00e7ois-Philippe Champagne, ministre de l\u2019Innovation, des Sciences et de l\u2019Industrie<\/strong><\/p>\n<p>\u00ab\u2009L\u2019\u00e9cosyst\u00e8me de l\u2019IA au Canada s\u2019est \u00e9norm\u00e9ment d\u00e9velopp\u00e9 depuis le lancement de la Strat\u00e9gie pancanadienne en mati\u00e8re d\u2019IA il y a six ans. Au c\u0153ur de la strat\u00e9gie, on retrouve le recrutement et le maintien en poste de chercheuses et chercheurs d\u2019excellence dans les trois instituts nationaux d\u2019IA du Canada, qui attirent \u00e0 leur tour les talents de la prochaine g\u00e9n\u00e9ration ainsi que des investissements commerciaux dans ce domaine couru \u00e0 l\u2019\u00e9chelle mondiale. Nous sommes enthousiastes quant aux contributions de ces titulaires de chaires, qui continueront \u00e0 faire progresser le leadership mondial du Canada en mati\u00e8re d\u2019IA, une technologie qui, lorsqu\u2019elle est utilis\u00e9e de mani\u00e8re responsable, pr\u00e9sente un potentiel formidable pour relever certains des plus grands d\u00e9fis de l\u2019humanit\u00e9.\u2009\u00bb<br \/>\n\u2013 <strong>Elissa Strome, directrice g\u00e9n\u00e9rale, Strat\u00e9gie pancanadienne en mati\u00e8re d\u2019IA du CIFAR<\/strong><\/p><\/blockquote>\n<p>Chaque institut (<a href=\"https:\/\/www.amii.ca\/\">Amii<\/a> \u00e0 Edmonton, <a href=\"https:\/\/mila.quebec\/\">Mila<\/a> \u00e0 Montr\u00e9al et l\u2019<a href=\"https:\/\/vectorinstitute.ai\/\">Institut Vecteur<\/a> \u00e0 Toronto) se r\u00e9jouit des nominations de cette nouvelle cohorte diversifi\u00e9e de titulaires de chaires, toutes et tous reconnus \u00e0 l\u2019\u00e9chelle internationale pour leur expertise dans leurs domaines de recherche. L\u2019ajout de ces chercheuses et chercheurs contribuera \u00e0 faire progresser les domaines prioritaires de la <a href=\"https:\/\/cifar.ca\/fr\/ia\/\">Strat\u00e9gie pancanadienne en mati\u00e8re d\u2019IA du CIFAR<\/a>, notamment la sant\u00e9, l\u2019\u00e9nergie durable et l\u2019environnement, la science fondamentale et l\u2019utilisation responsable de l\u2019IA.<\/p>\n<p><a id=\"Renew\"><\/a>De plus, le CIFAR et l\u2019Institut Vecteur ont annonc\u00e9 que sept titulaires de chaires en IA Canada-CIFAR initialement nomm\u00e9s en 2017-18 ont vu leur financement renouvel\u00e9. Il s\u2019agit de la premi\u00e8re cohorte \u00e0 b\u00e9n\u00e9ficier d\u2019un renouvellement de cinq ans gr\u00e2ce aux fonds allou\u00e9s dans le cadre de la deuxi\u00e8me phase de la Strat\u00e9gie pancanadienne en mati\u00e8re d\u2019IA, \u00e0 l\u2019issue d\u2019un examen rigoureux de leurs r\u00e9alisations et de leur leadership par un groupe d\u2019experts. Il s\u2019agit de : <a href=\"https:\/\/cifar.ca\/fr\/biographie\/juan-felipe-carrasquilla\/\">Juan Felipe Carrasquilla \u00c1lvarez<\/a>, <a href=\"https:\/\/cifar.ca\/fr\/biographie\/roger-grosse\/\">Roger Grosse<\/a>, <a href=\"https:\/\/cifar.ca\/fr\/biographie\/sanja-fidler\/\">Sanja Fidler<\/a>, <a href=\"https:\/\/cifar.ca\/fr\/biographie\/david-fleet\/\">David Fleet<\/a>, <a href=\"https:\/\/cifar.ca\/fr\/biographie\/daniel-roy\/\">Daniel Roy<\/a>, <a href=\"https:\/\/cifar.ca\/fr\/biographie\/frank-rudzicz\/\">Frank Rudzicz<\/a> et <a href=\"https:\/\/cifar.ca\/fr\/biographie\/graham-taylor-2\/\">Graham Taylor<\/a>.<\/p>\n<p>Le <a href=\"https:\/\/cifar.ca\/fr\/ia\/chaires-en-ia-canada-cifar\/\">programme des titulaires de chaires en IA Canada-CIFAR<\/a> demeure une pierre angulaire de la Strat\u00e9gie pancanadienne en mati\u00e8re d\u2019IA. Il veille \u00e0 recruter au Canada les meilleurs chercheuses et chercheurs en IA du monde, tout en retenant les talents d\u00e9j\u00e0 en place. Ce programme prestigieux offre aux membres du corps professoral affili\u00e9s \u00e0 une universit\u00e9 un financement sp\u00e9cialis\u00e9 \u00e0 long terme pour soutenir des programmes de recherche de pointe et les aider \u00e0 former la prochaine g\u00e9n\u00e9ration de chefs de file de l\u2019IA au Canada.<\/p>\n<h2>Voici les nouveaux titulaires de chaires en IA Canada-CIFAR<\/h2>\n<h3><a href=\"https:\/\/cifar.ca\/fr\/biographie\/bios\/Bei-Jiang\/\" target=\"_blank\" rel=\"noopener\"><img loading=\"lazy\" decoding=\"async\" class=\"alignnone\" src=\"https:\/\/cifar.ca\/wp-content\/uploads\/2023\/04\/BeiJiangBW-190x190.png\" alt=\"Bei Jiang\" width=\"174\" height=\"174\" \/><\/a><a id=\"Jiang\"><\/a><a href=\"https:\/\/cifar.ca\/fr\/biographie\/bei-jiang\/\" target=\"_blank\" rel=\"noopener\">Bei Jiang<\/a><\/h3>\n<p><strong>Amii<\/strong><br \/>\n(Universit\u00e9 de l\u2019Alberta)<br \/>\nLes recherches de Bei Jiang visent \u00e0 faire progresser le domaine de l\u2019analyse des donn\u00e9es sur la sant\u00e9 en mettant au point des outils d\u2019analyse efficaces, en permettant un partage s\u00e9curis\u00e9 des donn\u00e9es et en concevant des algorithmes d\u2019apprentissage automatique \u00e9quitables.<\/p>\n<p>&nbsp;<\/p>\n<h3><a href=\"https:\/\/cifar.ca\/fr\/biographie\/joseph-ross-mitchell\/\" target=\"_blank\" rel=\"noopener\"><img loading=\"lazy\" decoding=\"async\" class=\"alignnone\" src=\"https:\/\/cifar.ca\/wp-content\/uploads\/2023\/04\/RossMitchellBW.png\" alt=\"J. Ross Mitchell\" width=\"174\" height=\"174\" \/><\/a><a id=\"Mitchell\"><\/a><a href=\"https:\/\/cifar.ca\/fr\/biographie\/joseph-ross-mitchell\/\" target=\"_blank\" rel=\"noopener\">J. Ross Mitchell <\/a><\/h3>\n<p><strong>Amii<\/strong><br \/>\n(Universit\u00e9 de l\u2019Alberta)<br \/>\nJoseph Ross Mitchell concentre ses recherches sur les applications de l\u2019IA et de l\u2019apprentissage automatique dans le domaine de la sant\u00e9. En tant que premier titulaire de la Chaire de Services de sant\u00e9 de l\u2019Alberta dans le domaine de l\u2019IA au service de la sant\u00e9, il poursuit l\u2019objectif de fournir aux communaut\u00e9s m\u00e9dicales et de recherche des outils aliment\u00e9s par l\u2019IA qui peuvent aider \u00e0 g\u00e9rer la complexit\u00e9 du diagnostic et de la planification des traitements.<\/p>\n<p>&nbsp;<\/p>\n<h3><a href=\"https:\/\/cifar.ca\/fr\/biographie\/derek-nowrouzezahrai\/\" target=\"_blank\" rel=\"noopener\"><img loading=\"lazy\" decoding=\"async\" class=\"alignnone\" src=\"https:\/\/cifar.ca\/wp-content\/uploads\/2023\/04\/dereknBW.png\" alt=\"Derek Nowrouzezahrai\" width=\"174\" height=\"174\" \/><\/a><a id=\"Nowrou\"><\/a><a href=\"https:\/\/cifar.ca\/fr\/biographie\/derek-nowrouzezahrai\/\" target=\"_blank\" rel=\"noopener\">Derek Nowrouzezahrai<\/a><\/h3>\n<p><strong>Mila<\/strong><br \/>\n(Universit\u00e9 McGill)<br \/>\nLe groupe de Derek Nowrouzezahrai con\u00e7oit de nouveaux mod\u00e8les math\u00e9matiques des ph\u00e9nom\u00e8nes et dynamiques visuels. Il r\u00e9sout des probl\u00e8mes dans diverses applications, dont le transport de la lumi\u00e8re, la dynamique et le contr\u00f4le des fluides, l\u2019apprentissage par renforcement, l\u2019apprentissage des repr\u00e9sentations, la robotique, la r\u00e9alit\u00e9 augment\u00e9e, la fabrication num\u00e9rique, l\u2019optique et l\u2019imagerie augment\u00e9es par ordinateur, ainsi que le traitement de l\u2019image et de la g\u00e9om\u00e9trie. Son travail a \u00e9t\u00e9 adopt\u00e9 dans des longs m\u00e9trages, des jeux vid\u00e9o, des v\u00e9hicules autonomes, des parcs d\u2019attractions et des produits de consommation.<\/p>\n<p>&nbsp;<\/p>\n<h3><a href=\"https:\/\/cifar.ca\/fr\/biographie\/catherine-regis\/\" target=\"_blank\" rel=\"noopener\"><img loading=\"lazy\" decoding=\"async\" class=\"alignnone\" src=\"https:\/\/cifar.ca\/wp-content\/uploads\/2023\/04\/CatherineRegisBW.png\" alt=\"Catherine R\u00e9gis\" width=\"174\" height=\"174\" \/><\/a><a id=\"Regis\"><\/a><a href=\"https:\/\/cifar.ca\/fr\/biographie\/catherine-regis\/\" target=\"_blank\" rel=\"noopener\">Catherine R\u00e9gis<\/a><\/h3>\n<p><strong>Mila<\/strong><br \/>\n(Universit\u00e9 de Montr\u00e9al)<br \/>\nCatherine R\u00e9gis est sp\u00e9cialiste du droit de la sant\u00e9 et des politiques de sant\u00e9, ainsi que du droit de l\u2019innovation. La plupart de ses travaux portent sur la meilleure fa\u00e7on de r\u00e9glementer l\u2019IA aux \u00e9chelons national et international. Elle s\u2019int\u00e9resse particuli\u00e8rement \u00e0 l\u2019orientation de l\u2019\u00e9laboration de normes pour le secteur des soins de sant\u00e9, afin de garantir l\u2019accessibilit\u00e9 et la s\u00e9curit\u00e9 de l\u2019IA pour les patients et les professionnels de la sant\u00e9.<\/p>\n<p>&nbsp;<\/p>\n<h3><a href=\"https:\/\/cifar.ca\/fr\/biographie\/adriana-romero-soriano\/\" target=\"_blank\" rel=\"noopener\"><img loading=\"lazy\" decoding=\"async\" class=\"alignnone\" src=\"https:\/\/cifar.ca\/wp-content\/uploads\/2023\/04\/AdrianaRomeroBW.png\" alt=\"Adriana Romero Soriano\" width=\"174\" height=\"174\" \/><\/a><a id=\"Soriano\"><\/a><a href=\"https:\/\/cifar.ca\/fr\/biographie\/adriana-romero-soriano\/\" target=\"_blank\" rel=\"noopener\">Adriana Romero-Soriano<\/a><\/h3>\n<p><strong>Mila<\/strong><br \/>\n(Universit\u00e9 McGill; FAIR \u00e0 Meta AI)<br \/>\nLes recherches d\u2019Adriana Romero Soriano portent sur le d\u00e9veloppement de mod\u00e8les d\u2019apprentissage automatique capables d\u2019apprendre \u00e0 partir de donn\u00e9es multimodales, de raisonner sur des relations conceptuelles et de tirer parti de strat\u00e9gies d\u2019acquisition de donn\u00e9es actives et adaptatives. L\u2019objectif de ses recherches est de permettre des exp\u00e9riences interactives et immersives de cr\u00e9ation et de reconstruction de contenu qui fonctionnent pour tout le monde. Ses travaux les plus r\u00e9cents recoupent la mod\u00e9lisation g\u00e9n\u00e9rative, la d\u00e9tection active et l\u2019IA responsable.<\/p>\n<p>&nbsp;<\/p>\n<h3><a href=\"https:\/\/cifar.ca\/fr\/biographie\/gautam-kamath\/\" target=\"_blank\" rel=\"noopener\"><img loading=\"lazy\" decoding=\"async\" class=\"alignnone\" src=\"https:\/\/cifar.ca\/wp-content\/uploads\/2023\/04\/GautamKamathBW.png\" alt=\"Gautam Kamath\" width=\"174\" height=\"174\" \/><\/a><a id=\"Kamath\"><\/a><a href=\"https:\/\/cifar.ca\/fr\/biographie\/gautam-kamath\/\" target=\"_blank\" rel=\"noopener\">Gautam Kamath<\/a><\/h3>\n<p><strong>Vector Institute<\/strong><br \/>\n(Universit\u00e9 de Waterloo)<br \/>\nLes recherches de Gautam Kamath se concentrent sur les consid\u00e9rations li\u00e9es \u00e0 l\u2019apprentissage automatique digne de confiance, en particulier les pr\u00e9occupations relatives \u00e0 la vie priv\u00e9e et \u00e0 la robustesse. Il met au point des m\u00e9thodes pratiques pour entra\u00eener des mod\u00e8les qui pr\u00e9servent la vie priv\u00e9e, sont robustes et conviennent \u00e0 une utilisation dans le monde r\u00e9el.<\/p>\n<p>&nbsp;<\/p>\n<h3><a href=\"https:\/\/cifar.ca\/fr\/biographie\/renjie-liao\/\" target=\"_blank\" rel=\"noopener\"><img loading=\"lazy\" decoding=\"async\" class=\"alignnone\" src=\"https:\/\/cifar.ca\/wp-content\/uploads\/2023\/04\/RenjieLiaoBW.png\" alt=\"\" width=\"174\" height=\"174\" \/><\/a><a id=\"Liao\"><\/a><a href=\"https:\/\/cifar.ca\/fr\/biographie\/renjie-liao\/\" target=\"_blank\" rel=\"noopener\">Renjie Liao<\/a><\/h3>\n<p><strong>Vector Institute<\/strong><br \/>\n(Universit\u00e9 de la Colombie-Britannique)<br \/>\nLes recherches de Renjie Liao portent sur l\u2019apprentissage profond g\u00e9om\u00e9trique, les mod\u00e8les g\u00e9n\u00e9ratifs profonds et l\u2019inf\u00e9rence probabiliste. Il a mis au point des r\u00e9seaux de neurones pour des champs d\u2019investigation comprenant les mol\u00e9cules et les prot\u00e9ines. Il fait \u00e9galement progresser les connaissances th\u00e9oriques de ces mod\u00e8les afin qu\u2019ils puissent \u00eatre appliqu\u00e9s \u00e0 des probl\u00e8mes pratiques en mati\u00e8re de vision par ordinateur, de conduite autonome et d\u2019apprentissage par renforcement.<\/p>\n<p>&nbsp;<\/p>\n<h3><a href=\"https:\/\/cifar.ca\/fr\/biographie\/sivan-sabato\/\" target=\"_blank\" rel=\"noopener\"><img loading=\"lazy\" decoding=\"async\" class=\"alignnone\" src=\"https:\/\/cifar.ca\/wp-content\/uploads\/2023\/04\/SivanSabatoBW.png\" alt=\"Sivan Sabato\" width=\"174\" height=\"174\" \/><\/a><a id=\"Sabato\"><\/a><a href=\"https:\/\/cifar.ca\/fr\/biographie\/sivan-sabato\/\" target=\"_blank\" rel=\"noopener\">Sivan Sabato<\/a><\/h3>\n<p><strong>Vector Institute<\/strong><br \/>\n(Universit\u00e9 McMaster)<br \/>\nSivan Sabato fait progresser le domaine de l\u2019apprentissage automatique. Elle met l\u2019accent sur l\u2019apprentissage automatique interactif, qui fait des inf\u00e9rences et des pr\u00e9dictions \u00e0 partir des donn\u00e9es collect\u00e9es pendant le processus d\u2019apprentissage. Ces m\u00e9thodes doivent recueillir les observations les plus utiles, tout en \u00e9vitant les biais possibles qui peuvent \u00eatre caus\u00e9s durant le processus. Elle rel\u00e8ve ce d\u00e9fi et d\u2019autres encore en associant des outils issus des domaines de l\u2019informatique, des statistiques et des math\u00e9matiques.<\/p>\n<hr \/>\n<h4>\u00c0 propos de la Strat\u00e9gie pancanadienne en mati\u00e8re d\u2019IA<\/h4>\n<p>La <a href=\"https:\/\/cifar.ca\/fr\/ia\/\" target=\"_blank\" rel=\"noopener\">Strat\u00e9gie pancanadienne en mati\u00e8re d\u2019IA du CIFAR<\/a> stimule la recherche de pointe, forme la prochaine g\u00e9n\u00e9ration de leaders en IA d\u2019origines et de disciplines diverses et favorise la collaboration intersectorielle ax\u00e9e sur l\u2019innovation, la commercialisation et l\u2019adoption responsable de l\u2019IA. Nos trois instituts nationaux d\u2019IA \u2013 Amii \u00e0 Edmonton, Mila \u00e0 Montr\u00e9al et l\u2019Institut Vecteur \u00e0 Toronto \u2013 constituent les p\u00f4les dynamiques de l\u2019\u00e9cosyst\u00e8me florissant de l\u2019IA au Canada. Financ\u00e9s par le gouvernement du Canada, nous b\u00e2tissons une communaut\u00e9 de recherche dynamique, repr\u00e9sentative et talentueuse de renomm\u00e9e mondiale qui cr\u00e9e des solutions d\u2019IA transformatrices et responsables, et ce, pour les personnes et la plan\u00e8te.<\/p>\n<h4>\u00c0 propos du CIFAR<\/h4>\n<p>L\u2019<a href=\"https:\/\/cifar.ca\/fr\/\" target=\"_blank\" rel=\"noopener\">Institut canadien de recherches avanc\u00e9es<\/a> (CIFAR) est une organisation mondiale de recherche \u00e9tablie au Canada qui rassemble de brillants cerveaux pour trouver r\u00e9ponse aux plus grandes questions de la science et de l\u2019humanit\u00e9. Nous sommes soutenus par les gouvernements du Canada, de l\u2019Alberta et du Qu\u00e9bec, ainsi que par des fondations, des particuliers, des entreprises et des organisations partenaires canadiennes et internationales.<\/p>\n","protected":false},"excerpt":{"rendered":"<p>World-leading scientists to advance Canadian leadership in artificial intelligence for priority areas including health, energy and the environment, fundamental science and the responsible use of AI.<\/p>\n","protected":false},"author":63,"featured_media":55242,"comment_status":"closed","ping_status":"closed","sticky":false,"template":"","format":"standard","meta":{"_acf_changed":false,"footnotes":""},"categories":[4010,1771,5692,3972],"tags":[4011,4402,6553,4403,6106],"class_list":["post-55231","post","type-post","status-publish","format-standard","has-post-thumbnail","hentry","category-annonce-fr","category-nouvelles","category-science-de-lia","category-strategie-pancanadienne-en-matiere-dia","tag-amii-fr","tag-chaires-en-ia-canada-cifar","tag-institut-vecteur","tag-mila-fr","tag-vector-institute-fr"],"acf":[],"yoast_head":"<!-- This site is optimized with the Yoast SEO plugin v27.2 - https:\/\/yoast.com\/product\/yoast-seo-wordpress\/ -->\n<title>CIFAR<\/title>\n<meta name=\"description\" content=\"CIFAR et les trois instituts nationaux d\u2019IA du Canada ont annonc\u00e9 aujourd\u2019hui la nomination de huit chercheuses et chercheurs exceptionnels en tant que titulaires de chaires en IA Canada-CIFAR, ainsi que le renouvellement de la premi\u00e8re cohorte de chaires dans le cadre de la deuxi\u00e8me phase de la Strat\u00e9gie pancanadienne en mati\u00e8re d\u2019IA du CIFAR\" \/>\n<meta name=\"robots\" content=\"index, follow, max-snippet:-1, max-image-preview:large, max-video-preview:-1\" \/>\n<link rel=\"canonical\" href=\"https:\/\/cifar.ca\/fr\/cifarnews\/2023\/04\/27\/renforcement-du-leadership-du-canada-dans-le-secteur-de-lia\/\" \/>\n<meta property=\"og:locale\" content=\"fr_FR\" \/>\n<meta property=\"og:type\" content=\"article\" \/>\n<meta property=\"og:title\" content=\"Renforcement du leadership du Canada dans le secteur de l\u2019IA gr\u00e2ce \u00e0 la cr\u00e9ation et au renouvellement de chaires en IA Canada-CIFAR dans le cadre de la Strat\u00e9gie pancanadienne en mati\u00e8re d\u2019IA - CIFAR\" \/>\n<meta property=\"og:description\" content=\"CIFAR et les trois instituts nationaux d\u2019IA du Canada ont annonc\u00e9 aujourd\u2019hui la nomination de huit chercheuses et chercheurs exceptionnels en tant que titulaires de chaires en IA Canada-CIFAR, ainsi que le renouvellement de la premi\u00e8re cohorte de chaires dans le cadre de la deuxi\u00e8me phase de la Strat\u00e9gie pancanadienne en mati\u00e8re d\u2019IA du CIFAR\" \/>\n<meta property=\"og:url\" content=\"https:\/\/cifar.ca\/fr\/cifarnews\/2023\/04\/27\/renforcement-du-leadership-du-canada-dans-le-secteur-de-lia\/\" \/>\n<meta property=\"og:site_name\" content=\"CIFAR\" \/>\n<meta property=\"article:published_time\" content=\"2023-04-27T13:30:39+00:00\" \/>\n<meta property=\"article:modified_time\" content=\"2025-12-18T07:09:35+00:00\" \/>\n<meta property=\"og:image\" content=\"https:\/\/cifar.ca\/wp-content\/uploads\/2023\/04\/ccaic23-post-image-1.jpg\" \/>\n\t<meta property=\"og:image:width\" content=\"1600\" \/>\n\t<meta property=\"og:image:height\" content=\"900\" \/>\n\t<meta property=\"og:image:type\" content=\"image\/jpeg\" \/>\n<meta name=\"author\" content=\"Justine Brooks\" \/>\n<meta name=\"twitter:card\" content=\"summary_large_image\" \/>\n<meta name=\"twitter:label1\" content=\"\u00c9crit par\" \/>\n\t<meta name=\"twitter:data1\" content=\"Justine Brooks\" \/>\n\t<meta name=\"twitter:label2\" content=\"Dur\u00e9e de lecture estim\u00e9e\" \/>\n\t<meta name=\"twitter:data2\" content=\"7 minutes\" \/>\n<script type=\"application\/ld+json\" class=\"yoast-schema-graph\">{\"@context\":\"https:\/\/schema.org\",\"@graph\":[{\"@type\":\"Article\",\"@id\":\"https:\/\/cifar.ca\/fr\/cifarnews\/2023\/04\/27\/renforcement-du-leadership-du-canada-dans-le-secteur-de-lia\/#article\",\"isPartOf\":{\"@id\":\"https:\/\/cifar.ca\/fr\/cifarnews\/2023\/04\/27\/renforcement-du-leadership-du-canada-dans-le-secteur-de-lia\/\"},\"author\":{\"name\":\"Justine Brooks\",\"@id\":\"https:\/\/cifar.ca\/fr\/#\/schema\/person\/e2b54b4da40a11bc4916b20395422a32\"},\"headline\":\"Renforcement du leadership du Canada dans le secteur de l\u2019IA gr\u00e2ce \u00e0 la cr\u00e9ation et au renouvellement de chaires en IA Canada-CIFAR dans le cadre de la Strat\u00e9gie pancanadienne en mati\u00e8re d\u2019IA\",\"datePublished\":\"2023-04-27T13:30:39+00:00\",\"dateModified\":\"2025-12-18T07:09:35+00:00\",\"mainEntityOfPage\":{\"@id\":\"https:\/\/cifar.ca\/fr\/cifarnews\/2023\/04\/27\/renforcement-du-leadership-du-canada-dans-le-secteur-de-lia\/\"},\"wordCount\":1695,\"publisher\":{\"@id\":\"https:\/\/cifar.ca\/fr\/#organization\"},\"image\":{\"@id\":\"https:\/\/cifar.ca\/fr\/cifarnews\/2023\/04\/27\/renforcement-du-leadership-du-canada-dans-le-secteur-de-lia\/#primaryimage\"},\"thumbnailUrl\":\"https:\/\/cifar.ca\/wp-content\/uploads\/2023\/04\/ccaic23-post-image-1.jpg\",\"keywords\":[\"Amii\",\"Chaires en IA Canada-CIFAR\",\"Institut Vecteur\",\"Mila\",\"Vector Institute\"],\"articleSection\":[\"Annonce\",\"Nouvelles\",\"Science de l'IA\",\"Strat\u00e9gie pancanadienne en mati\u00e8re d&#039;IA\"],\"inLanguage\":\"fr-FR\"},{\"@type\":\"WebPage\",\"@id\":\"https:\/\/cifar.ca\/fr\/cifarnews\/2023\/04\/27\/renforcement-du-leadership-du-canada-dans-le-secteur-de-lia\/\",\"url\":\"https:\/\/cifar.ca\/fr\/cifarnews\/2023\/04\/27\/renforcement-du-leadership-du-canada-dans-le-secteur-de-lia\/\",\"name\":\"Renforcement du leadership du Canada dans le secteur de l\u2019IA gr\u00e2ce \u00e0 la cr\u00e9ation et au renouvellement de chaires en IA Canada-CIFAR dans le cadre de la Strat\u00e9gie pancanadienne en mati\u00e8re d\u2019IA - CIFAR\",\"isPartOf\":{\"@id\":\"https:\/\/cifar.ca\/fr\/#website\"},\"primaryImageOfPage\":{\"@id\":\"https:\/\/cifar.ca\/fr\/cifarnews\/2023\/04\/27\/renforcement-du-leadership-du-canada-dans-le-secteur-de-lia\/#primaryimage\"},\"image\":{\"@id\":\"https:\/\/cifar.ca\/fr\/cifarnews\/2023\/04\/27\/renforcement-du-leadership-du-canada-dans-le-secteur-de-lia\/#primaryimage\"},\"thumbnailUrl\":\"https:\/\/cifar.ca\/wp-content\/uploads\/2023\/04\/ccaic23-post-image-1.jpg\",\"datePublished\":\"2023-04-27T13:30:39+00:00\",\"dateModified\":\"2025-12-18T07:09:35+00:00\",\"description\":\"CIFAR et les trois instituts nationaux d\u2019IA du Canada ont annonc\u00e9 aujourd\u2019hui la nomination de huit chercheuses et chercheurs exceptionnels en tant que titulaires de chaires en IA Canada-CIFAR, ainsi que le renouvellement de la premi\u00e8re cohorte de chaires dans le cadre de la deuxi\u00e8me phase de la Strat\u00e9gie pancanadienne en mati\u00e8re d\u2019IA du CIFAR\",\"breadcrumb\":{\"@id\":\"https:\/\/cifar.ca\/fr\/cifarnews\/2023\/04\/27\/renforcement-du-leadership-du-canada-dans-le-secteur-de-lia\/#breadcrumb\"},\"inLanguage\":\"fr-FR\",\"potentialAction\":[{\"@type\":\"ReadAction\",\"target\":[\"https:\/\/cifar.ca\/fr\/cifarnews\/2023\/04\/27\/renforcement-du-leadership-du-canada-dans-le-secteur-de-lia\/\"]}]},{\"@type\":\"ImageObject\",\"inLanguage\":\"fr-FR\",\"@id\":\"https:\/\/cifar.ca\/fr\/cifarnews\/2023\/04\/27\/renforcement-du-leadership-du-canada-dans-le-secteur-de-lia\/#primaryimage\",\"url\":\"https:\/\/cifar.ca\/wp-content\/uploads\/2023\/04\/ccaic23-post-image-1.jpg\",\"contentUrl\":\"https:\/\/cifar.ca\/wp-content\/uploads\/2023\/04\/ccaic23-post-image-1.jpg\",\"width\":1600,\"height\":900,\"caption\":\"Grid of photos of new and renewed Chairs\"},{\"@type\":\"BreadcrumbList\",\"@id\":\"https:\/\/cifar.ca\/fr\/cifarnews\/2023\/04\/27\/renforcement-du-leadership-du-canada-dans-le-secteur-de-lia\/#breadcrumb\",\"itemListElement\":[{\"@type\":\"ListItem\",\"position\":1,\"name\":\"Acceuil\",\"item\":\"https:\/\/cifar.ca\/fr\/\"},{\"@type\":\"ListItem\",\"position\":2,\"name\":\"Renforcement du leadership du Canada dans le secteur de l\u2019IA gr\u00e2ce \u00e0 la cr\u00e9ation et au renouvellement de chaires en IA Canada-CIFAR dans le cadre de la Strat\u00e9gie pancanadienne en mati\u00e8re d\u2019IA\"}]},{\"@type\":\"WebSite\",\"@id\":\"https:\/\/cifar.ca\/fr\/#website\",\"url\":\"https:\/\/cifar.ca\/fr\/\",\"name\":\"CIFAR\",\"description\":\"Convoquer des esprits extraordinaires pour r\u00e9pondre aux questions les plus importantes auxquelles la science et l'humanit\u00e9 sont confront\u00e9es.\",\"publisher\":{\"@id\":\"https:\/\/cifar.ca\/fr\/#organization\"},\"potentialAction\":[{\"@type\":\"SearchAction\",\"target\":{\"@type\":\"EntryPoint\",\"urlTemplate\":\"https:\/\/cifar.ca\/fr\/?s={search_term_string}\"},\"query-input\":{\"@type\":\"PropertyValueSpecification\",\"valueRequired\":true,\"valueName\":\"search_term_string\"}}],\"inLanguage\":\"fr-FR\"},{\"@type\":\"Organization\",\"@id\":\"https:\/\/cifar.ca\/fr\/#organization\",\"name\":\"CIFAR\",\"url\":\"https:\/\/cifar.ca\/fr\/\",\"logo\":{\"@type\":\"ImageObject\",\"inLanguage\":\"fr-FR\",\"@id\":\"https:\/\/cifar.ca\/fr\/#\/schema\/logo\/image\/\",\"url\":\"https:\/\/cifar.ca\/wp-content\/uploads\/2020\/01\/cifar-logo-rgb-colour.png\",\"contentUrl\":\"https:\/\/cifar.ca\/wp-content\/uploads\/2020\/01\/cifar-logo-rgb-colour.png\",\"width\":1884,\"height\":681,\"caption\":\"CIFAR\"},\"image\":{\"@id\":\"https:\/\/cifar.ca\/fr\/#\/schema\/logo\/image\/\"}},{\"@type\":\"Person\",\"@id\":\"https:\/\/cifar.ca\/fr\/#\/schema\/person\/e2b54b4da40a11bc4916b20395422a32\",\"name\":\"Justine Brooks\",\"image\":{\"@type\":\"ImageObject\",\"inLanguage\":\"fr-FR\",\"@id\":\"https:\/\/secure.gravatar.com\/avatar\/1889bcc5bdac8fd9b6eeace30610f03315e6508bbc8ac7e7162e6a2302cc21e6?s=96&d=mm&r=g\",\"url\":\"https:\/\/secure.gravatar.com\/avatar\/1889bcc5bdac8fd9b6eeace30610f03315e6508bbc8ac7e7162e6a2302cc21e6?s=96&d=mm&r=g\",\"contentUrl\":\"https:\/\/secure.gravatar.com\/avatar\/1889bcc5bdac8fd9b6eeace30610f03315e6508bbc8ac7e7162e6a2302cc21e6?s=96&d=mm&r=g\",\"caption\":\"Justine Brooks\"}}]}<\/script>\n<!-- \/ Yoast SEO plugin. -->","yoast_head_json":{"title":"CIFAR","description":"CIFAR et les trois instituts nationaux d\u2019IA du Canada ont annonc\u00e9 aujourd\u2019hui la nomination de huit chercheuses et chercheurs exceptionnels en tant que titulaires de chaires en IA Canada-CIFAR, ainsi que le renouvellement de la premi\u00e8re cohorte de chaires dans le cadre de la deuxi\u00e8me phase de la Strat\u00e9gie pancanadienne en mati\u00e8re d\u2019IA du CIFAR","robots":{"index":"index","follow":"follow","max-snippet":"max-snippet:-1","max-image-preview":"max-image-preview:large","max-video-preview":"max-video-preview:-1"},"canonical":"https:\/\/cifar.ca\/fr\/cifarnews\/2023\/04\/27\/renforcement-du-leadership-du-canada-dans-le-secteur-de-lia\/","og_locale":"fr_FR","og_type":"article","og_title":"Renforcement du leadership du Canada dans le secteur de l\u2019IA gr\u00e2ce \u00e0 la cr\u00e9ation et au renouvellement de chaires en IA Canada-CIFAR dans le cadre de la Strat\u00e9gie pancanadienne en mati\u00e8re d\u2019IA - CIFAR","og_description":"CIFAR et les trois instituts nationaux d\u2019IA du Canada ont annonc\u00e9 aujourd\u2019hui la nomination de huit chercheuses et chercheurs exceptionnels en tant que titulaires de chaires en IA Canada-CIFAR, ainsi que le renouvellement de la premi\u00e8re cohorte de chaires dans le cadre de la deuxi\u00e8me phase de la Strat\u00e9gie pancanadienne en mati\u00e8re d\u2019IA du CIFAR","og_url":"https:\/\/cifar.ca\/fr\/cifarnews\/2023\/04\/27\/renforcement-du-leadership-du-canada-dans-le-secteur-de-lia\/","og_site_name":"CIFAR","article_published_time":"2023-04-27T13:30:39+00:00","article_modified_time":"2025-12-18T07:09:35+00:00","og_image":[{"width":1600,"height":900,"url":"https:\/\/cifar.ca\/wp-content\/uploads\/2023\/04\/ccaic23-post-image-1.jpg","type":"image\/jpeg"}],"author":"Justine Brooks","twitter_card":"summary_large_image","twitter_misc":{"\u00c9crit par":"Justine Brooks","Dur\u00e9e de lecture estim\u00e9e":"7 minutes"},"schema":{"@context":"https:\/\/schema.org","@graph":[{"@type":"Article","@id":"https:\/\/cifar.ca\/fr\/cifarnews\/2023\/04\/27\/renforcement-du-leadership-du-canada-dans-le-secteur-de-lia\/#article","isPartOf":{"@id":"https:\/\/cifar.ca\/fr\/cifarnews\/2023\/04\/27\/renforcement-du-leadership-du-canada-dans-le-secteur-de-lia\/"},"author":{"name":"Justine Brooks","@id":"https:\/\/cifar.ca\/fr\/#\/schema\/person\/e2b54b4da40a11bc4916b20395422a32"},"headline":"Renforcement du leadership du Canada dans le secteur de l\u2019IA gr\u00e2ce \u00e0 la cr\u00e9ation et au renouvellement de chaires en IA Canada-CIFAR dans le cadre de la Strat\u00e9gie pancanadienne en mati\u00e8re d\u2019IA","datePublished":"2023-04-27T13:30:39+00:00","dateModified":"2025-12-18T07:09:35+00:00","mainEntityOfPage":{"@id":"https:\/\/cifar.ca\/fr\/cifarnews\/2023\/04\/27\/renforcement-du-leadership-du-canada-dans-le-secteur-de-lia\/"},"wordCount":1695,"publisher":{"@id":"https:\/\/cifar.ca\/fr\/#organization"},"image":{"@id":"https:\/\/cifar.ca\/fr\/cifarnews\/2023\/04\/27\/renforcement-du-leadership-du-canada-dans-le-secteur-de-lia\/#primaryimage"},"thumbnailUrl":"https:\/\/cifar.ca\/wp-content\/uploads\/2023\/04\/ccaic23-post-image-1.jpg","keywords":["Amii","Chaires en IA Canada-CIFAR","Institut Vecteur","Mila","Vector Institute"],"articleSection":["Annonce","Nouvelles","Science de l'IA","Strat\u00e9gie pancanadienne en mati\u00e8re d&#039;IA"],"inLanguage":"fr-FR"},{"@type":"WebPage","@id":"https:\/\/cifar.ca\/fr\/cifarnews\/2023\/04\/27\/renforcement-du-leadership-du-canada-dans-le-secteur-de-lia\/","url":"https:\/\/cifar.ca\/fr\/cifarnews\/2023\/04\/27\/renforcement-du-leadership-du-canada-dans-le-secteur-de-lia\/","name":"Renforcement du leadership du Canada dans le secteur de l\u2019IA gr\u00e2ce \u00e0 la cr\u00e9ation et au renouvellement de chaires en IA Canada-CIFAR dans le cadre de la Strat\u00e9gie pancanadienne en mati\u00e8re d\u2019IA - CIFAR","isPartOf":{"@id":"https:\/\/cifar.ca\/fr\/#website"},"primaryImageOfPage":{"@id":"https:\/\/cifar.ca\/fr\/cifarnews\/2023\/04\/27\/renforcement-du-leadership-du-canada-dans-le-secteur-de-lia\/#primaryimage"},"image":{"@id":"https:\/\/cifar.ca\/fr\/cifarnews\/2023\/04\/27\/renforcement-du-leadership-du-canada-dans-le-secteur-de-lia\/#primaryimage"},"thumbnailUrl":"https:\/\/cifar.ca\/wp-content\/uploads\/2023\/04\/ccaic23-post-image-1.jpg","datePublished":"2023-04-27T13:30:39+00:00","dateModified":"2025-12-18T07:09:35+00:00","description":"CIFAR et les trois instituts nationaux d\u2019IA du Canada ont annonc\u00e9 aujourd\u2019hui la nomination de huit chercheuses et chercheurs exceptionnels en tant que titulaires de chaires en IA Canada-CIFAR, ainsi que le renouvellement de la premi\u00e8re cohorte de chaires dans le cadre de la deuxi\u00e8me phase de la Strat\u00e9gie pancanadienne en mati\u00e8re d\u2019IA du CIFAR","breadcrumb":{"@id":"https:\/\/cifar.ca\/fr\/cifarnews\/2023\/04\/27\/renforcement-du-leadership-du-canada-dans-le-secteur-de-lia\/#breadcrumb"},"inLanguage":"fr-FR","potentialAction":[{"@type":"ReadAction","target":["https:\/\/cifar.ca\/fr\/cifarnews\/2023\/04\/27\/renforcement-du-leadership-du-canada-dans-le-secteur-de-lia\/"]}]},{"@type":"ImageObject","inLanguage":"fr-FR","@id":"https:\/\/cifar.ca\/fr\/cifarnews\/2023\/04\/27\/renforcement-du-leadership-du-canada-dans-le-secteur-de-lia\/#primaryimage","url":"https:\/\/cifar.ca\/wp-content\/uploads\/2023\/04\/ccaic23-post-image-1.jpg","contentUrl":"https:\/\/cifar.ca\/wp-content\/uploads\/2023\/04\/ccaic23-post-image-1.jpg","width":1600,"height":900,"caption":"Grid of photos of new and renewed Chairs"},{"@type":"BreadcrumbList","@id":"https:\/\/cifar.ca\/fr\/cifarnews\/2023\/04\/27\/renforcement-du-leadership-du-canada-dans-le-secteur-de-lia\/#breadcrumb","itemListElement":[{"@type":"ListItem","position":1,"name":"Acceuil","item":"https:\/\/cifar.ca\/fr\/"},{"@type":"ListItem","position":2,"name":"Renforcement du leadership du Canada dans le secteur de l\u2019IA gr\u00e2ce \u00e0 la cr\u00e9ation et au renouvellement de chaires en IA Canada-CIFAR dans le cadre de la Strat\u00e9gie pancanadienne en mati\u00e8re d\u2019IA"}]},{"@type":"WebSite","@id":"https:\/\/cifar.ca\/fr\/#website","url":"https:\/\/cifar.ca\/fr\/","name":"CIFAR","description":"Convoquer des esprits extraordinaires pour r\u00e9pondre aux questions les plus importantes auxquelles la science et l'humanit\u00e9 sont confront\u00e9es.","publisher":{"@id":"https:\/\/cifar.ca\/fr\/#organization"},"potentialAction":[{"@type":"SearchAction","target":{"@type":"EntryPoint","urlTemplate":"https:\/\/cifar.ca\/fr\/?s={search_term_string}"},"query-input":{"@type":"PropertyValueSpecification","valueRequired":true,"valueName":"search_term_string"}}],"inLanguage":"fr-FR"},{"@type":"Organization","@id":"https:\/\/cifar.ca\/fr\/#organization","name":"CIFAR","url":"https:\/\/cifar.ca\/fr\/","logo":{"@type":"ImageObject","inLanguage":"fr-FR","@id":"https:\/\/cifar.ca\/fr\/#\/schema\/logo\/image\/","url":"https:\/\/cifar.ca\/wp-content\/uploads\/2020\/01\/cifar-logo-rgb-colour.png","contentUrl":"https:\/\/cifar.ca\/wp-content\/uploads\/2020\/01\/cifar-logo-rgb-colour.png","width":1884,"height":681,"caption":"CIFAR"},"image":{"@id":"https:\/\/cifar.ca\/fr\/#\/schema\/logo\/image\/"}},{"@type":"Person","@id":"https:\/\/cifar.ca\/fr\/#\/schema\/person\/e2b54b4da40a11bc4916b20395422a32","name":"Justine Brooks","image":{"@type":"ImageObject","inLanguage":"fr-FR","@id":"https:\/\/secure.gravatar.com\/avatar\/1889bcc5bdac8fd9b6eeace30610f03315e6508bbc8ac7e7162e6a2302cc21e6?s=96&d=mm&r=g","url":"https:\/\/secure.gravatar.com\/avatar\/1889bcc5bdac8fd9b6eeace30610f03315e6508bbc8ac7e7162e6a2302cc21e6?s=96&d=mm&r=g","contentUrl":"https:\/\/secure.gravatar.com\/avatar\/1889bcc5bdac8fd9b6eeace30610f03315e6508bbc8ac7e7162e6a2302cc21e6?s=96&d=mm&r=g","caption":"Justine Brooks"}}]}},"_links":{"self":[{"href":"https:\/\/cifar.ca\/fr\/wp-json\/wp\/v2\/posts\/55231","targetHints":{"allow":["GET"]}}],"collection":[{"href":"https:\/\/cifar.ca\/fr\/wp-json\/wp\/v2\/posts"}],"about":[{"href":"https:\/\/cifar.ca\/fr\/wp-json\/wp\/v2\/types\/post"}],"author":[{"embeddable":true,"href":"https:\/\/cifar.ca\/fr\/wp-json\/wp\/v2\/users\/63"}],"replies":[{"embeddable":true,"href":"https:\/\/cifar.ca\/fr\/wp-json\/wp\/v2\/comments?post=55231"}],"version-history":[{"count":0,"href":"https:\/\/cifar.ca\/fr\/wp-json\/wp\/v2\/posts\/55231\/revisions"}],"wp:featuredmedia":[{"embeddable":true,"href":"https:\/\/cifar.ca\/fr\/wp-json\/wp\/v2\/media\/55242"}],"wp:attachment":[{"href":"https:\/\/cifar.ca\/fr\/wp-json\/wp\/v2\/media?parent=55231"}],"wp:term":[{"taxonomy":"category","embeddable":true,"href":"https:\/\/cifar.ca\/fr\/wp-json\/wp\/v2\/categories?post=55231"},{"taxonomy":"post_tag","embeddable":true,"href":"https:\/\/cifar.ca\/fr\/wp-json\/wp\/v2\/tags?post=55231"}],"curies":[{"name":"wp","href":"https:\/\/api.w.org\/{rel}","templated":true}]}}