{"id":55655,"date":"2023-06-06T07:00:34","date_gmt":"2023-06-06T11:00:34","guid":{"rendered":"https:\/\/cifar.ca\/?p=55655"},"modified":"2025-12-18T02:08:07","modified_gmt":"2025-12-18T07:08:07","slug":"lavenir-de-letre-humain","status":"publish","type":"post","link":"https:\/\/cifar.ca\/fr\/cifarnews\/2023\/06\/06\/lavenir-de-letre-humain\/","title":{"rendered":"L\u2019avenir de l&rsquo;\u00eatre humain"},"content":{"rendered":"\r\n\r\n<h2>\r\n\t\tL&rsquo;avenir de l&rsquo;\u00eatre humain\r\n\t<\/h2>\r\n\t\tPar: <strong>Justine Brooks<\/strong>\r\n\t\t6 Juin, 2023\r\n\t<p>Illustrations : <strong>Raz Latif<\/strong><\/p>\r\n\t<h3>APER\u00c7U DES NOUVEAUX PROGRAMMES DU CIFAR<\/h3>\r\n<p>En avril 2023, le CIFAR a d\u00e9voil\u00e9 trois nouveaux programmes d\u00e9coulant de l&rsquo;Appel \u00e0 id\u00e9es mondial. Ces programmes incarnent des d\u00e9fis de recherche audacieux et \u00e0 fort impact &#8211; et l&rsquo;avenir de l&rsquo;\u00eatre humain.<\/p>\r\n<p>Le monde se trouve \u00e0 un point d&rsquo;inflexion. Les changements rapides dans l&rsquo;environnement, la technologie et les menaces \u00e0 la sant\u00e9 humaine exacerbent les in\u00e9galit\u00e9s et r\u00e9v\u00e8lent la n\u00e9cessit\u00e9 de revoir notre position en tant qu&rsquo;\u00eatres humains et citoyens du monde.<\/p>\r\n<p>Trois nouveaux programmes de recherche du CIFAR, et leur nouvelle direction, sont pr\u00eats \u00e0 se pencher sur des questions importantes et audacieuses concernant l&rsquo;avenir de l&rsquo;\u00eatre humain. Par l&rsquo;exploration de facteurs environnementaux, sociologiques et philosophiques, entre autres, ces scientifiques tentent de trouver des solutions aux nouveaux d\u00e9fis du monde.<\/p>\r\n<h4>AVENIR ET \u00c9PANOUIS-SEMENT<\/h4>\r\n<p><img loading=\"lazy\" decoding=\"async\" src=\"https:\/\/cifar.ca\/wp-content\/uploads\/2023\/05\/RazLatif_CIFAR_FFP_digital.jpg\" alt=\"Illustration of Tarek Elhaik, Christopher Kelty and H\u00e9l\u00e8ne Mialet with line drawings of various science-based symbols behind them on a blue background Illustration de Tarek Elhaik, Christopher Kelty et H\u00e9l\u00e8ne Mialet avec des dessins au trait de divers symboles scientifiques derri\u00e8re eux sur un fond bleu\" width=\"800\" height=\"622\" \/><\/p>\r\n<strong>CORESPONSABLES DE LA RECHERCHE :<\/strong><br \/>\r\n<a href=\"https:\/\/cifar.ca\/fr\/biographie\/tarek-elhaik\/\" target=\"_blank\" rel=\"noopener\">TAREK ELHAIK<\/a>, Universit\u00e9 de la Californie \u00e0 Davis, \u00c9tats-Unis<br \/>\r\n<a href=\"https:\/\/cifar.ca\/fr\/biographie\/christopher-kelty\/\" target=\"_blank\" rel=\"noopener\">CHRISTOPHER KELTY<\/a>,\u00a0Universit\u00e9 de la Californie \u00e0 Los Angeles, \u00c9tats-Unis<br \/>\r\n<a href=\"https:\/\/cifar.ca\/fr\/biographie\/helene-mialet\/\" target=\"_blank\" rel=\"noopener\">H\u00c9L\u00c8NE MIALET<\/a>, Universit\u00e9 York, Canada\r\n<p>L&rsquo;exceptionnalisme humain, l&rsquo;id\u00e9e que l&rsquo;\u00eatre humain est distinct de tous les autres organismes et s\u00e9par\u00e9 de son environnement, a domin\u00e9 la pens\u00e9e occidentale. Mais aujourd&rsquo;hui, cette id\u00e9e suscite de plus en plus de critiques.<\/p>\r\n<p>Les membres du nouveau programme <a href=\"https:\/\/cifar.ca\/fr\/programmes-de-recherche\/avenir-et-epanouissement\/?slide\" target=\"_blank\" rel=\"noopener\">Avenir et \u00e9panouissement<\/a> du CIFAR pose la question suivante : \u00abQue signifie (bien) vivre sans exceptionnalisme humain?\u00bb<\/p>\r\n<p>Cette question arrive \u00e0 point nomm\u00e9. \u00abL&rsquo;instabilit\u00e9 croissante du monde &#8211; en mati\u00e8re de politique, d&rsquo;environnement et d&rsquo;\u00e9conomie &#8211; tient en partie \u00e0 la \u00ab\u00a0fiction\u00a0\u00bb de l&rsquo;exceptionnalisme humain, d\u00e9clare H\u00e9l\u00e8ne Mialet. L&rsquo;avenir de l&rsquo;\u00eatre humain prend en compte les multiples relations avec les humains ou les non humains qui font de nous ce que nous sommes.\u00bb<\/p>\r\n<p>Le programme, con\u00e7u par les coresponsables comme un d\u00e9fi innovant aux d\u00e9bats actuels en \u00e9tudes scientifiques et technologiques, en \u00e9cologie poli-tique, en \u00e9tudes animales, en \u00e9tudes scientifiques f\u00e9ministes, en sciences humaines de l&rsquo;environnement et en arts contemporains, examinera le monde de fa\u00e7on holisitique afin de red\u00e9finir ce que signifie \u00eatre humain.<\/p>\r\n<p>&nbsp;<\/p>\r\n<h4>\u00ab L&rsquo;instabilit\u00e9 croissante du monde &#8211; en mati\u00e8re de politique, d&rsquo;environnement et d&rsquo;\u00e9conomie &#8211; tient en partie \u00e0 la \u00ab\u00a0fiction\u00a0\u00bb de l&rsquo;exceptionnalisme humain. \u00bb\u00a0\u00bb<\/h4>\r\n<p>&nbsp;<\/p>\r\n<p>Le programme r\u00e9unira un r\u00e9seau hautement interdisciplinaire de \u00abL&rsquo;instabilit\u00e9 croissante du monde &#8211; en mati\u00e8re de politique, d&rsquo;environnement et d&rsquo;\u00e9conomie &#8211; tient en partie \u00e0 la \u00ab\u00a0fiction\u00a0\u00bb de l&rsquo;exceptionnalisme humain.\u00bb scientifiques et de sp\u00e9cialistes de nombreux domaines, notamment la philosophie, l&rsquo;histoire, la conservation, la restauration, l&rsquo;art et l&rsquo;anthropologie.<\/p>\r\n<p>\u00abNous disposerons ainsi de l&rsquo;environnement id\u00e9al o\u00f9 poser de nouvelles questions et g\u00e9n\u00e9rer de nouvelles solutions qui pourraient ne pas cadrer avec les disciplines ou les domaines \u00e9tablis, voire exiger leur red\u00e9finition ou la cr\u00e9ation d&rsquo;autres disciplines\u00bb, explique Mialet.<\/p>\r\n<p>Il faut aussi de nouvelles m\u00e9thodologies pour comprendre les relations entre les humains et ceux dont nous d\u00e9pendons pour vivre. \u00abLe pouvoir de l&rsquo;imagination est la cl\u00e9 de notre travail et nous l&rsquo;utiliserons de mani\u00e8re audacieuse et souvent inattendue\u00bb, d\u00e9clare Tarek Elhaik.<\/p>\r\n<p>Selon Christopher Kelty, les r\u00e9sultats des recherches r\u00e9alis\u00e9es dans le cadre de ce programme pourraient avoir une profonde influence sur \u00ab la mani\u00e8re dont nous abordons les autres cr\u00e9atures, dont nous d\u00e9finis-sons notre propre bonheur et notre r\u00e9ussite, dont nous r\u00e9parons ce qui a \u00e9t\u00e9 endommag\u00e9 et dont nous nous \u00e9panouirons \u00e0 l&rsquo;avenir \u00bb. Nous pourrons peut-\u00eatre m\u00eame \u00ab \u00e9chapper \u00e0 certains pi\u00e8ges de la pens\u00e9e sur ce que signifie \u00eatre humain \u00bb.<\/p>\r\n<h4>AVENIR URBAIN DE L&rsquo;HUMANIT\u00c9<\/h4>\r\n<p><img loading=\"lazy\" decoding=\"async\" src=\"https:\/\/cifar.ca\/wp-content\/uploads\/2023\/05\/RazLatif_CIFAR_HUF_digital.jpg\" alt=\"Illustration of Diane Davis and Simon Goldhill with line drawings of various geographic and environmental symbols behind them on a green background Illustration de Diane Davis et Simon Goldhill avec des dessins au trait de divers symboles g\u00e9ographiques et environnementaux derri\u00e8re eux sur un fond vert\" width=\"622\" height=\"800\" \/><\/p>\r\n<strong>CORESPONSABLES DE LA RECHERCHE :<\/strong><br \/>\r\n<a href=\"https:\/\/cifar.ca\/fr\/biographie\/diane-e-davis\/\" target=\"_blank\" rel=\"noopener\">DIANE DAVIS<\/a>, Harvard University, United States<br \/>\r\n<a href=\"https:\/\/cifar.ca\/fr\/biographie\/simon-goldhill\/\" target=\"_blank\" rel=\"noopener\">SIMON GOLDHILL<\/a>, Cambridge University, United Kingdom\r\n<p>Quelles sont les caract\u00e9ristiques d&rsquo;une bonne ville de l&rsquo;avenir?<\/p>\r\n<p>Les membres du nouveau programme du CIFAR, <a href=\"https:\/\/cifar.ca\/fr\/programmes-de-recherche\/avenir-urbain-de-lhumanite\/\" target=\"_blank\" rel=\"noopener\">Avenir urbain de l&rsquo;humanit\u00e9<\/a>, \u00e9tudient la forme que devrait prendre un environnement urbain vivable et adaptable. Leurs recherches prendront en compte de nombreux facteurs importants, notamment les infrastructures (mat\u00e9rielles et institutionnelles), les divisions politiques, les questions d&rsquo;\u00e9chelle, les changements climatiques et d&rsquo;autres crises \u00e9ventuelles qui se prof-lent \u00e0 l&rsquo;horizon.<\/p>\r\n<p>\u00abComment planifier l&rsquo;am\u00e9nagement d&rsquo;une ville, sachant que la ville se d\u00e9veloppera au-del\u00e0 du plan \u00e9tabli &#8211; et \u00e0 grande vitesse?\u00bb, demande Simon Goldhill.<\/p>\r\n<p>Pour trouver r\u00e9ponse \u00e0 ces questions, le programme examinera six villes : Calcutta (Inde), Kinshasa (R\u00e9publique d\u00e9mocratique du Congo), Naples (Italie), Mexico (Mexique), Shanghai (Chine) et Toronto (Canada).<\/p>\r\n<p>&nbsp;<\/p>\r\n<h4>\u00ab Comment planifier l&rsquo;am\u00e9nagement d&rsquo;une ville, sachant que la ville se d\u00e9veloppera au-del\u00e0 du plan \u00e9tabli &#8211; et \u00e0 grande vitesse? \u00bb<\/h4>\r\n<p>&nbsp;<\/p>\r\n<p>Malgr\u00e9 leur histoire, leur culture et leur g\u00e9ographie diff\u00e9rentes, ces villes \u00absont g\u00e9n\u00e9ralement confront\u00e9es \u00e0 des d\u00e9fis existentiels similaires et tendent \u00e0 persister, \u00e0 se d\u00e9velopper et \u00e0 changer\u00bb, explique Diane Davis, qui ajoute que des r\u00e9unions de programme sont pr\u00e9vues dans chaque ville au cours des prochaines ann\u00e9es afin de r\u00e9aliser des recherches de premi\u00e8re main.<\/p>\r\n<p>L&rsquo;objectif est de lancer une conversation plus vaste sur les politiques, l&rsquo;innovation et les infrastructures, pour \u00e9clairer une r\u00e9flexion et un apprentis-sage collectifs sur la mani\u00e8re dont nous devons pr\u00e9parer l&rsquo;avenir, ajoute-t-elle. \u00abNous esp\u00e9rons que notre travail changera la fa\u00e7on dont on imagine les villes et permettra de fa\u00e7onner au mieux l&rsquo;avenir urbain de l&rsquo;humanit\u00e9\u00bb, d\u00e9clare Goldhill.<\/p>\r\n<h4>\u00caTRE HUMAIN MULTI\u00c9CHELLE<\/h4>\r\n<p><img loading=\"lazy\" decoding=\"async\" src=\"https:\/\/cifar.ca\/wp-content\/uploads\/2023\/05\/RazLatif_CIFAR_MHU_digital.jpg\" alt=\"Illustration of Gary Bader, Katy B\u00f6rner and Sarah Teichmann with line drawings of various medical symbols behind them on a blue background Illustration de Gary Bader, Katy B\u00f6rner et Sarah Teichmann avec des dessins au trait de divers symboles m\u00e9dicaux derri\u00e8re eux sur un fond bleu\" width=\"800\" height=\"622\" \/><\/p>\r\n<strong>CORESPONSABLES DE LA RECHERCHE :<\/strong><br \/>\r\n<a href=\"https:\/\/cifar.ca\/fr\/biographie\/gary-bader\/\" target=\"_blank\" rel=\"noopener\">GARY BADER<\/a>, Universit\u00e9 de Toronto, Canada<br \/>\r\n<a href=\"https:\/\/cifar.ca\/fr\/biographie\/katy-borner\/\" target=\"_blank\" rel=\"noopener\">KATY B\u00d6RNER<\/a>,Universit\u00e9 de l&rsquo;Indiana, \u00c9tats-Unis<br \/>\r\n<a href=\"https:\/\/cifar.ca\/fr\/biographie\/sarah-teichmann\/\" target=\"_blank\" rel=\"noopener\">SARAH TEICHMANN<\/a>, Institut Wellcome Sanger et Universit\u00e9 de Cambridge, Royaume-Uni\r\n<p>Imaginez un \u00abGoogle Maps\u00bb pour le corps humain. De la cartographie des mol\u00e9cules individuelles \u00e0 celle d&rsquo;une personne enti\u00e8re, \u00e0 travers les populations et le temps, les membres du nouveau programme <a href=\"https:\/\/cifar.ca\/fr\/programmes-de-recherche\/etre-humain-multiechelle\/\" target=\"_blank\" rel=\"noopener\">\u00catre humain multi\u00e9chelle<\/a> du CIFAR cherchent \u00e0 cr\u00e9er une encyclop\u00e9die universelle du corps humain qui transformerait la recherche et la pratique biom\u00e9dicales.<\/p>\r\n<p>\u00abLes connaissances fondamentales que nous d\u00e9couvrons sur le corps humain, associ\u00e9es \u00e0 nos nouvelles m\u00e9thodes exp\u00e9rimentales et computationnelles d&rsquo;analyse multi\u00e9chelle, pro-mettent de d\u00e9clencher une r\u00e9volution en m\u00e9decine\u00bb, d\u00e9clare Sarah Teichmann. Bien que nous sachions qu&rsquo;une mutation de l&rsquo;ADN peut toucher tous les syst\u00e8mes de l&rsquo;organisme, nous comprenons mal ces effets et leurs relations r\u00e9ciproques.<\/p>\r\n<p>\u00ab L&rsquo;\u00e9lucidation de ce processus nous permettrait de pr\u00e9dire les effets des perturbations g\u00e9n\u00e9tiques et environnementales et de savoir comment les ma\u00eetriser\u00bb, explique Gary Bader.<\/p>\r\n<p>Un projet aussi ambitieux se heurte \u00e0 de nombreux d\u00e9fis : comment associer des donn\u00e9es issues de diff\u00e9rentes modalit\u00e9s, \u00e0 diff\u00e9rentes \u00e9chelles spatiales et temporelles, et repr\u00e9senter avec pr\u00e9cision la diversit\u00e9 de la population humaine? Une approche interdisciplinaire s&rsquo;impose. L&rsquo;\u00e9quipe consid\u00e8re aussi que l&rsquo;apprentissage automatique pourrait se r\u00e9v\u00e9ler utile.<\/p>\r\n<p>&nbsp;<\/p>\r\n<h4>\u00ab Les connaissances fondamentales que nous d\u00e9couvrons sur le corps humain, associ\u00e9es \u00e0 nos nouvelles m\u00e9thodes exp\u00e9rimentales et computationnelles d&rsquo;analyse multi\u00e9chelle, promettent de d\u00e9clencher une r\u00e9volution en m\u00e9decine. \u00bb<\/h4>\r\n<p>&nbsp;<\/p>\r\n<p>\u00ab La cartographie multi\u00e9chelle du corps humain est un merveilleux d\u00e9fi qui n\u00e9cessitera \u00e0 la fois l&rsquo;intelligence humaine et l&rsquo;intelligence artificielle\u00bb, affirme Katy B\u00f6rner.<\/p>\r\n<p>L&rsquo;interdisciplinarit\u00e9 et la possibilit\u00e9 de travailler sur une longue p\u00e9riode repr\u00e9sentent des atouts majeurs pour ces scientifiques. \u00abIl est fantastique de pouvoir travailler ensemble sur une p\u00e9riode prolong\u00e9e, ce qui n&rsquo;est pas le cas avec d&rsquo;autres sources de financement\u00bb, d\u00e9clare Teichmann lorsqu&rsquo;elle \u00e9voque sa s\u00e9lection dans le cadre de l&rsquo;Appel \u00e0 id\u00e9es mondial du CIFAR.<\/p>\r\n<p>Qu&rsquo;est-ce qu&rsquo;un tel outil de r\u00e9f\u00e9rence pourrait signifier pour l&rsquo;avenir de l&rsquo;\u00eatre humain? B\u00f6rner imagine un avenir dot\u00e9 d&rsquo;un programme de \u00abjumeau num\u00e9rique\u00bb lanc\u00e9 \u00e0 la naissance et utilis\u00e9 pour pr\u00e9dire la forme physique, la nutrition et les traitements m\u00e9dicaux id\u00e9aux pour l&rsquo;\u00eatre humain en chair et en os.<\/p>\r\n<p>\u00abTravailler \u00e0 cette compr\u00e9hension de soi nous aidera \u00e0 r\u00e9soudre certains des d\u00e9fis les plus urgents auxquels nous sommes confront\u00e9s pour am\u00e9liorer la sant\u00e9 et r\u00e9duire la souffrance humaine\u00bb, soutient Bader.<\/p>\r\n<p>Bien que le programme compte de nombreux objectifs et possibilit\u00e9s de d\u00e9couverte, Teichmann ajoute : \u00abJe pense que beaucoup de nos plus grandes d\u00e9couvertes seront totalement inattendues. \u00bb<\/p>\r\n<h4>EXTR\u00caME UNIVERS ET GRAVIT\u00c9<\/h4>\r\n<p><img loading=\"lazy\" decoding=\"async\" src=\"https:\/\/cifar.ca\/wp-content\/uploads\/2023\/05\/RazLatif_CIFAR_GEU_digital.jpg\" alt=\"Illustration of Victoria Kaspi and Luis Lehner with line drawings of various celestial symbols behind them on a purple background Illustration de Victoria Kaspi et Luis Lehner avec des dessins au trait de divers symboles c\u00e9lestes derri\u00e8re eux sur un fond violet\" width=\"622\" height=\"800\" \/><\/p>\r\n<strong>CORESPONSABLES DE LA RECHERCHE :<\/strong><br \/>\r\n<a href=\"https:\/\/cifar.ca\/fr\/biographie\/victoria-kaspi\/\" target=\"_blank\" rel=\"noopener\">VICTORIA KASPI<\/a>, Universit\u00e9 McGill, Canada<br \/>\r\n<a href=\"https:\/\/cifar.ca\/fr\/biographie\/luis-lehner\/\" target=\"_blank\" rel=\"noopener\">LUIS LEHNER<\/a>, Institut P\u00e9rim\u00e8tre, Canada\r\n<p>En 1986, le CIFAR a lanc\u00e9 le programme <a href=\"https:\/\/cifar.ca\/fr\/programmes-de-recherche\/extreme-univers-et-gravite\/\" target=\"_blank\" rel=\"noopener\">Extr\u00eame Univers et gravit\u00e9<\/a> pour percer les myst\u00e8res du cosmos. Apr\u00e8s plus de 30 ans, le programme a \u00e9t\u00e9 renouvel\u00e9 pour un dernier mandat.<\/p>\r\n<p>L&rsquo;un des nouveaux domaines de recherche passionnants de l&rsquo;\u00e9quipe est l&rsquo;astronomie des ph\u00e9nom\u00e8nes transitoires qui \u00e9tudie des \u00e9v\u00e9nements tr\u00e8s variables sur de courtes \u00e9chelles de temps, c&rsquo;est-\u00e0-dire des choses qui sont l\u00e0 un instant et qui disparaissent l&rsquo;instant d&rsquo;apr\u00e8s.<\/p>\r\n<p>Les coresponsables du programme, Victoria Kaspi et Luis Lehner, affirment que les recherches sont tr\u00e8s prometteuses, \u00aben particulier compte tenu de la mise en oeuvre prochaine de projets d&rsquo;instrumentation r\u00e9volutionnaires\u00bb,qui permettront de recueillir des donn\u00e9es sans pr\u00e9c\u00e9dent sur le cosmos.<\/p>\r\n<p>Parmi ces instruments figurent la version am\u00e9lior\u00e9e des d\u00e9tecteurs avanc\u00e9s d&rsquo;ondes gravitationnelles LIGO\/Virgo, ainsi que les t\u00e9lescopes satellites de l&rsquo;Exp\u00e9rience canadienne de cartographie de l&rsquo;intensit\u00e9 de l&rsquo;hydrog\u00e8ne (CHIME) pour la d\u00e9tection des sursauts radio rapides (SRR). De nombreux membres du programme sont \u00e0 la barre de ces deux projets.<\/p>\r\n<p>Le projet CHIME\/SRR, en particulier, est l&rsquo;un des plus passionnants du programme, explique Kaspi. L&rsquo;\u00e9quipe du projet CHIME\/SRR passe au crible les bruits de l&rsquo;espace, ce qui permet d&rsquo;obtenir des donn\u00e9es in\u00e9dites sur l&rsquo;un des plus grands myst\u00e8res de l&rsquo;astronomie, la compr\u00e9hension de l&rsquo;origine des sursauts radio rapides. Kaspi esp\u00e8re que la prochaine grande d\u00e9couverte sera tout aussi r\u00e9volutionnaire : l&rsquo;utilisation du d\u00e9tecteur d&rsquo;ondes gravitationnelles pour contraindre l&rsquo;\u00e9quation de la densit\u00e9 de la mati\u00e8re des \u00e9toiles \u00e0 neutrons.<\/p>\r\n\t  \t\t \t\t\t\t<h2>Articles li\u00e9s<\/h2>\r\n\t\t\t\t\t\t<ul>\r\n\t\t\t\t\t\t\t\t\t<li>\r\n\t\t\t\t\t\t<a href=\"https:\/\/cifar.ca\/fr\/cifarnews\/2022\/02\/16\/lequite-la-diversite-et-linclusion-ne-se-font-pas-au-detriment-de-lexcellence-en-recherche\/\">L&rsquo;\u00e9quit\u00e9,  la diversit\u00e9 et l&rsquo;inclusion ne se font pas au d\u00e9triment de l&rsquo;excellence en recherche<\/a>\r\n\t\t\t\t\t\t16 f\u00e9vrier 2022\r\n\t\t\t\t\t<\/li>\r\n\t\t\t\t\t\t\t\t\t<li>\r\n\t\t\t\t\t\t<a href=\"https:\/\/cifar.ca\/fr\/cifarnews\/2022\/02\/14\/un-don-pour-lavenir\/\">Un don  pour l&rsquo;avenir<\/a>\r\n\t\t\t\t\t\t14 f\u00e9vrier 2022\r\n\t\t\t\t\t<\/li>\r\n\t\t\t\t\t\t\t\t\t<li>\r\n\t\t\t\t\t\t<a href=\"https:\/\/cifar.ca\/fr\/cifarnews\/2022\/02\/14\/cinq-etoiles-montantes-la-championne-de-la-sante-des-enfants\/\">Cinq \u00e9toiles montantes : La championne de la sant\u00e9 des enfants<\/a>\r\n\t\t\t\t\t\t14 f\u00e9vrier 2022\r\n\t\t\t\t\t<\/li>\r\n\t\t\t\t\t\t\t\t\t<li>\r\n\t\t\t\t\t\t<a href=\"https:\/\/cifar.ca\/fr\/cifarnews\/2022\/02\/14\/cinq-etoiles-montantes-le-chimiste-quantique\/\">Cinq \u00e9toiles montantes : Le chimiste quantique<\/a>\r\n\t\t\t\t\t\t14 f\u00e9vrier 2022\r\n\t\t\t\t\t<\/li>\r\n\t\t\t\t\t\t\t<\/ul>\r\n\t\t\r\n","protected":false},"excerpt":{"rendered":"<p>En avril 2023, le CIFAR a d\u00e9voil\u00e9 trois nouveaux programmes d\u00e9coulant de l\u2019Appel \u00e0 id\u00e9es mondial.<\/p>\n","protected":false},"author":65,"featured_media":55610,"comment_status":"closed","ping_status":"closed","sticky":false,"template":"","format":"standard","meta":{"_acf_changed":false,"footnotes":""},"categories":[5687,5685,5683,2495,1771,5782,1851],"tags":[5705,5707,5800,5801,5706,5802,5397,5803,5804,5805,5806,5807,5808,868],"class_list":["post-55655","post","type-post","status-publish","format-standard","has-post-thumbnail","hentry","category-avenir-et-epanouissement","category-avenir-urbain-de-lhumanite","category-etre-humain-multiechelle","category-extreme-univers-et-gravite","category-nouvelles","category-reach-2023-fr","category-revue-reach","tag-avenir-et-epanouissement","tag-avenir-urbain-de-lhumanite","tag-christopher-kelty-fr","tag-diane-davis-fr","tag-etre-humain-multiechelle","tag-gary-bader-fr","tag-gravity-and-the-extreme-universe-fr","tag-helene-mialet-fr","tag-katy-borner-fr","tag-luis-lehner-fr","tag-sarah-teichmann-fr","tag-simon-goldhill-fr","tag-tarek-elhaik-fr","tag-victoria-kaspi-2"],"acf":[],"yoast_head":"<!-- This site is optimized with the Yoast SEO plugin v27.2 - https:\/\/yoast.com\/product\/yoast-seo-wordpress\/ -->\n<title>CIFAR<\/title>\n<meta name=\"description\" content=\"En avril 2023, le CIFAR a d\u00e9voil\u00e9 trois nouveaux programmes d\u00e9coulant de l\u2019Appel \u00e0 id\u00e9es mondial.\" \/>\n<meta name=\"robots\" content=\"index, follow, max-snippet:-1, max-image-preview:large, max-video-preview:-1\" \/>\n<link rel=\"canonical\" href=\"https:\/\/cifar.ca\/fr\/cifarnews\/2023\/06\/06\/lavenir-de-letre-humain\/\" \/>\n<meta property=\"og:locale\" content=\"fr_FR\" \/>\n<meta property=\"og:type\" content=\"article\" \/>\n<meta property=\"og:title\" content=\"L\u2019avenir de l&#039;\u00eatre humain - CIFAR\" \/>\n<meta property=\"og:description\" content=\"En avril 2023, le CIFAR a d\u00e9voil\u00e9 trois nouveaux programmes d\u00e9coulant de l\u2019Appel \u00e0 id\u00e9es mondial.\" \/>\n<meta property=\"og:url\" content=\"https:\/\/cifar.ca\/fr\/cifarnews\/2023\/06\/06\/lavenir-de-letre-humain\/\" \/>\n<meta property=\"og:site_name\" content=\"CIFAR\" \/>\n<meta property=\"article:published_time\" content=\"2023-06-06T11:00:34+00:00\" \/>\n<meta property=\"article:modified_time\" content=\"2025-12-18T07:08:07+00:00\" \/>\n<meta property=\"og:image\" content=\"https:\/\/cifar.ca\/wp-content\/uploads\/2023\/06\/FutureofResearch-banner.jpg\" \/>\n\t<meta property=\"og:image:width\" content=\"1920\" \/>\n\t<meta property=\"og:image:height\" content=\"1080\" \/>\n\t<meta property=\"og:image:type\" content=\"image\/jpeg\" \/>\n<meta name=\"author\" content=\"Alison Rutka\" \/>\n<meta name=\"twitter:card\" content=\"summary_large_image\" \/>\n<meta name=\"twitter:label1\" content=\"\u00c9crit par\" \/>\n\t<meta name=\"twitter:data1\" content=\"Alison Rutka\" \/>\n\t<meta name=\"twitter:label2\" content=\"Dur\u00e9e de lecture estim\u00e9e\" \/>\n\t<meta name=\"twitter:data2\" content=\"8 minutes\" \/>\n<script type=\"application\/ld+json\" class=\"yoast-schema-graph\">{\"@context\":\"https:\/\/schema.org\",\"@graph\":[{\"@type\":\"Article\",\"@id\":\"https:\/\/cifar.ca\/fr\/cifarnews\/2023\/06\/06\/lavenir-de-letre-humain\/#article\",\"isPartOf\":{\"@id\":\"https:\/\/cifar.ca\/fr\/cifarnews\/2023\/06\/06\/lavenir-de-letre-humain\/\"},\"author\":{\"name\":\"Alison Rutka\",\"@id\":\"https:\/\/cifar.ca\/fr\/#\/schema\/person\/be6ac84c25822d31a0039f3d6a9a7d1b\"},\"headline\":\"L\u2019avenir de l&rsquo;\u00eatre humain\",\"datePublished\":\"2023-06-06T11:00:34+00:00\",\"dateModified\":\"2025-12-18T07:08:07+00:00\",\"mainEntityOfPage\":{\"@id\":\"https:\/\/cifar.ca\/fr\/cifarnews\/2023\/06\/06\/lavenir-de-letre-humain\/\"},\"wordCount\":1809,\"publisher\":{\"@id\":\"https:\/\/cifar.ca\/fr\/#organization\"},\"image\":{\"@id\":\"https:\/\/cifar.ca\/fr\/cifarnews\/2023\/06\/06\/lavenir-de-letre-humain\/#primaryimage\"},\"thumbnailUrl\":\"https:\/\/cifar.ca\/wp-content\/uploads\/2023\/06\/FutureofResearch-banner.jpg\",\"keywords\":[\"AVENIR ET \u00c9PANOUISSEMENT\",\"AVENIR URBAIN DE L\u2019HUMANIT\u00c9\",\"Christopher Kelty\",\"Diane Davis\",\"\u00caTRE HUMAIN MULTI\u00c9CHELLE\",\"Gary Bader\",\"Gravity and the Extreme Universe\",\"Helene Mialet\",\"Katy Borner\",\"Luis Lehner\",\"Sarah Teichmann\",\"Simon Goldhill\",\"Tarek Elhaik\",\"Victoria Kaspi\"],\"articleSection\":[\"Avenir et \u00e9panouissement\",\"Avenir urbain de l\u2019humanit\u00e9\",\"\u00catre humain multi\u00e9chelle\",\"Extr\u00eame Univers et gravit\u00e9\",\"Nouvelles\",\"Reach 2023\",\"Revue Reach\"],\"inLanguage\":\"fr-FR\"},{\"@type\":\"WebPage\",\"@id\":\"https:\/\/cifar.ca\/fr\/cifarnews\/2023\/06\/06\/lavenir-de-letre-humain\/\",\"url\":\"https:\/\/cifar.ca\/fr\/cifarnews\/2023\/06\/06\/lavenir-de-letre-humain\/\",\"name\":\"L\u2019avenir de l'\u00eatre humain - CIFAR\",\"isPartOf\":{\"@id\":\"https:\/\/cifar.ca\/fr\/#website\"},\"primaryImageOfPage\":{\"@id\":\"https:\/\/cifar.ca\/fr\/cifarnews\/2023\/06\/06\/lavenir-de-letre-humain\/#primaryimage\"},\"image\":{\"@id\":\"https:\/\/cifar.ca\/fr\/cifarnews\/2023\/06\/06\/lavenir-de-letre-humain\/#primaryimage\"},\"thumbnailUrl\":\"https:\/\/cifar.ca\/wp-content\/uploads\/2023\/06\/FutureofResearch-banner.jpg\",\"datePublished\":\"2023-06-06T11:00:34+00:00\",\"dateModified\":\"2025-12-18T07:08:07+00:00\",\"description\":\"En avril 2023, le CIFAR a d\u00e9voil\u00e9 trois nouveaux programmes d\u00e9coulant de l\u2019Appel \u00e0 id\u00e9es mondial.\",\"breadcrumb\":{\"@id\":\"https:\/\/cifar.ca\/fr\/cifarnews\/2023\/06\/06\/lavenir-de-letre-humain\/#breadcrumb\"},\"inLanguage\":\"fr-FR\",\"potentialAction\":[{\"@type\":\"ReadAction\",\"target\":[\"https:\/\/cifar.ca\/fr\/cifarnews\/2023\/06\/06\/lavenir-de-letre-humain\/\"]}]},{\"@type\":\"ImageObject\",\"inLanguage\":\"fr-FR\",\"@id\":\"https:\/\/cifar.ca\/fr\/cifarnews\/2023\/06\/06\/lavenir-de-letre-humain\/#primaryimage\",\"url\":\"https:\/\/cifar.ca\/wp-content\/uploads\/2023\/06\/FutureofResearch-banner.jpg\",\"contentUrl\":\"https:\/\/cifar.ca\/wp-content\/uploads\/2023\/06\/FutureofResearch-banner.jpg\",\"width\":1920,\"height\":1080},{\"@type\":\"BreadcrumbList\",\"@id\":\"https:\/\/cifar.ca\/fr\/cifarnews\/2023\/06\/06\/lavenir-de-letre-humain\/#breadcrumb\",\"itemListElement\":[{\"@type\":\"ListItem\",\"position\":1,\"name\":\"Acceuil\",\"item\":\"https:\/\/cifar.ca\/fr\/\"},{\"@type\":\"ListItem\",\"position\":2,\"name\":\"L\u2019avenir de l&#8217;\u00eatre humain\"}]},{\"@type\":\"WebSite\",\"@id\":\"https:\/\/cifar.ca\/fr\/#website\",\"url\":\"https:\/\/cifar.ca\/fr\/\",\"name\":\"CIFAR\",\"description\":\"Convoquer des esprits extraordinaires pour r\u00e9pondre aux questions les plus importantes auxquelles la science et l'humanit\u00e9 sont confront\u00e9es.\",\"publisher\":{\"@id\":\"https:\/\/cifar.ca\/fr\/#organization\"},\"potentialAction\":[{\"@type\":\"SearchAction\",\"target\":{\"@type\":\"EntryPoint\",\"urlTemplate\":\"https:\/\/cifar.ca\/fr\/?s={search_term_string}\"},\"query-input\":{\"@type\":\"PropertyValueSpecification\",\"valueRequired\":true,\"valueName\":\"search_term_string\"}}],\"inLanguage\":\"fr-FR\"},{\"@type\":\"Organization\",\"@id\":\"https:\/\/cifar.ca\/fr\/#organization\",\"name\":\"CIFAR\",\"url\":\"https:\/\/cifar.ca\/fr\/\",\"logo\":{\"@type\":\"ImageObject\",\"inLanguage\":\"fr-FR\",\"@id\":\"https:\/\/cifar.ca\/fr\/#\/schema\/logo\/image\/\",\"url\":\"https:\/\/cifar.ca\/wp-content\/uploads\/2020\/01\/cifar-logo-rgb-colour.png\",\"contentUrl\":\"https:\/\/cifar.ca\/wp-content\/uploads\/2020\/01\/cifar-logo-rgb-colour.png\",\"width\":1884,\"height\":681,\"caption\":\"CIFAR\"},\"image\":{\"@id\":\"https:\/\/cifar.ca\/fr\/#\/schema\/logo\/image\/\"}},{\"@type\":\"Person\",\"@id\":\"https:\/\/cifar.ca\/fr\/#\/schema\/person\/be6ac84c25822d31a0039f3d6a9a7d1b\",\"name\":\"Alison Rutka\",\"image\":{\"@type\":\"ImageObject\",\"inLanguage\":\"fr-FR\",\"@id\":\"https:\/\/secure.gravatar.com\/avatar\/615d15ec89ba993517314fec79e6489a0dba223bcd18c606519b0f363d03f7fc?s=96&d=mm&r=g\",\"url\":\"https:\/\/secure.gravatar.com\/avatar\/615d15ec89ba993517314fec79e6489a0dba223bcd18c606519b0f363d03f7fc?s=96&d=mm&r=g\",\"contentUrl\":\"https:\/\/secure.gravatar.com\/avatar\/615d15ec89ba993517314fec79e6489a0dba223bcd18c606519b0f363d03f7fc?s=96&d=mm&r=g\",\"caption\":\"Alison Rutka\"}}]}<\/script>\n<!-- \/ Yoast SEO plugin. -->","yoast_head_json":{"title":"CIFAR","description":"En avril 2023, le CIFAR a d\u00e9voil\u00e9 trois nouveaux programmes d\u00e9coulant de l\u2019Appel \u00e0 id\u00e9es mondial.","robots":{"index":"index","follow":"follow","max-snippet":"max-snippet:-1","max-image-preview":"max-image-preview:large","max-video-preview":"max-video-preview:-1"},"canonical":"https:\/\/cifar.ca\/fr\/cifarnews\/2023\/06\/06\/lavenir-de-letre-humain\/","og_locale":"fr_FR","og_type":"article","og_title":"L\u2019avenir de l'\u00eatre humain - CIFAR","og_description":"En avril 2023, le CIFAR a d\u00e9voil\u00e9 trois nouveaux programmes d\u00e9coulant de l\u2019Appel \u00e0 id\u00e9es mondial.","og_url":"https:\/\/cifar.ca\/fr\/cifarnews\/2023\/06\/06\/lavenir-de-letre-humain\/","og_site_name":"CIFAR","article_published_time":"2023-06-06T11:00:34+00:00","article_modified_time":"2025-12-18T07:08:07+00:00","og_image":[{"width":1920,"height":1080,"url":"https:\/\/cifar.ca\/wp-content\/uploads\/2023\/06\/FutureofResearch-banner.jpg","type":"image\/jpeg"}],"author":"Alison Rutka","twitter_card":"summary_large_image","twitter_misc":{"\u00c9crit par":"Alison Rutka","Dur\u00e9e de lecture estim\u00e9e":"8 minutes"},"schema":{"@context":"https:\/\/schema.org","@graph":[{"@type":"Article","@id":"https:\/\/cifar.ca\/fr\/cifarnews\/2023\/06\/06\/lavenir-de-letre-humain\/#article","isPartOf":{"@id":"https:\/\/cifar.ca\/fr\/cifarnews\/2023\/06\/06\/lavenir-de-letre-humain\/"},"author":{"name":"Alison Rutka","@id":"https:\/\/cifar.ca\/fr\/#\/schema\/person\/be6ac84c25822d31a0039f3d6a9a7d1b"},"headline":"L\u2019avenir de l&rsquo;\u00eatre humain","datePublished":"2023-06-06T11:00:34+00:00","dateModified":"2025-12-18T07:08:07+00:00","mainEntityOfPage":{"@id":"https:\/\/cifar.ca\/fr\/cifarnews\/2023\/06\/06\/lavenir-de-letre-humain\/"},"wordCount":1809,"publisher":{"@id":"https:\/\/cifar.ca\/fr\/#organization"},"image":{"@id":"https:\/\/cifar.ca\/fr\/cifarnews\/2023\/06\/06\/lavenir-de-letre-humain\/#primaryimage"},"thumbnailUrl":"https:\/\/cifar.ca\/wp-content\/uploads\/2023\/06\/FutureofResearch-banner.jpg","keywords":["AVENIR ET \u00c9PANOUISSEMENT","AVENIR URBAIN DE L\u2019HUMANIT\u00c9","Christopher Kelty","Diane Davis","\u00caTRE HUMAIN MULTI\u00c9CHELLE","Gary Bader","Gravity and the Extreme Universe","Helene Mialet","Katy Borner","Luis Lehner","Sarah Teichmann","Simon Goldhill","Tarek Elhaik","Victoria Kaspi"],"articleSection":["Avenir et \u00e9panouissement","Avenir urbain de l\u2019humanit\u00e9","\u00catre humain multi\u00e9chelle","Extr\u00eame Univers et gravit\u00e9","Nouvelles","Reach 2023","Revue Reach"],"inLanguage":"fr-FR"},{"@type":"WebPage","@id":"https:\/\/cifar.ca\/fr\/cifarnews\/2023\/06\/06\/lavenir-de-letre-humain\/","url":"https:\/\/cifar.ca\/fr\/cifarnews\/2023\/06\/06\/lavenir-de-letre-humain\/","name":"L\u2019avenir de l'\u00eatre humain - CIFAR","isPartOf":{"@id":"https:\/\/cifar.ca\/fr\/#website"},"primaryImageOfPage":{"@id":"https:\/\/cifar.ca\/fr\/cifarnews\/2023\/06\/06\/lavenir-de-letre-humain\/#primaryimage"},"image":{"@id":"https:\/\/cifar.ca\/fr\/cifarnews\/2023\/06\/06\/lavenir-de-letre-humain\/#primaryimage"},"thumbnailUrl":"https:\/\/cifar.ca\/wp-content\/uploads\/2023\/06\/FutureofResearch-banner.jpg","datePublished":"2023-06-06T11:00:34+00:00","dateModified":"2025-12-18T07:08:07+00:00","description":"En avril 2023, le CIFAR a d\u00e9voil\u00e9 trois nouveaux programmes d\u00e9coulant de l\u2019Appel \u00e0 id\u00e9es mondial.","breadcrumb":{"@id":"https:\/\/cifar.ca\/fr\/cifarnews\/2023\/06\/06\/lavenir-de-letre-humain\/#breadcrumb"},"inLanguage":"fr-FR","potentialAction":[{"@type":"ReadAction","target":["https:\/\/cifar.ca\/fr\/cifarnews\/2023\/06\/06\/lavenir-de-letre-humain\/"]}]},{"@type":"ImageObject","inLanguage":"fr-FR","@id":"https:\/\/cifar.ca\/fr\/cifarnews\/2023\/06\/06\/lavenir-de-letre-humain\/#primaryimage","url":"https:\/\/cifar.ca\/wp-content\/uploads\/2023\/06\/FutureofResearch-banner.jpg","contentUrl":"https:\/\/cifar.ca\/wp-content\/uploads\/2023\/06\/FutureofResearch-banner.jpg","width":1920,"height":1080},{"@type":"BreadcrumbList","@id":"https:\/\/cifar.ca\/fr\/cifarnews\/2023\/06\/06\/lavenir-de-letre-humain\/#breadcrumb","itemListElement":[{"@type":"ListItem","position":1,"name":"Acceuil","item":"https:\/\/cifar.ca\/fr\/"},{"@type":"ListItem","position":2,"name":"L\u2019avenir de l&#8217;\u00eatre humain"}]},{"@type":"WebSite","@id":"https:\/\/cifar.ca\/fr\/#website","url":"https:\/\/cifar.ca\/fr\/","name":"CIFAR","description":"Convoquer des esprits extraordinaires pour r\u00e9pondre aux questions les plus importantes auxquelles la science et l'humanit\u00e9 sont confront\u00e9es.","publisher":{"@id":"https:\/\/cifar.ca\/fr\/#organization"},"potentialAction":[{"@type":"SearchAction","target":{"@type":"EntryPoint","urlTemplate":"https:\/\/cifar.ca\/fr\/?s={search_term_string}"},"query-input":{"@type":"PropertyValueSpecification","valueRequired":true,"valueName":"search_term_string"}}],"inLanguage":"fr-FR"},{"@type":"Organization","@id":"https:\/\/cifar.ca\/fr\/#organization","name":"CIFAR","url":"https:\/\/cifar.ca\/fr\/","logo":{"@type":"ImageObject","inLanguage":"fr-FR","@id":"https:\/\/cifar.ca\/fr\/#\/schema\/logo\/image\/","url":"https:\/\/cifar.ca\/wp-content\/uploads\/2020\/01\/cifar-logo-rgb-colour.png","contentUrl":"https:\/\/cifar.ca\/wp-content\/uploads\/2020\/01\/cifar-logo-rgb-colour.png","width":1884,"height":681,"caption":"CIFAR"},"image":{"@id":"https:\/\/cifar.ca\/fr\/#\/schema\/logo\/image\/"}},{"@type":"Person","@id":"https:\/\/cifar.ca\/fr\/#\/schema\/person\/be6ac84c25822d31a0039f3d6a9a7d1b","name":"Alison Rutka","image":{"@type":"ImageObject","inLanguage":"fr-FR","@id":"https:\/\/secure.gravatar.com\/avatar\/615d15ec89ba993517314fec79e6489a0dba223bcd18c606519b0f363d03f7fc?s=96&d=mm&r=g","url":"https:\/\/secure.gravatar.com\/avatar\/615d15ec89ba993517314fec79e6489a0dba223bcd18c606519b0f363d03f7fc?s=96&d=mm&r=g","contentUrl":"https:\/\/secure.gravatar.com\/avatar\/615d15ec89ba993517314fec79e6489a0dba223bcd18c606519b0f363d03f7fc?s=96&d=mm&r=g","caption":"Alison Rutka"}}]}},"_links":{"self":[{"href":"https:\/\/cifar.ca\/fr\/wp-json\/wp\/v2\/posts\/55655","targetHints":{"allow":["GET"]}}],"collection":[{"href":"https:\/\/cifar.ca\/fr\/wp-json\/wp\/v2\/posts"}],"about":[{"href":"https:\/\/cifar.ca\/fr\/wp-json\/wp\/v2\/types\/post"}],"author":[{"embeddable":true,"href":"https:\/\/cifar.ca\/fr\/wp-json\/wp\/v2\/users\/65"}],"replies":[{"embeddable":true,"href":"https:\/\/cifar.ca\/fr\/wp-json\/wp\/v2\/comments?post=55655"}],"version-history":[{"count":0,"href":"https:\/\/cifar.ca\/fr\/wp-json\/wp\/v2\/posts\/55655\/revisions"}],"wp:featuredmedia":[{"embeddable":true,"href":"https:\/\/cifar.ca\/fr\/wp-json\/wp\/v2\/media\/55610"}],"wp:attachment":[{"href":"https:\/\/cifar.ca\/fr\/wp-json\/wp\/v2\/media?parent=55655"}],"wp:term":[{"taxonomy":"category","embeddable":true,"href":"https:\/\/cifar.ca\/fr\/wp-json\/wp\/v2\/categories?post=55655"},{"taxonomy":"post_tag","embeddable":true,"href":"https:\/\/cifar.ca\/fr\/wp-json\/wp\/v2\/tags?post=55655"}],"curies":[{"name":"wp","href":"https:\/\/api.w.org\/{rel}","templated":true}]}}