{"id":56212,"date":"2023-08-25T11:30:57","date_gmt":"2023-08-25T15:30:57","guid":{"rendered":"https:\/\/cifar.ca\/?p=56212"},"modified":"2025-12-18T02:04:55","modified_gmt":"2025-12-18T07:04:55","slug":"les-medias-sociaux-alimentent-ils-la-crise-de-la-sante-mentale-chez-les-jeunes-une-chercheuse-du-cifar-evoque-dautres-causes","status":"publish","type":"post","link":"https:\/\/cifar.ca\/fr\/cifarnews\/2023\/08\/25\/les-medias-sociaux-alimentent-ils-la-crise-de-la-sante-mentale-chez-les-jeunes-une-chercheuse-du-cifar-evoque-dautres-causes\/","title":{"rendered":"Les m\u00e9dias sociaux alimentent-ils la crise de la sant\u00e9 mentale chez les jeunes? Une chercheuse du CIFAR \u00e9voque d\u2019autres causes"},"content":{"rendered":"<h2><strong><span style=\"color: #da291c;\"><br \/>\nCandice Odgers, coresponsable du programme D\u00e9veloppement du cerveau et de l\u2019enfant, a r\u00e9cemment d\u00e9battu de l\u2019impact n\u00e9gatif des m\u00e9dias sociaux sur les enfants lors de l\u2019Aspen Ideas Festival.<\/span><\/strong><\/h2>\n<p><span style=\"font-weight: 400;\">En mai, le U.S. Surgeon General <\/span><a href=\"https:\/\/www.hhs.gov\/about\/news\/2023\/05\/23\/surgeon-general-issues-new-advisory-about-effects-social-media-use-has-youth-mental-health.html\"><span style=\"font-weight: 400;\">a publi\u00e9 un avis<\/span><\/a><span style=\"font-weight: 400;\"> sur l\u2019impact des m\u00e9dias sociaux sur la sant\u00e9 mentale des adolescents, relan\u00e7ant le d\u00e9bat sur le sujet.<\/span><\/p>\n<p><span style=\"font-weight: 400;\">Les \u00e9tudes de <\/span><a href=\"https:\/\/cifar.ca\/fr\/biographie\/candice-odgers\/\"><span style=\"font-weight: 400;\">Candice Odgers<\/span><\/a><span style=\"font-weight: 400;\">, membre du CIFAR, <\/span><a href=\"https:\/\/www.nytimes.com\/2020\/01\/17\/technology\/kids-smartphones-depression.html\"><span style=\"font-weight: 400;\">remettent en question l\u2019hypoth\u00e8se populaire<\/span><\/a><span style=\"font-weight: 400;\"> selon laquelle les m\u00e9dias sociaux sont \u00e0 bl\u00e2mer. Odgers, coresponsable du programme D\u00e9veloppement du cerveau et de l\u2019enfant, a r\u00e9cemment \u00e9t\u00e9 invit\u00e9e \u00e0 l\u2019Aspen Ideas Festival pour d\u00e9battre avec Jim Steyer, fondateur de Common Sense Media et fr\u00e8re de l\u2019ancien candidat \u00e0 la pr\u00e9sidence des \u00c9tats-Unis Tom Steyer, sur la question de savoir si les m\u00e9dias sociaux sont n\u00e9fastes pour la sant\u00e9 mentale des enfants.<\/span><\/p>\n<p><span style=\"font-weight: 400;\">Apr\u00e8s le d\u00e9bat, Odgers s\u2019est entretenue avec le CIFAR pour faire le point et pr\u00e9senter plus en d\u00e9tail ses recherches \u00e0 fort impact.<\/span><\/p>\n<p><span style=\"font-weight: 400;\">\u2014-<\/span><\/p>\n<p><b>CIFAR : <\/b><span style=\"font-weight: 400;\">Comment s\u2019est pass\u00e9 le d\u00e9bat? Quels \u00e9taient vos messages cl\u00e9s et ceux de Steyer?<\/span><\/p>\n<p><b>Odgers : <\/b><span style=\"font-weight: 400;\">Voici la question qui nous a \u00e9t\u00e9 pos\u00e9e : \u00ab\u2009Les m\u00e9dias sociaux sont-ils mauvais pour la sant\u00e9 mentale des enfants?\u2009\u00bb Bien s\u00fbr, le public pense que oui, mais ce que les gens ignorent peut-\u00eatre, c\u2019est que les donn\u00e9es scientifiques ne permettent pas de r\u00e9pondre \u00e0 cette question par un oui retentissant.<\/span><\/p>\n<p><span style=\"font-weight: 400;\">Je me penche sur les probl\u00e8mes de sant\u00e9 mentale des enfants depuis vingt ans et j\u2019\u00e9tudie l\u2019utilisation de la technologie num\u00e9rique et ses effets sur les jeunes depuis dix ans. Je crois que les jeunes ont le droit de b\u00e9n\u00e9ficier des meilleures donn\u00e9es probantes dont nous disposons. Il ne suffit pas de se pr\u00e9cipiter pour les prot\u00e9ger ni de faire preuve de bonnes intentions. Nous devons veiller \u00e0 ce que nos d\u00e9cisions, quant aux ressources que nous allouons aux jeunes, soient guid\u00e9es par la science et les donn\u00e9es probantes.<\/span><\/p>\n<p><span style=\"font-weight: 400;\">Le d\u00e9bat a commenc\u00e9 de mani\u00e8re assez int\u00e9ressante. Jim Steyer s\u2019est lev\u00e9 et a d\u00e9clar\u00e9 : \u00ab\u2009Il s\u2019agit essentiellement d\u2019une s\u00e9rie de questions auxquelles tout le monde conna\u00eet les r\u00e9ponses\u2009\u00bb. Il a ensuite expos\u00e9 ses raisons. Quand mon tour est venu, j\u2019ai commenc\u00e9 par confesser que je n\u2019aime pas vraiment les m\u00e9dias sociaux, mais que cela fait vingt ans que je travaille sur le terrain dans le domaine de la sant\u00e9 mentale des adolescents. Depuis 2008, j\u2019\u00e9tudie les enfants sur leur t\u00e9l\u00e9phone et j\u2019examine ce qu\u2019ils font en ligne et hors ligne, et les liens entre ces comportements et un certain nombre de facteurs allant du sommeil \u00e0 la sant\u00e9 mentale.<\/span><\/p>\n<p><span style=\"font-weight: 400;\">Le message que je souhaitais transmettre est qu\u2019il n\u2019y a aucun fondement scientifique \u00e0 ce que l\u2019on raconte sur les m\u00e9dias sociaux et nos enfants. Et ces deux choses peuvent toutes deux \u00eatre vraies : on peut d\u00e9tester les m\u00e9dias sociaux, mais il est faux de dire qu\u2019ils sont \u00e0 l\u2019origine de suicides, de d\u00e9pression et d\u2019angoisse \u00e0 l\u2019adolescence. Il y a des centaines d\u2019\u00e9tudes maintenant sur le sujet et un certain nombre d\u2019excellentes m\u00e9ta-analyses. Jeff Hancock, chercheur \u00e0 l\u2019Universit\u00e9 Stanford, vient d\u2019en r\u00e9aliser une; son groupe a analys\u00e9 226 \u00e9tudes portant sur le lien entre les m\u00e9dias sociaux et le bien-\u00eatre, et l\u2019ampleur de l\u2019effet estim\u00e9 est <\/span><a href=\"https:\/\/www.scientificamerican.com\/article\/social-media-has-not-destroyed-a-generation\/\"><span style=\"font-weight: 400;\">impossible \u00e0 distinguer de z\u00e9ro<\/span><\/a><span style=\"font-weight: 400;\">. La corr\u00e9lation n\u2019est pas synonyme de causalit\u00e9 &#8211; ce que l\u2019on observe, c\u2019est que lorsque l\u2019on suit des enfants au fil du temps, ce sont les sympt\u00f4mes d\u00e9pressifs qui pr\u00e9disent l\u2019utilisation des m\u00e9dias sociaux, et non l\u2019inverse.<\/span><\/p>\n<p><b>CIFAR : <\/b><span style=\"font-weight: 400;\">Si les donn\u00e9es indiquent que les m\u00e9dias sociaux n\u2019ont pas d\u2019effets plus pr\u00e9judiciables, quelles sont les donn\u00e9es probantes qui \u00e9tayent l\u2019id\u00e9e dominante selon laquelle les m\u00e9dias sociaux ont des effets n\u00e9gatifs sur la sant\u00e9 mentale des enfants?<\/span><\/p>\n<p><b>Odgers : <\/b><span style=\"font-weight: 400;\">Les m\u00e9dias sociaux et les grandes entreprises technologiques ne vont pas dispara\u00eetre, ces entit\u00e9s sont l\u00e0 pour rester. Il existe de nombreuses raisons de vouloir r\u00e9glementer et changer le mode de fonctionnement des entreprises de m\u00e9dias sociaux.<\/span><\/p>\n<p><span style=\"font-weight: 400;\">Il y a aussi une tendance historique selon laquelle chaque g\u00e9n\u00e9ration regarde la pr\u00e9c\u00e9dente et est insatisfaite de la fa\u00e7on dont elle passe son temps, qu\u2019il s\u2019agisse de bandes dessin\u00e9es, de rock and roll ou de jeux vid\u00e9o. La panique morale joue un r\u00f4le important \u00e0 cet \u00e9gard.<\/span><\/p>\n<p><span style=\"font-weight: 400;\">L\u2019un des r\u00e9sultats les plus importants \u00e0 mes yeux est l\u2019\u00e9norme d\u00e9calage entre ce que les gens croient &#8211; y compris les enfants eux-m\u00eames &#8211; et ce que la science dit sur le sujet.<\/span><\/p>\n<p><b>CIFAR : <\/b><span style=\"font-weight: 400;\">Compte tenu du discours dominant et de l\u2019avis r\u00e9cent et tr\u00e8s m\u00e9diatis\u00e9 du U.S. Surgeon General, comment les parents peuvent-ils comprendre ce qu\u2019ils doivent faire? Quelle est la discussion la plus productive \u00e0 avoir?<\/span><\/p>\n<p><b>Odgers :<\/b><span style=\"font-weight: 400;\"> J\u2019ai beaucoup de respect pour le U.S. Surgeon General, j\u2019ai travaill\u00e9 avec son bureau sur le rapport sur la solitude, par exemple, et sur la promotion des ressources en sant\u00e9 mentale pour les jeunes. Ce que dit ce nouveau rapport, c\u2019est que les m\u00e9dias sociaux pr\u00e9sentent des risques et des avantages \u00e9ventuels pour les enfants, qu\u2019il n\u2019y a pas de donn\u00e9es probantes concluantes, mais qu\u2019il y a lieu d\u2019adopter une approche ax\u00e9e d\u2019abord sur la s\u00e9curit\u00e9. Les grands titres aux \u00c9tats-Unis et dans le monde entier rapportent que le U.S. Surgeon General affirme que les m\u00e9dias sociaux sont \u00e0 l\u2019origine de probl\u00e8mes de sant\u00e9 mentale, de d\u00e9pression, de suicide et d\u2019anxi\u00e9t\u00e9 chez les enfants, mais ce n\u2019est pas ce que dit le rapport en soi. Je pense qu\u2019il y a ici un probl\u00e8me de communication scientifique.<\/span><\/p>\n<p><span style=\"font-weight: 400;\">Une conversation plus productive porterait sur le fait que nous sommes de plus en plus pr\u00e9occup\u00e9s par l\u2019augmentation des taux de probl\u00e8mes de sant\u00e9 mentale chez les adolescents au sein de notre communaut\u00e9. Il nous faut donc r\u00e9fl\u00e9chir \u00e0 des solutions et investir dans les choses qui comptent. Par exemple, beaucoup de jeunes vont maintenant sur Internet \u00e0 la recherche d\u2019information, de soutien et de services en mati\u00e8re de probl\u00e8mes de sant\u00e9 mentale. Ce n\u2019est pas surprenant. Aux \u00c9tats-Unis, le rapport entre le nombre de conseillers et le nombre d\u2019\u00e9l\u00e8ves dans les \u00e9coles secondaires est de 1 pour 500. De nombreuses \u00e9coles n\u2019ont m\u00eame pas de conseiller. Par cons\u00e9quent, l\u2019absence de services hors ligne est manifestement un probl\u00e8me plus important auquel il faut consacrer du temps pour y rem\u00e9dier, plut\u00f4t que de trouver des solutions au fait que les enfants parcourent les m\u00e9dias sociaux.<\/span><\/p>\n<p><b>CIFAR : <\/b><span style=\"font-weight: 400;\">Pour en revenir \u00e0 votre travail, quelles sont les collaborations passionnantes en cours au sein du programme D\u00e9veloppement du cerveau et de l\u2019enfant?<\/span><\/p>\n<p><b>Odgers : <\/b><span style=\"font-weight: 400;\">Nous avons beaucoup travaill\u00e9 dans le domaine des technologies \u00e9ducatives (EdTech) ainsi que dans le domaine de la sant\u00e9 mentale, en particulier sur la fa\u00e7on de fournir des r\u00e9sultats probants plus solides pour \u00e9tayer un grand nombre de produits et services destin\u00e9s aux enfants. Par exemple, gr\u00e2ce au soutien de la Fondation Jacobs et en collaboration avec le CIFAR, nous avons lanc\u00e9 un certain nombre de projets diff\u00e9rents, certains en partenariat avec l\u2019industrie, d\u2019autres ind\u00e9pendamment, pour examiner les donn\u00e9es probantes en mati\u00e8re d\u2019impact. Nous voulons ainsi d\u00e9terminer si une certaine innovation p\u00e9dagogique ou intervention li\u00e9e aux technologies \u00e9ducatives a r\u00e9ellement un impact positif et mesurable sur les enfants. Il s\u2019agit d\u2019une norme importante \u00e0 \u00e9tablir, surtout si nous entendons amener les enfants, les enseignants et les parents \u00e0 utiliser une telle quantit\u00e9 de technologie au quotidien.<\/span><\/p>\n<p>&nbsp;<\/p>\n<p><i><span style=\"font-weight: 400;\"><a href=\"https:\/\/opentodebate.org\/debate\/is-social-media-bad-for-kids-mental-health\/\">Visionnez l\u2019int\u00e9gralit\u00e9 du d\u00e9bat<\/a>.<\/span><\/i><\/p>\n","protected":false},"excerpt":{"rendered":"<p>Candice Odgers, coresponsable du programme D\u00e9veloppement du cerveau et de l\u2019enfant, a r\u00e9cemment d\u00e9battu de l\u2019impact n\u00e9gatif des m\u00e9dias sociaux sur les enfants lors de [&hellip;]<\/p>\n","protected":false},"author":51,"featured_media":56211,"comment_status":"closed","ping_status":"closed","sticky":false,"template":"","format":"standard","meta":{"_acf_changed":false,"footnotes":""},"categories":[5891,1771,4391],"tags":[2428,5248,5893],"class_list":["post-56212","post","type-post","status-publish","format-standard","has-post-thumbnail","hentry","category-articles-sur-notre-impact","category-nouvelles","category-percees","tag-candice-odgers","tag-child-brain-development-fr","tag-notre-impact"],"acf":[],"yoast_head":"<!-- This site is optimized with the Yoast SEO plugin v27.2 - https:\/\/yoast.com\/product\/yoast-seo-wordpress\/ -->\n<title>CIFAR<\/title>\n<meta name=\"description\" content=\"En mai, le U.S. Surgeon General a publi\u00e9 un avis sur l\u2019impact des m\u00e9dias sociaux sur la sant\u00e9 mentale des adolescents, relan\u00e7ant le d\u00e9bat sur le sujet.Les \u00e9tudes de Candice Odgers, membre du CIFAR, remettent en question l\u2019hypoth\u00e8se populaire selon laquelle les m\u00e9dias sociaux sont \u00e0 bl\u00e2mer.\" \/>\n<meta name=\"robots\" content=\"index, follow, max-snippet:-1, max-image-preview:large, max-video-preview:-1\" \/>\n<link rel=\"canonical\" href=\"https:\/\/cifar.ca\/fr\/cifarnews\/2023\/08\/25\/les-medias-sociaux-alimentent-ils-la-crise-de-la-sante-mentale-chez-les-jeunes-une-chercheuse-du-cifar-evoque-dautres-causes\/\" \/>\n<meta property=\"og:locale\" content=\"fr_FR\" \/>\n<meta property=\"og:type\" content=\"article\" \/>\n<meta property=\"og:title\" content=\"Les m\u00e9dias sociaux alimentent-ils la crise de la sant\u00e9 mentale chez les jeunes? Une chercheuse du CIFAR \u00e9voque d\u2019autres causes - CIFAR\" \/>\n<meta property=\"og:description\" content=\"En mai, le U.S. Surgeon General a publi\u00e9 un avis sur l\u2019impact des m\u00e9dias sociaux sur la sant\u00e9 mentale des adolescents, relan\u00e7ant le d\u00e9bat sur le sujet.Les \u00e9tudes de Candice Odgers, membre du CIFAR, remettent en question l\u2019hypoth\u00e8se populaire selon laquelle les m\u00e9dias sociaux sont \u00e0 bl\u00e2mer.\" \/>\n<meta property=\"og:url\" content=\"https:\/\/cifar.ca\/fr\/cifarnews\/2023\/08\/25\/les-medias-sociaux-alimentent-ils-la-crise-de-la-sante-mentale-chez-les-jeunes-une-chercheuse-du-cifar-evoque-dautres-causes\/\" \/>\n<meta property=\"og:site_name\" content=\"CIFAR\" \/>\n<meta property=\"article:published_time\" content=\"2023-08-25T15:30:57+00:00\" \/>\n<meta property=\"article:modified_time\" content=\"2025-12-18T07:04:55+00:00\" \/>\n<meta property=\"og:image\" content=\"https:\/\/cifar.ca\/wp-content\/uploads\/2023\/08\/CandiceOdgers_TeensSocialMedia.jpg\" \/>\n\t<meta property=\"og:image:width\" content=\"1920\" \/>\n\t<meta property=\"og:image:height\" content=\"1080\" \/>\n\t<meta property=\"og:image:type\" content=\"image\/jpeg\" \/>\n<meta name=\"author\" content=\"Liz Do\" \/>\n<meta name=\"twitter:card\" content=\"summary_large_image\" \/>\n<meta name=\"twitter:label1\" content=\"\u00c9crit par\" \/>\n\t<meta name=\"twitter:data1\" content=\"Liz Do\" \/>\n\t<meta name=\"twitter:label2\" content=\"Dur\u00e9e de lecture estim\u00e9e\" \/>\n\t<meta name=\"twitter:data2\" content=\"6 minutes\" \/>\n<script type=\"application\/ld+json\" class=\"yoast-schema-graph\">{\"@context\":\"https:\/\/schema.org\",\"@graph\":[{\"@type\":\"Article\",\"@id\":\"https:\/\/cifar.ca\/fr\/cifarnews\/2023\/08\/25\/les-medias-sociaux-alimentent-ils-la-crise-de-la-sante-mentale-chez-les-jeunes-une-chercheuse-du-cifar-evoque-dautres-causes\/#article\",\"isPartOf\":{\"@id\":\"https:\/\/cifar.ca\/fr\/cifarnews\/2023\/08\/25\/les-medias-sociaux-alimentent-ils-la-crise-de-la-sante-mentale-chez-les-jeunes-une-chercheuse-du-cifar-evoque-dautres-causes\/\"},\"author\":{\"name\":\"Liz Do\",\"@id\":\"https:\/\/cifar.ca\/fr\/#\/schema\/person\/772cd357eac17dc0f6b7e10b7d80a1b4\"},\"headline\":\"Les m\u00e9dias sociaux alimentent-ils la crise de la sant\u00e9 mentale chez les jeunes? Une chercheuse du CIFAR \u00e9voque d\u2019autres causes\",\"datePublished\":\"2023-08-25T15:30:57+00:00\",\"dateModified\":\"2025-12-18T07:04:55+00:00\",\"mainEntityOfPage\":{\"@id\":\"https:\/\/cifar.ca\/fr\/cifarnews\/2023\/08\/25\/les-medias-sociaux-alimentent-ils-la-crise-de-la-sante-mentale-chez-les-jeunes-une-chercheuse-du-cifar-evoque-dautres-causes\/\"},\"wordCount\":1416,\"publisher\":{\"@id\":\"https:\/\/cifar.ca\/fr\/#organization\"},\"image\":{\"@id\":\"https:\/\/cifar.ca\/fr\/cifarnews\/2023\/08\/25\/les-medias-sociaux-alimentent-ils-la-crise-de-la-sante-mentale-chez-les-jeunes-une-chercheuse-du-cifar-evoque-dautres-causes\/#primaryimage\"},\"thumbnailUrl\":\"https:\/\/cifar.ca\/wp-content\/uploads\/2023\/08\/CandiceOdgers_TeensSocialMedia.jpg\",\"keywords\":[\"Candice Odgers\",\"Child Brain Development\",\"Notre impact\"],\"articleSection\":[\"Notre impact\",\"Nouvelles\",\"Perc\u00e9es\"],\"inLanguage\":\"fr-FR\"},{\"@type\":\"WebPage\",\"@id\":\"https:\/\/cifar.ca\/fr\/cifarnews\/2023\/08\/25\/les-medias-sociaux-alimentent-ils-la-crise-de-la-sante-mentale-chez-les-jeunes-une-chercheuse-du-cifar-evoque-dautres-causes\/\",\"url\":\"https:\/\/cifar.ca\/fr\/cifarnews\/2023\/08\/25\/les-medias-sociaux-alimentent-ils-la-crise-de-la-sante-mentale-chez-les-jeunes-une-chercheuse-du-cifar-evoque-dautres-causes\/\",\"name\":\"Les m\u00e9dias sociaux alimentent-ils la crise de la sant\u00e9 mentale chez les jeunes? Une chercheuse du CIFAR \u00e9voque d\u2019autres causes - CIFAR\",\"isPartOf\":{\"@id\":\"https:\/\/cifar.ca\/fr\/#website\"},\"primaryImageOfPage\":{\"@id\":\"https:\/\/cifar.ca\/fr\/cifarnews\/2023\/08\/25\/les-medias-sociaux-alimentent-ils-la-crise-de-la-sante-mentale-chez-les-jeunes-une-chercheuse-du-cifar-evoque-dautres-causes\/#primaryimage\"},\"image\":{\"@id\":\"https:\/\/cifar.ca\/fr\/cifarnews\/2023\/08\/25\/les-medias-sociaux-alimentent-ils-la-crise-de-la-sante-mentale-chez-les-jeunes-une-chercheuse-du-cifar-evoque-dautres-causes\/#primaryimage\"},\"thumbnailUrl\":\"https:\/\/cifar.ca\/wp-content\/uploads\/2023\/08\/CandiceOdgers_TeensSocialMedia.jpg\",\"datePublished\":\"2023-08-25T15:30:57+00:00\",\"dateModified\":\"2025-12-18T07:04:55+00:00\",\"description\":\"En mai, le U.S. Surgeon General a publi\u00e9 un avis sur l\u2019impact des m\u00e9dias sociaux sur la sant\u00e9 mentale des adolescents, relan\u00e7ant le d\u00e9bat sur le sujet.Les \u00e9tudes de Candice Odgers, membre du CIFAR, remettent en question l\u2019hypoth\u00e8se populaire selon laquelle les m\u00e9dias sociaux sont \u00e0 bl\u00e2mer.\",\"breadcrumb\":{\"@id\":\"https:\/\/cifar.ca\/fr\/cifarnews\/2023\/08\/25\/les-medias-sociaux-alimentent-ils-la-crise-de-la-sante-mentale-chez-les-jeunes-une-chercheuse-du-cifar-evoque-dautres-causes\/#breadcrumb\"},\"inLanguage\":\"fr-FR\",\"potentialAction\":[{\"@type\":\"ReadAction\",\"target\":[\"https:\/\/cifar.ca\/fr\/cifarnews\/2023\/08\/25\/les-medias-sociaux-alimentent-ils-la-crise-de-la-sante-mentale-chez-les-jeunes-une-chercheuse-du-cifar-evoque-dautres-causes\/\"]}]},{\"@type\":\"ImageObject\",\"inLanguage\":\"fr-FR\",\"@id\":\"https:\/\/cifar.ca\/fr\/cifarnews\/2023\/08\/25\/les-medias-sociaux-alimentent-ils-la-crise-de-la-sante-mentale-chez-les-jeunes-une-chercheuse-du-cifar-evoque-dautres-causes\/#primaryimage\",\"url\":\"https:\/\/cifar.ca\/wp-content\/uploads\/2023\/08\/CandiceOdgers_TeensSocialMedia.jpg\",\"contentUrl\":\"https:\/\/cifar.ca\/wp-content\/uploads\/2023\/08\/CandiceOdgers_TeensSocialMedia.jpg\",\"width\":1920,\"height\":1080,\"caption\":\"A banner image graphic with a portrait of Candice Odgers, program co-director of the Child & Brain Development program\"},{\"@type\":\"BreadcrumbList\",\"@id\":\"https:\/\/cifar.ca\/fr\/cifarnews\/2023\/08\/25\/les-medias-sociaux-alimentent-ils-la-crise-de-la-sante-mentale-chez-les-jeunes-une-chercheuse-du-cifar-evoque-dautres-causes\/#breadcrumb\",\"itemListElement\":[{\"@type\":\"ListItem\",\"position\":1,\"name\":\"Acceuil\",\"item\":\"https:\/\/cifar.ca\/fr\/\"},{\"@type\":\"ListItem\",\"position\":2,\"name\":\"Les m\u00e9dias sociaux alimentent-ils la crise de la sant\u00e9 mentale chez les jeunes? Une chercheuse du CIFAR \u00e9voque d\u2019autres causes\"}]},{\"@type\":\"WebSite\",\"@id\":\"https:\/\/cifar.ca\/fr\/#website\",\"url\":\"https:\/\/cifar.ca\/fr\/\",\"name\":\"CIFAR\",\"description\":\"Convoquer des esprits extraordinaires pour r\u00e9pondre aux questions les plus importantes auxquelles la science et l'humanit\u00e9 sont confront\u00e9es.\",\"publisher\":{\"@id\":\"https:\/\/cifar.ca\/fr\/#organization\"},\"potentialAction\":[{\"@type\":\"SearchAction\",\"target\":{\"@type\":\"EntryPoint\",\"urlTemplate\":\"https:\/\/cifar.ca\/fr\/?s={search_term_string}\"},\"query-input\":{\"@type\":\"PropertyValueSpecification\",\"valueRequired\":true,\"valueName\":\"search_term_string\"}}],\"inLanguage\":\"fr-FR\"},{\"@type\":\"Organization\",\"@id\":\"https:\/\/cifar.ca\/fr\/#organization\",\"name\":\"CIFAR\",\"url\":\"https:\/\/cifar.ca\/fr\/\",\"logo\":{\"@type\":\"ImageObject\",\"inLanguage\":\"fr-FR\",\"@id\":\"https:\/\/cifar.ca\/fr\/#\/schema\/logo\/image\/\",\"url\":\"https:\/\/cifar.ca\/wp-content\/uploads\/2020\/01\/cifar-logo-rgb-colour.png\",\"contentUrl\":\"https:\/\/cifar.ca\/wp-content\/uploads\/2020\/01\/cifar-logo-rgb-colour.png\",\"width\":1884,\"height\":681,\"caption\":\"CIFAR\"},\"image\":{\"@id\":\"https:\/\/cifar.ca\/fr\/#\/schema\/logo\/image\/\"}},{\"@type\":\"Person\",\"@id\":\"https:\/\/cifar.ca\/fr\/#\/schema\/person\/772cd357eac17dc0f6b7e10b7d80a1b4\",\"name\":\"Liz Do\",\"image\":{\"@type\":\"ImageObject\",\"inLanguage\":\"fr-FR\",\"@id\":\"https:\/\/secure.gravatar.com\/avatar\/a6ad5f6c430679a96d91b356a7ca4753a816c0906754bb4951fe5f5ea1ee7973?s=96&d=mm&r=g\",\"url\":\"https:\/\/secure.gravatar.com\/avatar\/a6ad5f6c430679a96d91b356a7ca4753a816c0906754bb4951fe5f5ea1ee7973?s=96&d=mm&r=g\",\"contentUrl\":\"https:\/\/secure.gravatar.com\/avatar\/a6ad5f6c430679a96d91b356a7ca4753a816c0906754bb4951fe5f5ea1ee7973?s=96&d=mm&r=g\",\"caption\":\"Liz Do\"}}]}<\/script>\n<!-- \/ Yoast SEO plugin. -->","yoast_head_json":{"title":"CIFAR","description":"En mai, le U.S. Surgeon General a publi\u00e9 un avis sur l\u2019impact des m\u00e9dias sociaux sur la sant\u00e9 mentale des adolescents, relan\u00e7ant le d\u00e9bat sur le sujet.Les \u00e9tudes de Candice Odgers, membre du CIFAR, remettent en question l\u2019hypoth\u00e8se populaire selon laquelle les m\u00e9dias sociaux sont \u00e0 bl\u00e2mer.","robots":{"index":"index","follow":"follow","max-snippet":"max-snippet:-1","max-image-preview":"max-image-preview:large","max-video-preview":"max-video-preview:-1"},"canonical":"https:\/\/cifar.ca\/fr\/cifarnews\/2023\/08\/25\/les-medias-sociaux-alimentent-ils-la-crise-de-la-sante-mentale-chez-les-jeunes-une-chercheuse-du-cifar-evoque-dautres-causes\/","og_locale":"fr_FR","og_type":"article","og_title":"Les m\u00e9dias sociaux alimentent-ils la crise de la sant\u00e9 mentale chez les jeunes? Une chercheuse du CIFAR \u00e9voque d\u2019autres causes - CIFAR","og_description":"En mai, le U.S. Surgeon General a publi\u00e9 un avis sur l\u2019impact des m\u00e9dias sociaux sur la sant\u00e9 mentale des adolescents, relan\u00e7ant le d\u00e9bat sur le sujet.Les \u00e9tudes de Candice Odgers, membre du CIFAR, remettent en question l\u2019hypoth\u00e8se populaire selon laquelle les m\u00e9dias sociaux sont \u00e0 bl\u00e2mer.","og_url":"https:\/\/cifar.ca\/fr\/cifarnews\/2023\/08\/25\/les-medias-sociaux-alimentent-ils-la-crise-de-la-sante-mentale-chez-les-jeunes-une-chercheuse-du-cifar-evoque-dautres-causes\/","og_site_name":"CIFAR","article_published_time":"2023-08-25T15:30:57+00:00","article_modified_time":"2025-12-18T07:04:55+00:00","og_image":[{"width":1920,"height":1080,"url":"https:\/\/cifar.ca\/wp-content\/uploads\/2023\/08\/CandiceOdgers_TeensSocialMedia.jpg","type":"image\/jpeg"}],"author":"Liz Do","twitter_card":"summary_large_image","twitter_misc":{"\u00c9crit par":"Liz Do","Dur\u00e9e de lecture estim\u00e9e":"6 minutes"},"schema":{"@context":"https:\/\/schema.org","@graph":[{"@type":"Article","@id":"https:\/\/cifar.ca\/fr\/cifarnews\/2023\/08\/25\/les-medias-sociaux-alimentent-ils-la-crise-de-la-sante-mentale-chez-les-jeunes-une-chercheuse-du-cifar-evoque-dautres-causes\/#article","isPartOf":{"@id":"https:\/\/cifar.ca\/fr\/cifarnews\/2023\/08\/25\/les-medias-sociaux-alimentent-ils-la-crise-de-la-sante-mentale-chez-les-jeunes-une-chercheuse-du-cifar-evoque-dautres-causes\/"},"author":{"name":"Liz Do","@id":"https:\/\/cifar.ca\/fr\/#\/schema\/person\/772cd357eac17dc0f6b7e10b7d80a1b4"},"headline":"Les m\u00e9dias sociaux alimentent-ils la crise de la sant\u00e9 mentale chez les jeunes? Une chercheuse du CIFAR \u00e9voque d\u2019autres causes","datePublished":"2023-08-25T15:30:57+00:00","dateModified":"2025-12-18T07:04:55+00:00","mainEntityOfPage":{"@id":"https:\/\/cifar.ca\/fr\/cifarnews\/2023\/08\/25\/les-medias-sociaux-alimentent-ils-la-crise-de-la-sante-mentale-chez-les-jeunes-une-chercheuse-du-cifar-evoque-dautres-causes\/"},"wordCount":1416,"publisher":{"@id":"https:\/\/cifar.ca\/fr\/#organization"},"image":{"@id":"https:\/\/cifar.ca\/fr\/cifarnews\/2023\/08\/25\/les-medias-sociaux-alimentent-ils-la-crise-de-la-sante-mentale-chez-les-jeunes-une-chercheuse-du-cifar-evoque-dautres-causes\/#primaryimage"},"thumbnailUrl":"https:\/\/cifar.ca\/wp-content\/uploads\/2023\/08\/CandiceOdgers_TeensSocialMedia.jpg","keywords":["Candice Odgers","Child Brain Development","Notre impact"],"articleSection":["Notre impact","Nouvelles","Perc\u00e9es"],"inLanguage":"fr-FR"},{"@type":"WebPage","@id":"https:\/\/cifar.ca\/fr\/cifarnews\/2023\/08\/25\/les-medias-sociaux-alimentent-ils-la-crise-de-la-sante-mentale-chez-les-jeunes-une-chercheuse-du-cifar-evoque-dautres-causes\/","url":"https:\/\/cifar.ca\/fr\/cifarnews\/2023\/08\/25\/les-medias-sociaux-alimentent-ils-la-crise-de-la-sante-mentale-chez-les-jeunes-une-chercheuse-du-cifar-evoque-dautres-causes\/","name":"Les m\u00e9dias sociaux alimentent-ils la crise de la sant\u00e9 mentale chez les jeunes? Une chercheuse du CIFAR \u00e9voque d\u2019autres causes - CIFAR","isPartOf":{"@id":"https:\/\/cifar.ca\/fr\/#website"},"primaryImageOfPage":{"@id":"https:\/\/cifar.ca\/fr\/cifarnews\/2023\/08\/25\/les-medias-sociaux-alimentent-ils-la-crise-de-la-sante-mentale-chez-les-jeunes-une-chercheuse-du-cifar-evoque-dautres-causes\/#primaryimage"},"image":{"@id":"https:\/\/cifar.ca\/fr\/cifarnews\/2023\/08\/25\/les-medias-sociaux-alimentent-ils-la-crise-de-la-sante-mentale-chez-les-jeunes-une-chercheuse-du-cifar-evoque-dautres-causes\/#primaryimage"},"thumbnailUrl":"https:\/\/cifar.ca\/wp-content\/uploads\/2023\/08\/CandiceOdgers_TeensSocialMedia.jpg","datePublished":"2023-08-25T15:30:57+00:00","dateModified":"2025-12-18T07:04:55+00:00","description":"En mai, le U.S. Surgeon General a publi\u00e9 un avis sur l\u2019impact des m\u00e9dias sociaux sur la sant\u00e9 mentale des adolescents, relan\u00e7ant le d\u00e9bat sur le sujet.Les \u00e9tudes de Candice Odgers, membre du CIFAR, remettent en question l\u2019hypoth\u00e8se populaire selon laquelle les m\u00e9dias sociaux sont \u00e0 bl\u00e2mer.","breadcrumb":{"@id":"https:\/\/cifar.ca\/fr\/cifarnews\/2023\/08\/25\/les-medias-sociaux-alimentent-ils-la-crise-de-la-sante-mentale-chez-les-jeunes-une-chercheuse-du-cifar-evoque-dautres-causes\/#breadcrumb"},"inLanguage":"fr-FR","potentialAction":[{"@type":"ReadAction","target":["https:\/\/cifar.ca\/fr\/cifarnews\/2023\/08\/25\/les-medias-sociaux-alimentent-ils-la-crise-de-la-sante-mentale-chez-les-jeunes-une-chercheuse-du-cifar-evoque-dautres-causes\/"]}]},{"@type":"ImageObject","inLanguage":"fr-FR","@id":"https:\/\/cifar.ca\/fr\/cifarnews\/2023\/08\/25\/les-medias-sociaux-alimentent-ils-la-crise-de-la-sante-mentale-chez-les-jeunes-une-chercheuse-du-cifar-evoque-dautres-causes\/#primaryimage","url":"https:\/\/cifar.ca\/wp-content\/uploads\/2023\/08\/CandiceOdgers_TeensSocialMedia.jpg","contentUrl":"https:\/\/cifar.ca\/wp-content\/uploads\/2023\/08\/CandiceOdgers_TeensSocialMedia.jpg","width":1920,"height":1080,"caption":"A banner image graphic with a portrait of Candice Odgers, program co-director of the Child & Brain Development program"},{"@type":"BreadcrumbList","@id":"https:\/\/cifar.ca\/fr\/cifarnews\/2023\/08\/25\/les-medias-sociaux-alimentent-ils-la-crise-de-la-sante-mentale-chez-les-jeunes-une-chercheuse-du-cifar-evoque-dautres-causes\/#breadcrumb","itemListElement":[{"@type":"ListItem","position":1,"name":"Acceuil","item":"https:\/\/cifar.ca\/fr\/"},{"@type":"ListItem","position":2,"name":"Les m\u00e9dias sociaux alimentent-ils la crise de la sant\u00e9 mentale chez les jeunes? Une chercheuse du CIFAR \u00e9voque d\u2019autres causes"}]},{"@type":"WebSite","@id":"https:\/\/cifar.ca\/fr\/#website","url":"https:\/\/cifar.ca\/fr\/","name":"CIFAR","description":"Convoquer des esprits extraordinaires pour r\u00e9pondre aux questions les plus importantes auxquelles la science et l'humanit\u00e9 sont confront\u00e9es.","publisher":{"@id":"https:\/\/cifar.ca\/fr\/#organization"},"potentialAction":[{"@type":"SearchAction","target":{"@type":"EntryPoint","urlTemplate":"https:\/\/cifar.ca\/fr\/?s={search_term_string}"},"query-input":{"@type":"PropertyValueSpecification","valueRequired":true,"valueName":"search_term_string"}}],"inLanguage":"fr-FR"},{"@type":"Organization","@id":"https:\/\/cifar.ca\/fr\/#organization","name":"CIFAR","url":"https:\/\/cifar.ca\/fr\/","logo":{"@type":"ImageObject","inLanguage":"fr-FR","@id":"https:\/\/cifar.ca\/fr\/#\/schema\/logo\/image\/","url":"https:\/\/cifar.ca\/wp-content\/uploads\/2020\/01\/cifar-logo-rgb-colour.png","contentUrl":"https:\/\/cifar.ca\/wp-content\/uploads\/2020\/01\/cifar-logo-rgb-colour.png","width":1884,"height":681,"caption":"CIFAR"},"image":{"@id":"https:\/\/cifar.ca\/fr\/#\/schema\/logo\/image\/"}},{"@type":"Person","@id":"https:\/\/cifar.ca\/fr\/#\/schema\/person\/772cd357eac17dc0f6b7e10b7d80a1b4","name":"Liz Do","image":{"@type":"ImageObject","inLanguage":"fr-FR","@id":"https:\/\/secure.gravatar.com\/avatar\/a6ad5f6c430679a96d91b356a7ca4753a816c0906754bb4951fe5f5ea1ee7973?s=96&d=mm&r=g","url":"https:\/\/secure.gravatar.com\/avatar\/a6ad5f6c430679a96d91b356a7ca4753a816c0906754bb4951fe5f5ea1ee7973?s=96&d=mm&r=g","contentUrl":"https:\/\/secure.gravatar.com\/avatar\/a6ad5f6c430679a96d91b356a7ca4753a816c0906754bb4951fe5f5ea1ee7973?s=96&d=mm&r=g","caption":"Liz Do"}}]}},"_links":{"self":[{"href":"https:\/\/cifar.ca\/fr\/wp-json\/wp\/v2\/posts\/56212","targetHints":{"allow":["GET"]}}],"collection":[{"href":"https:\/\/cifar.ca\/fr\/wp-json\/wp\/v2\/posts"}],"about":[{"href":"https:\/\/cifar.ca\/fr\/wp-json\/wp\/v2\/types\/post"}],"author":[{"embeddable":true,"href":"https:\/\/cifar.ca\/fr\/wp-json\/wp\/v2\/users\/51"}],"replies":[{"embeddable":true,"href":"https:\/\/cifar.ca\/fr\/wp-json\/wp\/v2\/comments?post=56212"}],"version-history":[{"count":0,"href":"https:\/\/cifar.ca\/fr\/wp-json\/wp\/v2\/posts\/56212\/revisions"}],"wp:featuredmedia":[{"embeddable":true,"href":"https:\/\/cifar.ca\/fr\/wp-json\/wp\/v2\/media\/56211"}],"wp:attachment":[{"href":"https:\/\/cifar.ca\/fr\/wp-json\/wp\/v2\/media?parent=56212"}],"wp:term":[{"taxonomy":"category","embeddable":true,"href":"https:\/\/cifar.ca\/fr\/wp-json\/wp\/v2\/categories?post=56212"},{"taxonomy":"post_tag","embeddable":true,"href":"https:\/\/cifar.ca\/fr\/wp-json\/wp\/v2\/tags?post=56212"}],"curies":[{"name":"wp","href":"https:\/\/api.w.org\/{rel}","templated":true}]}}