{"id":57290,"date":"2023-11-16T16:50:08","date_gmt":"2023-11-16T21:50:08","guid":{"rendered":"https:\/\/cifar.ca\/?p=57290"},"modified":"2025-12-18T01:55:50","modified_gmt":"2025-12-18T06:55:50","slug":"le-cifar-accueille-paul-dhalla-au-conseil-dadministration","status":"publish","type":"post","link":"https:\/\/cifar.ca\/fr\/cifarnews\/2023\/11\/16\/le-cifar-accueille-paul-dhalla-au-conseil-dadministration\/","title":{"rendered":"Le CIFAR accueille Paul Dhalla au conseil d\u2019administration"},"content":{"rendered":"<p><span style=\"font-weight: 400;\">Le CIFAR est ravi d\u2019accueillir Paul Dhalla au sein de son<\/span><a href=\"https:\/\/cifar.ca\/fr\/direction\/conseil-dadministration\/\"> <span style=\"font-weight: 400;\">conseil d\u2019administration<\/span><\/a><span style=\"font-weight: 400;\">. Le conseil d\u2019administration est responsable de la gouvernance globale de l\u2019organisation; il est form\u00e9 de personnes de renom du secteur des affaires, de la recherche et du milieu professionnel canadien.<\/span><\/p>\n<p><span style=\"font-weight: 400;\">Paul Dhalla est directeur, Environnement, Climat et Durabilit\u00e9, au sein du R\u00e9seau Aga Khan de d\u00e9veloppement (AKDN). Il est responsable \u00e0 l\u2019\u00e9chelle mondiale de l\u2019initiative sur l\u2019environnement et le climat de l\u2019AKDN. En qualit\u00e9 de vice-pr\u00e9sident du comit\u00e9 sur l\u2019environnement et le climat de l\u2019AKDN, il contribue \u00e0 l\u2019objectif de l\u2019organisation de faire de l\u2019environnement et du climat un th\u00e8me transversal et une priorit\u00e9 commune des organismes et \u00e9tablissements de l\u2019AKDN dans tous les pays o\u00f9 il op\u00e8re.<\/span><\/p>\n<p><span style=\"font-weight: 400;\">Avant d\u2019occuper son poste actuel, M. Dhalla \u00e9tait directeur de la recherche \u00e0 l\u2019AKDN. \u00c0 ce titre, il a pr\u00e9sid\u00e9 le comit\u00e9 mixte d\u2019\u00e9valuation de la recherche Portugal-AKDN (JRAC) et a contribu\u00e9 \u00e0 la conception et au lancement de l\u2019initiative sur l\u2019environnement et le climat de l\u2019AKDN, dont il est maintenant responsable. Auparavant, il \u00e9tait coordonnateur des affaires diplomatiques au secr\u00e9tariat de Son Altesse l\u2019Aga Khan en France, o\u00f9 il a contribu\u00e9 \u00e0 la gestion des bureaux de repr\u00e9sentation diplomatique de l\u2019AKDN et \u00e0 l\u2019\u00e9tablissement de relations, de partenariats et d\u2019accords avec des gouvernements et des organisations internationales.<\/span><\/p>\n<p>Dhalla poss\u00e8de un doctorat en anthropologie sociale de l\u2019Universit\u00e9 Harvard, un dipl\u00f4me en droit de l\u2019Universit\u00e9 d\u2019Oxford et un baccalaur\u00e9at en affaires internationales de l\u2019\u00c9cole du service ext\u00e9rieur de l\u2019Universit\u00e9 de Georgetown. En sa qualit\u00e9 d\u2019administrateur, il est membre du Conseil europ\u00e9en pour la conservation mondiale de The Nature Conservancy (TNC). Il a aussi r\u00e9alis\u00e9 de nombreux travaux de terrain dans certaines r\u00e9gions d\u2019Afrique et d\u2019Asie gr\u00e2ce \u00e0 des bourses de recherche de l\u2019Universit\u00e9 Harvard, de la Fondation Andrew W. Mellon, du Social Science Research Council (SSRC) et de l\u2019American Council of Learned Societies (ACLS).<\/p>\n<p><span style=\"font-weight: 400;\">\u00ab\u2009Je me r\u00e9jouis \u00e0 l\u2019id\u00e9e de contribuer \u00e0 l\u2019orientation de la mission et de la nouvelle strat\u00e9gie du CIFAR. Vu la d\u00e9termination du CIFAR \u00e0 s\u2019attaquer aux changements climatiques par la recherche collaborative interdisciplinaire et mondiale, je suis particuli\u00e8rement ravi de mettre \u00e0 profit mes connaissances dans ce domaine\u2009\u00bb, a d\u00e9clar\u00e9 M. Dhalla. \u00ab\u2009Cette organisation est en excellente position pour exercer un impact positif sur la soci\u00e9t\u00e9 au Canada et de par le monde. J\u2019anticipe avec plaisir de si\u00e9ger \u00e0 son conseil d\u2019administration.\u2009\u00bb<\/span><\/p>\n<p><span style=\"font-weight: 400;\">\u00a0<\/span><span style=\"font-weight: 400;\">\u00ab\u2009Nous sommes heureux d\u2019accueillir Paul Dhalla au sein du conseil d\u2019administration du CIFAR\u2009\u00bb, a d\u00e9clar\u00e9 <a href=\"https:\/\/cifar.ca\/fr\/biographie\/stephen-toope\/\">Stephen Toope<\/a>, pr\u00e9sident et chef de la direction du CIFAR. \u00ab\u2009Au moment o\u00f9 notre organisation s\u2019engage dans une nouvelle strat\u00e9gie, il est important de compter sur des membres de la communaut\u00e9 qui apportent des perspectives diverses et une riche exp\u00e9rience en mati\u00e8re de leadership et qui sont profond\u00e9ment motiv\u00e9s par notre mission, soit de rassembler de brillants cerveaux d\u2019une diversit\u00e9 de disciplines en vue de relever des d\u00e9fis d\u2019envergure mondiale.\u2009\u00bb<\/span><\/p>\n","protected":false},"excerpt":{"rendered":"<p>Le CIFAR est ravi d\u2019accueillir Paul Dhalla au sein de son conseil d\u2019administration. Le conseil d\u2019administration est responsable de la gouvernance globale de l\u2019organisation; il [&hellip;]<\/p>\n","protected":false},"author":51,"featured_media":57271,"comment_status":"closed","ping_status":"closed","sticky":false,"template":"","format":"standard","meta":{"_acf_changed":false,"footnotes":""},"categories":[4010,1771],"tags":[5972,5971,5333],"class_list":["post-57290","post","type-post","status-publish","format-standard","has-post-thumbnail","hentry","category-annonce-fr","category-nouvelles","tag-board-of-directors-fr","tag-paul-dhalla-fr","tag-stephen-toope-fr"],"acf":[],"yoast_head":"<!-- This site is optimized with the Yoast SEO plugin v27.2 - https:\/\/yoast.com\/product\/yoast-seo-wordpress\/ -->\n<title>CIFAR<\/title>\n<meta name=\"description\" content=\"Le CIFAR est ravi d\u2019accueillir Paul Dhalla au sein de son conseil d\u2019administration. Le conseil d\u2019administration est responsable de la gouvernance globale de l\u2019organisation; il est form\u00e9 de personnes de renom du secteur des affaires, de la recherche et du milieu professionnel canadien.\" \/>\n<meta name=\"robots\" content=\"index, follow, max-snippet:-1, max-image-preview:large, max-video-preview:-1\" \/>\n<link rel=\"canonical\" href=\"https:\/\/cifar.ca\/fr\/cifarnews\/2023\/11\/16\/le-cifar-accueille-paul-dhalla-au-conseil-dadministration\/\" \/>\n<meta property=\"og:locale\" content=\"fr_FR\" \/>\n<meta property=\"og:type\" content=\"article\" \/>\n<meta property=\"og:title\" content=\"Le CIFAR accueille Paul Dhalla au conseil d\u2019administration - CIFAR\" \/>\n<meta property=\"og:description\" content=\"Le CIFAR est ravi d\u2019accueillir Paul Dhalla au sein de son conseil d\u2019administration. Le conseil d\u2019administration est responsable de la gouvernance globale de l\u2019organisation; il est form\u00e9 de personnes de renom du secteur des affaires, de la recherche et du milieu professionnel canadien.\" \/>\n<meta property=\"og:url\" content=\"https:\/\/cifar.ca\/fr\/cifarnews\/2023\/11\/16\/le-cifar-accueille-paul-dhalla-au-conseil-dadministration\/\" \/>\n<meta property=\"og:site_name\" content=\"CIFAR\" \/>\n<meta property=\"article:published_time\" content=\"2023-11-16T21:50:08+00:00\" \/>\n<meta property=\"article:modified_time\" content=\"2025-12-18T06:55:50+00:00\" \/>\n<meta property=\"og:image\" content=\"https:\/\/cifar.ca\/wp-content\/uploads\/2023\/11\/Paul-Dhalla-Banner.png\" \/>\n\t<meta property=\"og:image:width\" content=\"1024\" \/>\n\t<meta property=\"og:image:height\" content=\"576\" \/>\n\t<meta property=\"og:image:type\" content=\"image\/png\" \/>\n<meta name=\"author\" content=\"Liz Do\" \/>\n<meta name=\"twitter:card\" content=\"summary_large_image\" \/>\n<meta name=\"twitter:label1\" content=\"\u00c9crit par\" \/>\n\t<meta name=\"twitter:data1\" content=\"Liz Do\" \/>\n\t<meta name=\"twitter:label2\" content=\"Dur\u00e9e de lecture estim\u00e9e\" \/>\n\t<meta name=\"twitter:data2\" content=\"3 minutes\" \/>\n<script type=\"application\/ld+json\" class=\"yoast-schema-graph\">{\"@context\":\"https:\/\/schema.org\",\"@graph\":[{\"@type\":\"Article\",\"@id\":\"https:\/\/cifar.ca\/fr\/cifarnews\/2023\/11\/16\/le-cifar-accueille-paul-dhalla-au-conseil-dadministration\/#article\",\"isPartOf\":{\"@id\":\"https:\/\/cifar.ca\/fr\/cifarnews\/2023\/11\/16\/le-cifar-accueille-paul-dhalla-au-conseil-dadministration\/\"},\"author\":{\"name\":\"Liz Do\",\"@id\":\"https:\/\/cifar.ca\/fr\/#\/schema\/person\/772cd357eac17dc0f6b7e10b7d80a1b4\"},\"headline\":\"Le CIFAR accueille Paul Dhalla au conseil d\u2019administration\",\"datePublished\":\"2023-11-16T21:50:08+00:00\",\"dateModified\":\"2025-12-18T06:55:50+00:00\",\"mainEntityOfPage\":{\"@id\":\"https:\/\/cifar.ca\/fr\/cifarnews\/2023\/11\/16\/le-cifar-accueille-paul-dhalla-au-conseil-dadministration\/\"},\"wordCount\":554,\"publisher\":{\"@id\":\"https:\/\/cifar.ca\/fr\/#organization\"},\"image\":{\"@id\":\"https:\/\/cifar.ca\/fr\/cifarnews\/2023\/11\/16\/le-cifar-accueille-paul-dhalla-au-conseil-dadministration\/#primaryimage\"},\"thumbnailUrl\":\"https:\/\/cifar.ca\/wp-content\/uploads\/2023\/11\/Paul-Dhalla-Banner.png\",\"keywords\":[\"Board of Directors\",\"Paul Dhalla\",\"Stephen Toope\"],\"articleSection\":[\"Annonce\",\"Nouvelles\"],\"inLanguage\":\"fr-FR\"},{\"@type\":\"WebPage\",\"@id\":\"https:\/\/cifar.ca\/fr\/cifarnews\/2023\/11\/16\/le-cifar-accueille-paul-dhalla-au-conseil-dadministration\/\",\"url\":\"https:\/\/cifar.ca\/fr\/cifarnews\/2023\/11\/16\/le-cifar-accueille-paul-dhalla-au-conseil-dadministration\/\",\"name\":\"Le CIFAR accueille Paul Dhalla au conseil d\u2019administration - CIFAR\",\"isPartOf\":{\"@id\":\"https:\/\/cifar.ca\/fr\/#website\"},\"primaryImageOfPage\":{\"@id\":\"https:\/\/cifar.ca\/fr\/cifarnews\/2023\/11\/16\/le-cifar-accueille-paul-dhalla-au-conseil-dadministration\/#primaryimage\"},\"image\":{\"@id\":\"https:\/\/cifar.ca\/fr\/cifarnews\/2023\/11\/16\/le-cifar-accueille-paul-dhalla-au-conseil-dadministration\/#primaryimage\"},\"thumbnailUrl\":\"https:\/\/cifar.ca\/wp-content\/uploads\/2023\/11\/Paul-Dhalla-Banner.png\",\"datePublished\":\"2023-11-16T21:50:08+00:00\",\"dateModified\":\"2025-12-18T06:55:50+00:00\",\"description\":\"Le CIFAR est ravi d\u2019accueillir Paul Dhalla au sein de son conseil d\u2019administration. Le conseil d\u2019administration est responsable de la gouvernance globale de l\u2019organisation; il est form\u00e9 de personnes de renom du secteur des affaires, de la recherche et du milieu professionnel canadien.\",\"breadcrumb\":{\"@id\":\"https:\/\/cifar.ca\/fr\/cifarnews\/2023\/11\/16\/le-cifar-accueille-paul-dhalla-au-conseil-dadministration\/#breadcrumb\"},\"inLanguage\":\"fr-FR\",\"potentialAction\":[{\"@type\":\"ReadAction\",\"target\":[\"https:\/\/cifar.ca\/fr\/cifarnews\/2023\/11\/16\/le-cifar-accueille-paul-dhalla-au-conseil-dadministration\/\"]}]},{\"@type\":\"ImageObject\",\"inLanguage\":\"fr-FR\",\"@id\":\"https:\/\/cifar.ca\/fr\/cifarnews\/2023\/11\/16\/le-cifar-accueille-paul-dhalla-au-conseil-dadministration\/#primaryimage\",\"url\":\"https:\/\/cifar.ca\/wp-content\/uploads\/2023\/11\/Paul-Dhalla-Banner.png\",\"contentUrl\":\"https:\/\/cifar.ca\/wp-content\/uploads\/2023\/11\/Paul-Dhalla-Banner.png\",\"width\":1920,\"height\":1080,\"caption\":\"Black and white photo of Paul Dhalla\"},{\"@type\":\"BreadcrumbList\",\"@id\":\"https:\/\/cifar.ca\/fr\/cifarnews\/2023\/11\/16\/le-cifar-accueille-paul-dhalla-au-conseil-dadministration\/#breadcrumb\",\"itemListElement\":[{\"@type\":\"ListItem\",\"position\":1,\"name\":\"Acceuil\",\"item\":\"https:\/\/cifar.ca\/fr\/\"},{\"@type\":\"ListItem\",\"position\":2,\"name\":\"Le CIFAR accueille Paul Dhalla au conseil d\u2019administration\"}]},{\"@type\":\"WebSite\",\"@id\":\"https:\/\/cifar.ca\/fr\/#website\",\"url\":\"https:\/\/cifar.ca\/fr\/\",\"name\":\"CIFAR\",\"description\":\"Convoquer des esprits extraordinaires pour r\u00e9pondre aux questions les plus importantes auxquelles la science et l'humanit\u00e9 sont confront\u00e9es.\",\"publisher\":{\"@id\":\"https:\/\/cifar.ca\/fr\/#organization\"},\"potentialAction\":[{\"@type\":\"SearchAction\",\"target\":{\"@type\":\"EntryPoint\",\"urlTemplate\":\"https:\/\/cifar.ca\/fr\/?s={search_term_string}\"},\"query-input\":{\"@type\":\"PropertyValueSpecification\",\"valueRequired\":true,\"valueName\":\"search_term_string\"}}],\"inLanguage\":\"fr-FR\"},{\"@type\":\"Organization\",\"@id\":\"https:\/\/cifar.ca\/fr\/#organization\",\"name\":\"CIFAR\",\"url\":\"https:\/\/cifar.ca\/fr\/\",\"logo\":{\"@type\":\"ImageObject\",\"inLanguage\":\"fr-FR\",\"@id\":\"https:\/\/cifar.ca\/fr\/#\/schema\/logo\/image\/\",\"url\":\"https:\/\/cifar.ca\/wp-content\/uploads\/2020\/01\/cifar-logo-rgb-colour.png\",\"contentUrl\":\"https:\/\/cifar.ca\/wp-content\/uploads\/2020\/01\/cifar-logo-rgb-colour.png\",\"width\":1884,\"height\":681,\"caption\":\"CIFAR\"},\"image\":{\"@id\":\"https:\/\/cifar.ca\/fr\/#\/schema\/logo\/image\/\"}},{\"@type\":\"Person\",\"@id\":\"https:\/\/cifar.ca\/fr\/#\/schema\/person\/772cd357eac17dc0f6b7e10b7d80a1b4\",\"name\":\"Liz Do\",\"image\":{\"@type\":\"ImageObject\",\"inLanguage\":\"fr-FR\",\"@id\":\"https:\/\/secure.gravatar.com\/avatar\/a6ad5f6c430679a96d91b356a7ca4753a816c0906754bb4951fe5f5ea1ee7973?s=96&d=mm&r=g\",\"url\":\"https:\/\/secure.gravatar.com\/avatar\/a6ad5f6c430679a96d91b356a7ca4753a816c0906754bb4951fe5f5ea1ee7973?s=96&d=mm&r=g\",\"contentUrl\":\"https:\/\/secure.gravatar.com\/avatar\/a6ad5f6c430679a96d91b356a7ca4753a816c0906754bb4951fe5f5ea1ee7973?s=96&d=mm&r=g\",\"caption\":\"Liz Do\"}}]}<\/script>\n<!-- \/ Yoast SEO plugin. -->","yoast_head_json":{"title":"CIFAR","description":"Le CIFAR est ravi d\u2019accueillir Paul Dhalla au sein de son conseil d\u2019administration. Le conseil d\u2019administration est responsable de la gouvernance globale de l\u2019organisation; il est form\u00e9 de personnes de renom du secteur des affaires, de la recherche et du milieu professionnel canadien.","robots":{"index":"index","follow":"follow","max-snippet":"max-snippet:-1","max-image-preview":"max-image-preview:large","max-video-preview":"max-video-preview:-1"},"canonical":"https:\/\/cifar.ca\/fr\/cifarnews\/2023\/11\/16\/le-cifar-accueille-paul-dhalla-au-conseil-dadministration\/","og_locale":"fr_FR","og_type":"article","og_title":"Le CIFAR accueille Paul Dhalla au conseil d\u2019administration - CIFAR","og_description":"Le CIFAR est ravi d\u2019accueillir Paul Dhalla au sein de son conseil d\u2019administration. Le conseil d\u2019administration est responsable de la gouvernance globale de l\u2019organisation; il est form\u00e9 de personnes de renom du secteur des affaires, de la recherche et du milieu professionnel canadien.","og_url":"https:\/\/cifar.ca\/fr\/cifarnews\/2023\/11\/16\/le-cifar-accueille-paul-dhalla-au-conseil-dadministration\/","og_site_name":"CIFAR","article_published_time":"2023-11-16T21:50:08+00:00","article_modified_time":"2025-12-18T06:55:50+00:00","og_image":[{"url":"https:\/\/cifar.ca\/wp-content\/uploads\/2023\/11\/Paul-Dhalla-Banner.png","width":1024,"height":576,"type":"image\/png"}],"author":"Liz Do","twitter_card":"summary_large_image","twitter_misc":{"\u00c9crit par":"Liz Do","Dur\u00e9e de lecture estim\u00e9e":"3 minutes"},"schema":{"@context":"https:\/\/schema.org","@graph":[{"@type":"Article","@id":"https:\/\/cifar.ca\/fr\/cifarnews\/2023\/11\/16\/le-cifar-accueille-paul-dhalla-au-conseil-dadministration\/#article","isPartOf":{"@id":"https:\/\/cifar.ca\/fr\/cifarnews\/2023\/11\/16\/le-cifar-accueille-paul-dhalla-au-conseil-dadministration\/"},"author":{"name":"Liz Do","@id":"https:\/\/cifar.ca\/fr\/#\/schema\/person\/772cd357eac17dc0f6b7e10b7d80a1b4"},"headline":"Le CIFAR accueille Paul Dhalla au conseil d\u2019administration","datePublished":"2023-11-16T21:50:08+00:00","dateModified":"2025-12-18T06:55:50+00:00","mainEntityOfPage":{"@id":"https:\/\/cifar.ca\/fr\/cifarnews\/2023\/11\/16\/le-cifar-accueille-paul-dhalla-au-conseil-dadministration\/"},"wordCount":554,"publisher":{"@id":"https:\/\/cifar.ca\/fr\/#organization"},"image":{"@id":"https:\/\/cifar.ca\/fr\/cifarnews\/2023\/11\/16\/le-cifar-accueille-paul-dhalla-au-conseil-dadministration\/#primaryimage"},"thumbnailUrl":"https:\/\/cifar.ca\/wp-content\/uploads\/2023\/11\/Paul-Dhalla-Banner.png","keywords":["Board of Directors","Paul Dhalla","Stephen Toope"],"articleSection":["Annonce","Nouvelles"],"inLanguage":"fr-FR"},{"@type":"WebPage","@id":"https:\/\/cifar.ca\/fr\/cifarnews\/2023\/11\/16\/le-cifar-accueille-paul-dhalla-au-conseil-dadministration\/","url":"https:\/\/cifar.ca\/fr\/cifarnews\/2023\/11\/16\/le-cifar-accueille-paul-dhalla-au-conseil-dadministration\/","name":"Le CIFAR accueille Paul Dhalla au conseil d\u2019administration - CIFAR","isPartOf":{"@id":"https:\/\/cifar.ca\/fr\/#website"},"primaryImageOfPage":{"@id":"https:\/\/cifar.ca\/fr\/cifarnews\/2023\/11\/16\/le-cifar-accueille-paul-dhalla-au-conseil-dadministration\/#primaryimage"},"image":{"@id":"https:\/\/cifar.ca\/fr\/cifarnews\/2023\/11\/16\/le-cifar-accueille-paul-dhalla-au-conseil-dadministration\/#primaryimage"},"thumbnailUrl":"https:\/\/cifar.ca\/wp-content\/uploads\/2023\/11\/Paul-Dhalla-Banner.png","datePublished":"2023-11-16T21:50:08+00:00","dateModified":"2025-12-18T06:55:50+00:00","description":"Le CIFAR est ravi d\u2019accueillir Paul Dhalla au sein de son conseil d\u2019administration. Le conseil d\u2019administration est responsable de la gouvernance globale de l\u2019organisation; il est form\u00e9 de personnes de renom du secteur des affaires, de la recherche et du milieu professionnel canadien.","breadcrumb":{"@id":"https:\/\/cifar.ca\/fr\/cifarnews\/2023\/11\/16\/le-cifar-accueille-paul-dhalla-au-conseil-dadministration\/#breadcrumb"},"inLanguage":"fr-FR","potentialAction":[{"@type":"ReadAction","target":["https:\/\/cifar.ca\/fr\/cifarnews\/2023\/11\/16\/le-cifar-accueille-paul-dhalla-au-conseil-dadministration\/"]}]},{"@type":"ImageObject","inLanguage":"fr-FR","@id":"https:\/\/cifar.ca\/fr\/cifarnews\/2023\/11\/16\/le-cifar-accueille-paul-dhalla-au-conseil-dadministration\/#primaryimage","url":"https:\/\/cifar.ca\/wp-content\/uploads\/2023\/11\/Paul-Dhalla-Banner.png","contentUrl":"https:\/\/cifar.ca\/wp-content\/uploads\/2023\/11\/Paul-Dhalla-Banner.png","width":1920,"height":1080,"caption":"Black and white photo of Paul Dhalla"},{"@type":"BreadcrumbList","@id":"https:\/\/cifar.ca\/fr\/cifarnews\/2023\/11\/16\/le-cifar-accueille-paul-dhalla-au-conseil-dadministration\/#breadcrumb","itemListElement":[{"@type":"ListItem","position":1,"name":"Acceuil","item":"https:\/\/cifar.ca\/fr\/"},{"@type":"ListItem","position":2,"name":"Le CIFAR accueille Paul Dhalla au conseil d\u2019administration"}]},{"@type":"WebSite","@id":"https:\/\/cifar.ca\/fr\/#website","url":"https:\/\/cifar.ca\/fr\/","name":"CIFAR","description":"Convoquer des esprits extraordinaires pour r\u00e9pondre aux questions les plus importantes auxquelles la science et l'humanit\u00e9 sont confront\u00e9es.","publisher":{"@id":"https:\/\/cifar.ca\/fr\/#organization"},"potentialAction":[{"@type":"SearchAction","target":{"@type":"EntryPoint","urlTemplate":"https:\/\/cifar.ca\/fr\/?s={search_term_string}"},"query-input":{"@type":"PropertyValueSpecification","valueRequired":true,"valueName":"search_term_string"}}],"inLanguage":"fr-FR"},{"@type":"Organization","@id":"https:\/\/cifar.ca\/fr\/#organization","name":"CIFAR","url":"https:\/\/cifar.ca\/fr\/","logo":{"@type":"ImageObject","inLanguage":"fr-FR","@id":"https:\/\/cifar.ca\/fr\/#\/schema\/logo\/image\/","url":"https:\/\/cifar.ca\/wp-content\/uploads\/2020\/01\/cifar-logo-rgb-colour.png","contentUrl":"https:\/\/cifar.ca\/wp-content\/uploads\/2020\/01\/cifar-logo-rgb-colour.png","width":1884,"height":681,"caption":"CIFAR"},"image":{"@id":"https:\/\/cifar.ca\/fr\/#\/schema\/logo\/image\/"}},{"@type":"Person","@id":"https:\/\/cifar.ca\/fr\/#\/schema\/person\/772cd357eac17dc0f6b7e10b7d80a1b4","name":"Liz Do","image":{"@type":"ImageObject","inLanguage":"fr-FR","@id":"https:\/\/secure.gravatar.com\/avatar\/a6ad5f6c430679a96d91b356a7ca4753a816c0906754bb4951fe5f5ea1ee7973?s=96&d=mm&r=g","url":"https:\/\/secure.gravatar.com\/avatar\/a6ad5f6c430679a96d91b356a7ca4753a816c0906754bb4951fe5f5ea1ee7973?s=96&d=mm&r=g","contentUrl":"https:\/\/secure.gravatar.com\/avatar\/a6ad5f6c430679a96d91b356a7ca4753a816c0906754bb4951fe5f5ea1ee7973?s=96&d=mm&r=g","caption":"Liz Do"}}]}},"_links":{"self":[{"href":"https:\/\/cifar.ca\/fr\/wp-json\/wp\/v2\/posts\/57290","targetHints":{"allow":["GET"]}}],"collection":[{"href":"https:\/\/cifar.ca\/fr\/wp-json\/wp\/v2\/posts"}],"about":[{"href":"https:\/\/cifar.ca\/fr\/wp-json\/wp\/v2\/types\/post"}],"author":[{"embeddable":true,"href":"https:\/\/cifar.ca\/fr\/wp-json\/wp\/v2\/users\/51"}],"replies":[{"embeddable":true,"href":"https:\/\/cifar.ca\/fr\/wp-json\/wp\/v2\/comments?post=57290"}],"version-history":[{"count":0,"href":"https:\/\/cifar.ca\/fr\/wp-json\/wp\/v2\/posts\/57290\/revisions"}],"wp:featuredmedia":[{"embeddable":true,"href":"https:\/\/cifar.ca\/fr\/wp-json\/wp\/v2\/media\/57271"}],"wp:attachment":[{"href":"https:\/\/cifar.ca\/fr\/wp-json\/wp\/v2\/media?parent=57290"}],"wp:term":[{"taxonomy":"category","embeddable":true,"href":"https:\/\/cifar.ca\/fr\/wp-json\/wp\/v2\/categories?post=57290"},{"taxonomy":"post_tag","embeddable":true,"href":"https:\/\/cifar.ca\/fr\/wp-json\/wp\/v2\/tags?post=57290"}],"curies":[{"name":"wp","href":"https:\/\/api.w.org\/{rel}","templated":true}]}}