{"id":57296,"date":"2023-11-17T11:38:42","date_gmt":"2023-11-17T16:38:42","guid":{"rendered":"https:\/\/cifar.ca\/?p=57296"},"modified":"2025-12-18T01:55:47","modified_gmt":"2025-12-18T06:55:47","slug":"appel-aux-eleves-du-secondaire-participez-au-groupe-de-reflexion-positively-ai-anime-par-le-cifar-et-telus","status":"publish","type":"post","link":"https:\/\/cifar.ca\/fr\/cifarnews\/2023\/11\/17\/appel-aux-eleves-du-secondaire-participez-au-groupe-de-reflexion-positively-ai-anime-par-le-cifar-et-telus\/","title":{"rendered":"Appel aux \u00e9l\u00e8ves du secondaire : participez au groupe de r\u00e9flexion Positively AI, anim\u00e9 par le CIFAR et TELUS."},"content":{"rendered":"<p><span style=\"font-weight: 400;\">Saviez-vous que l\u2019IA sert d\u00e9j\u00e0 \u00e0 d\u00e9tecter le cancer, \u00e0 anticiper et \u00e0 pr\u00e9venir une future famine, \u00e0 nettoyer les oc\u00e9ans, ainsi qu\u2019\u00e0 pr\u00e9voir les incendies de for\u00eat? Pouvez-vous imaginer d\u2019autres occasions o\u00f9 l\u2019IA peut favoriser un changement positif?<\/span><\/p>\n<p><span style=\"font-weight: 400;\">Vous \u00e9tudiez au secondaire dans la r\u00e9gion de Toronto et vous vous int\u00e9ressez \u00e0 la fa\u00e7on dont l\u2019IA peut favoriser le bien commun dans des domaines comme la sant\u00e9 mentale, la crise climatique et l\u2019\u00e9ducation? Postulez d\u00e8s maintenant pour participer \u00e0 notre <\/span><b>groupe de r\u00e9flexion <\/b><b><i>Positively AI<\/i><\/b><span style=\"font-weight: 400;\">. Vous aurez l\u2019occasion de discuter avec des leaders d\u2019opinion du potentiel de l\u2019IA dans diff\u00e9rents secteurs.<\/span><\/p>\n<p><span style=\"font-weight: 400;\">Ce groupe de r\u00e9flexion est anim\u00e9 par l\u2019Institut canadien de recherches avanc\u00e9es (CIFAR), un organisme de recherche mondial, en partenariat avec <a href=\"https:\/\/www.telus.com\/fr\/about\/privacy\/trust\">TELUS<\/a>, une entreprise dynamique et de premier plan dans le domaine des technologies de la communication.<\/span><\/p>\n<p><span style=\"font-weight: 400;\">Vous devez \u00eatre disponible pour participer en personne \u00e0 cet atelier film\u00e9 le 29\u00a0novembre\u00a02023, de 10\u00a0h \u00e0 14\u00a0h, au bureau du CIFAR, situ\u00e9 au Centre MaRS, tour Ouest (661, avenue University, bureau\u00a0505, Toronto, Ontario). <\/span><\/p>\n<p><img loading=\"lazy\" decoding=\"async\" class=\"alignnone wp-image-57297 \" src=\"https:\/\/cifar.ca\/wp-content\/uploads\/2023\/11\/ThinkTankSocialPostFR.png\" alt=\"Appel aux \u00e9l\u00e8ves du secondaire de la r\u00e9gion de Toronto : Groupe de r\u00e9flexion Positively AI Explorer le nouveau visage de l\u2019IA et son potentiel pour le bien commun Toronto \/ 29 novembre 2023 Anim\u00e9 par le CIFAR et TELUS\" width=\"771\" height=\"514\" srcset=\"https:\/\/cifar.ca\/wp-content\/uploads\/2023\/11\/ThinkTankSocialPostFR.png 1800w, https:\/\/cifar.ca\/wp-content\/uploads\/2023\/11\/ThinkTankSocialPostFR-1536x1024.png 1536w\" sizes=\"auto, (max-width: 771px) 100vw, 771px\" \/><\/p>\n<p><b>Comment participer\u00a0:<\/b><\/p>\n<p><span style=\"font-weight: 400;\">Soumettez votre candidature en remplissant ce formulaire au plus tard le mercredi 22\u00a0novembre\u00a02023 (23\u00a0h\u00a059 HNE).\u00a0<\/span><\/p>\n<p><a href=\"https:\/\/docs.google.com\/forms\/d\/1FQdzFn1Zh6nc-fdCZE73BO7Ud2wYF77cTx-Y0xQAXiE\"><span style=\"font-weight: 400;\">https:\/\/docs.google.com\/forms\/d\/1FQdzFn1Zh6nc-fdCZE73BO7Ud2wYF77cTx-Y0xQAXiE<\/span><\/a><span style=\"font-weight: 400;\"> (formulaire seulement en anglais)<\/span><\/p>\n<p><span style=\"font-weight: 400;\">Nous valorisons la diversit\u00e9 et encourageons vivement les candidatures de membres de notre soci\u00e9t\u00e9 qui se heurtent \u00e0 des barri\u00e8res et \u00e0 des pr\u00e9jug\u00e9s syst\u00e9miques.<\/span><span style=\"font-weight: 400;\">\u00a0\u00a0\u00a0\u00a0\u00a0<\/span><\/p>\n<p><i><span style=\"font-weight: 400;\">Remarque\u00a0: un <\/span><\/i><a href=\"https:\/\/drive.google.com\/file\/d\/1cDwlerzb06zWckAaY-d4nL2U1HSsXgDF\/view?usp=drive_link\"><i><span style=\"font-weight: 400;\">formulaire d\u2019autorisation<\/span><\/i><\/a><i><span style=\"font-weight: 400;\"> de participation, de captation vid\u00e9o et de marketing doit \u00eatre sign\u00e9 par votre parent ou tuteur pour que vous puissiez participer.<\/span><\/i><\/p>\n","protected":false},"excerpt":{"rendered":"<p>Saviez-vous que l\u2019IA sert d\u00e9j\u00e0 \u00e0 d\u00e9tecter le cancer, \u00e0 anticiper et \u00e0 pr\u00e9venir une future famine, \u00e0 nettoyer les oc\u00e9ans, ainsi qu\u2019\u00e0 pr\u00e9voir les [&hellip;]<\/p>\n","protected":false},"author":63,"featured_media":57293,"comment_status":"closed","ping_status":"closed","sticky":false,"template":"","format":"standard","meta":{"_acf_changed":false,"footnotes":""},"categories":[3972],"tags":[],"class_list":["post-57296","post","type-post","status-publish","format-standard","has-post-thumbnail","hentry","category-strategie-pancanadienne-en-matiere-dia"],"acf":[],"yoast_head":"<!-- This site is optimized with the Yoast SEO plugin v27.2 - https:\/\/yoast.com\/product\/yoast-seo-wordpress\/ -->\n<title>CIFAR<\/title>\n<meta name=\"robots\" content=\"index, follow, max-snippet:-1, max-image-preview:large, max-video-preview:-1\" \/>\n<link rel=\"canonical\" href=\"https:\/\/cifar.ca\/fr\/cifarnews\/2023\/11\/17\/appel-aux-eleves-du-secondaire-participez-au-groupe-de-reflexion-positively-ai-anime-par-le-cifar-et-telus\/\" \/>\n<meta property=\"og:locale\" content=\"fr_FR\" \/>\n<meta property=\"og:type\" content=\"article\" \/>\n<meta property=\"og:title\" content=\"Appel aux \u00e9l\u00e8ves du secondaire : participez au groupe de r\u00e9flexion Positively AI, anim\u00e9 par le CIFAR et TELUS. - CIFAR\" \/>\n<meta property=\"og:description\" content=\"Saviez-vous que l\u2019IA sert d\u00e9j\u00e0 \u00e0 d\u00e9tecter le cancer, \u00e0 anticiper et \u00e0 pr\u00e9venir une future famine, \u00e0 nettoyer les oc\u00e9ans, ainsi qu\u2019\u00e0 pr\u00e9voir les [&hellip;]\" \/>\n<meta property=\"og:url\" content=\"https:\/\/cifar.ca\/fr\/cifarnews\/2023\/11\/17\/appel-aux-eleves-du-secondaire-participez-au-groupe-de-reflexion-positively-ai-anime-par-le-cifar-et-telus\/\" \/>\n<meta property=\"og:site_name\" content=\"CIFAR\" \/>\n<meta property=\"article:published_time\" content=\"2023-11-17T16:38:42+00:00\" \/>\n<meta property=\"article:modified_time\" content=\"2025-12-18T06:55:47+00:00\" \/>\n<meta property=\"og:image\" content=\"https:\/\/cifar.ca\/wp-content\/uploads\/2023\/11\/ThinkTankHeroImage.png\" \/>\n\t<meta property=\"og:image:width\" content=\"1024\" \/>\n\t<meta property=\"og:image:height\" content=\"683\" \/>\n\t<meta property=\"og:image:type\" content=\"image\/png\" \/>\n<meta name=\"author\" content=\"Justine Brooks\" \/>\n<meta name=\"twitter:card\" content=\"summary_large_image\" \/>\n<meta name=\"twitter:label1\" content=\"\u00c9crit par\" \/>\n\t<meta name=\"twitter:data1\" content=\"Justine Brooks\" \/>\n\t<meta name=\"twitter:label2\" content=\"Dur\u00e9e de lecture estim\u00e9e\" \/>\n\t<meta name=\"twitter:data2\" content=\"2 minutes\" \/>\n<script type=\"application\/ld+json\" class=\"yoast-schema-graph\">{\"@context\":\"https:\/\/schema.org\",\"@graph\":[{\"@type\":\"Article\",\"@id\":\"https:\/\/cifar.ca\/fr\/cifarnews\/2023\/11\/17\/appel-aux-eleves-du-secondaire-participez-au-groupe-de-reflexion-positively-ai-anime-par-le-cifar-et-telus\/#article\",\"isPartOf\":{\"@id\":\"https:\/\/cifar.ca\/fr\/cifarnews\/2023\/11\/17\/appel-aux-eleves-du-secondaire-participez-au-groupe-de-reflexion-positively-ai-anime-par-le-cifar-et-telus\/\"},\"author\":{\"name\":\"Justine Brooks\",\"@id\":\"https:\/\/cifar.ca\/fr\/#\/schema\/person\/e2b54b4da40a11bc4916b20395422a32\"},\"headline\":\"Appel aux \u00e9l\u00e8ves du secondaire : participez au groupe de r\u00e9flexion Positively AI, anim\u00e9 par le CIFAR et TELUS.\",\"datePublished\":\"2023-11-17T16:38:42+00:00\",\"dateModified\":\"2025-12-18T06:55:47+00:00\",\"mainEntityOfPage\":{\"@id\":\"https:\/\/cifar.ca\/fr\/cifarnews\/2023\/11\/17\/appel-aux-eleves-du-secondaire-participez-au-groupe-de-reflexion-positively-ai-anime-par-le-cifar-et-telus\/\"},\"wordCount\":297,\"publisher\":{\"@id\":\"https:\/\/cifar.ca\/fr\/#organization\"},\"image\":{\"@id\":\"https:\/\/cifar.ca\/fr\/cifarnews\/2023\/11\/17\/appel-aux-eleves-du-secondaire-participez-au-groupe-de-reflexion-positively-ai-anime-par-le-cifar-et-telus\/#primaryimage\"},\"thumbnailUrl\":\"https:\/\/cifar.ca\/wp-content\/uploads\/2023\/11\/ThinkTankHeroImage.png\",\"articleSection\":[\"Strat\u00e9gie pancanadienne en mati\u00e8re d&#039;IA\"],\"inLanguage\":\"fr-FR\"},{\"@type\":\"WebPage\",\"@id\":\"https:\/\/cifar.ca\/fr\/cifarnews\/2023\/11\/17\/appel-aux-eleves-du-secondaire-participez-au-groupe-de-reflexion-positively-ai-anime-par-le-cifar-et-telus\/\",\"url\":\"https:\/\/cifar.ca\/fr\/cifarnews\/2023\/11\/17\/appel-aux-eleves-du-secondaire-participez-au-groupe-de-reflexion-positively-ai-anime-par-le-cifar-et-telus\/\",\"name\":\"Appel aux \u00e9l\u00e8ves du secondaire : participez au groupe de r\u00e9flexion Positively AI, anim\u00e9 par le CIFAR et TELUS. - CIFAR\",\"isPartOf\":{\"@id\":\"https:\/\/cifar.ca\/fr\/#website\"},\"primaryImageOfPage\":{\"@id\":\"https:\/\/cifar.ca\/fr\/cifarnews\/2023\/11\/17\/appel-aux-eleves-du-secondaire-participez-au-groupe-de-reflexion-positively-ai-anime-par-le-cifar-et-telus\/#primaryimage\"},\"image\":{\"@id\":\"https:\/\/cifar.ca\/fr\/cifarnews\/2023\/11\/17\/appel-aux-eleves-du-secondaire-participez-au-groupe-de-reflexion-positively-ai-anime-par-le-cifar-et-telus\/#primaryimage\"},\"thumbnailUrl\":\"https:\/\/cifar.ca\/wp-content\/uploads\/2023\/11\/ThinkTankHeroImage.png\",\"datePublished\":\"2023-11-17T16:38:42+00:00\",\"dateModified\":\"2025-12-18T06:55:47+00:00\",\"breadcrumb\":{\"@id\":\"https:\/\/cifar.ca\/fr\/cifarnews\/2023\/11\/17\/appel-aux-eleves-du-secondaire-participez-au-groupe-de-reflexion-positively-ai-anime-par-le-cifar-et-telus\/#breadcrumb\"},\"inLanguage\":\"fr-FR\",\"potentialAction\":[{\"@type\":\"ReadAction\",\"target\":[\"https:\/\/cifar.ca\/fr\/cifarnews\/2023\/11\/17\/appel-aux-eleves-du-secondaire-participez-au-groupe-de-reflexion-positively-ai-anime-par-le-cifar-et-telus\/\"]}]},{\"@type\":\"ImageObject\",\"inLanguage\":\"fr-FR\",\"@id\":\"https:\/\/cifar.ca\/fr\/cifarnews\/2023\/11\/17\/appel-aux-eleves-du-secondaire-participez-au-groupe-de-reflexion-positively-ai-anime-par-le-cifar-et-telus\/#primaryimage\",\"url\":\"https:\/\/cifar.ca\/wp-content\/uploads\/2023\/11\/ThinkTankHeroImage.png\",\"contentUrl\":\"https:\/\/cifar.ca\/wp-content\/uploads\/2023\/11\/ThinkTankHeroImage.png\",\"width\":1800,\"height\":1200},{\"@type\":\"BreadcrumbList\",\"@id\":\"https:\/\/cifar.ca\/fr\/cifarnews\/2023\/11\/17\/appel-aux-eleves-du-secondaire-participez-au-groupe-de-reflexion-positively-ai-anime-par-le-cifar-et-telus\/#breadcrumb\",\"itemListElement\":[{\"@type\":\"ListItem\",\"position\":1,\"name\":\"Acceuil\",\"item\":\"https:\/\/cifar.ca\/fr\/\"},{\"@type\":\"ListItem\",\"position\":2,\"name\":\"Appel aux \u00e9l\u00e8ves du secondaire : participez au groupe de r\u00e9flexion Positively AI, anim\u00e9 par le CIFAR et TELUS.\"}]},{\"@type\":\"WebSite\",\"@id\":\"https:\/\/cifar.ca\/fr\/#website\",\"url\":\"https:\/\/cifar.ca\/fr\/\",\"name\":\"CIFAR\",\"description\":\"Convoquer des esprits extraordinaires pour r\u00e9pondre aux questions les plus importantes auxquelles la science et l'humanit\u00e9 sont confront\u00e9es.\",\"publisher\":{\"@id\":\"https:\/\/cifar.ca\/fr\/#organization\"},\"potentialAction\":[{\"@type\":\"SearchAction\",\"target\":{\"@type\":\"EntryPoint\",\"urlTemplate\":\"https:\/\/cifar.ca\/fr\/?s={search_term_string}\"},\"query-input\":{\"@type\":\"PropertyValueSpecification\",\"valueRequired\":true,\"valueName\":\"search_term_string\"}}],\"inLanguage\":\"fr-FR\"},{\"@type\":\"Organization\",\"@id\":\"https:\/\/cifar.ca\/fr\/#organization\",\"name\":\"CIFAR\",\"url\":\"https:\/\/cifar.ca\/fr\/\",\"logo\":{\"@type\":\"ImageObject\",\"inLanguage\":\"fr-FR\",\"@id\":\"https:\/\/cifar.ca\/fr\/#\/schema\/logo\/image\/\",\"url\":\"https:\/\/cifar.ca\/wp-content\/uploads\/2020\/01\/cifar-logo-rgb-colour.png\",\"contentUrl\":\"https:\/\/cifar.ca\/wp-content\/uploads\/2020\/01\/cifar-logo-rgb-colour.png\",\"width\":1884,\"height\":681,\"caption\":\"CIFAR\"},\"image\":{\"@id\":\"https:\/\/cifar.ca\/fr\/#\/schema\/logo\/image\/\"}},{\"@type\":\"Person\",\"@id\":\"https:\/\/cifar.ca\/fr\/#\/schema\/person\/e2b54b4da40a11bc4916b20395422a32\",\"name\":\"Justine Brooks\",\"image\":{\"@type\":\"ImageObject\",\"inLanguage\":\"fr-FR\",\"@id\":\"https:\/\/secure.gravatar.com\/avatar\/1889bcc5bdac8fd9b6eeace30610f03315e6508bbc8ac7e7162e6a2302cc21e6?s=96&d=mm&r=g\",\"url\":\"https:\/\/secure.gravatar.com\/avatar\/1889bcc5bdac8fd9b6eeace30610f03315e6508bbc8ac7e7162e6a2302cc21e6?s=96&d=mm&r=g\",\"contentUrl\":\"https:\/\/secure.gravatar.com\/avatar\/1889bcc5bdac8fd9b6eeace30610f03315e6508bbc8ac7e7162e6a2302cc21e6?s=96&d=mm&r=g\",\"caption\":\"Justine Brooks\"}}]}<\/script>\n<!-- \/ Yoast SEO plugin. -->","yoast_head_json":{"title":"CIFAR","robots":{"index":"index","follow":"follow","max-snippet":"max-snippet:-1","max-image-preview":"max-image-preview:large","max-video-preview":"max-video-preview:-1"},"canonical":"https:\/\/cifar.ca\/fr\/cifarnews\/2023\/11\/17\/appel-aux-eleves-du-secondaire-participez-au-groupe-de-reflexion-positively-ai-anime-par-le-cifar-et-telus\/","og_locale":"fr_FR","og_type":"article","og_title":"Appel aux \u00e9l\u00e8ves du secondaire : participez au groupe de r\u00e9flexion Positively AI, anim\u00e9 par le CIFAR et TELUS. - CIFAR","og_description":"Saviez-vous que l\u2019IA sert d\u00e9j\u00e0 \u00e0 d\u00e9tecter le cancer, \u00e0 anticiper et \u00e0 pr\u00e9venir une future famine, \u00e0 nettoyer les oc\u00e9ans, ainsi qu\u2019\u00e0 pr\u00e9voir les [&hellip;]","og_url":"https:\/\/cifar.ca\/fr\/cifarnews\/2023\/11\/17\/appel-aux-eleves-du-secondaire-participez-au-groupe-de-reflexion-positively-ai-anime-par-le-cifar-et-telus\/","og_site_name":"CIFAR","article_published_time":"2023-11-17T16:38:42+00:00","article_modified_time":"2025-12-18T06:55:47+00:00","og_image":[{"url":"https:\/\/cifar.ca\/wp-content\/uploads\/2023\/11\/ThinkTankHeroImage.png","width":1024,"height":683,"type":"image\/png"}],"author":"Justine Brooks","twitter_card":"summary_large_image","twitter_misc":{"\u00c9crit par":"Justine Brooks","Dur\u00e9e de lecture estim\u00e9e":"2 minutes"},"schema":{"@context":"https:\/\/schema.org","@graph":[{"@type":"Article","@id":"https:\/\/cifar.ca\/fr\/cifarnews\/2023\/11\/17\/appel-aux-eleves-du-secondaire-participez-au-groupe-de-reflexion-positively-ai-anime-par-le-cifar-et-telus\/#article","isPartOf":{"@id":"https:\/\/cifar.ca\/fr\/cifarnews\/2023\/11\/17\/appel-aux-eleves-du-secondaire-participez-au-groupe-de-reflexion-positively-ai-anime-par-le-cifar-et-telus\/"},"author":{"name":"Justine Brooks","@id":"https:\/\/cifar.ca\/fr\/#\/schema\/person\/e2b54b4da40a11bc4916b20395422a32"},"headline":"Appel aux \u00e9l\u00e8ves du secondaire : participez au groupe de r\u00e9flexion Positively AI, anim\u00e9 par le CIFAR et TELUS.","datePublished":"2023-11-17T16:38:42+00:00","dateModified":"2025-12-18T06:55:47+00:00","mainEntityOfPage":{"@id":"https:\/\/cifar.ca\/fr\/cifarnews\/2023\/11\/17\/appel-aux-eleves-du-secondaire-participez-au-groupe-de-reflexion-positively-ai-anime-par-le-cifar-et-telus\/"},"wordCount":297,"publisher":{"@id":"https:\/\/cifar.ca\/fr\/#organization"},"image":{"@id":"https:\/\/cifar.ca\/fr\/cifarnews\/2023\/11\/17\/appel-aux-eleves-du-secondaire-participez-au-groupe-de-reflexion-positively-ai-anime-par-le-cifar-et-telus\/#primaryimage"},"thumbnailUrl":"https:\/\/cifar.ca\/wp-content\/uploads\/2023\/11\/ThinkTankHeroImage.png","articleSection":["Strat\u00e9gie pancanadienne en mati\u00e8re d&#039;IA"],"inLanguage":"fr-FR"},{"@type":"WebPage","@id":"https:\/\/cifar.ca\/fr\/cifarnews\/2023\/11\/17\/appel-aux-eleves-du-secondaire-participez-au-groupe-de-reflexion-positively-ai-anime-par-le-cifar-et-telus\/","url":"https:\/\/cifar.ca\/fr\/cifarnews\/2023\/11\/17\/appel-aux-eleves-du-secondaire-participez-au-groupe-de-reflexion-positively-ai-anime-par-le-cifar-et-telus\/","name":"Appel aux \u00e9l\u00e8ves du secondaire : participez au groupe de r\u00e9flexion Positively AI, anim\u00e9 par le CIFAR et TELUS. - CIFAR","isPartOf":{"@id":"https:\/\/cifar.ca\/fr\/#website"},"primaryImageOfPage":{"@id":"https:\/\/cifar.ca\/fr\/cifarnews\/2023\/11\/17\/appel-aux-eleves-du-secondaire-participez-au-groupe-de-reflexion-positively-ai-anime-par-le-cifar-et-telus\/#primaryimage"},"image":{"@id":"https:\/\/cifar.ca\/fr\/cifarnews\/2023\/11\/17\/appel-aux-eleves-du-secondaire-participez-au-groupe-de-reflexion-positively-ai-anime-par-le-cifar-et-telus\/#primaryimage"},"thumbnailUrl":"https:\/\/cifar.ca\/wp-content\/uploads\/2023\/11\/ThinkTankHeroImage.png","datePublished":"2023-11-17T16:38:42+00:00","dateModified":"2025-12-18T06:55:47+00:00","breadcrumb":{"@id":"https:\/\/cifar.ca\/fr\/cifarnews\/2023\/11\/17\/appel-aux-eleves-du-secondaire-participez-au-groupe-de-reflexion-positively-ai-anime-par-le-cifar-et-telus\/#breadcrumb"},"inLanguage":"fr-FR","potentialAction":[{"@type":"ReadAction","target":["https:\/\/cifar.ca\/fr\/cifarnews\/2023\/11\/17\/appel-aux-eleves-du-secondaire-participez-au-groupe-de-reflexion-positively-ai-anime-par-le-cifar-et-telus\/"]}]},{"@type":"ImageObject","inLanguage":"fr-FR","@id":"https:\/\/cifar.ca\/fr\/cifarnews\/2023\/11\/17\/appel-aux-eleves-du-secondaire-participez-au-groupe-de-reflexion-positively-ai-anime-par-le-cifar-et-telus\/#primaryimage","url":"https:\/\/cifar.ca\/wp-content\/uploads\/2023\/11\/ThinkTankHeroImage.png","contentUrl":"https:\/\/cifar.ca\/wp-content\/uploads\/2023\/11\/ThinkTankHeroImage.png","width":1800,"height":1200},{"@type":"BreadcrumbList","@id":"https:\/\/cifar.ca\/fr\/cifarnews\/2023\/11\/17\/appel-aux-eleves-du-secondaire-participez-au-groupe-de-reflexion-positively-ai-anime-par-le-cifar-et-telus\/#breadcrumb","itemListElement":[{"@type":"ListItem","position":1,"name":"Acceuil","item":"https:\/\/cifar.ca\/fr\/"},{"@type":"ListItem","position":2,"name":"Appel aux \u00e9l\u00e8ves du secondaire : participez au groupe de r\u00e9flexion Positively AI, anim\u00e9 par le CIFAR et TELUS."}]},{"@type":"WebSite","@id":"https:\/\/cifar.ca\/fr\/#website","url":"https:\/\/cifar.ca\/fr\/","name":"CIFAR","description":"Convoquer des esprits extraordinaires pour r\u00e9pondre aux questions les plus importantes auxquelles la science et l'humanit\u00e9 sont confront\u00e9es.","publisher":{"@id":"https:\/\/cifar.ca\/fr\/#organization"},"potentialAction":[{"@type":"SearchAction","target":{"@type":"EntryPoint","urlTemplate":"https:\/\/cifar.ca\/fr\/?s={search_term_string}"},"query-input":{"@type":"PropertyValueSpecification","valueRequired":true,"valueName":"search_term_string"}}],"inLanguage":"fr-FR"},{"@type":"Organization","@id":"https:\/\/cifar.ca\/fr\/#organization","name":"CIFAR","url":"https:\/\/cifar.ca\/fr\/","logo":{"@type":"ImageObject","inLanguage":"fr-FR","@id":"https:\/\/cifar.ca\/fr\/#\/schema\/logo\/image\/","url":"https:\/\/cifar.ca\/wp-content\/uploads\/2020\/01\/cifar-logo-rgb-colour.png","contentUrl":"https:\/\/cifar.ca\/wp-content\/uploads\/2020\/01\/cifar-logo-rgb-colour.png","width":1884,"height":681,"caption":"CIFAR"},"image":{"@id":"https:\/\/cifar.ca\/fr\/#\/schema\/logo\/image\/"}},{"@type":"Person","@id":"https:\/\/cifar.ca\/fr\/#\/schema\/person\/e2b54b4da40a11bc4916b20395422a32","name":"Justine Brooks","image":{"@type":"ImageObject","inLanguage":"fr-FR","@id":"https:\/\/secure.gravatar.com\/avatar\/1889bcc5bdac8fd9b6eeace30610f03315e6508bbc8ac7e7162e6a2302cc21e6?s=96&d=mm&r=g","url":"https:\/\/secure.gravatar.com\/avatar\/1889bcc5bdac8fd9b6eeace30610f03315e6508bbc8ac7e7162e6a2302cc21e6?s=96&d=mm&r=g","contentUrl":"https:\/\/secure.gravatar.com\/avatar\/1889bcc5bdac8fd9b6eeace30610f03315e6508bbc8ac7e7162e6a2302cc21e6?s=96&d=mm&r=g","caption":"Justine Brooks"}}]}},"_links":{"self":[{"href":"https:\/\/cifar.ca\/fr\/wp-json\/wp\/v2\/posts\/57296","targetHints":{"allow":["GET"]}}],"collection":[{"href":"https:\/\/cifar.ca\/fr\/wp-json\/wp\/v2\/posts"}],"about":[{"href":"https:\/\/cifar.ca\/fr\/wp-json\/wp\/v2\/types\/post"}],"author":[{"embeddable":true,"href":"https:\/\/cifar.ca\/fr\/wp-json\/wp\/v2\/users\/63"}],"replies":[{"embeddable":true,"href":"https:\/\/cifar.ca\/fr\/wp-json\/wp\/v2\/comments?post=57296"}],"version-history":[{"count":0,"href":"https:\/\/cifar.ca\/fr\/wp-json\/wp\/v2\/posts\/57296\/revisions"}],"wp:featuredmedia":[{"embeddable":true,"href":"https:\/\/cifar.ca\/fr\/wp-json\/wp\/v2\/media\/57293"}],"wp:attachment":[{"href":"https:\/\/cifar.ca\/fr\/wp-json\/wp\/v2\/media?parent=57296"}],"wp:term":[{"taxonomy":"category","embeddable":true,"href":"https:\/\/cifar.ca\/fr\/wp-json\/wp\/v2\/categories?post=57296"},{"taxonomy":"post_tag","embeddable":true,"href":"https:\/\/cifar.ca\/fr\/wp-json\/wp\/v2\/tags?post=57296"}],"curies":[{"name":"wp","href":"https:\/\/api.w.org\/{rel}","templated":true}]}}