{"id":58894,"date":"2024-06-20T08:00:34","date_gmt":"2024-06-20T12:00:34","guid":{"rendered":"https:\/\/cifar.ca\/?p=58894"},"modified":"2025-12-18T01:48:02","modified_gmt":"2025-12-18T06:48:02","slug":"des-titulaires-de-chaires-en-ia-canada-cifar-se-sont-reunis-a-banff-a-loccasion-de-la-rencontre-annuelle-diacan","status":"publish","type":"post","link":"https:\/\/cifar.ca\/fr\/cifarnews\/2024\/06\/20\/des-titulaires-de-chaires-en-ia-canada-cifar-se-sont-reunis-a-banff-a-loccasion-de-la-rencontre-annuelle-diacan\/","title":{"rendered":"Des titulaires de chaires en IA Canada-CIFAR se sont r\u00e9unis \u00e0 Banff \u00e0 l\u2019occasion de la rencontre annuelle d\u2019IACan"},"content":{"rendered":"<h2><span style=\"font-weight: 400; color: #da291c;\">Trois journ\u00e9es consacr\u00e9es \u00e0 la science, \u00e0 la strat\u00e9gie et au r\u00e9seautage pour les chefs de file de la recherche en IA au Canada<\/span><\/h2>\n<p><span style=\"font-weight: 400;\">La conf\u00e9rence annuelle IACan du CIFAR rassemble les titulaires de chaires en IA Canada-CIFAR, qui font partie de nos trois instituts nationaux d\u2019IA (Amii, Institut Vecteur et Mila). Figurant parmi les meilleurs scientifiques en IA au Canada, ces personnes participent \u00e0 des journ\u00e9es intensives de r\u00e9seautage, de collaboration et de discussions strat\u00e9giques.\u00a0<\/span><\/p>\n<p><span style=\"font-weight: 400;\">IACan\u00a02024 a d\u00e9but\u00e9 par deux tables rondes avec Nipun\u00a0Vats, sous-ministre adjoint \u00e0 Innovation, Sciences et D\u00e9veloppement \u00e9conomique Canada. M.\u00a0Vats a pr\u00e9sent\u00e9 des mises \u00e0 jour et r\u00e9pondu \u00e0 des questions au sujet du financement f\u00e9d\u00e9ral de 2,4\u00a0milliards de dollars r\u00e9cemment accord\u00e9 \u00e0 l\u2019\u00e9cosyst\u00e8me canadien de l\u2019IA, en particulier pour am\u00e9liorer la capacit\u00e9 de calcul et cr\u00e9er un institut canadien pour la s\u00e9curit\u00e9 de l\u2019IA. Les titulaires de chaires ont formul\u00e9 des commentaires \u00e9clair\u00e9s et des suggestions quant \u00e0 la meilleure fa\u00e7on de mettre en \u0153uvre une strat\u00e9gie nationale en mati\u00e8re de calcul et de tirer parti des atouts du Canada et des occasions qui s\u2019offrent \u00e0 lui pour assurer la s\u00e9curit\u00e9 de l\u2019IA \u00e0 l\u2019\u00e9chelle mondiale.<\/span><\/p>\n<figure id=\"attachment_58887\" aria-describedby=\"caption-attachment-58887\" style=\"width: 728px\" class=\"wp-caption alignnone\"><img loading=\"lazy\" decoding=\"async\" class=\" wp-image-58887\" src=\"https:\/\/cifar.ca\/wp-content\/uploads\/2024\/06\/IMG_6638-scaled-e1718814796124.jpg\" alt=\"Nipun Vats\" width=\"728\" height=\"686\" \/><figcaption id=\"caption-attachment-58887\" class=\"wp-caption-text\"><i><span style=\"font-weight: 400;\">Nipun Vats parle d\u2019investissements dans la capacit\u00e9 de calcul et la s\u00e9curit\u00e9 de l\u2019IA \u00e0 IACan<\/span><\/i><\/figcaption><\/figure>\n<p><span style=\"font-weight: 400;\">Une table ronde a \u00e9galement \u00e9t\u00e9 organis\u00e9e par trois titulaires de chaires en IA Canada-CIFAR \u2013 <a href=\"https:\/\/cifar.ca\/fr\/biographie\/dhanya-sridhar\/\">Dhanya\u00a0Sridhar<\/a> et <a href=\"https:\/\/cifar.ca\/fr\/biographie\/guillaume-lajoie\/\">Guillaume\u00a0Lajoie<\/a> de Mila, ainsi que <a href=\"https:\/\/cifar.ca\/fr\/biographie\/rahul-g-krishnan\/\">Rahul\u00a0Krishnan<\/a> de l\u2019Institut Vecteur \u2013, \u00e0 laquelle ont particip\u00e9 d\u2019autres membres des trois instituts. Cette table ronde et la s\u00e9ance de questions-r\u00e9ponses ont permis de se pencher sur les enjeux rattach\u00e9s aux grands mod\u00e8les de langage, \u00e0 leur robustesse et \u00e0 leurs liens avec la causalit\u00e9. Ils ont notamment abord\u00e9 les strat\u00e9gies visant \u00e0 cr\u00e9er des mod\u00e8les d\u2019IA plus robustes et plus polyvalents.\u00a0\u00a0<\/span><\/p>\n<figure id=\"attachment_58889\" aria-describedby=\"caption-attachment-58889\" style=\"width: 1077px\" class=\"wp-caption alignnone\"><img loading=\"lazy\" decoding=\"async\" class=\" wp-image-58889\" src=\"https:\/\/cifar.ca\/wp-content\/uploads\/2024\/06\/IMG_6769-scaled-e1718814939256.jpg\" alt=\"\" width=\"1077\" height=\"783\" \/><figcaption id=\"caption-attachment-58889\" class=\"wp-caption-text\"><i><span style=\"font-weight: 400;\">(De gauche \u00e0 droite) Guillaume\u00a0Lajoie, Dhanya\u00a0Sridhar, Rahul\u00a0Krishnan, Aishwarya\u00a0Agrawal et Nicolas\u00a0Papernot s\u2019expriment lors d\u2019une table ronde \u00e0 IACan sur les grands mod\u00e8les de langage, la robustesse et la causalit\u00e9<\/span><\/i><\/figcaption><\/figure>\n<p><span style=\"font-weight: 400;\"><a href=\"https:\/\/cifar.ca\/fr\/biographie\/shakir-mohamed\/\">Shakir\u00a0Mohammed<\/a>, pr\u00e9sident du Comit\u00e9 consultatif scientifique international du CIFAR pour la Strat\u00e9gie pancanadienne en mati\u00e8re d\u2019IA et chercheur chez Google DeepMind \u00e0 Londres, a prononc\u00e9 une allocution en s\u00e9ance pl\u00e9ni\u00e8re plus tard dans l\u2019apr\u00e8s-midi, au cours de laquelle il a pr\u00e9sent\u00e9 sa vision de l\u2019avenir de l\u2019IA d\u2019un point de vue sociotechnique. Il a trait\u00e9 de l\u2019acc\u00e8s \u00e0 l\u2019\u00e9ducation, de la r\u00e9g\u00e9n\u00e9ration de la terre et de la n\u00e9cessit\u00e9 de mettre en place des processus participatifs, inclusifs et centr\u00e9s sur la communaut\u00e9 lors de la cr\u00e9ation de l\u2019IA. Ses propos ont suscit\u00e9 des questions judicieuses et des discussions approfondies avec l\u2019auditoire.<\/span><\/p>\n<p><span style=\"font-weight: 400;\">La conf\u00e9rence de cette ann\u00e9e a \u00e9galement fourni l\u2019occasion aux titulaires de chaires en IA Canada-CIFAR de faire conna\u00eetre mutuellement leurs travaux de recherche au moyen d\u2019une s\u00e9rie de causeries Spotlight. Les sujets abord\u00e9s allaient de l\u2019apprentissage profond et des grands mod\u00e8les de langage \u00e0 l\u2019IA au service de la sant\u00e9 et \u00e0 l\u2019IA responsable.<\/span><\/p>\n<p><span style=\"font-weight: 400;\">Une s\u00e9rie de tables rondes dirig\u00e9es par le CIFAR ont \u00e9t\u00e9 au c\u0153ur de la derni\u00e8re journ\u00e9e. Les titulaires de chaires en IA Canada-CIFAR ont discut\u00e9 de sujets strat\u00e9giques comme l\u2019interdisciplinarit\u00e9, l\u2019alignement, les r\u00e9percussions de l\u2019IA sur l\u2019environnement et l\u2019occasion d\u2019approfondir la collaboration internationale.\u00a0<\/span><\/p>\n<p><span style=\"font-weight: 400;\">La rencontre de cette ann\u00e9e avait pour but de susciter de nombreuses conversations et de nouvelles collaborations. \u00c0 cette fin, le CIFAR a lanc\u00e9 un nouvel appel de propositions pour des <a href=\"https:\/\/cifar.ca\/fr\/ia\/subventions-catalyseur-en-ia-du-cifar\/\">subventions Catalyseur en IA<\/a> afin de tirer parti des nouvelles id\u00e9es et des nouveaux liens qui ont \u00e9t\u00e9 d\u00e9gag\u00e9s de la rencontre. Dirig\u00e9es par au moins un titulaire de chaire en IA Canada-CIFAR par subvention, les propositions gagnantes mettent en avant des id\u00e9es novatrices pour de nouveaux domaines de recherche en IA et leur application potentielle dans divers secteurs de la science et de la soci\u00e9t\u00e9. Le CIFAR annoncera les b\u00e9n\u00e9ficiaires des subventions plus tard cette ann\u00e9e.<\/span><\/p>\n<figure id=\"attachment_58891\" aria-describedby=\"caption-attachment-58891\" style=\"width: 1084px\" class=\"wp-caption alignnone\"><img loading=\"lazy\" decoding=\"async\" class=\" wp-image-58891\" src=\"https:\/\/cifar.ca\/wp-content\/uploads\/2024\/06\/IMG_6730-scaled.jpg\" alt=\"\" width=\"1084\" height=\"723\" srcset=\"https:\/\/cifar.ca\/wp-content\/uploads\/2024\/06\/IMG_6730-scaled.jpg 2560w, https:\/\/cifar.ca\/wp-content\/uploads\/2024\/06\/IMG_6730-1536x1024.jpg 1536w, https:\/\/cifar.ca\/wp-content\/uploads\/2024\/06\/IMG_6730-2048x1365.jpg 2048w\" sizes=\"auto, (max-width: 1084px) 100vw, 1084px\" \/><figcaption id=\"caption-attachment-58891\" class=\"wp-caption-text\"><i><span style=\"font-weight: 400;\">Des titulaires de chaires en IA Canada-CIFAR et des membres du personnel du CIFAR se sont r\u00e9unis \u00e0 Banff (Alberta) \u00e0 l\u2019occasion de la rencontre annuelle d\u2019IACan<\/span><\/i><\/figcaption><\/figure>\n<p><span style=\"font-weight: 400;\">\u00ab\u2009IACan est la seule occasion dont nous disposons chaque ann\u00e9e pour r\u00e9unir les titulaires de chaires en IA Canada-CIFAR de nos trois instituts nationaux d\u2019IA. Pendant cet \u00e9v\u00e9nement, ces chercheurs et chercheuses partagent leurs approches et d\u00e9couvertes scientifiques, discutent de strat\u00e9gies et nouent de nouveaux liens\u2009\u00bb, a d\u00e9clar\u00e9 Elissa\u00a0Strome, directrice g\u00e9n\u00e9rale de la Strat\u00e9gie pancanadienne en mati\u00e8re d\u2019IA au CIFAR. \u00ab\u2009Chaque ann\u00e9e, nous sommes impressionn\u00e9s par le degr\u00e9 de d\u00e9vouement et de r\u00e9flexion que les titulaires de chaires consacrent \u00e0 cet \u00e9v\u00e9nement. Nous avons h\u00e2te de voir quels types d\u2019id\u00e9es et de collaborations \u00e9mergeront de la rencontre de cette ann\u00e9e.\u2009\u00bb<\/span><\/p>\n","protected":false},"excerpt":{"rendered":"<p>Trois journ\u00e9es consacr\u00e9es \u00e0 la science, \u00e0 la strat\u00e9gie et au r\u00e9seautage pour les chefs de file de la recherche en IA au Canada La [&hellip;]<\/p>\n","protected":false},"author":63,"featured_media":58893,"comment_status":"closed","ping_status":"closed","sticky":false,"template":"","format":"standard","meta":{"_acf_changed":false,"footnotes":""},"categories":[1771,3972,5872],"tags":[4011,4402,4424,4403,5023,6105,5465,6106],"class_list":["post-58894","post","type-post","status-publish","format-standard","has-post-thumbnail","hentry","category-nouvelles","category-strategie-pancanadienne-en-matiere-dia","category-z-cifar-pan-canadian-ai-strategy-and-news-fr","tag-amii-fr","tag-chaires-en-ia-canada-cifar","tag-elissa-strome-fr","tag-mila-fr","tag-pan-canadian-ai-strategy-fr","tag-shakir-mohammed","tag-strategie-pancanadienne-en-matiere-dia","tag-vector-institute-fr"],"acf":[],"yoast_head":"<!-- This site is optimized with the Yoast SEO plugin v27.2 - https:\/\/yoast.com\/product\/yoast-seo-wordpress\/ -->\n<title>CIFAR<\/title>\n<meta name=\"description\" content=\"Trois journ\u00e9es consacr\u00e9es \u00e0 la science, \u00e0 la strat\u00e9gie et au r\u00e9seautage pour les chefs de file de la recherche en IA au Canada\" \/>\n<meta name=\"robots\" content=\"index, follow, max-snippet:-1, max-image-preview:large, max-video-preview:-1\" \/>\n<link rel=\"canonical\" href=\"https:\/\/cifar.ca\/fr\/cifarnews\/2024\/06\/20\/des-titulaires-de-chaires-en-ia-canada-cifar-se-sont-reunis-a-banff-a-loccasion-de-la-rencontre-annuelle-diacan\/\" \/>\n<meta property=\"og:locale\" content=\"fr_FR\" \/>\n<meta property=\"og:type\" content=\"article\" \/>\n<meta property=\"og:title\" content=\"Des titulaires de chaires en IA Canada-CIFAR se sont r\u00e9unis \u00e0 Banff \u00e0 l\u2019occasion de la rencontre annuelle d\u2019IACan - CIFAR\" \/>\n<meta property=\"og:description\" content=\"Trois journ\u00e9es consacr\u00e9es \u00e0 la science, \u00e0 la strat\u00e9gie et au r\u00e9seautage pour les chefs de file de la recherche en IA au Canada\" \/>\n<meta property=\"og:url\" content=\"https:\/\/cifar.ca\/fr\/cifarnews\/2024\/06\/20\/des-titulaires-de-chaires-en-ia-canada-cifar-se-sont-reunis-a-banff-a-loccasion-de-la-rencontre-annuelle-diacan\/\" \/>\n<meta property=\"og:site_name\" content=\"CIFAR\" \/>\n<meta property=\"article:published_time\" content=\"2024-06-20T12:00:34+00:00\" \/>\n<meta property=\"article:modified_time\" content=\"2025-12-18T06:48:02+00:00\" \/>\n<meta property=\"og:image\" content=\"https:\/\/cifar.ca\/wp-content\/uploads\/2024\/06\/IMG_3303-scaled-e1718813124872.jpg\" \/>\n\t<meta property=\"og:image:width\" content=\"2560\" \/>\n\t<meta property=\"og:image:height\" content=\"1920\" \/>\n\t<meta property=\"og:image:type\" content=\"image\/jpeg\" \/>\n<meta name=\"author\" content=\"Justine Brooks\" \/>\n<meta name=\"twitter:card\" content=\"summary_large_image\" \/>\n<meta name=\"twitter:label1\" content=\"\u00c9crit par\" \/>\n\t<meta name=\"twitter:data1\" content=\"Justine Brooks\" \/>\n\t<meta name=\"twitter:label2\" content=\"Dur\u00e9e de lecture estim\u00e9e\" \/>\n\t<meta name=\"twitter:data2\" content=\"5 minutes\" \/>\n<script type=\"application\/ld+json\" class=\"yoast-schema-graph\">{\"@context\":\"https:\/\/schema.org\",\"@graph\":[{\"@type\":\"Article\",\"@id\":\"https:\/\/cifar.ca\/fr\/cifarnews\/2024\/06\/20\/des-titulaires-de-chaires-en-ia-canada-cifar-se-sont-reunis-a-banff-a-loccasion-de-la-rencontre-annuelle-diacan\/#article\",\"isPartOf\":{\"@id\":\"https:\/\/cifar.ca\/fr\/cifarnews\/2024\/06\/20\/des-titulaires-de-chaires-en-ia-canada-cifar-se-sont-reunis-a-banff-a-loccasion-de-la-rencontre-annuelle-diacan\/\"},\"author\":{\"name\":\"Justine Brooks\",\"@id\":\"https:\/\/cifar.ca\/fr\/#\/schema\/person\/e2b54b4da40a11bc4916b20395422a32\"},\"headline\":\"Des titulaires de chaires en IA Canada-CIFAR se sont r\u00e9unis \u00e0 Banff \u00e0 l\u2019occasion de la rencontre annuelle d\u2019IACan\",\"datePublished\":\"2024-06-20T12:00:34+00:00\",\"dateModified\":\"2025-12-18T06:48:02+00:00\",\"mainEntityOfPage\":{\"@id\":\"https:\/\/cifar.ca\/fr\/cifarnews\/2024\/06\/20\/des-titulaires-de-chaires-en-ia-canada-cifar-se-sont-reunis-a-banff-a-loccasion-de-la-rencontre-annuelle-diacan\/\"},\"wordCount\":913,\"publisher\":{\"@id\":\"https:\/\/cifar.ca\/fr\/#organization\"},\"image\":{\"@id\":\"https:\/\/cifar.ca\/fr\/cifarnews\/2024\/06\/20\/des-titulaires-de-chaires-en-ia-canada-cifar-se-sont-reunis-a-banff-a-loccasion-de-la-rencontre-annuelle-diacan\/#primaryimage\"},\"thumbnailUrl\":\"https:\/\/cifar.ca\/wp-content\/uploads\/2024\/06\/IMG_3303-scaled-e1718813124872.jpg\",\"keywords\":[\"Amii\",\"Chaires en IA Canada-CIFAR\",\"Elissa Strome\",\"Mila\",\"Pan-Canadian AI Strategy\",\"Shakir Mohammed\",\"Strat\u00e9gie pancanadienne en mati\u00e8re d\u2019IA\",\"Vector Institute\"],\"articleSection\":[\"Nouvelles\",\"Strat\u00e9gie pancanadienne en mati\u00e8re d&#039;IA\",\"z-CIFAR Pan-Canadian AI Strategy and News FR\"],\"inLanguage\":\"fr-FR\"},{\"@type\":\"WebPage\",\"@id\":\"https:\/\/cifar.ca\/fr\/cifarnews\/2024\/06\/20\/des-titulaires-de-chaires-en-ia-canada-cifar-se-sont-reunis-a-banff-a-loccasion-de-la-rencontre-annuelle-diacan\/\",\"url\":\"https:\/\/cifar.ca\/fr\/cifarnews\/2024\/06\/20\/des-titulaires-de-chaires-en-ia-canada-cifar-se-sont-reunis-a-banff-a-loccasion-de-la-rencontre-annuelle-diacan\/\",\"name\":\"Des titulaires de chaires en IA Canada-CIFAR se sont r\u00e9unis \u00e0 Banff \u00e0 l\u2019occasion de la rencontre annuelle d\u2019IACan - CIFAR\",\"isPartOf\":{\"@id\":\"https:\/\/cifar.ca\/fr\/#website\"},\"primaryImageOfPage\":{\"@id\":\"https:\/\/cifar.ca\/fr\/cifarnews\/2024\/06\/20\/des-titulaires-de-chaires-en-ia-canada-cifar-se-sont-reunis-a-banff-a-loccasion-de-la-rencontre-annuelle-diacan\/#primaryimage\"},\"image\":{\"@id\":\"https:\/\/cifar.ca\/fr\/cifarnews\/2024\/06\/20\/des-titulaires-de-chaires-en-ia-canada-cifar-se-sont-reunis-a-banff-a-loccasion-de-la-rencontre-annuelle-diacan\/#primaryimage\"},\"thumbnailUrl\":\"https:\/\/cifar.ca\/wp-content\/uploads\/2024\/06\/IMG_3303-scaled-e1718813124872.jpg\",\"datePublished\":\"2024-06-20T12:00:34+00:00\",\"dateModified\":\"2025-12-18T06:48:02+00:00\",\"description\":\"Trois journ\u00e9es consacr\u00e9es \u00e0 la science, \u00e0 la strat\u00e9gie et au r\u00e9seautage pour les chefs de file de la recherche en IA au Canada\",\"breadcrumb\":{\"@id\":\"https:\/\/cifar.ca\/fr\/cifarnews\/2024\/06\/20\/des-titulaires-de-chaires-en-ia-canada-cifar-se-sont-reunis-a-banff-a-loccasion-de-la-rencontre-annuelle-diacan\/#breadcrumb\"},\"inLanguage\":\"fr-FR\",\"potentialAction\":[{\"@type\":\"ReadAction\",\"target\":[\"https:\/\/cifar.ca\/fr\/cifarnews\/2024\/06\/20\/des-titulaires-de-chaires-en-ia-canada-cifar-se-sont-reunis-a-banff-a-loccasion-de-la-rencontre-annuelle-diacan\/\"]}]},{\"@type\":\"ImageObject\",\"inLanguage\":\"fr-FR\",\"@id\":\"https:\/\/cifar.ca\/fr\/cifarnews\/2024\/06\/20\/des-titulaires-de-chaires-en-ia-canada-cifar-se-sont-reunis-a-banff-a-loccasion-de-la-rencontre-annuelle-diacan\/#primaryimage\",\"url\":\"https:\/\/cifar.ca\/wp-content\/uploads\/2024\/06\/IMG_3303-scaled-e1718813124872.jpg\",\"contentUrl\":\"https:\/\/cifar.ca\/wp-content\/uploads\/2024\/06\/IMG_3303-scaled-e1718813124872.jpg\",\"width\":2560,\"height\":1920,\"caption\":\"A group of Canada CIFAR AI Chairs posing for a picture on a rocky trail with mountains and trees in the background\"},{\"@type\":\"BreadcrumbList\",\"@id\":\"https:\/\/cifar.ca\/fr\/cifarnews\/2024\/06\/20\/des-titulaires-de-chaires-en-ia-canada-cifar-se-sont-reunis-a-banff-a-loccasion-de-la-rencontre-annuelle-diacan\/#breadcrumb\",\"itemListElement\":[{\"@type\":\"ListItem\",\"position\":1,\"name\":\"Acceuil\",\"item\":\"https:\/\/cifar.ca\/fr\/\"},{\"@type\":\"ListItem\",\"position\":2,\"name\":\"Des titulaires de chaires en IA Canada-CIFAR se sont r\u00e9unis \u00e0 Banff \u00e0 l\u2019occasion de la rencontre annuelle d\u2019IACan\"}]},{\"@type\":\"WebSite\",\"@id\":\"https:\/\/cifar.ca\/fr\/#website\",\"url\":\"https:\/\/cifar.ca\/fr\/\",\"name\":\"CIFAR\",\"description\":\"Convoquer des esprits extraordinaires pour r\u00e9pondre aux questions les plus importantes auxquelles la science et l'humanit\u00e9 sont confront\u00e9es.\",\"publisher\":{\"@id\":\"https:\/\/cifar.ca\/fr\/#organization\"},\"potentialAction\":[{\"@type\":\"SearchAction\",\"target\":{\"@type\":\"EntryPoint\",\"urlTemplate\":\"https:\/\/cifar.ca\/fr\/?s={search_term_string}\"},\"query-input\":{\"@type\":\"PropertyValueSpecification\",\"valueRequired\":true,\"valueName\":\"search_term_string\"}}],\"inLanguage\":\"fr-FR\"},{\"@type\":\"Organization\",\"@id\":\"https:\/\/cifar.ca\/fr\/#organization\",\"name\":\"CIFAR\",\"url\":\"https:\/\/cifar.ca\/fr\/\",\"logo\":{\"@type\":\"ImageObject\",\"inLanguage\":\"fr-FR\",\"@id\":\"https:\/\/cifar.ca\/fr\/#\/schema\/logo\/image\/\",\"url\":\"https:\/\/cifar.ca\/wp-content\/uploads\/2020\/01\/cifar-logo-rgb-colour.png\",\"contentUrl\":\"https:\/\/cifar.ca\/wp-content\/uploads\/2020\/01\/cifar-logo-rgb-colour.png\",\"width\":1884,\"height\":681,\"caption\":\"CIFAR\"},\"image\":{\"@id\":\"https:\/\/cifar.ca\/fr\/#\/schema\/logo\/image\/\"}},{\"@type\":\"Person\",\"@id\":\"https:\/\/cifar.ca\/fr\/#\/schema\/person\/e2b54b4da40a11bc4916b20395422a32\",\"name\":\"Justine Brooks\",\"image\":{\"@type\":\"ImageObject\",\"inLanguage\":\"fr-FR\",\"@id\":\"https:\/\/secure.gravatar.com\/avatar\/1889bcc5bdac8fd9b6eeace30610f03315e6508bbc8ac7e7162e6a2302cc21e6?s=96&d=mm&r=g\",\"url\":\"https:\/\/secure.gravatar.com\/avatar\/1889bcc5bdac8fd9b6eeace30610f03315e6508bbc8ac7e7162e6a2302cc21e6?s=96&d=mm&r=g\",\"contentUrl\":\"https:\/\/secure.gravatar.com\/avatar\/1889bcc5bdac8fd9b6eeace30610f03315e6508bbc8ac7e7162e6a2302cc21e6?s=96&d=mm&r=g\",\"caption\":\"Justine Brooks\"}}]}<\/script>\n<!-- \/ Yoast SEO plugin. -->","yoast_head_json":{"title":"CIFAR","description":"Trois journ\u00e9es consacr\u00e9es \u00e0 la science, \u00e0 la strat\u00e9gie et au r\u00e9seautage pour les chefs de file de la recherche en IA au Canada","robots":{"index":"index","follow":"follow","max-snippet":"max-snippet:-1","max-image-preview":"max-image-preview:large","max-video-preview":"max-video-preview:-1"},"canonical":"https:\/\/cifar.ca\/fr\/cifarnews\/2024\/06\/20\/des-titulaires-de-chaires-en-ia-canada-cifar-se-sont-reunis-a-banff-a-loccasion-de-la-rencontre-annuelle-diacan\/","og_locale":"fr_FR","og_type":"article","og_title":"Des titulaires de chaires en IA Canada-CIFAR se sont r\u00e9unis \u00e0 Banff \u00e0 l\u2019occasion de la rencontre annuelle d\u2019IACan - CIFAR","og_description":"Trois journ\u00e9es consacr\u00e9es \u00e0 la science, \u00e0 la strat\u00e9gie et au r\u00e9seautage pour les chefs de file de la recherche en IA au Canada","og_url":"https:\/\/cifar.ca\/fr\/cifarnews\/2024\/06\/20\/des-titulaires-de-chaires-en-ia-canada-cifar-se-sont-reunis-a-banff-a-loccasion-de-la-rencontre-annuelle-diacan\/","og_site_name":"CIFAR","article_published_time":"2024-06-20T12:00:34+00:00","article_modified_time":"2025-12-18T06:48:02+00:00","og_image":[{"width":2560,"height":1920,"url":"https:\/\/cifar.ca\/wp-content\/uploads\/2024\/06\/IMG_3303-scaled-e1718813124872.jpg","type":"image\/jpeg"}],"author":"Justine Brooks","twitter_card":"summary_large_image","twitter_misc":{"\u00c9crit par":"Justine Brooks","Dur\u00e9e de lecture estim\u00e9e":"5 minutes"},"schema":{"@context":"https:\/\/schema.org","@graph":[{"@type":"Article","@id":"https:\/\/cifar.ca\/fr\/cifarnews\/2024\/06\/20\/des-titulaires-de-chaires-en-ia-canada-cifar-se-sont-reunis-a-banff-a-loccasion-de-la-rencontre-annuelle-diacan\/#article","isPartOf":{"@id":"https:\/\/cifar.ca\/fr\/cifarnews\/2024\/06\/20\/des-titulaires-de-chaires-en-ia-canada-cifar-se-sont-reunis-a-banff-a-loccasion-de-la-rencontre-annuelle-diacan\/"},"author":{"name":"Justine Brooks","@id":"https:\/\/cifar.ca\/fr\/#\/schema\/person\/e2b54b4da40a11bc4916b20395422a32"},"headline":"Des titulaires de chaires en IA Canada-CIFAR se sont r\u00e9unis \u00e0 Banff \u00e0 l\u2019occasion de la rencontre annuelle d\u2019IACan","datePublished":"2024-06-20T12:00:34+00:00","dateModified":"2025-12-18T06:48:02+00:00","mainEntityOfPage":{"@id":"https:\/\/cifar.ca\/fr\/cifarnews\/2024\/06\/20\/des-titulaires-de-chaires-en-ia-canada-cifar-se-sont-reunis-a-banff-a-loccasion-de-la-rencontre-annuelle-diacan\/"},"wordCount":913,"publisher":{"@id":"https:\/\/cifar.ca\/fr\/#organization"},"image":{"@id":"https:\/\/cifar.ca\/fr\/cifarnews\/2024\/06\/20\/des-titulaires-de-chaires-en-ia-canada-cifar-se-sont-reunis-a-banff-a-loccasion-de-la-rencontre-annuelle-diacan\/#primaryimage"},"thumbnailUrl":"https:\/\/cifar.ca\/wp-content\/uploads\/2024\/06\/IMG_3303-scaled-e1718813124872.jpg","keywords":["Amii","Chaires en IA Canada-CIFAR","Elissa Strome","Mila","Pan-Canadian AI Strategy","Shakir Mohammed","Strat\u00e9gie pancanadienne en mati\u00e8re d\u2019IA","Vector Institute"],"articleSection":["Nouvelles","Strat\u00e9gie pancanadienne en mati\u00e8re d&#039;IA","z-CIFAR Pan-Canadian AI Strategy and News FR"],"inLanguage":"fr-FR"},{"@type":"WebPage","@id":"https:\/\/cifar.ca\/fr\/cifarnews\/2024\/06\/20\/des-titulaires-de-chaires-en-ia-canada-cifar-se-sont-reunis-a-banff-a-loccasion-de-la-rencontre-annuelle-diacan\/","url":"https:\/\/cifar.ca\/fr\/cifarnews\/2024\/06\/20\/des-titulaires-de-chaires-en-ia-canada-cifar-se-sont-reunis-a-banff-a-loccasion-de-la-rencontre-annuelle-diacan\/","name":"Des titulaires de chaires en IA Canada-CIFAR se sont r\u00e9unis \u00e0 Banff \u00e0 l\u2019occasion de la rencontre annuelle d\u2019IACan - CIFAR","isPartOf":{"@id":"https:\/\/cifar.ca\/fr\/#website"},"primaryImageOfPage":{"@id":"https:\/\/cifar.ca\/fr\/cifarnews\/2024\/06\/20\/des-titulaires-de-chaires-en-ia-canada-cifar-se-sont-reunis-a-banff-a-loccasion-de-la-rencontre-annuelle-diacan\/#primaryimage"},"image":{"@id":"https:\/\/cifar.ca\/fr\/cifarnews\/2024\/06\/20\/des-titulaires-de-chaires-en-ia-canada-cifar-se-sont-reunis-a-banff-a-loccasion-de-la-rencontre-annuelle-diacan\/#primaryimage"},"thumbnailUrl":"https:\/\/cifar.ca\/wp-content\/uploads\/2024\/06\/IMG_3303-scaled-e1718813124872.jpg","datePublished":"2024-06-20T12:00:34+00:00","dateModified":"2025-12-18T06:48:02+00:00","description":"Trois journ\u00e9es consacr\u00e9es \u00e0 la science, \u00e0 la strat\u00e9gie et au r\u00e9seautage pour les chefs de file de la recherche en IA au Canada","breadcrumb":{"@id":"https:\/\/cifar.ca\/fr\/cifarnews\/2024\/06\/20\/des-titulaires-de-chaires-en-ia-canada-cifar-se-sont-reunis-a-banff-a-loccasion-de-la-rencontre-annuelle-diacan\/#breadcrumb"},"inLanguage":"fr-FR","potentialAction":[{"@type":"ReadAction","target":["https:\/\/cifar.ca\/fr\/cifarnews\/2024\/06\/20\/des-titulaires-de-chaires-en-ia-canada-cifar-se-sont-reunis-a-banff-a-loccasion-de-la-rencontre-annuelle-diacan\/"]}]},{"@type":"ImageObject","inLanguage":"fr-FR","@id":"https:\/\/cifar.ca\/fr\/cifarnews\/2024\/06\/20\/des-titulaires-de-chaires-en-ia-canada-cifar-se-sont-reunis-a-banff-a-loccasion-de-la-rencontre-annuelle-diacan\/#primaryimage","url":"https:\/\/cifar.ca\/wp-content\/uploads\/2024\/06\/IMG_3303-scaled-e1718813124872.jpg","contentUrl":"https:\/\/cifar.ca\/wp-content\/uploads\/2024\/06\/IMG_3303-scaled-e1718813124872.jpg","width":2560,"height":1920,"caption":"A group of Canada CIFAR AI Chairs posing for a picture on a rocky trail with mountains and trees in the background"},{"@type":"BreadcrumbList","@id":"https:\/\/cifar.ca\/fr\/cifarnews\/2024\/06\/20\/des-titulaires-de-chaires-en-ia-canada-cifar-se-sont-reunis-a-banff-a-loccasion-de-la-rencontre-annuelle-diacan\/#breadcrumb","itemListElement":[{"@type":"ListItem","position":1,"name":"Acceuil","item":"https:\/\/cifar.ca\/fr\/"},{"@type":"ListItem","position":2,"name":"Des titulaires de chaires en IA Canada-CIFAR se sont r\u00e9unis \u00e0 Banff \u00e0 l\u2019occasion de la rencontre annuelle d\u2019IACan"}]},{"@type":"WebSite","@id":"https:\/\/cifar.ca\/fr\/#website","url":"https:\/\/cifar.ca\/fr\/","name":"CIFAR","description":"Convoquer des esprits extraordinaires pour r\u00e9pondre aux questions les plus importantes auxquelles la science et l'humanit\u00e9 sont confront\u00e9es.","publisher":{"@id":"https:\/\/cifar.ca\/fr\/#organization"},"potentialAction":[{"@type":"SearchAction","target":{"@type":"EntryPoint","urlTemplate":"https:\/\/cifar.ca\/fr\/?s={search_term_string}"},"query-input":{"@type":"PropertyValueSpecification","valueRequired":true,"valueName":"search_term_string"}}],"inLanguage":"fr-FR"},{"@type":"Organization","@id":"https:\/\/cifar.ca\/fr\/#organization","name":"CIFAR","url":"https:\/\/cifar.ca\/fr\/","logo":{"@type":"ImageObject","inLanguage":"fr-FR","@id":"https:\/\/cifar.ca\/fr\/#\/schema\/logo\/image\/","url":"https:\/\/cifar.ca\/wp-content\/uploads\/2020\/01\/cifar-logo-rgb-colour.png","contentUrl":"https:\/\/cifar.ca\/wp-content\/uploads\/2020\/01\/cifar-logo-rgb-colour.png","width":1884,"height":681,"caption":"CIFAR"},"image":{"@id":"https:\/\/cifar.ca\/fr\/#\/schema\/logo\/image\/"}},{"@type":"Person","@id":"https:\/\/cifar.ca\/fr\/#\/schema\/person\/e2b54b4da40a11bc4916b20395422a32","name":"Justine Brooks","image":{"@type":"ImageObject","inLanguage":"fr-FR","@id":"https:\/\/secure.gravatar.com\/avatar\/1889bcc5bdac8fd9b6eeace30610f03315e6508bbc8ac7e7162e6a2302cc21e6?s=96&d=mm&r=g","url":"https:\/\/secure.gravatar.com\/avatar\/1889bcc5bdac8fd9b6eeace30610f03315e6508bbc8ac7e7162e6a2302cc21e6?s=96&d=mm&r=g","contentUrl":"https:\/\/secure.gravatar.com\/avatar\/1889bcc5bdac8fd9b6eeace30610f03315e6508bbc8ac7e7162e6a2302cc21e6?s=96&d=mm&r=g","caption":"Justine Brooks"}}]}},"_links":{"self":[{"href":"https:\/\/cifar.ca\/fr\/wp-json\/wp\/v2\/posts\/58894","targetHints":{"allow":["GET"]}}],"collection":[{"href":"https:\/\/cifar.ca\/fr\/wp-json\/wp\/v2\/posts"}],"about":[{"href":"https:\/\/cifar.ca\/fr\/wp-json\/wp\/v2\/types\/post"}],"author":[{"embeddable":true,"href":"https:\/\/cifar.ca\/fr\/wp-json\/wp\/v2\/users\/63"}],"replies":[{"embeddable":true,"href":"https:\/\/cifar.ca\/fr\/wp-json\/wp\/v2\/comments?post=58894"}],"version-history":[{"count":0,"href":"https:\/\/cifar.ca\/fr\/wp-json\/wp\/v2\/posts\/58894\/revisions"}],"wp:featuredmedia":[{"embeddable":true,"href":"https:\/\/cifar.ca\/fr\/wp-json\/wp\/v2\/media\/58893"}],"wp:attachment":[{"href":"https:\/\/cifar.ca\/fr\/wp-json\/wp\/v2\/media?parent=58894"}],"wp:term":[{"taxonomy":"category","embeddable":true,"href":"https:\/\/cifar.ca\/fr\/wp-json\/wp\/v2\/categories?post=58894"},{"taxonomy":"post_tag","embeddable":true,"href":"https:\/\/cifar.ca\/fr\/wp-json\/wp\/v2\/tags?post=58894"}],"curies":[{"name":"wp","href":"https:\/\/api.w.org\/{rel}","templated":true}]}}