{"id":59114,"date":"2024-07-24T12:43:48","date_gmt":"2024-07-24T16:43:48","guid":{"rendered":"https:\/\/cifar.ca\/?p=59114"},"modified":"2025-12-18T01:47:54","modified_gmt":"2025-12-18T06:47:54","slug":"la-20e-edition-de-lecole-dete-sur-lapar-amene-au-canada-les-plus-brillants-esprits-du-monde-dans-le-domaine-de-lia","status":"publish","type":"post","link":"https:\/\/cifar.ca\/fr\/cifarnews\/2024\/07\/24\/la-20e-edition-de-lecole-dete-sur-lapar-amene-au-canada-les-plus-brillants-esprits-du-monde-dans-le-domaine-de-lia\/","title":{"rendered":"La 20e \u00e9dition de l\u2019\u00c9cole d\u2019\u00e9t\u00e9 sur l\u2019APAR am\u00e8ne au Canada les plus brillants esprits du monde dans le domaine de l\u2019IA"},"content":{"rendered":"<h3><span style=\"color: #da291c;\">L\u2019\u00e9v\u00e9nement de cette ann\u00e9e, organis\u00e9 par l\u2019Institut Vecteur, porte \u00e0 pr\u00e8s de 3\u2009000 le nombre de personnes dipl\u00f4m\u00e9es de l\u2019\u00c9cole d\u2019\u00e9t\u00e9<\/span><\/h3>\n<p>La 20e \u00e9dition annuelle de l\u2019\u00c9cole d\u2019\u00e9t\u00e9 du CIFAR sur l\u2019apprentissage profond et l\u2019apprentissage par renforcement (APAR), qui s\u2019est conclue la semaine derni\u00e8re \u00e0 l\u2019Institut Vecteur de Toronto, a r\u00e9uni une fois de plus des \u00e9tudiants et \u00e9tudiantes des cycles sup\u00e9rieurs, des stagiaires au postdoctorat et des sp\u00e9cialistes afin d\u2019approfondir leurs connaissances sur la recherche fondamentale, les nouveaux d\u00e9veloppements et les applications concr\u00e8tes de l\u2019intelligence artificielle.<\/p>\n<p>Pendant les 10 jours de l\u2019\u00e9v\u00e9nement, pr\u00e8s de 200 apprenants et apprenantes ont assist\u00e9 \u00e0 des conf\u00e9rences et \u00e0 des ateliers anim\u00e9s par des sp\u00e9cialistes sur l\u2019application de l\u2019apprentissage profond et de l\u2019apprentissage par renforcement dans un \u00e9ventail de domaines allant de la robotique \u00e0 l\u2019automatisation, en passant par l\u2019IA g\u00e9n\u00e9rative et la contribution de l\u2019IA aux progr\u00e8s de la science, des soins de sant\u00e9, de la m\u00e9decine, des jeux vid\u00e9o et de la cr\u00e9ation artistique. <\/p>\n<p>\u00c9galement au programme, des discussions pointues ont permis d\u2019approfondir des sujets tels que l\u2019\u00e9thique et la s\u00e9curit\u00e9, le savoir et la vision du monde autochtones ainsi que l\u2019avancement des solutions \u00e0 certains des d\u00e9fis les plus complexes de l\u2019IA fondamentale, tels que l\u2019alignement, la confidentialit\u00e9, l\u2019optimisation et la causalit\u00e9. <\/p>\n<figure id=\"attachment_59104\" aria-describedby=\"caption-attachment-59104\" style=\"width: 780px\" class=\"wp-caption alignnone\"><img loading=\"lazy\" decoding=\"async\" class=\"wp-image-59104 size-box_slider_tablet\" src=\"https:\/\/cifar.ca\/wp-content\/uploads\/2024\/07\/DLRLPanel-780x500.png\" alt=\"Photo de cinq personnes sur une sc\u00e8ne, assises sur des chaises et discutant.\" width=\"780\" height=\"500\" \/><figcaption id=\"caption-attachment-59104\" class=\"wp-caption-text\">Table ronde sur la s\u00e9curit\u00e9 de l\u2019IA \u00e0 l\u2019\u00c9cole d\u2019\u00e9t\u00e9 sur l\u2019APAR (de gauche \u00e0 droite) : Gus Skorburg, animateur (Universit\u00e9 de Guelph); Sheila McIlraith et Roger Grosse (titulaires d\u2019une chaire en IA Canada-CIFAR \u00e0 l\u2019Institut Vecteur); Joanna Redden (Universit\u00e9 Western).<\/figcaption><\/figure>\n<p>Environ la moiti\u00e9 des personnes pr\u00e9sentes \u00e9taient des \u00e9tudiantes et \u00e9tudiants \u00e9trangers, originaires de 25 pays du monde. \u00ab En 20 ans, l\u2019\u00c9cole d\u2019\u00e9t\u00e9 sur l\u2019APAR a pris de l\u2019envergure et constitue \u00e0 pr\u00e9sent une occasion en or, pour les talents les plus prometteurs de l\u2019IA dans le monde, de venir s\u2019informer sur les derni\u00e8res avanc\u00e9es du secteur, explique Elissa Strome, directrice ex\u00e9cutive de la Strat\u00e9gie pancanadienne en mati\u00e8re d\u2019IA du CIFAR. Les membres de nos cohortes sont \u00e0 l\u2019origine de certaines des plus grandes perc\u00e9es du domaine et attribuent souvent la naissance de leurs id\u00e9es et de leurs r\u00e9seaux de collaboration \u00e0 leur participation \u00e0 l\u2019\u00c9cole. De son c\u00f4t\u00e9, le Canada y trouve une main-d\u2019\u0153uvre et des r\u00e9seaux de recherche bonifi\u00e9s et diversifi\u00e9s en IA, ainsi que des possibilit\u00e9s accrues de partenariats mondiaux dans ce secteur important. Tout le monde y gagne. \u00bb<\/p>\n<figure id=\"attachment_59106\" aria-describedby=\"caption-attachment-59106\" style=\"width: 780px\" class=\"wp-caption alignnone\"><img loading=\"lazy\" decoding=\"async\" class=\"wp-image-59106 size-box_slider_tablet\" src=\"https:\/\/cifar.ca\/wp-content\/uploads\/2024\/07\/DLRL20panel-780x500.png\" alt=\"\nGroupe de quatre personnes sur sc\u00e8ne. L\u2019un tient un microphone et parle.\" width=\"780\" height=\"500\" \/><figcaption id=\"caption-attachment-59106\" class=\"wp-caption-text\">Discussion entre anciens \u00e9l\u00e8ves aux c\u00e9l\u00e9brations du 20e anniversaire de l\u2019\u00c9cole d\u2019\u00e9t\u00e9 sur l\u2019APAR (de gauche \u00e0 droite) : Murad Hemmadi, animateur (The Logic); Graham Taylor (titulaire d\u2019une chaire en IA Canada-CIFAR, Institut Vecteur); Luz Ang\u00e9lica Caudillo Mata (chercheuse principale en IA appliqu\u00e9e, MDA Space); Alex Cui (cofondateur et directeur de la technologie, GPTZero).<\/figcaption><\/figure>\n<p>\u00c0 la cl\u00f4ture de l\u2019\u00c9cole d\u2019\u00e9t\u00e9, le CIFAR a organis\u00e9 des c\u00e9l\u00e9brations sp\u00e9ciales pour souligner son 20e anniversaire. Les nouvelles personnes dipl\u00f4m\u00e9es se sont m\u00eal\u00e9es aux pan\u00e9listes et aux commanditaires, ont f\u00eat\u00e9 leurs r\u00e9alisations et nouvelles amiti\u00e9s au photomaton, et ont \u00e9cout\u00e9 attentivement les conseils d\u2019anciens \u00e9l\u00e8ves au sujet de leur carri\u00e8re. Elissa Strome les a encourag\u00e9s \u00e0 garder contact avec le CIFAR et les trois instituts d\u2019IA nationaux, leur conseillant de tirer avantage de leur statut de membre de la communaut\u00e9 canadienne de l\u2019IA, qui compte aujourd\u2019hui pr\u00e8s de 3\u2009000 personnes dipl\u00f4m\u00e9es de l\u2019\u00c9cole d\u2019\u00e9t\u00e9.<\/p>\n<p>Luz Ang\u00e9lica Caudillo Mata, une ancienne \u00e9l\u00e8ve de l\u2019\u00c9cole d\u2019\u00e9t\u00e9 aujourd\u2019hui chercheuse principale en IA appliqu\u00e9e chez MDA Space, a donn\u00e9 quelques conseils aux personnes qui s\u2019appr\u00eatent \u00e0 entreprendre une carri\u00e8re en IA, que ce soit dans l\u2019industrie ou dans le monde universitaire. \u00ab J\u2019aime me rappeler que je ne fais pas qu\u2019assister \u00e0 l\u2019\u00e9mergence de l\u2019IA; j\u2019y contribue. Tout le monde dans cette salle partage la responsabilit\u00e9 qui accompagne ce pouvoir. Vous pouvez vous en servir pour aider les autres \u00e0 int\u00e9grer le secteur, pour rendre les syst\u00e8mes plus \u00e9quitables et plus s\u00fbrs, mais aussi pour d\u00e9celer les lacunes et user de votre esprit d\u2019entreprise pour cr\u00e9er de nouvelles possibilit\u00e9s. Surtout, rappelez-vous que l\u2019IA n\u2019est pas quelque chose qui vous arrive, mais quelque chose que vous cr\u00e9ez. \u00bb <\/p>\n<figure id=\"attachment_59109\" aria-describedby=\"caption-attachment-59109\" style=\"width: 780px\" class=\"wp-caption alignnone\"><img loading=\"lazy\" decoding=\"async\" class=\"wp-image-59109 size-box_slider_tablet\" src=\"https:\/\/cifar.ca\/wp-content\/uploads\/2024\/07\/DLRLphotobooth-780x500.png\" alt=\"Un grand groupe d'\u00e9tudiants posant pour une photo. Certains l\u00e8vent la main et posent avec des expressions amusantes. Certains brandissent des drapeaux canadiens.\" width=\"780\" height=\"500\" \/><figcaption id=\"caption-attachment-59109\" class=\"wp-caption-text\">Les nouvelles personnes dipl\u00f4m\u00e9es de l\u2019\u00c9cole d\u2019\u00e9t\u00e9 l\u00e2chent leur fou dans le photomaton du 20e anniversaire.<\/figcaption><\/figure>\n<p>Le succ\u00e8s de l\u2019\u00c9cole d\u2019\u00e9t\u00e9 de cette ann\u00e9e n\u2019aurait pas \u00e9t\u00e9 possible sans la participation des commanditaires, qui ont \u00e9t\u00e9 mis de l\u2019avant lors d\u2019un salon de l\u2019emploi bond\u00e9 de monde, auquel ont particip\u00e9 les porte-parole d\u2019une dizaine d\u2019entreprises \u00e9tablies au Canada afin de discuter formation et emploi avec ces jeunes talents.   <\/p>\n<figure id=\"attachment_59111\" aria-describedby=\"caption-attachment-59111\" style=\"width: 780px\" class=\"wp-caption alignnone\"><img loading=\"lazy\" decoding=\"async\" class=\"alignnone wp-image-59111 size-box_slider_tablet\" src=\"https:\/\/cifar.ca\/wp-content\/uploads\/2024\/07\/DLRLCareerFair-780x500.png\" alt=\"La table de TELUS, l\u2019un des commanditaires de l\u2019\u00c9cole d\u2019\u00e9t\u00e9 2024, au salon de l\u2019emploi.\" width=\"780\" height=\"500\" \/><figcaption id=\"caption-attachment-59111\" class=\"wp-caption-text\">La table de TELUS, l\u2019un des commanditaires de l\u2019\u00c9cole d\u2019\u00e9t\u00e9 2024, au salon de l\u2019emploi.<\/figcaption><\/figure>\n<p>Le CIFAR et les Instituts d\u2019IA nationaux remercient sinc\u00e8rement les <a href=\"https:\/\/dlrl.ca\/fr\/\">commanditaires de cette ann\u00e9e<\/a> pour leur contribution \u00e0 l\u2019immense succ\u00e8s de l\u2019\u00c9cole d\u2019\u00e9t\u00e9 2024. <\/p>\n<p>\u2709\ufe0f <strong>N\u2019oubliez pas de vous abonner au <a href=\"https:\/\/cifar.ca\/fr\/abonnez-vous\/\">bulletin AICan du CIFAR<\/a> pour recevoir en primeur l\u2019information sur l\u2019\u00c9cole d\u2019\u00e9t\u00e9 2025, qui sera h\u00e9berg\u00e9e par l\u2019Amii \u00e0 Edmonton, en Alberta.<\/strong><\/p>\n","protected":false},"excerpt":{"rendered":"<p>L\u2019\u00e9v\u00e9nement de cette ann\u00e9e, organis\u00e9 par l\u2019Institut Vecteur, porte \u00e0 pr\u00e8s de 3\u2009000 le nombre de personnes dipl\u00f4m\u00e9es de l\u2019\u00c9cole d\u2019\u00e9t\u00e9 La 20e \u00e9dition annuelle [&hellip;]<\/p>\n","protected":false},"author":63,"featured_media":59103,"comment_status":"closed","ping_status":"closed","sticky":false,"template":"","format":"standard","meta":{"_acf_changed":false,"footnotes":""},"categories":[1771,5552,3972],"tags":[5110,6457,5556,5023],"class_list":["post-59114","post","type-post","status-publish","format-standard","has-post-thumbnail","hentry","category-nouvelles","category-cifar-nextgen-ai-training-programs-fr","category-strategie-pancanadienne-en-matiere-dia","tag-deep-learning-reinforcement-learning-summer-school-fr","tag-dlrl-fr","tag-next-gen-training-fr","tag-pan-canadian-ai-strategy-fr"],"acf":[],"yoast_head":"<!-- This site is optimized with the Yoast SEO plugin v27.2 - https:\/\/yoast.com\/product\/yoast-seo-wordpress\/ -->\n<title>CIFAR<\/title>\n<meta name=\"robots\" content=\"index, follow, max-snippet:-1, max-image-preview:large, max-video-preview:-1\" \/>\n<link rel=\"canonical\" href=\"https:\/\/cifar.ca\/fr\/cifarnews\/2024\/07\/24\/la-20e-edition-de-lecole-dete-sur-lapar-amene-au-canada-les-plus-brillants-esprits-du-monde-dans-le-domaine-de-lia\/\" \/>\n<meta property=\"og:locale\" content=\"fr_FR\" \/>\n<meta property=\"og:type\" content=\"article\" \/>\n<meta property=\"og:title\" content=\"La 20e \u00e9dition de l\u2019\u00c9cole d\u2019\u00e9t\u00e9 sur l\u2019APAR am\u00e8ne au Canada les plus brillants esprits du monde dans le domaine de l\u2019IA - CIFAR\" \/>\n<meta property=\"og:description\" content=\"L\u2019\u00e9v\u00e9nement de cette ann\u00e9e, organis\u00e9 par l\u2019Institut Vecteur, porte \u00e0 pr\u00e8s de 3\u2009000 le nombre de personnes dipl\u00f4m\u00e9es de l\u2019\u00c9cole d\u2019\u00e9t\u00e9 La 20e \u00e9dition annuelle [&hellip;]\" \/>\n<meta property=\"og:url\" content=\"https:\/\/cifar.ca\/fr\/cifarnews\/2024\/07\/24\/la-20e-edition-de-lecole-dete-sur-lapar-amene-au-canada-les-plus-brillants-esprits-du-monde-dans-le-domaine-de-lia\/\" \/>\n<meta property=\"og:site_name\" content=\"CIFAR\" \/>\n<meta property=\"article:published_time\" content=\"2024-07-24T16:43:48+00:00\" \/>\n<meta property=\"article:modified_time\" content=\"2025-12-18T06:47:54+00:00\" \/>\n<meta property=\"og:image\" content=\"https:\/\/cifar.ca\/wp-content\/uploads\/2024\/07\/DLRLgroupshot.png\" \/>\n\t<meta property=\"og:image:width\" content=\"1200\" \/>\n\t<meta property=\"og:image:height\" content=\"675\" \/>\n\t<meta property=\"og:image:type\" content=\"image\/png\" \/>\n<meta name=\"author\" content=\"Justine Brooks\" \/>\n<meta name=\"twitter:card\" content=\"summary_large_image\" \/>\n<meta name=\"twitter:label1\" content=\"\u00c9crit par\" \/>\n\t<meta name=\"twitter:data1\" content=\"Justine Brooks\" \/>\n\t<meta name=\"twitter:label2\" content=\"Dur\u00e9e de lecture estim\u00e9e\" \/>\n\t<meta name=\"twitter:data2\" content=\"5 minutes\" \/>\n<script type=\"application\/ld+json\" class=\"yoast-schema-graph\">{\"@context\":\"https:\/\/schema.org\",\"@graph\":[{\"@type\":\"Article\",\"@id\":\"https:\/\/cifar.ca\/fr\/cifarnews\/2024\/07\/24\/la-20e-edition-de-lecole-dete-sur-lapar-amene-au-canada-les-plus-brillants-esprits-du-monde-dans-le-domaine-de-lia\/#article\",\"isPartOf\":{\"@id\":\"https:\/\/cifar.ca\/fr\/cifarnews\/2024\/07\/24\/la-20e-edition-de-lecole-dete-sur-lapar-amene-au-canada-les-plus-brillants-esprits-du-monde-dans-le-domaine-de-lia\/\"},\"author\":{\"name\":\"Justine Brooks\",\"@id\":\"https:\/\/cifar.ca\/fr\/#\/schema\/person\/e2b54b4da40a11bc4916b20395422a32\"},\"headline\":\"La 20e \u00e9dition de l\u2019\u00c9cole d\u2019\u00e9t\u00e9 sur l\u2019APAR am\u00e8ne au Canada les plus brillants esprits du monde dans le domaine de l\u2019IA\",\"datePublished\":\"2024-07-24T16:43:48+00:00\",\"dateModified\":\"2025-12-18T06:47:54+00:00\",\"mainEntityOfPage\":{\"@id\":\"https:\/\/cifar.ca\/fr\/cifarnews\/2024\/07\/24\/la-20e-edition-de-lecole-dete-sur-lapar-amene-au-canada-les-plus-brillants-esprits-du-monde-dans-le-domaine-de-lia\/\"},\"wordCount\":1004,\"publisher\":{\"@id\":\"https:\/\/cifar.ca\/fr\/#organization\"},\"image\":{\"@id\":\"https:\/\/cifar.ca\/fr\/cifarnews\/2024\/07\/24\/la-20e-edition-de-lecole-dete-sur-lapar-amene-au-canada-les-plus-brillants-esprits-du-monde-dans-le-domaine-de-lia\/#primaryimage\"},\"thumbnailUrl\":\"https:\/\/cifar.ca\/wp-content\/uploads\/2024\/07\/DLRLgroupshot.png\",\"keywords\":[\"Deep Learning + Reinforcement Learning Summer School\",\"DLRL\",\"next-gen training\",\"Pan-Canadian AI Strategy\"],\"articleSection\":[\"Nouvelles\",\"Programmes de formation en IA du CIFAR destin\u00e9s \u00e0 la prochaine g\u00e9n\u00e9ration\",\"Strat\u00e9gie pancanadienne en mati\u00e8re d&#039;IA\"],\"inLanguage\":\"fr-FR\"},{\"@type\":\"WebPage\",\"@id\":\"https:\/\/cifar.ca\/fr\/cifarnews\/2024\/07\/24\/la-20e-edition-de-lecole-dete-sur-lapar-amene-au-canada-les-plus-brillants-esprits-du-monde-dans-le-domaine-de-lia\/\",\"url\":\"https:\/\/cifar.ca\/fr\/cifarnews\/2024\/07\/24\/la-20e-edition-de-lecole-dete-sur-lapar-amene-au-canada-les-plus-brillants-esprits-du-monde-dans-le-domaine-de-lia\/\",\"name\":\"La 20e \u00e9dition de l\u2019\u00c9cole d\u2019\u00e9t\u00e9 sur l\u2019APAR am\u00e8ne au Canada les plus brillants esprits du monde dans le domaine de l\u2019IA - CIFAR\",\"isPartOf\":{\"@id\":\"https:\/\/cifar.ca\/fr\/#website\"},\"primaryImageOfPage\":{\"@id\":\"https:\/\/cifar.ca\/fr\/cifarnews\/2024\/07\/24\/la-20e-edition-de-lecole-dete-sur-lapar-amene-au-canada-les-plus-brillants-esprits-du-monde-dans-le-domaine-de-lia\/#primaryimage\"},\"image\":{\"@id\":\"https:\/\/cifar.ca\/fr\/cifarnews\/2024\/07\/24\/la-20e-edition-de-lecole-dete-sur-lapar-amene-au-canada-les-plus-brillants-esprits-du-monde-dans-le-domaine-de-lia\/#primaryimage\"},\"thumbnailUrl\":\"https:\/\/cifar.ca\/wp-content\/uploads\/2024\/07\/DLRLgroupshot.png\",\"datePublished\":\"2024-07-24T16:43:48+00:00\",\"dateModified\":\"2025-12-18T06:47:54+00:00\",\"breadcrumb\":{\"@id\":\"https:\/\/cifar.ca\/fr\/cifarnews\/2024\/07\/24\/la-20e-edition-de-lecole-dete-sur-lapar-amene-au-canada-les-plus-brillants-esprits-du-monde-dans-le-domaine-de-lia\/#breadcrumb\"},\"inLanguage\":\"fr-FR\",\"potentialAction\":[{\"@type\":\"ReadAction\",\"target\":[\"https:\/\/cifar.ca\/fr\/cifarnews\/2024\/07\/24\/la-20e-edition-de-lecole-dete-sur-lapar-amene-au-canada-les-plus-brillants-esprits-du-monde-dans-le-domaine-de-lia\/\"]}]},{\"@type\":\"ImageObject\",\"inLanguage\":\"fr-FR\",\"@id\":\"https:\/\/cifar.ca\/fr\/cifarnews\/2024\/07\/24\/la-20e-edition-de-lecole-dete-sur-lapar-amene-au-canada-les-plus-brillants-esprits-du-monde-dans-le-domaine-de-lia\/#primaryimage\",\"url\":\"https:\/\/cifar.ca\/wp-content\/uploads\/2024\/07\/DLRLgroupshot.png\",\"contentUrl\":\"https:\/\/cifar.ca\/wp-content\/uploads\/2024\/07\/DLRLgroupshot.png\",\"width\":1200,\"height\":675,\"caption\":\"DLRL 2024 attendees pose for a group photo at the Vector Institute.\"},{\"@type\":\"BreadcrumbList\",\"@id\":\"https:\/\/cifar.ca\/fr\/cifarnews\/2024\/07\/24\/la-20e-edition-de-lecole-dete-sur-lapar-amene-au-canada-les-plus-brillants-esprits-du-monde-dans-le-domaine-de-lia\/#breadcrumb\",\"itemListElement\":[{\"@type\":\"ListItem\",\"position\":1,\"name\":\"Acceuil\",\"item\":\"https:\/\/cifar.ca\/fr\/\"},{\"@type\":\"ListItem\",\"position\":2,\"name\":\"La 20e \u00e9dition de l\u2019\u00c9cole d\u2019\u00e9t\u00e9 sur l\u2019APAR am\u00e8ne au Canada les plus brillants esprits du monde dans le domaine de l\u2019IA\"}]},{\"@type\":\"WebSite\",\"@id\":\"https:\/\/cifar.ca\/fr\/#website\",\"url\":\"https:\/\/cifar.ca\/fr\/\",\"name\":\"CIFAR\",\"description\":\"Convoquer des esprits extraordinaires pour r\u00e9pondre aux questions les plus importantes auxquelles la science et l'humanit\u00e9 sont confront\u00e9es.\",\"publisher\":{\"@id\":\"https:\/\/cifar.ca\/fr\/#organization\"},\"potentialAction\":[{\"@type\":\"SearchAction\",\"target\":{\"@type\":\"EntryPoint\",\"urlTemplate\":\"https:\/\/cifar.ca\/fr\/?s={search_term_string}\"},\"query-input\":{\"@type\":\"PropertyValueSpecification\",\"valueRequired\":true,\"valueName\":\"search_term_string\"}}],\"inLanguage\":\"fr-FR\"},{\"@type\":\"Organization\",\"@id\":\"https:\/\/cifar.ca\/fr\/#organization\",\"name\":\"CIFAR\",\"url\":\"https:\/\/cifar.ca\/fr\/\",\"logo\":{\"@type\":\"ImageObject\",\"inLanguage\":\"fr-FR\",\"@id\":\"https:\/\/cifar.ca\/fr\/#\/schema\/logo\/image\/\",\"url\":\"https:\/\/cifar.ca\/wp-content\/uploads\/2020\/01\/cifar-logo-rgb-colour.png\",\"contentUrl\":\"https:\/\/cifar.ca\/wp-content\/uploads\/2020\/01\/cifar-logo-rgb-colour.png\",\"width\":1884,\"height\":681,\"caption\":\"CIFAR\"},\"image\":{\"@id\":\"https:\/\/cifar.ca\/fr\/#\/schema\/logo\/image\/\"}},{\"@type\":\"Person\",\"@id\":\"https:\/\/cifar.ca\/fr\/#\/schema\/person\/e2b54b4da40a11bc4916b20395422a32\",\"name\":\"Justine Brooks\",\"image\":{\"@type\":\"ImageObject\",\"inLanguage\":\"fr-FR\",\"@id\":\"https:\/\/secure.gravatar.com\/avatar\/1889bcc5bdac8fd9b6eeace30610f03315e6508bbc8ac7e7162e6a2302cc21e6?s=96&d=mm&r=g\",\"url\":\"https:\/\/secure.gravatar.com\/avatar\/1889bcc5bdac8fd9b6eeace30610f03315e6508bbc8ac7e7162e6a2302cc21e6?s=96&d=mm&r=g\",\"contentUrl\":\"https:\/\/secure.gravatar.com\/avatar\/1889bcc5bdac8fd9b6eeace30610f03315e6508bbc8ac7e7162e6a2302cc21e6?s=96&d=mm&r=g\",\"caption\":\"Justine Brooks\"}}]}<\/script>\n<!-- \/ Yoast SEO plugin. -->","yoast_head_json":{"title":"CIFAR","robots":{"index":"index","follow":"follow","max-snippet":"max-snippet:-1","max-image-preview":"max-image-preview:large","max-video-preview":"max-video-preview:-1"},"canonical":"https:\/\/cifar.ca\/fr\/cifarnews\/2024\/07\/24\/la-20e-edition-de-lecole-dete-sur-lapar-amene-au-canada-les-plus-brillants-esprits-du-monde-dans-le-domaine-de-lia\/","og_locale":"fr_FR","og_type":"article","og_title":"La 20e \u00e9dition de l\u2019\u00c9cole d\u2019\u00e9t\u00e9 sur l\u2019APAR am\u00e8ne au Canada les plus brillants esprits du monde dans le domaine de l\u2019IA - CIFAR","og_description":"L\u2019\u00e9v\u00e9nement de cette ann\u00e9e, organis\u00e9 par l\u2019Institut Vecteur, porte \u00e0 pr\u00e8s de 3\u2009000 le nombre de personnes dipl\u00f4m\u00e9es de l\u2019\u00c9cole d\u2019\u00e9t\u00e9 La 20e \u00e9dition annuelle [&hellip;]","og_url":"https:\/\/cifar.ca\/fr\/cifarnews\/2024\/07\/24\/la-20e-edition-de-lecole-dete-sur-lapar-amene-au-canada-les-plus-brillants-esprits-du-monde-dans-le-domaine-de-lia\/","og_site_name":"CIFAR","article_published_time":"2024-07-24T16:43:48+00:00","article_modified_time":"2025-12-18T06:47:54+00:00","og_image":[{"width":1200,"height":675,"url":"https:\/\/cifar.ca\/wp-content\/uploads\/2024\/07\/DLRLgroupshot.png","type":"image\/png"}],"author":"Justine Brooks","twitter_card":"summary_large_image","twitter_misc":{"\u00c9crit par":"Justine Brooks","Dur\u00e9e de lecture estim\u00e9e":"5 minutes"},"schema":{"@context":"https:\/\/schema.org","@graph":[{"@type":"Article","@id":"https:\/\/cifar.ca\/fr\/cifarnews\/2024\/07\/24\/la-20e-edition-de-lecole-dete-sur-lapar-amene-au-canada-les-plus-brillants-esprits-du-monde-dans-le-domaine-de-lia\/#article","isPartOf":{"@id":"https:\/\/cifar.ca\/fr\/cifarnews\/2024\/07\/24\/la-20e-edition-de-lecole-dete-sur-lapar-amene-au-canada-les-plus-brillants-esprits-du-monde-dans-le-domaine-de-lia\/"},"author":{"name":"Justine Brooks","@id":"https:\/\/cifar.ca\/fr\/#\/schema\/person\/e2b54b4da40a11bc4916b20395422a32"},"headline":"La 20e \u00e9dition de l\u2019\u00c9cole d\u2019\u00e9t\u00e9 sur l\u2019APAR am\u00e8ne au Canada les plus brillants esprits du monde dans le domaine de l\u2019IA","datePublished":"2024-07-24T16:43:48+00:00","dateModified":"2025-12-18T06:47:54+00:00","mainEntityOfPage":{"@id":"https:\/\/cifar.ca\/fr\/cifarnews\/2024\/07\/24\/la-20e-edition-de-lecole-dete-sur-lapar-amene-au-canada-les-plus-brillants-esprits-du-monde-dans-le-domaine-de-lia\/"},"wordCount":1004,"publisher":{"@id":"https:\/\/cifar.ca\/fr\/#organization"},"image":{"@id":"https:\/\/cifar.ca\/fr\/cifarnews\/2024\/07\/24\/la-20e-edition-de-lecole-dete-sur-lapar-amene-au-canada-les-plus-brillants-esprits-du-monde-dans-le-domaine-de-lia\/#primaryimage"},"thumbnailUrl":"https:\/\/cifar.ca\/wp-content\/uploads\/2024\/07\/DLRLgroupshot.png","keywords":["Deep Learning + Reinforcement Learning Summer School","DLRL","next-gen training","Pan-Canadian AI Strategy"],"articleSection":["Nouvelles","Programmes de formation en IA du CIFAR destin\u00e9s \u00e0 la prochaine g\u00e9n\u00e9ration","Strat\u00e9gie pancanadienne en mati\u00e8re d&#039;IA"],"inLanguage":"fr-FR"},{"@type":"WebPage","@id":"https:\/\/cifar.ca\/fr\/cifarnews\/2024\/07\/24\/la-20e-edition-de-lecole-dete-sur-lapar-amene-au-canada-les-plus-brillants-esprits-du-monde-dans-le-domaine-de-lia\/","url":"https:\/\/cifar.ca\/fr\/cifarnews\/2024\/07\/24\/la-20e-edition-de-lecole-dete-sur-lapar-amene-au-canada-les-plus-brillants-esprits-du-monde-dans-le-domaine-de-lia\/","name":"La 20e \u00e9dition de l\u2019\u00c9cole d\u2019\u00e9t\u00e9 sur l\u2019APAR am\u00e8ne au Canada les plus brillants esprits du monde dans le domaine de l\u2019IA - CIFAR","isPartOf":{"@id":"https:\/\/cifar.ca\/fr\/#website"},"primaryImageOfPage":{"@id":"https:\/\/cifar.ca\/fr\/cifarnews\/2024\/07\/24\/la-20e-edition-de-lecole-dete-sur-lapar-amene-au-canada-les-plus-brillants-esprits-du-monde-dans-le-domaine-de-lia\/#primaryimage"},"image":{"@id":"https:\/\/cifar.ca\/fr\/cifarnews\/2024\/07\/24\/la-20e-edition-de-lecole-dete-sur-lapar-amene-au-canada-les-plus-brillants-esprits-du-monde-dans-le-domaine-de-lia\/#primaryimage"},"thumbnailUrl":"https:\/\/cifar.ca\/wp-content\/uploads\/2024\/07\/DLRLgroupshot.png","datePublished":"2024-07-24T16:43:48+00:00","dateModified":"2025-12-18T06:47:54+00:00","breadcrumb":{"@id":"https:\/\/cifar.ca\/fr\/cifarnews\/2024\/07\/24\/la-20e-edition-de-lecole-dete-sur-lapar-amene-au-canada-les-plus-brillants-esprits-du-monde-dans-le-domaine-de-lia\/#breadcrumb"},"inLanguage":"fr-FR","potentialAction":[{"@type":"ReadAction","target":["https:\/\/cifar.ca\/fr\/cifarnews\/2024\/07\/24\/la-20e-edition-de-lecole-dete-sur-lapar-amene-au-canada-les-plus-brillants-esprits-du-monde-dans-le-domaine-de-lia\/"]}]},{"@type":"ImageObject","inLanguage":"fr-FR","@id":"https:\/\/cifar.ca\/fr\/cifarnews\/2024\/07\/24\/la-20e-edition-de-lecole-dete-sur-lapar-amene-au-canada-les-plus-brillants-esprits-du-monde-dans-le-domaine-de-lia\/#primaryimage","url":"https:\/\/cifar.ca\/wp-content\/uploads\/2024\/07\/DLRLgroupshot.png","contentUrl":"https:\/\/cifar.ca\/wp-content\/uploads\/2024\/07\/DLRLgroupshot.png","width":1200,"height":675,"caption":"DLRL 2024 attendees pose for a group photo at the Vector Institute."},{"@type":"BreadcrumbList","@id":"https:\/\/cifar.ca\/fr\/cifarnews\/2024\/07\/24\/la-20e-edition-de-lecole-dete-sur-lapar-amene-au-canada-les-plus-brillants-esprits-du-monde-dans-le-domaine-de-lia\/#breadcrumb","itemListElement":[{"@type":"ListItem","position":1,"name":"Acceuil","item":"https:\/\/cifar.ca\/fr\/"},{"@type":"ListItem","position":2,"name":"La 20e \u00e9dition de l\u2019\u00c9cole d\u2019\u00e9t\u00e9 sur l\u2019APAR am\u00e8ne au Canada les plus brillants esprits du monde dans le domaine de l\u2019IA"}]},{"@type":"WebSite","@id":"https:\/\/cifar.ca\/fr\/#website","url":"https:\/\/cifar.ca\/fr\/","name":"CIFAR","description":"Convoquer des esprits extraordinaires pour r\u00e9pondre aux questions les plus importantes auxquelles la science et l'humanit\u00e9 sont confront\u00e9es.","publisher":{"@id":"https:\/\/cifar.ca\/fr\/#organization"},"potentialAction":[{"@type":"SearchAction","target":{"@type":"EntryPoint","urlTemplate":"https:\/\/cifar.ca\/fr\/?s={search_term_string}"},"query-input":{"@type":"PropertyValueSpecification","valueRequired":true,"valueName":"search_term_string"}}],"inLanguage":"fr-FR"},{"@type":"Organization","@id":"https:\/\/cifar.ca\/fr\/#organization","name":"CIFAR","url":"https:\/\/cifar.ca\/fr\/","logo":{"@type":"ImageObject","inLanguage":"fr-FR","@id":"https:\/\/cifar.ca\/fr\/#\/schema\/logo\/image\/","url":"https:\/\/cifar.ca\/wp-content\/uploads\/2020\/01\/cifar-logo-rgb-colour.png","contentUrl":"https:\/\/cifar.ca\/wp-content\/uploads\/2020\/01\/cifar-logo-rgb-colour.png","width":1884,"height":681,"caption":"CIFAR"},"image":{"@id":"https:\/\/cifar.ca\/fr\/#\/schema\/logo\/image\/"}},{"@type":"Person","@id":"https:\/\/cifar.ca\/fr\/#\/schema\/person\/e2b54b4da40a11bc4916b20395422a32","name":"Justine Brooks","image":{"@type":"ImageObject","inLanguage":"fr-FR","@id":"https:\/\/secure.gravatar.com\/avatar\/1889bcc5bdac8fd9b6eeace30610f03315e6508bbc8ac7e7162e6a2302cc21e6?s=96&d=mm&r=g","url":"https:\/\/secure.gravatar.com\/avatar\/1889bcc5bdac8fd9b6eeace30610f03315e6508bbc8ac7e7162e6a2302cc21e6?s=96&d=mm&r=g","contentUrl":"https:\/\/secure.gravatar.com\/avatar\/1889bcc5bdac8fd9b6eeace30610f03315e6508bbc8ac7e7162e6a2302cc21e6?s=96&d=mm&r=g","caption":"Justine Brooks"}}]}},"_links":{"self":[{"href":"https:\/\/cifar.ca\/fr\/wp-json\/wp\/v2\/posts\/59114","targetHints":{"allow":["GET"]}}],"collection":[{"href":"https:\/\/cifar.ca\/fr\/wp-json\/wp\/v2\/posts"}],"about":[{"href":"https:\/\/cifar.ca\/fr\/wp-json\/wp\/v2\/types\/post"}],"author":[{"embeddable":true,"href":"https:\/\/cifar.ca\/fr\/wp-json\/wp\/v2\/users\/63"}],"replies":[{"embeddable":true,"href":"https:\/\/cifar.ca\/fr\/wp-json\/wp\/v2\/comments?post=59114"}],"version-history":[{"count":0,"href":"https:\/\/cifar.ca\/fr\/wp-json\/wp\/v2\/posts\/59114\/revisions"}],"wp:featuredmedia":[{"embeddable":true,"href":"https:\/\/cifar.ca\/fr\/wp-json\/wp\/v2\/media\/59103"}],"wp:attachment":[{"href":"https:\/\/cifar.ca\/fr\/wp-json\/wp\/v2\/media?parent=59114"}],"wp:term":[{"taxonomy":"category","embeddable":true,"href":"https:\/\/cifar.ca\/fr\/wp-json\/wp\/v2\/categories?post=59114"},{"taxonomy":"post_tag","embeddable":true,"href":"https:\/\/cifar.ca\/fr\/wp-json\/wp\/v2\/tags?post=59114"}],"curies":[{"name":"wp","href":"https:\/\/api.w.org\/{rel}","templated":true}]}}