{"id":59581,"date":"2024-09-17T14:52:43","date_gmt":"2024-09-17T18:52:43","guid":{"rendered":"https:\/\/cifar.ca\/?p=59581"},"modified":"2025-12-18T01:47:48","modified_gmt":"2025-12-18T06:47:48","slug":"le-cifar-accueille-irfhan-rawji-en-qualite-de-president-du-conseil-dadministration","status":"publish","type":"post","link":"https:\/\/cifar.ca\/fr\/cifarnews\/2024\/09\/17\/le-cifar-accueille-irfhan-rawji-en-qualite-de-president-du-conseil-dadministration\/","title":{"rendered":"Le CIFAR accueille Irfhan Rawji en qualit\u00e9 de pr\u00e9sident du conseil d\u2019administration"},"content":{"rendered":"<h2><span style=\"color: #da291c;\"><strong>La transition de la pr\u00e9sidence et les autres nominations se font alors que le CIFAR s\u2019engage dans une nouvelle strat\u00e9gie.<\/strong><\/span><\/h2>\n<p><span style=\"font-weight: 400;\">Le CIFAR a annonc\u00e9 aujourd\u2019hui la nomination d\u2019Irfhan Rawji \u00e0 la pr\u00e9sidence de son conseil d\u2019administration, succ\u00e9dant \u00e0 William (Bill) Young, en poste depuis 2020.<\/span><span style=\"font-weight: 400;\"><br \/>\n<\/span><span style=\"font-weight: 400;\"><br \/>\n<\/span><span style=\"font-weight: 400;\"> \u00c9minent leader dans les domaines du capital-risque et de la finance sociale, Rawji apporte une grande expertise \u00e0 ce poste. Il est associ\u00e9 directeur chez Relay Ventures, une soci\u00e9t\u00e9 de capital-risque en d\u00e9marrage, et chez Realize Capital Partners, un gestionnaire d\u2019actifs en finance sociale qui dispose d\u2019un investissement d\u2019ancrage de 135 millions de dollars du gouvernement du Canada. Rawji a aussi fond\u00e9 MobSquad, une jeune entreprise dont l\u2019objectif est d\u2019attirer des talents de calibre mondial dans le domaine des technologies au Canada. Rawji s\u2019est joint au conseil d\u2019administration du CIFAR en 2021.<\/span><span style=\"font-weight: 400;\"><br \/>\n<\/span><span style=\"font-weight: 400;\"><br \/>\n<\/span><span style=\"font-weight: 400;\"> \u00ab\u2009Je suis ravi et honor\u00e9 d\u2019assumer ce r\u00f4le \u00e0 un moment aussi d\u00e9terminant pour l\u2019organisation\u2009\u00bb, a d\u00e9clar\u00e9 Rawji. \u00ab\u2009La nouvelle<\/span><a href=\"https:\/\/d.docs.live.net\/e161210626056728\/Documents\/CIFAR\/ICRA\/Divers\/2024\/9-Septembre\/%C2%BBhttps:\/cifar.ca\/strategy\/\"> <span style=\"font-weight: 400;\">Strat\u00e9gie<\/span><\/a><span style=\"font-weight: 400;\"> du CIFAR trace une voie stimulante pour relever les d\u00e9fis mondiaux et favoriser l\u2019impact au Canada et dans le monde entier. Je me r\u00e9jouis de travailler avec le conseil d\u2019administration et la direction pour faire progresser cette vision audacieuse et veiller \u00e0 ce que nous atteignions notre aspiration premi\u00e8re.\u2009\u00bb<\/span><\/p>\n<p><span style=\"font-weight: 400;\">\u00ab\u2009Irfhan apporte une profonde exp\u00e9rience en mati\u00e8re de leadership et un engagement in\u00e9branlable en faveur de l\u2019innovation. Nous sommes ravis de pouvoir compter sur sa perspicacit\u00e9 et son expertise \u00e0 la pr\u00e9sidence du conseil en cette p\u00e9riode de renouveau pour le CIFAR\u2009\u00bb, a d\u00e9clar\u00e9 Stephen Toope, pr\u00e9sident et chef de la direction du CIFAR, qui a \u00e9galement remerci\u00e9 chaleureusement le pr\u00e9sident sortant, Bill Young.<\/span><\/p>\n<p><span style=\"font-weight: 400;\">\u00ab\u2009Bill a \u00e9t\u00e9 un leader d\u00e9termin\u00e9 pendant son mandat en tant que pr\u00e9sident, aidant \u00e0 renforcer la mission et l\u2019impact mondial du CIFAR. Ses contributions depuis son entr\u00e9e en fonction en 2014 ont \u00e9t\u00e9 inestimables et nous lui sommes profond\u00e9ment reconnaissants de ses services.\u2009\u00bb<\/span><\/p>\n<p><span style=\"font-weight: 400;\">En parall\u00e8le avec la nomination de Rawji, le CIFAR a \u00e9galement annonc\u00e9 d\u2019autres changements au sein du conseil d\u2019administration : Damon Williams a \u00e9t\u00e9 nomm\u00e9 pr\u00e9sident du comit\u00e9 des placements et Jason McLean a \u00e9t\u00e9 nomm\u00e9 pr\u00e9sident du comit\u00e9 d\u2019audit et des finances. Gilles Ouellette se joindra aux administrateurs \u00e9m\u00e9rites.<\/span><\/p>\n","protected":false},"excerpt":{"rendered":"<p>La transition de la pr\u00e9sidence et les autres nominations se font alors que le CIFAR s\u2019engage dans une nouvelle strat\u00e9gie. Le CIFAR a annonc\u00e9 aujourd\u2019hui [&hellip;]<\/p>\n","protected":false},"author":51,"featured_media":59580,"comment_status":"closed","ping_status":"closed","sticky":false,"template":"","format":"standard","meta":{"_acf_changed":false,"footnotes":""},"categories":[4010,1771],"tags":[5972,6141],"class_list":["post-59581","post","type-post","status-publish","format-standard","has-post-thumbnail","hentry","category-annonce-fr","category-nouvelles","tag-board-of-directors-fr","tag-irfhan-rawji-fr"],"acf":[],"yoast_head":"<!-- This site is optimized with the Yoast SEO plugin v27.2 - https:\/\/yoast.com\/product\/yoast-seo-wordpress\/ -->\n<title>CIFAR<\/title>\n<meta name=\"description\" content=\"Le CIFAR a annonc\u00e9 aujourd\u2019hui la nomination d\u2019Irfhan Rawji \u00e0 la pr\u00e9sidence de son conseil d\u2019administration, succ\u00e9dant \u00e0 William (Bill) Young, en poste depuis 2020.\" \/>\n<meta name=\"robots\" content=\"index, follow, max-snippet:-1, max-image-preview:large, max-video-preview:-1\" \/>\n<link rel=\"canonical\" href=\"https:\/\/cifar.ca\/fr\/cifarnews\/2024\/09\/17\/le-cifar-accueille-irfhan-rawji-en-qualite-de-president-du-conseil-dadministration\/\" \/>\n<meta property=\"og:locale\" content=\"fr_FR\" \/>\n<meta property=\"og:type\" content=\"article\" \/>\n<meta property=\"og:title\" content=\"Le CIFAR accueille Irfhan Rawji en qualit\u00e9 de pr\u00e9sident du conseil d\u2019administration - CIFAR\" \/>\n<meta property=\"og:description\" content=\"Le CIFAR a annonc\u00e9 aujourd\u2019hui la nomination d\u2019Irfhan Rawji \u00e0 la pr\u00e9sidence de son conseil d\u2019administration, succ\u00e9dant \u00e0 William (Bill) Young, en poste depuis 2020.\" \/>\n<meta property=\"og:url\" content=\"https:\/\/cifar.ca\/fr\/cifarnews\/2024\/09\/17\/le-cifar-accueille-irfhan-rawji-en-qualite-de-president-du-conseil-dadministration\/\" \/>\n<meta property=\"og:site_name\" content=\"CIFAR\" \/>\n<meta property=\"article:published_time\" content=\"2024-09-17T18:52:43+00:00\" \/>\n<meta property=\"article:modified_time\" content=\"2025-12-18T06:47:48+00:00\" \/>\n<meta property=\"og:image\" content=\"https:\/\/cifar.ca\/wp-content\/uploads\/2024\/09\/Irfhan-Rawji-banner.jpg\" \/>\n\t<meta property=\"og:image:width\" content=\"1920\" \/>\n\t<meta property=\"og:image:height\" content=\"1080\" \/>\n\t<meta property=\"og:image:type\" content=\"image\/jpeg\" \/>\n<meta name=\"author\" content=\"Liz Do\" \/>\n<meta name=\"twitter:card\" content=\"summary_large_image\" \/>\n<meta name=\"twitter:label1\" content=\"\u00c9crit par\" \/>\n\t<meta name=\"twitter:data1\" content=\"Liz Do\" \/>\n\t<meta name=\"twitter:label2\" content=\"Dur\u00e9e de lecture estim\u00e9e\" \/>\n\t<meta name=\"twitter:data2\" content=\"2 minutes\" \/>\n<script type=\"application\/ld+json\" class=\"yoast-schema-graph\">{\"@context\":\"https:\/\/schema.org\",\"@graph\":[{\"@type\":\"Article\",\"@id\":\"https:\/\/cifar.ca\/fr\/cifarnews\/2024\/09\/17\/le-cifar-accueille-irfhan-rawji-en-qualite-de-president-du-conseil-dadministration\/#article\",\"isPartOf\":{\"@id\":\"https:\/\/cifar.ca\/fr\/cifarnews\/2024\/09\/17\/le-cifar-accueille-irfhan-rawji-en-qualite-de-president-du-conseil-dadministration\/\"},\"author\":{\"name\":\"Liz Do\",\"@id\":\"https:\/\/cifar.ca\/fr\/#\/schema\/person\/772cd357eac17dc0f6b7e10b7d80a1b4\"},\"headline\":\"Le CIFAR accueille Irfhan Rawji en qualit\u00e9 de pr\u00e9sident du conseil d\u2019administration\",\"datePublished\":\"2024-09-17T18:52:43+00:00\",\"dateModified\":\"2025-12-18T06:47:48+00:00\",\"mainEntityOfPage\":{\"@id\":\"https:\/\/cifar.ca\/fr\/cifarnews\/2024\/09\/17\/le-cifar-accueille-irfhan-rawji-en-qualite-de-president-du-conseil-dadministration\/\"},\"wordCount\":416,\"publisher\":{\"@id\":\"https:\/\/cifar.ca\/fr\/#organization\"},\"image\":{\"@id\":\"https:\/\/cifar.ca\/fr\/cifarnews\/2024\/09\/17\/le-cifar-accueille-irfhan-rawji-en-qualite-de-president-du-conseil-dadministration\/#primaryimage\"},\"thumbnailUrl\":\"https:\/\/cifar.ca\/wp-content\/uploads\/2024\/09\/Irfhan-Rawji-banner.jpg\",\"keywords\":[\"Board of Directors\",\"Irfhan Rawji\"],\"articleSection\":[\"Annonce\",\"Nouvelles\"],\"inLanguage\":\"fr-FR\"},{\"@type\":\"WebPage\",\"@id\":\"https:\/\/cifar.ca\/fr\/cifarnews\/2024\/09\/17\/le-cifar-accueille-irfhan-rawji-en-qualite-de-president-du-conseil-dadministration\/\",\"url\":\"https:\/\/cifar.ca\/fr\/cifarnews\/2024\/09\/17\/le-cifar-accueille-irfhan-rawji-en-qualite-de-president-du-conseil-dadministration\/\",\"name\":\"Le CIFAR accueille Irfhan Rawji en qualit\u00e9 de pr\u00e9sident du conseil d\u2019administration - CIFAR\",\"isPartOf\":{\"@id\":\"https:\/\/cifar.ca\/fr\/#website\"},\"primaryImageOfPage\":{\"@id\":\"https:\/\/cifar.ca\/fr\/cifarnews\/2024\/09\/17\/le-cifar-accueille-irfhan-rawji-en-qualite-de-president-du-conseil-dadministration\/#primaryimage\"},\"image\":{\"@id\":\"https:\/\/cifar.ca\/fr\/cifarnews\/2024\/09\/17\/le-cifar-accueille-irfhan-rawji-en-qualite-de-president-du-conseil-dadministration\/#primaryimage\"},\"thumbnailUrl\":\"https:\/\/cifar.ca\/wp-content\/uploads\/2024\/09\/Irfhan-Rawji-banner.jpg\",\"datePublished\":\"2024-09-17T18:52:43+00:00\",\"dateModified\":\"2025-12-18T06:47:48+00:00\",\"description\":\"Le CIFAR a annonc\u00e9 aujourd\u2019hui la nomination d\u2019Irfhan Rawji \u00e0 la pr\u00e9sidence de son conseil d\u2019administration, succ\u00e9dant \u00e0 William (Bill) Young, en poste depuis 2020.\",\"breadcrumb\":{\"@id\":\"https:\/\/cifar.ca\/fr\/cifarnews\/2024\/09\/17\/le-cifar-accueille-irfhan-rawji-en-qualite-de-president-du-conseil-dadministration\/#breadcrumb\"},\"inLanguage\":\"fr-FR\",\"potentialAction\":[{\"@type\":\"ReadAction\",\"target\":[\"https:\/\/cifar.ca\/fr\/cifarnews\/2024\/09\/17\/le-cifar-accueille-irfhan-rawji-en-qualite-de-president-du-conseil-dadministration\/\"]}]},{\"@type\":\"ImageObject\",\"inLanguage\":\"fr-FR\",\"@id\":\"https:\/\/cifar.ca\/fr\/cifarnews\/2024\/09\/17\/le-cifar-accueille-irfhan-rawji-en-qualite-de-president-du-conseil-dadministration\/#primaryimage\",\"url\":\"https:\/\/cifar.ca\/wp-content\/uploads\/2024\/09\/Irfhan-Rawji-banner.jpg\",\"contentUrl\":\"https:\/\/cifar.ca\/wp-content\/uploads\/2024\/09\/Irfhan-Rawji-banner.jpg\",\"width\":1920,\"height\":1080},{\"@type\":\"BreadcrumbList\",\"@id\":\"https:\/\/cifar.ca\/fr\/cifarnews\/2024\/09\/17\/le-cifar-accueille-irfhan-rawji-en-qualite-de-president-du-conseil-dadministration\/#breadcrumb\",\"itemListElement\":[{\"@type\":\"ListItem\",\"position\":1,\"name\":\"Acceuil\",\"item\":\"https:\/\/cifar.ca\/fr\/\"},{\"@type\":\"ListItem\",\"position\":2,\"name\":\"Le CIFAR accueille Irfhan Rawji en qualit\u00e9 de pr\u00e9sident du conseil d\u2019administration\"}]},{\"@type\":\"WebSite\",\"@id\":\"https:\/\/cifar.ca\/fr\/#website\",\"url\":\"https:\/\/cifar.ca\/fr\/\",\"name\":\"CIFAR\",\"description\":\"Convoquer des esprits extraordinaires pour r\u00e9pondre aux questions les plus importantes auxquelles la science et l'humanit\u00e9 sont confront\u00e9es.\",\"publisher\":{\"@id\":\"https:\/\/cifar.ca\/fr\/#organization\"},\"potentialAction\":[{\"@type\":\"SearchAction\",\"target\":{\"@type\":\"EntryPoint\",\"urlTemplate\":\"https:\/\/cifar.ca\/fr\/?s={search_term_string}\"},\"query-input\":{\"@type\":\"PropertyValueSpecification\",\"valueRequired\":true,\"valueName\":\"search_term_string\"}}],\"inLanguage\":\"fr-FR\"},{\"@type\":\"Organization\",\"@id\":\"https:\/\/cifar.ca\/fr\/#organization\",\"name\":\"CIFAR\",\"url\":\"https:\/\/cifar.ca\/fr\/\",\"logo\":{\"@type\":\"ImageObject\",\"inLanguage\":\"fr-FR\",\"@id\":\"https:\/\/cifar.ca\/fr\/#\/schema\/logo\/image\/\",\"url\":\"https:\/\/cifar.ca\/wp-content\/uploads\/2020\/01\/cifar-logo-rgb-colour.png\",\"contentUrl\":\"https:\/\/cifar.ca\/wp-content\/uploads\/2020\/01\/cifar-logo-rgb-colour.png\",\"width\":1884,\"height\":681,\"caption\":\"CIFAR\"},\"image\":{\"@id\":\"https:\/\/cifar.ca\/fr\/#\/schema\/logo\/image\/\"}},{\"@type\":\"Person\",\"@id\":\"https:\/\/cifar.ca\/fr\/#\/schema\/person\/772cd357eac17dc0f6b7e10b7d80a1b4\",\"name\":\"Liz Do\",\"image\":{\"@type\":\"ImageObject\",\"inLanguage\":\"fr-FR\",\"@id\":\"https:\/\/secure.gravatar.com\/avatar\/a6ad5f6c430679a96d91b356a7ca4753a816c0906754bb4951fe5f5ea1ee7973?s=96&d=mm&r=g\",\"url\":\"https:\/\/secure.gravatar.com\/avatar\/a6ad5f6c430679a96d91b356a7ca4753a816c0906754bb4951fe5f5ea1ee7973?s=96&d=mm&r=g\",\"contentUrl\":\"https:\/\/secure.gravatar.com\/avatar\/a6ad5f6c430679a96d91b356a7ca4753a816c0906754bb4951fe5f5ea1ee7973?s=96&d=mm&r=g\",\"caption\":\"Liz Do\"}}]}<\/script>\n<!-- \/ Yoast SEO plugin. -->","yoast_head_json":{"title":"CIFAR","description":"Le CIFAR a annonc\u00e9 aujourd\u2019hui la nomination d\u2019Irfhan Rawji \u00e0 la pr\u00e9sidence de son conseil d\u2019administration, succ\u00e9dant \u00e0 William (Bill) Young, en poste depuis 2020.","robots":{"index":"index","follow":"follow","max-snippet":"max-snippet:-1","max-image-preview":"max-image-preview:large","max-video-preview":"max-video-preview:-1"},"canonical":"https:\/\/cifar.ca\/fr\/cifarnews\/2024\/09\/17\/le-cifar-accueille-irfhan-rawji-en-qualite-de-president-du-conseil-dadministration\/","og_locale":"fr_FR","og_type":"article","og_title":"Le CIFAR accueille Irfhan Rawji en qualit\u00e9 de pr\u00e9sident du conseil d\u2019administration - CIFAR","og_description":"Le CIFAR a annonc\u00e9 aujourd\u2019hui la nomination d\u2019Irfhan Rawji \u00e0 la pr\u00e9sidence de son conseil d\u2019administration, succ\u00e9dant \u00e0 William (Bill) Young, en poste depuis 2020.","og_url":"https:\/\/cifar.ca\/fr\/cifarnews\/2024\/09\/17\/le-cifar-accueille-irfhan-rawji-en-qualite-de-president-du-conseil-dadministration\/","og_site_name":"CIFAR","article_published_time":"2024-09-17T18:52:43+00:00","article_modified_time":"2025-12-18T06:47:48+00:00","og_image":[{"width":1920,"height":1080,"url":"https:\/\/cifar.ca\/wp-content\/uploads\/2024\/09\/Irfhan-Rawji-banner.jpg","type":"image\/jpeg"}],"author":"Liz Do","twitter_card":"summary_large_image","twitter_misc":{"\u00c9crit par":"Liz Do","Dur\u00e9e de lecture estim\u00e9e":"2 minutes"},"schema":{"@context":"https:\/\/schema.org","@graph":[{"@type":"Article","@id":"https:\/\/cifar.ca\/fr\/cifarnews\/2024\/09\/17\/le-cifar-accueille-irfhan-rawji-en-qualite-de-president-du-conseil-dadministration\/#article","isPartOf":{"@id":"https:\/\/cifar.ca\/fr\/cifarnews\/2024\/09\/17\/le-cifar-accueille-irfhan-rawji-en-qualite-de-president-du-conseil-dadministration\/"},"author":{"name":"Liz Do","@id":"https:\/\/cifar.ca\/fr\/#\/schema\/person\/772cd357eac17dc0f6b7e10b7d80a1b4"},"headline":"Le CIFAR accueille Irfhan Rawji en qualit\u00e9 de pr\u00e9sident du conseil d\u2019administration","datePublished":"2024-09-17T18:52:43+00:00","dateModified":"2025-12-18T06:47:48+00:00","mainEntityOfPage":{"@id":"https:\/\/cifar.ca\/fr\/cifarnews\/2024\/09\/17\/le-cifar-accueille-irfhan-rawji-en-qualite-de-president-du-conseil-dadministration\/"},"wordCount":416,"publisher":{"@id":"https:\/\/cifar.ca\/fr\/#organization"},"image":{"@id":"https:\/\/cifar.ca\/fr\/cifarnews\/2024\/09\/17\/le-cifar-accueille-irfhan-rawji-en-qualite-de-president-du-conseil-dadministration\/#primaryimage"},"thumbnailUrl":"https:\/\/cifar.ca\/wp-content\/uploads\/2024\/09\/Irfhan-Rawji-banner.jpg","keywords":["Board of Directors","Irfhan Rawji"],"articleSection":["Annonce","Nouvelles"],"inLanguage":"fr-FR"},{"@type":"WebPage","@id":"https:\/\/cifar.ca\/fr\/cifarnews\/2024\/09\/17\/le-cifar-accueille-irfhan-rawji-en-qualite-de-president-du-conseil-dadministration\/","url":"https:\/\/cifar.ca\/fr\/cifarnews\/2024\/09\/17\/le-cifar-accueille-irfhan-rawji-en-qualite-de-president-du-conseil-dadministration\/","name":"Le CIFAR accueille Irfhan Rawji en qualit\u00e9 de pr\u00e9sident du conseil d\u2019administration - CIFAR","isPartOf":{"@id":"https:\/\/cifar.ca\/fr\/#website"},"primaryImageOfPage":{"@id":"https:\/\/cifar.ca\/fr\/cifarnews\/2024\/09\/17\/le-cifar-accueille-irfhan-rawji-en-qualite-de-president-du-conseil-dadministration\/#primaryimage"},"image":{"@id":"https:\/\/cifar.ca\/fr\/cifarnews\/2024\/09\/17\/le-cifar-accueille-irfhan-rawji-en-qualite-de-president-du-conseil-dadministration\/#primaryimage"},"thumbnailUrl":"https:\/\/cifar.ca\/wp-content\/uploads\/2024\/09\/Irfhan-Rawji-banner.jpg","datePublished":"2024-09-17T18:52:43+00:00","dateModified":"2025-12-18T06:47:48+00:00","description":"Le CIFAR a annonc\u00e9 aujourd\u2019hui la nomination d\u2019Irfhan Rawji \u00e0 la pr\u00e9sidence de son conseil d\u2019administration, succ\u00e9dant \u00e0 William (Bill) Young, en poste depuis 2020.","breadcrumb":{"@id":"https:\/\/cifar.ca\/fr\/cifarnews\/2024\/09\/17\/le-cifar-accueille-irfhan-rawji-en-qualite-de-president-du-conseil-dadministration\/#breadcrumb"},"inLanguage":"fr-FR","potentialAction":[{"@type":"ReadAction","target":["https:\/\/cifar.ca\/fr\/cifarnews\/2024\/09\/17\/le-cifar-accueille-irfhan-rawji-en-qualite-de-president-du-conseil-dadministration\/"]}]},{"@type":"ImageObject","inLanguage":"fr-FR","@id":"https:\/\/cifar.ca\/fr\/cifarnews\/2024\/09\/17\/le-cifar-accueille-irfhan-rawji-en-qualite-de-president-du-conseil-dadministration\/#primaryimage","url":"https:\/\/cifar.ca\/wp-content\/uploads\/2024\/09\/Irfhan-Rawji-banner.jpg","contentUrl":"https:\/\/cifar.ca\/wp-content\/uploads\/2024\/09\/Irfhan-Rawji-banner.jpg","width":1920,"height":1080},{"@type":"BreadcrumbList","@id":"https:\/\/cifar.ca\/fr\/cifarnews\/2024\/09\/17\/le-cifar-accueille-irfhan-rawji-en-qualite-de-president-du-conseil-dadministration\/#breadcrumb","itemListElement":[{"@type":"ListItem","position":1,"name":"Acceuil","item":"https:\/\/cifar.ca\/fr\/"},{"@type":"ListItem","position":2,"name":"Le CIFAR accueille Irfhan Rawji en qualit\u00e9 de pr\u00e9sident du conseil d\u2019administration"}]},{"@type":"WebSite","@id":"https:\/\/cifar.ca\/fr\/#website","url":"https:\/\/cifar.ca\/fr\/","name":"CIFAR","description":"Convoquer des esprits extraordinaires pour r\u00e9pondre aux questions les plus importantes auxquelles la science et l'humanit\u00e9 sont confront\u00e9es.","publisher":{"@id":"https:\/\/cifar.ca\/fr\/#organization"},"potentialAction":[{"@type":"SearchAction","target":{"@type":"EntryPoint","urlTemplate":"https:\/\/cifar.ca\/fr\/?s={search_term_string}"},"query-input":{"@type":"PropertyValueSpecification","valueRequired":true,"valueName":"search_term_string"}}],"inLanguage":"fr-FR"},{"@type":"Organization","@id":"https:\/\/cifar.ca\/fr\/#organization","name":"CIFAR","url":"https:\/\/cifar.ca\/fr\/","logo":{"@type":"ImageObject","inLanguage":"fr-FR","@id":"https:\/\/cifar.ca\/fr\/#\/schema\/logo\/image\/","url":"https:\/\/cifar.ca\/wp-content\/uploads\/2020\/01\/cifar-logo-rgb-colour.png","contentUrl":"https:\/\/cifar.ca\/wp-content\/uploads\/2020\/01\/cifar-logo-rgb-colour.png","width":1884,"height":681,"caption":"CIFAR"},"image":{"@id":"https:\/\/cifar.ca\/fr\/#\/schema\/logo\/image\/"}},{"@type":"Person","@id":"https:\/\/cifar.ca\/fr\/#\/schema\/person\/772cd357eac17dc0f6b7e10b7d80a1b4","name":"Liz Do","image":{"@type":"ImageObject","inLanguage":"fr-FR","@id":"https:\/\/secure.gravatar.com\/avatar\/a6ad5f6c430679a96d91b356a7ca4753a816c0906754bb4951fe5f5ea1ee7973?s=96&d=mm&r=g","url":"https:\/\/secure.gravatar.com\/avatar\/a6ad5f6c430679a96d91b356a7ca4753a816c0906754bb4951fe5f5ea1ee7973?s=96&d=mm&r=g","contentUrl":"https:\/\/secure.gravatar.com\/avatar\/a6ad5f6c430679a96d91b356a7ca4753a816c0906754bb4951fe5f5ea1ee7973?s=96&d=mm&r=g","caption":"Liz Do"}}]}},"_links":{"self":[{"href":"https:\/\/cifar.ca\/fr\/wp-json\/wp\/v2\/posts\/59581","targetHints":{"allow":["GET"]}}],"collection":[{"href":"https:\/\/cifar.ca\/fr\/wp-json\/wp\/v2\/posts"}],"about":[{"href":"https:\/\/cifar.ca\/fr\/wp-json\/wp\/v2\/types\/post"}],"author":[{"embeddable":true,"href":"https:\/\/cifar.ca\/fr\/wp-json\/wp\/v2\/users\/51"}],"replies":[{"embeddable":true,"href":"https:\/\/cifar.ca\/fr\/wp-json\/wp\/v2\/comments?post=59581"}],"version-history":[{"count":0,"href":"https:\/\/cifar.ca\/fr\/wp-json\/wp\/v2\/posts\/59581\/revisions"}],"wp:featuredmedia":[{"embeddable":true,"href":"https:\/\/cifar.ca\/fr\/wp-json\/wp\/v2\/media\/59580"}],"wp:attachment":[{"href":"https:\/\/cifar.ca\/fr\/wp-json\/wp\/v2\/media?parent=59581"}],"wp:term":[{"taxonomy":"category","embeddable":true,"href":"https:\/\/cifar.ca\/fr\/wp-json\/wp\/v2\/categories?post=59581"},{"taxonomy":"post_tag","embeddable":true,"href":"https:\/\/cifar.ca\/fr\/wp-json\/wp\/v2\/tags?post=59581"}],"curies":[{"name":"wp","href":"https:\/\/api.w.org\/{rel}","templated":true}]}}