{"id":61262,"date":"2025-04-10T12:19:54","date_gmt":"2025-04-10T16:19:54","guid":{"rendered":"https:\/\/cifar.ca\/?p=61262"},"modified":"2025-12-18T01:40:32","modified_gmt":"2025-12-18T06:40:32","slug":"microbiome-humain-modules-denseignement-pour-les-futur-es-responsables-du-milieu-de-la-sante","status":"publish","type":"post","link":"https:\/\/cifar.ca\/fr\/cifarnews\/2025\/04\/10\/microbiome-humain-modules-denseignement-pour-les-futur-es-responsables-du-milieu-de-la-sante\/","title":{"rendered":"Microbiome humain : Modules d\u2019enseignement pour les futur.es responsables du milieu de la sant\u00e9"},"content":{"rendered":"<h2><span style=\"font-weight: 400;\"><span style=\"color: #da291c;\">Le microbiome humain est un domaine essentiel, quoique souvent n\u00e9glig\u00e9 de la sant\u00e9 publique qui influence le risque de maladies chroniques et les d\u00e9cisions en mati\u00e8re de politiques.<\/span> <\/span><\/h2>\n<p><span style=\"font-weight: 400;\">La dysbiose \u2013 le d\u00e9s\u00e9quilibre du microbiome \u2013 constitue un sujet d\u2019importance \u00e0 examiner pour les professionnel.les de la sant\u00e9 publique en vue de faire progresser les initiatives de formation, de recherche et de pr\u00e9vention.<\/span><\/p>\n<p><iframe loading=\"lazy\" title=\"Humans &amp; the Microbiome: What is the human microbiome?\" width=\"500\" height=\"281\" src=\"https:\/\/www.youtube.com\/embed\/35F5bJtD52U?feature=oembed\" frameborder=\"0\" allow=\"accelerometer; autoplay; clipboard-write; encrypted-media; gyroscope; picture-in-picture; web-share\" referrerpolicy=\"strict-origin-when-cross-origin\" allowfullscreen><\/iframe><\/p>\n<p><span style=\"font-weight: 400;\">\u00a0<\/span><span style=\"font-weight: 400;\">Pour ce faire, le programme<\/span> <a href=\"https:\/\/cifar.ca\/fr\/programmes-de-recherche\/microbiome-humain\/\"><span style=\"font-weight: 400;\">Microbiome humain<\/span><\/a><span style=\"font-weight: 400;\"> du CIFAR a mis au point un programme d\u2019enseignement flexible destin\u00e9 au personnel enseignant en sant\u00e9 publique. Gr\u00e2ce \u00e0 des diaporamas modulaires sur l\u2019<\/span><b>alimentation<\/b><span style=\"font-weight: 400;\">, l\u2019<\/span><b>allaitement<\/b><span style=\"font-weight: 400;\"> et l\u2019utilisation des <\/span><b>antibiotiques<\/b><span style=\"font-weight: 400;\">, il permet d\u2019int\u00e9grer la science du microbiome dans les cours de sant\u00e9 publique existants avec un minimum d\u2019ajustements. Chaque module propose un contenu de base, des notes d\u2019enseignement et des sections d\u2019enrichissement facultatives.<\/span><\/p>\n<p><span style=\"font-weight: 400;\">Le programme d\u2019enseignement sur le microbiome en sant\u00e9 publique, mis \u00e0 l\u2019essai dans des salles de classe en Am\u00e9rique du Nord, constitue un outil accessible pour am\u00e9liorer la formation sur le microbiome en sant\u00e9 publique.<\/span><\/p>\n<p><iframe loading=\"lazy\" title=\"Humans &amp; the Microbiome: Educational Modules for Public Health Professionals\" width=\"500\" height=\"281\" src=\"https:\/\/www.youtube.com\/embed\/YNyVMH0x9EQ?feature=oembed\" frameborder=\"0\" allow=\"accelerometer; autoplay; clipboard-write; encrypted-media; gyroscope; picture-in-picture; web-share\" referrerpolicy=\"strict-origin-when-cross-origin\" allowfullscreen><\/iframe><\/p>\n<h2><span style=\"color: #da291c;\"><strong>Les modules<\/strong><\/span><\/h2>\n<p><span style=\"font-weight: 400;\">Le <\/span><b>module sur l\u2019allaitement<\/b><span style=\"font-weight: 400;\"> examine le r\u00f4le essentiel pour la sant\u00e9 du nourrisson du lait maternel qui procure des nutriments et favorise la protection immunitaire et la sant\u00e9 du microbiome. Les autres m\u00e9thodes d\u2019alimentation perturbent ce processus. Gr\u00e2ce au partage de ces connaissances, le personnel enseignant en sant\u00e9 publique et les prestataires de soins de sant\u00e9 peuvent aider les parents \u00e0 faire des choix \u00e9clair\u00e9s en mati\u00e8re d\u2019alimentation.<\/span><\/p>\n<h3><a href=\"https:\/\/cifar.tfaforms.net\/4706256\"><span style=\"color: #6ba4b8;\"><b>T\u00e9l\u00e9charger<\/b><\/span><span style=\"color: #6ba4b8;\"><b> le module<\/b><\/span><\/a><\/h3>\n<hr \/>\n<p><span style=\"font-weight: 400;\">Le <\/span><b>module sur l\u2019alimentation<\/b><span style=\"font-weight: 400;\"> explore comment les choix alimentaires fa\u00e7onnent le microbiome et influencent les r\u00e9sultats en mati\u00e8re de sant\u00e9. Il permet au personnel enseignant d\u2019adopter une approche holistique qui fait le lien entre l\u2019alimentation, la composition du microbiome et la sant\u00e9, en vue de favoriser une meilleure compr\u00e9hension de l\u2019impact de la nutrition.<\/span><\/p>\n<h3><a href=\"https:\/\/cifar.tfaforms.net\/4706257\"><span style=\"color: #6ba4b8;\"><b>T\u00e9l\u00e9charger <\/b><\/span><span style=\"color: #6ba4b8;\"><b>le<\/b><\/span><span style=\"color: #6ba4b8;\"><b> module<\/b><\/span><\/a><\/h3>\n<hr \/>\n<p><span style=\"font-weight: 400;\">Le <\/span><b>module sur les antibiotiques<\/b><span style=\"font-weight: 400;\"> traite des effets des antibiotiques sur l\u2019\u00e9quilibre du microbiome et sur l\u2019antibior\u00e9sistance dans le cadre de la bonne gestion de la sant\u00e9. Il aide le personnel enseignant \u00e0 promouvoir des pratiques d\u2019ordonnance responsables, en tenant compte de la sant\u00e9 humaine et de l\u2019environnement.<\/span><\/p>\n<h3><span style=\"color: #6ba4b8;\"><a href=\"https:\/\/cifar.tfaforms.net\/4706258\"><b>T\u00e9l\u00e9charger le module<\/b><\/a><span style=\"font-weight: 400;\">\u00a0<\/span><\/span><\/h3>\n<hr \/>\n<p><i><span style=\"font-weight: 400;\">Pour le moment, les modules sont offerts en anglais seulement.<\/span><\/i><\/p>\n<p><span style=\"font-weight: 400;\">Le programme Humans &amp; the Microbiome met r\u00e9guli\u00e8rement \u00e0 jour ces modules et peut en introduire de nouveaux au fil du temps. Pour rester inform\u00e9 des mises \u00e0 jour, inscrivez-vous \u00e0 notre listserv en envoyant un courriel \u00e0<\/span><a href=\"mailto:researchadmin@cifar.ca\"><b> researchadmin@cifar.ca<\/b><\/a><span style=\"font-weight: 400;\"> en indiquant votre nom, votre institution et votre adresse \u00e9lectronique.<\/span><\/p>\n","protected":false},"excerpt":{"rendered":"<p>Le microbiome humain est un domaine essentiel, quoique souvent n\u00e9glig\u00e9 de la sant\u00e9 publique qui influence le risque de maladies chroniques et les d\u00e9cisions en [&hellip;]<\/p>\n","protected":false},"author":51,"featured_media":28585,"comment_status":"closed","ping_status":"closed","sticky":false,"template":"","format":"standard","meta":{"_acf_changed":false,"footnotes":""},"categories":[4462],"tags":[4514,5269,6271,6272,4599,6270],"class_list":["post-61262","post","type-post","status-publish","format-standard","has-post-thumbnail","hentry","category-microbiome-humain-fr","tag-carolina-tropini-fr","tag-humans-and-the-microbiome-fr","tag-martin-blaser-fr","tag-meaghan-azad-fr","tag-melissa-melby-fr","tag-microbiome-humain"],"acf":[],"yoast_head":"<!-- This site is optimized with the Yoast SEO plugin v27.2 - https:\/\/yoast.com\/product\/yoast-seo-wordpress\/ -->\n<title>CIFAR<\/title>\n<meta name=\"robots\" content=\"index, follow, max-snippet:-1, max-image-preview:large, max-video-preview:-1\" \/>\n<link rel=\"canonical\" href=\"https:\/\/cifar.ca\/fr\/cifarnews\/2025\/04\/10\/microbiome-humain-modules-denseignement-pour-les-futur-es-responsables-du-milieu-de-la-sante\/\" \/>\n<meta property=\"og:locale\" content=\"fr_FR\" \/>\n<meta property=\"og:type\" content=\"article\" \/>\n<meta property=\"og:title\" content=\"Microbiome humain : Modules d\u2019enseignement pour les futur.es responsables du milieu de la sant\u00e9 - CIFAR\" \/>\n<meta property=\"og:description\" content=\"Le microbiome humain est un domaine essentiel, quoique souvent n\u00e9glig\u00e9 de la sant\u00e9 publique qui influence le risque de maladies chroniques et les d\u00e9cisions en [&hellip;]\" \/>\n<meta property=\"og:url\" content=\"https:\/\/cifar.ca\/fr\/cifarnews\/2025\/04\/10\/microbiome-humain-modules-denseignement-pour-les-futur-es-responsables-du-milieu-de-la-sante\/\" \/>\n<meta property=\"og:site_name\" content=\"CIFAR\" \/>\n<meta property=\"article:published_time\" content=\"2025-04-10T16:19:54+00:00\" \/>\n<meta property=\"article:modified_time\" content=\"2025-12-18T06:40:32+00:00\" \/>\n<meta property=\"og:image\" content=\"https:\/\/cifar.ca\/wp-content\/uploads\/2020\/01\/hmb-new-rgb-72.jpg\" \/>\n\t<meta property=\"og:image:width\" content=\"2000\" \/>\n\t<meta property=\"og:image:height\" content=\"800\" \/>\n\t<meta property=\"og:image:type\" content=\"image\/jpeg\" \/>\n<meta name=\"author\" content=\"Liz Do\" \/>\n<meta name=\"twitter:card\" content=\"summary_large_image\" \/>\n<meta name=\"twitter:label1\" content=\"\u00c9crit par\" \/>\n\t<meta name=\"twitter:data1\" content=\"Liz Do\" \/>\n\t<meta name=\"twitter:label2\" content=\"Dur\u00e9e de lecture estim\u00e9e\" \/>\n\t<meta name=\"twitter:data2\" content=\"2 minutes\" \/>\n<script type=\"application\/ld+json\" class=\"yoast-schema-graph\">{\"@context\":\"https:\/\/schema.org\",\"@graph\":[{\"@type\":\"Article\",\"@id\":\"https:\/\/cifar.ca\/fr\/cifarnews\/2025\/04\/10\/microbiome-humain-modules-denseignement-pour-les-futur-es-responsables-du-milieu-de-la-sante\/#article\",\"isPartOf\":{\"@id\":\"https:\/\/cifar.ca\/fr\/cifarnews\/2025\/04\/10\/microbiome-humain-modules-denseignement-pour-les-futur-es-responsables-du-milieu-de-la-sante\/\"},\"author\":{\"name\":\"Liz Do\",\"@id\":\"https:\/\/cifar.ca\/fr\/#\/schema\/person\/772cd357eac17dc0f6b7e10b7d80a1b4\"},\"headline\":\"Microbiome humain : Modules d\u2019enseignement pour les futur.es responsables du milieu de la sant\u00e9\",\"datePublished\":\"2025-04-10T16:19:54+00:00\",\"dateModified\":\"2025-12-18T06:40:32+00:00\",\"mainEntityOfPage\":{\"@id\":\"https:\/\/cifar.ca\/fr\/cifarnews\/2025\/04\/10\/microbiome-humain-modules-denseignement-pour-les-futur-es-responsables-du-milieu-de-la-sante\/\"},\"wordCount\":476,\"publisher\":{\"@id\":\"https:\/\/cifar.ca\/fr\/#organization\"},\"image\":{\"@id\":\"https:\/\/cifar.ca\/fr\/cifarnews\/2025\/04\/10\/microbiome-humain-modules-denseignement-pour-les-futur-es-responsables-du-milieu-de-la-sante\/#primaryimage\"},\"thumbnailUrl\":\"https:\/\/cifar.ca\/wp-content\/uploads\/2020\/01\/hmb-new-rgb-72.jpg\",\"keywords\":[\"Carolina Tropini\",\"Humans and the Microbiome\",\"Martin Blaser\",\"Meaghan Azad\",\"Melissa Melby\",\"Microbiome humain\"],\"articleSection\":[\"Microbiome humain\"],\"inLanguage\":\"fr-FR\"},{\"@type\":\"WebPage\",\"@id\":\"https:\/\/cifar.ca\/fr\/cifarnews\/2025\/04\/10\/microbiome-humain-modules-denseignement-pour-les-futur-es-responsables-du-milieu-de-la-sante\/\",\"url\":\"https:\/\/cifar.ca\/fr\/cifarnews\/2025\/04\/10\/microbiome-humain-modules-denseignement-pour-les-futur-es-responsables-du-milieu-de-la-sante\/\",\"name\":\"Microbiome humain : Modules d\u2019enseignement pour les futur.es responsables du milieu de la sant\u00e9 - CIFAR\",\"isPartOf\":{\"@id\":\"https:\/\/cifar.ca\/fr\/#website\"},\"primaryImageOfPage\":{\"@id\":\"https:\/\/cifar.ca\/fr\/cifarnews\/2025\/04\/10\/microbiome-humain-modules-denseignement-pour-les-futur-es-responsables-du-milieu-de-la-sante\/#primaryimage\"},\"image\":{\"@id\":\"https:\/\/cifar.ca\/fr\/cifarnews\/2025\/04\/10\/microbiome-humain-modules-denseignement-pour-les-futur-es-responsables-du-milieu-de-la-sante\/#primaryimage\"},\"thumbnailUrl\":\"https:\/\/cifar.ca\/wp-content\/uploads\/2020\/01\/hmb-new-rgb-72.jpg\",\"datePublished\":\"2025-04-10T16:19:54+00:00\",\"dateModified\":\"2025-12-18T06:40:32+00:00\",\"breadcrumb\":{\"@id\":\"https:\/\/cifar.ca\/fr\/cifarnews\/2025\/04\/10\/microbiome-humain-modules-denseignement-pour-les-futur-es-responsables-du-milieu-de-la-sante\/#breadcrumb\"},\"inLanguage\":\"fr-FR\",\"potentialAction\":[{\"@type\":\"ReadAction\",\"target\":[\"https:\/\/cifar.ca\/fr\/cifarnews\/2025\/04\/10\/microbiome-humain-modules-denseignement-pour-les-futur-es-responsables-du-milieu-de-la-sante\/\"]}]},{\"@type\":\"ImageObject\",\"inLanguage\":\"fr-FR\",\"@id\":\"https:\/\/cifar.ca\/fr\/cifarnews\/2025\/04\/10\/microbiome-humain-modules-denseignement-pour-les-futur-es-responsables-du-milieu-de-la-sante\/#primaryimage\",\"url\":\"https:\/\/cifar.ca\/wp-content\/uploads\/2020\/01\/hmb-new-rgb-72.jpg\",\"contentUrl\":\"https:\/\/cifar.ca\/wp-content\/uploads\/2020\/01\/hmb-new-rgb-72.jpg\",\"width\":2000,\"height\":800,\"caption\":\"Graphic of a hand holding a petri dish\"},{\"@type\":\"BreadcrumbList\",\"@id\":\"https:\/\/cifar.ca\/fr\/cifarnews\/2025\/04\/10\/microbiome-humain-modules-denseignement-pour-les-futur-es-responsables-du-milieu-de-la-sante\/#breadcrumb\",\"itemListElement\":[{\"@type\":\"ListItem\",\"position\":1,\"name\":\"Acceuil\",\"item\":\"https:\/\/cifar.ca\/fr\/\"},{\"@type\":\"ListItem\",\"position\":2,\"name\":\"Microbiome humain : Modules d\u2019enseignement pour les futur.es responsables du milieu de la sant\u00e9\"}]},{\"@type\":\"WebSite\",\"@id\":\"https:\/\/cifar.ca\/fr\/#website\",\"url\":\"https:\/\/cifar.ca\/fr\/\",\"name\":\"CIFAR\",\"description\":\"Convoquer des esprits extraordinaires pour r\u00e9pondre aux questions les plus importantes auxquelles la science et l'humanit\u00e9 sont confront\u00e9es.\",\"publisher\":{\"@id\":\"https:\/\/cifar.ca\/fr\/#organization\"},\"potentialAction\":[{\"@type\":\"SearchAction\",\"target\":{\"@type\":\"EntryPoint\",\"urlTemplate\":\"https:\/\/cifar.ca\/fr\/?s={search_term_string}\"},\"query-input\":{\"@type\":\"PropertyValueSpecification\",\"valueRequired\":true,\"valueName\":\"search_term_string\"}}],\"inLanguage\":\"fr-FR\"},{\"@type\":\"Organization\",\"@id\":\"https:\/\/cifar.ca\/fr\/#organization\",\"name\":\"CIFAR\",\"url\":\"https:\/\/cifar.ca\/fr\/\",\"logo\":{\"@type\":\"ImageObject\",\"inLanguage\":\"fr-FR\",\"@id\":\"https:\/\/cifar.ca\/fr\/#\/schema\/logo\/image\/\",\"url\":\"https:\/\/cifar.ca\/wp-content\/uploads\/2020\/01\/cifar-logo-rgb-colour.png\",\"contentUrl\":\"https:\/\/cifar.ca\/wp-content\/uploads\/2020\/01\/cifar-logo-rgb-colour.png\",\"width\":1884,\"height\":681,\"caption\":\"CIFAR\"},\"image\":{\"@id\":\"https:\/\/cifar.ca\/fr\/#\/schema\/logo\/image\/\"}},{\"@type\":\"Person\",\"@id\":\"https:\/\/cifar.ca\/fr\/#\/schema\/person\/772cd357eac17dc0f6b7e10b7d80a1b4\",\"name\":\"Liz Do\",\"image\":{\"@type\":\"ImageObject\",\"inLanguage\":\"fr-FR\",\"@id\":\"https:\/\/secure.gravatar.com\/avatar\/a6ad5f6c430679a96d91b356a7ca4753a816c0906754bb4951fe5f5ea1ee7973?s=96&d=mm&r=g\",\"url\":\"https:\/\/secure.gravatar.com\/avatar\/a6ad5f6c430679a96d91b356a7ca4753a816c0906754bb4951fe5f5ea1ee7973?s=96&d=mm&r=g\",\"contentUrl\":\"https:\/\/secure.gravatar.com\/avatar\/a6ad5f6c430679a96d91b356a7ca4753a816c0906754bb4951fe5f5ea1ee7973?s=96&d=mm&r=g\",\"caption\":\"Liz Do\"}}]}<\/script>\n<!-- \/ Yoast SEO plugin. -->","yoast_head_json":{"title":"CIFAR","robots":{"index":"index","follow":"follow","max-snippet":"max-snippet:-1","max-image-preview":"max-image-preview:large","max-video-preview":"max-video-preview:-1"},"canonical":"https:\/\/cifar.ca\/fr\/cifarnews\/2025\/04\/10\/microbiome-humain-modules-denseignement-pour-les-futur-es-responsables-du-milieu-de-la-sante\/","og_locale":"fr_FR","og_type":"article","og_title":"Microbiome humain : Modules d\u2019enseignement pour les futur.es responsables du milieu de la sant\u00e9 - CIFAR","og_description":"Le microbiome humain est un domaine essentiel, quoique souvent n\u00e9glig\u00e9 de la sant\u00e9 publique qui influence le risque de maladies chroniques et les d\u00e9cisions en [&hellip;]","og_url":"https:\/\/cifar.ca\/fr\/cifarnews\/2025\/04\/10\/microbiome-humain-modules-denseignement-pour-les-futur-es-responsables-du-milieu-de-la-sante\/","og_site_name":"CIFAR","article_published_time":"2025-04-10T16:19:54+00:00","article_modified_time":"2025-12-18T06:40:32+00:00","og_image":[{"width":2000,"height":800,"url":"https:\/\/cifar.ca\/wp-content\/uploads\/2020\/01\/hmb-new-rgb-72.jpg","type":"image\/jpeg"}],"author":"Liz Do","twitter_card":"summary_large_image","twitter_misc":{"\u00c9crit par":"Liz Do","Dur\u00e9e de lecture estim\u00e9e":"2 minutes"},"schema":{"@context":"https:\/\/schema.org","@graph":[{"@type":"Article","@id":"https:\/\/cifar.ca\/fr\/cifarnews\/2025\/04\/10\/microbiome-humain-modules-denseignement-pour-les-futur-es-responsables-du-milieu-de-la-sante\/#article","isPartOf":{"@id":"https:\/\/cifar.ca\/fr\/cifarnews\/2025\/04\/10\/microbiome-humain-modules-denseignement-pour-les-futur-es-responsables-du-milieu-de-la-sante\/"},"author":{"name":"Liz Do","@id":"https:\/\/cifar.ca\/fr\/#\/schema\/person\/772cd357eac17dc0f6b7e10b7d80a1b4"},"headline":"Microbiome humain : Modules d\u2019enseignement pour les futur.es responsables du milieu de la sant\u00e9","datePublished":"2025-04-10T16:19:54+00:00","dateModified":"2025-12-18T06:40:32+00:00","mainEntityOfPage":{"@id":"https:\/\/cifar.ca\/fr\/cifarnews\/2025\/04\/10\/microbiome-humain-modules-denseignement-pour-les-futur-es-responsables-du-milieu-de-la-sante\/"},"wordCount":476,"publisher":{"@id":"https:\/\/cifar.ca\/fr\/#organization"},"image":{"@id":"https:\/\/cifar.ca\/fr\/cifarnews\/2025\/04\/10\/microbiome-humain-modules-denseignement-pour-les-futur-es-responsables-du-milieu-de-la-sante\/#primaryimage"},"thumbnailUrl":"https:\/\/cifar.ca\/wp-content\/uploads\/2020\/01\/hmb-new-rgb-72.jpg","keywords":["Carolina Tropini","Humans and the Microbiome","Martin Blaser","Meaghan Azad","Melissa Melby","Microbiome humain"],"articleSection":["Microbiome humain"],"inLanguage":"fr-FR"},{"@type":"WebPage","@id":"https:\/\/cifar.ca\/fr\/cifarnews\/2025\/04\/10\/microbiome-humain-modules-denseignement-pour-les-futur-es-responsables-du-milieu-de-la-sante\/","url":"https:\/\/cifar.ca\/fr\/cifarnews\/2025\/04\/10\/microbiome-humain-modules-denseignement-pour-les-futur-es-responsables-du-milieu-de-la-sante\/","name":"Microbiome humain : Modules d\u2019enseignement pour les futur.es responsables du milieu de la sant\u00e9 - CIFAR","isPartOf":{"@id":"https:\/\/cifar.ca\/fr\/#website"},"primaryImageOfPage":{"@id":"https:\/\/cifar.ca\/fr\/cifarnews\/2025\/04\/10\/microbiome-humain-modules-denseignement-pour-les-futur-es-responsables-du-milieu-de-la-sante\/#primaryimage"},"image":{"@id":"https:\/\/cifar.ca\/fr\/cifarnews\/2025\/04\/10\/microbiome-humain-modules-denseignement-pour-les-futur-es-responsables-du-milieu-de-la-sante\/#primaryimage"},"thumbnailUrl":"https:\/\/cifar.ca\/wp-content\/uploads\/2020\/01\/hmb-new-rgb-72.jpg","datePublished":"2025-04-10T16:19:54+00:00","dateModified":"2025-12-18T06:40:32+00:00","breadcrumb":{"@id":"https:\/\/cifar.ca\/fr\/cifarnews\/2025\/04\/10\/microbiome-humain-modules-denseignement-pour-les-futur-es-responsables-du-milieu-de-la-sante\/#breadcrumb"},"inLanguage":"fr-FR","potentialAction":[{"@type":"ReadAction","target":["https:\/\/cifar.ca\/fr\/cifarnews\/2025\/04\/10\/microbiome-humain-modules-denseignement-pour-les-futur-es-responsables-du-milieu-de-la-sante\/"]}]},{"@type":"ImageObject","inLanguage":"fr-FR","@id":"https:\/\/cifar.ca\/fr\/cifarnews\/2025\/04\/10\/microbiome-humain-modules-denseignement-pour-les-futur-es-responsables-du-milieu-de-la-sante\/#primaryimage","url":"https:\/\/cifar.ca\/wp-content\/uploads\/2020\/01\/hmb-new-rgb-72.jpg","contentUrl":"https:\/\/cifar.ca\/wp-content\/uploads\/2020\/01\/hmb-new-rgb-72.jpg","width":2000,"height":800,"caption":"Graphic of a hand holding a petri dish"},{"@type":"BreadcrumbList","@id":"https:\/\/cifar.ca\/fr\/cifarnews\/2025\/04\/10\/microbiome-humain-modules-denseignement-pour-les-futur-es-responsables-du-milieu-de-la-sante\/#breadcrumb","itemListElement":[{"@type":"ListItem","position":1,"name":"Acceuil","item":"https:\/\/cifar.ca\/fr\/"},{"@type":"ListItem","position":2,"name":"Microbiome humain : Modules d\u2019enseignement pour les futur.es responsables du milieu de la sant\u00e9"}]},{"@type":"WebSite","@id":"https:\/\/cifar.ca\/fr\/#website","url":"https:\/\/cifar.ca\/fr\/","name":"CIFAR","description":"Convoquer des esprits extraordinaires pour r\u00e9pondre aux questions les plus importantes auxquelles la science et l'humanit\u00e9 sont confront\u00e9es.","publisher":{"@id":"https:\/\/cifar.ca\/fr\/#organization"},"potentialAction":[{"@type":"SearchAction","target":{"@type":"EntryPoint","urlTemplate":"https:\/\/cifar.ca\/fr\/?s={search_term_string}"},"query-input":{"@type":"PropertyValueSpecification","valueRequired":true,"valueName":"search_term_string"}}],"inLanguage":"fr-FR"},{"@type":"Organization","@id":"https:\/\/cifar.ca\/fr\/#organization","name":"CIFAR","url":"https:\/\/cifar.ca\/fr\/","logo":{"@type":"ImageObject","inLanguage":"fr-FR","@id":"https:\/\/cifar.ca\/fr\/#\/schema\/logo\/image\/","url":"https:\/\/cifar.ca\/wp-content\/uploads\/2020\/01\/cifar-logo-rgb-colour.png","contentUrl":"https:\/\/cifar.ca\/wp-content\/uploads\/2020\/01\/cifar-logo-rgb-colour.png","width":1884,"height":681,"caption":"CIFAR"},"image":{"@id":"https:\/\/cifar.ca\/fr\/#\/schema\/logo\/image\/"}},{"@type":"Person","@id":"https:\/\/cifar.ca\/fr\/#\/schema\/person\/772cd357eac17dc0f6b7e10b7d80a1b4","name":"Liz Do","image":{"@type":"ImageObject","inLanguage":"fr-FR","@id":"https:\/\/secure.gravatar.com\/avatar\/a6ad5f6c430679a96d91b356a7ca4753a816c0906754bb4951fe5f5ea1ee7973?s=96&d=mm&r=g","url":"https:\/\/secure.gravatar.com\/avatar\/a6ad5f6c430679a96d91b356a7ca4753a816c0906754bb4951fe5f5ea1ee7973?s=96&d=mm&r=g","contentUrl":"https:\/\/secure.gravatar.com\/avatar\/a6ad5f6c430679a96d91b356a7ca4753a816c0906754bb4951fe5f5ea1ee7973?s=96&d=mm&r=g","caption":"Liz Do"}}]}},"_links":{"self":[{"href":"https:\/\/cifar.ca\/fr\/wp-json\/wp\/v2\/posts\/61262","targetHints":{"allow":["GET"]}}],"collection":[{"href":"https:\/\/cifar.ca\/fr\/wp-json\/wp\/v2\/posts"}],"about":[{"href":"https:\/\/cifar.ca\/fr\/wp-json\/wp\/v2\/types\/post"}],"author":[{"embeddable":true,"href":"https:\/\/cifar.ca\/fr\/wp-json\/wp\/v2\/users\/51"}],"replies":[{"embeddable":true,"href":"https:\/\/cifar.ca\/fr\/wp-json\/wp\/v2\/comments?post=61262"}],"version-history":[{"count":0,"href":"https:\/\/cifar.ca\/fr\/wp-json\/wp\/v2\/posts\/61262\/revisions"}],"wp:featuredmedia":[{"embeddable":true,"href":"https:\/\/cifar.ca\/fr\/wp-json\/wp\/v2\/media\/28585"}],"wp:attachment":[{"href":"https:\/\/cifar.ca\/fr\/wp-json\/wp\/v2\/media?parent=61262"}],"wp:term":[{"taxonomy":"category","embeddable":true,"href":"https:\/\/cifar.ca\/fr\/wp-json\/wp\/v2\/categories?post=61262"},{"taxonomy":"post_tag","embeddable":true,"href":"https:\/\/cifar.ca\/fr\/wp-json\/wp\/v2\/tags?post=61262"}],"curies":[{"name":"wp","href":"https:\/\/api.w.org\/{rel}","templated":true}]}}