{"id":62182,"date":"2025-06-24T10:56:48","date_gmt":"2025-06-24T14:56:48","guid":{"rendered":"https:\/\/cifar.ca\/?p=62182"},"modified":"2025-12-18T01:36:32","modified_gmt":"2025-12-18T06:36:32","slug":"in-memoriam-raymond-laflamme","status":"publish","type":"post","link":"https:\/\/cifar.ca\/fr\/cifarnews\/2025\/06\/24\/in-memoriam-raymond-laflamme\/","title":{"rendered":"In Memoriam : Raymond Laflamme"},"content":{"rendered":"<h2><strong><span style=\"color: #da291c;\">Le physicien de renom et ancien responsable de programme du CIFAR, qui a travaill\u00e9 avec Stephen Hawking, a contribu\u00e9 \u00e0 orienter la recherche quantique au Canada et dans le monde entier.<\/span><\/strong><\/h2>\n<p><span style=\"font-weight: 400;\">Raymond Laflamme, sommit\u00e9 de la science quantique et membre fondateur du programme Informatique quantique du CIFAR, est d\u00e9c\u00e9d\u00e9 \u00e0 l\u2019\u00e2ge de 64 ans.<\/span><\/p>\n<p><span style=\"font-weight: 400;\">Laflamme \u00e9tait connu pour ses travaux sur la correction d\u2019erreurs quantiques, la simulation de syst\u00e8mes quantiques et le d\u00e9veloppement exp\u00e9rimental d\u2019appareils quantiques \u00e0 petite \u00e9chelle \u00e0 base de spins et de photons. Il a \u00e9t\u00e9 responsable du programme Informatique quantique \u00e0 partir de 2003 et a \u00e9t\u00e9 nomm\u00e9 responsable du comit\u00e9 consultatif du programme en 2019. Il a cofond\u00e9 l\u2019Institut d\u2019informatique quantique de l\u2019Universit\u00e9 de Waterloo, contribuant \u00e0 faire du Canada un chef de file mondial de la recherche quantique.<\/span><\/p>\n<p><span style=\"font-weight: 400;\">Laflamme a obtenu un doctorat en physique th\u00e9orique \u00e0 l\u2019Universit\u00e9 de Cambridge sous la direction de Stephen Hawking et a \u00e9t\u00e9 coauteur d\u2019un article fondamental qui a amen\u00e9 Hawking \u00e0 revoir sa position sur l\u2019inversion de la direction du temps dans un univers en contraction.<\/span><\/p>\n<p><span style=\"font-weight: 400;\">\u00ab\u2009Ray \u00e9tait un chercheur visionnaire et un exemple par excellence du calibre des membres du r\u00e9seau mondial de recherche du CIFAR\u2009\u00bb, a d\u00e9clar\u00e9 Stephen Toope, pr\u00e9sident et chef de la direction du CIFAR. \u00ab\u2009Son leadership a contribu\u00e9 \u00e0 d\u00e9finir l\u2019orientation et l\u2019impact du programme Informatique quantique, positionnant le Canada comme un chef de file dans ce domaine. J\u2019offre nos sinc\u00e8res condol\u00e9ances \u00e0 sa famille, \u00e0 ses amis et \u00e0 ses coll\u00e8gues.\u2009\u00bb<\/span><\/p>\n","protected":false},"excerpt":{"rendered":"<p>Le physicien de renom et ancien responsable de programme du CIFAR, qui a travaill\u00e9 avec Stephen Hawking, a contribu\u00e9 \u00e0 orienter la recherche quantique au [&hellip;]<\/p>\n","protected":false},"author":51,"featured_media":62179,"comment_status":"closed","ping_status":"closed","sticky":false,"template":"","format":"standard","meta":{"_acf_changed":false,"footnotes":""},"categories":[4684,1771],"tags":[6423],"class_list":["post-62182","post","type-post","status-publish","format-standard","has-post-thumbnail","hentry","category-in-memoriam-fr","category-nouvelles","tag-raymond-laflamme-fr"],"acf":[],"yoast_head":"<!-- This site is optimized with the Yoast SEO plugin v27.2 - https:\/\/yoast.com\/product\/yoast-seo-wordpress\/ -->\n<title>CIFAR<\/title>\n<meta name=\"description\" content=\"Raymond Laflamme, sommit\u00e9 de la science quantique et membre fondateur du programme Informatique quantique du CIFAR, est d\u00e9c\u00e9d\u00e9 \u00e0 l\u2019\u00e2ge de 64 ans.\" \/>\n<meta name=\"robots\" content=\"index, follow, max-snippet:-1, max-image-preview:large, max-video-preview:-1\" \/>\n<link rel=\"canonical\" href=\"https:\/\/cifar.ca\/fr\/cifarnews\/2025\/06\/24\/in-memoriam-raymond-laflamme\/\" \/>\n<meta property=\"og:locale\" content=\"fr_FR\" \/>\n<meta property=\"og:type\" content=\"article\" \/>\n<meta property=\"og:title\" content=\"In Memoriam : Raymond Laflamme - CIFAR\" \/>\n<meta property=\"og:description\" content=\"Raymond Laflamme, sommit\u00e9 de la science quantique et membre fondateur du programme Informatique quantique du CIFAR, est d\u00e9c\u00e9d\u00e9 \u00e0 l\u2019\u00e2ge de 64 ans.\" \/>\n<meta property=\"og:url\" content=\"https:\/\/cifar.ca\/fr\/cifarnews\/2025\/06\/24\/in-memoriam-raymond-laflamme\/\" \/>\n<meta property=\"og:site_name\" content=\"CIFAR\" \/>\n<meta property=\"article:published_time\" content=\"2025-06-24T14:56:48+00:00\" \/>\n<meta property=\"article:modified_time\" content=\"2025-12-18T06:36:32+00:00\" \/>\n<meta property=\"og:image\" content=\"https:\/\/cifar.ca\/wp-content\/uploads\/2025\/06\/RaymondLaflamme.png\" \/>\n\t<meta property=\"og:image:width\" content=\"1200\" \/>\n\t<meta property=\"og:image:height\" content=\"675\" \/>\n\t<meta property=\"og:image:type\" content=\"image\/png\" \/>\n<meta name=\"author\" content=\"Liz Do\" \/>\n<meta name=\"twitter:card\" content=\"summary_large_image\" \/>\n<meta name=\"twitter:label1\" content=\"\u00c9crit par\" \/>\n\t<meta name=\"twitter:data1\" content=\"Liz Do\" \/>\n\t<meta name=\"twitter:label2\" content=\"Dur\u00e9e de lecture estim\u00e9e\" \/>\n\t<meta name=\"twitter:data2\" content=\"2 minutes\" \/>\n<script type=\"application\/ld+json\" class=\"yoast-schema-graph\">{\"@context\":\"https:\/\/schema.org\",\"@graph\":[{\"@type\":\"Article\",\"@id\":\"https:\/\/cifar.ca\/fr\/cifarnews\/2025\/06\/24\/in-memoriam-raymond-laflamme\/#article\",\"isPartOf\":{\"@id\":\"https:\/\/cifar.ca\/fr\/cifarnews\/2025\/06\/24\/in-memoriam-raymond-laflamme\/\"},\"author\":{\"name\":\"Liz Do\",\"@id\":\"https:\/\/cifar.ca\/fr\/#\/schema\/person\/772cd357eac17dc0f6b7e10b7d80a1b4\"},\"headline\":\"In Memoriam : Raymond Laflamme\",\"datePublished\":\"2025-06-24T14:56:48+00:00\",\"dateModified\":\"2025-12-18T06:36:32+00:00\",\"mainEntityOfPage\":{\"@id\":\"https:\/\/cifar.ca\/fr\/cifarnews\/2025\/06\/24\/in-memoriam-raymond-laflamme\/\"},\"wordCount\":264,\"publisher\":{\"@id\":\"https:\/\/cifar.ca\/fr\/#organization\"},\"image\":{\"@id\":\"https:\/\/cifar.ca\/fr\/cifarnews\/2025\/06\/24\/in-memoriam-raymond-laflamme\/#primaryimage\"},\"thumbnailUrl\":\"https:\/\/cifar.ca\/wp-content\/uploads\/2025\/06\/RaymondLaflamme.png\",\"keywords\":[\"Raymond Laflamme\"],\"articleSection\":[\"In Memoriam\",\"Nouvelles\"],\"inLanguage\":\"fr-FR\"},{\"@type\":\"WebPage\",\"@id\":\"https:\/\/cifar.ca\/fr\/cifarnews\/2025\/06\/24\/in-memoriam-raymond-laflamme\/\",\"url\":\"https:\/\/cifar.ca\/fr\/cifarnews\/2025\/06\/24\/in-memoriam-raymond-laflamme\/\",\"name\":\"In Memoriam : Raymond Laflamme - CIFAR\",\"isPartOf\":{\"@id\":\"https:\/\/cifar.ca\/fr\/#website\"},\"primaryImageOfPage\":{\"@id\":\"https:\/\/cifar.ca\/fr\/cifarnews\/2025\/06\/24\/in-memoriam-raymond-laflamme\/#primaryimage\"},\"image\":{\"@id\":\"https:\/\/cifar.ca\/fr\/cifarnews\/2025\/06\/24\/in-memoriam-raymond-laflamme\/#primaryimage\"},\"thumbnailUrl\":\"https:\/\/cifar.ca\/wp-content\/uploads\/2025\/06\/RaymondLaflamme.png\",\"datePublished\":\"2025-06-24T14:56:48+00:00\",\"dateModified\":\"2025-12-18T06:36:32+00:00\",\"description\":\"Raymond Laflamme, sommit\u00e9 de la science quantique et membre fondateur du programme Informatique quantique du CIFAR, est d\u00e9c\u00e9d\u00e9 \u00e0 l\u2019\u00e2ge de 64 ans.\",\"breadcrumb\":{\"@id\":\"https:\/\/cifar.ca\/fr\/cifarnews\/2025\/06\/24\/in-memoriam-raymond-laflamme\/#breadcrumb\"},\"inLanguage\":\"fr-FR\",\"potentialAction\":[{\"@type\":\"ReadAction\",\"target\":[\"https:\/\/cifar.ca\/fr\/cifarnews\/2025\/06\/24\/in-memoriam-raymond-laflamme\/\"]}]},{\"@type\":\"ImageObject\",\"inLanguage\":\"fr-FR\",\"@id\":\"https:\/\/cifar.ca\/fr\/cifarnews\/2025\/06\/24\/in-memoriam-raymond-laflamme\/#primaryimage\",\"url\":\"https:\/\/cifar.ca\/wp-content\/uploads\/2025\/06\/RaymondLaflamme.png\",\"contentUrl\":\"https:\/\/cifar.ca\/wp-content\/uploads\/2025\/06\/RaymondLaflamme.png\",\"width\":1200,\"height\":675},{\"@type\":\"BreadcrumbList\",\"@id\":\"https:\/\/cifar.ca\/fr\/cifarnews\/2025\/06\/24\/in-memoriam-raymond-laflamme\/#breadcrumb\",\"itemListElement\":[{\"@type\":\"ListItem\",\"position\":1,\"name\":\"Acceuil\",\"item\":\"https:\/\/cifar.ca\/fr\/\"},{\"@type\":\"ListItem\",\"position\":2,\"name\":\"In Memoriam : Raymond Laflamme\"}]},{\"@type\":\"WebSite\",\"@id\":\"https:\/\/cifar.ca\/fr\/#website\",\"url\":\"https:\/\/cifar.ca\/fr\/\",\"name\":\"CIFAR\",\"description\":\"Convoquer des esprits extraordinaires pour r\u00e9pondre aux questions les plus importantes auxquelles la science et l'humanit\u00e9 sont confront\u00e9es.\",\"publisher\":{\"@id\":\"https:\/\/cifar.ca\/fr\/#organization\"},\"potentialAction\":[{\"@type\":\"SearchAction\",\"target\":{\"@type\":\"EntryPoint\",\"urlTemplate\":\"https:\/\/cifar.ca\/fr\/?s={search_term_string}\"},\"query-input\":{\"@type\":\"PropertyValueSpecification\",\"valueRequired\":true,\"valueName\":\"search_term_string\"}}],\"inLanguage\":\"fr-FR\"},{\"@type\":\"Organization\",\"@id\":\"https:\/\/cifar.ca\/fr\/#organization\",\"name\":\"CIFAR\",\"url\":\"https:\/\/cifar.ca\/fr\/\",\"logo\":{\"@type\":\"ImageObject\",\"inLanguage\":\"fr-FR\",\"@id\":\"https:\/\/cifar.ca\/fr\/#\/schema\/logo\/image\/\",\"url\":\"https:\/\/cifar.ca\/wp-content\/uploads\/2020\/01\/cifar-logo-rgb-colour.png\",\"contentUrl\":\"https:\/\/cifar.ca\/wp-content\/uploads\/2020\/01\/cifar-logo-rgb-colour.png\",\"width\":1884,\"height\":681,\"caption\":\"CIFAR\"},\"image\":{\"@id\":\"https:\/\/cifar.ca\/fr\/#\/schema\/logo\/image\/\"}},{\"@type\":\"Person\",\"@id\":\"https:\/\/cifar.ca\/fr\/#\/schema\/person\/772cd357eac17dc0f6b7e10b7d80a1b4\",\"name\":\"Liz Do\",\"image\":{\"@type\":\"ImageObject\",\"inLanguage\":\"fr-FR\",\"@id\":\"https:\/\/secure.gravatar.com\/avatar\/a6ad5f6c430679a96d91b356a7ca4753a816c0906754bb4951fe5f5ea1ee7973?s=96&d=mm&r=g\",\"url\":\"https:\/\/secure.gravatar.com\/avatar\/a6ad5f6c430679a96d91b356a7ca4753a816c0906754bb4951fe5f5ea1ee7973?s=96&d=mm&r=g\",\"contentUrl\":\"https:\/\/secure.gravatar.com\/avatar\/a6ad5f6c430679a96d91b356a7ca4753a816c0906754bb4951fe5f5ea1ee7973?s=96&d=mm&r=g\",\"caption\":\"Liz Do\"}}]}<\/script>\n<!-- \/ Yoast SEO plugin. -->","yoast_head_json":{"title":"CIFAR","description":"Raymond Laflamme, sommit\u00e9 de la science quantique et membre fondateur du programme Informatique quantique du CIFAR, est d\u00e9c\u00e9d\u00e9 \u00e0 l\u2019\u00e2ge de 64 ans.","robots":{"index":"index","follow":"follow","max-snippet":"max-snippet:-1","max-image-preview":"max-image-preview:large","max-video-preview":"max-video-preview:-1"},"canonical":"https:\/\/cifar.ca\/fr\/cifarnews\/2025\/06\/24\/in-memoriam-raymond-laflamme\/","og_locale":"fr_FR","og_type":"article","og_title":"In Memoriam : Raymond Laflamme - CIFAR","og_description":"Raymond Laflamme, sommit\u00e9 de la science quantique et membre fondateur du programme Informatique quantique du CIFAR, est d\u00e9c\u00e9d\u00e9 \u00e0 l\u2019\u00e2ge de 64 ans.","og_url":"https:\/\/cifar.ca\/fr\/cifarnews\/2025\/06\/24\/in-memoriam-raymond-laflamme\/","og_site_name":"CIFAR","article_published_time":"2025-06-24T14:56:48+00:00","article_modified_time":"2025-12-18T06:36:32+00:00","og_image":[{"width":1200,"height":675,"url":"https:\/\/cifar.ca\/wp-content\/uploads\/2025\/06\/RaymondLaflamme.png","type":"image\/png"}],"author":"Liz Do","twitter_card":"summary_large_image","twitter_misc":{"\u00c9crit par":"Liz Do","Dur\u00e9e de lecture estim\u00e9e":"2 minutes"},"schema":{"@context":"https:\/\/schema.org","@graph":[{"@type":"Article","@id":"https:\/\/cifar.ca\/fr\/cifarnews\/2025\/06\/24\/in-memoriam-raymond-laflamme\/#article","isPartOf":{"@id":"https:\/\/cifar.ca\/fr\/cifarnews\/2025\/06\/24\/in-memoriam-raymond-laflamme\/"},"author":{"name":"Liz Do","@id":"https:\/\/cifar.ca\/fr\/#\/schema\/person\/772cd357eac17dc0f6b7e10b7d80a1b4"},"headline":"In Memoriam : Raymond Laflamme","datePublished":"2025-06-24T14:56:48+00:00","dateModified":"2025-12-18T06:36:32+00:00","mainEntityOfPage":{"@id":"https:\/\/cifar.ca\/fr\/cifarnews\/2025\/06\/24\/in-memoriam-raymond-laflamme\/"},"wordCount":264,"publisher":{"@id":"https:\/\/cifar.ca\/fr\/#organization"},"image":{"@id":"https:\/\/cifar.ca\/fr\/cifarnews\/2025\/06\/24\/in-memoriam-raymond-laflamme\/#primaryimage"},"thumbnailUrl":"https:\/\/cifar.ca\/wp-content\/uploads\/2025\/06\/RaymondLaflamme.png","keywords":["Raymond Laflamme"],"articleSection":["In Memoriam","Nouvelles"],"inLanguage":"fr-FR"},{"@type":"WebPage","@id":"https:\/\/cifar.ca\/fr\/cifarnews\/2025\/06\/24\/in-memoriam-raymond-laflamme\/","url":"https:\/\/cifar.ca\/fr\/cifarnews\/2025\/06\/24\/in-memoriam-raymond-laflamme\/","name":"In Memoriam : Raymond Laflamme - CIFAR","isPartOf":{"@id":"https:\/\/cifar.ca\/fr\/#website"},"primaryImageOfPage":{"@id":"https:\/\/cifar.ca\/fr\/cifarnews\/2025\/06\/24\/in-memoriam-raymond-laflamme\/#primaryimage"},"image":{"@id":"https:\/\/cifar.ca\/fr\/cifarnews\/2025\/06\/24\/in-memoriam-raymond-laflamme\/#primaryimage"},"thumbnailUrl":"https:\/\/cifar.ca\/wp-content\/uploads\/2025\/06\/RaymondLaflamme.png","datePublished":"2025-06-24T14:56:48+00:00","dateModified":"2025-12-18T06:36:32+00:00","description":"Raymond Laflamme, sommit\u00e9 de la science quantique et membre fondateur du programme Informatique quantique du CIFAR, est d\u00e9c\u00e9d\u00e9 \u00e0 l\u2019\u00e2ge de 64 ans.","breadcrumb":{"@id":"https:\/\/cifar.ca\/fr\/cifarnews\/2025\/06\/24\/in-memoriam-raymond-laflamme\/#breadcrumb"},"inLanguage":"fr-FR","potentialAction":[{"@type":"ReadAction","target":["https:\/\/cifar.ca\/fr\/cifarnews\/2025\/06\/24\/in-memoriam-raymond-laflamme\/"]}]},{"@type":"ImageObject","inLanguage":"fr-FR","@id":"https:\/\/cifar.ca\/fr\/cifarnews\/2025\/06\/24\/in-memoriam-raymond-laflamme\/#primaryimage","url":"https:\/\/cifar.ca\/wp-content\/uploads\/2025\/06\/RaymondLaflamme.png","contentUrl":"https:\/\/cifar.ca\/wp-content\/uploads\/2025\/06\/RaymondLaflamme.png","width":1200,"height":675},{"@type":"BreadcrumbList","@id":"https:\/\/cifar.ca\/fr\/cifarnews\/2025\/06\/24\/in-memoriam-raymond-laflamme\/#breadcrumb","itemListElement":[{"@type":"ListItem","position":1,"name":"Acceuil","item":"https:\/\/cifar.ca\/fr\/"},{"@type":"ListItem","position":2,"name":"In Memoriam : Raymond Laflamme"}]},{"@type":"WebSite","@id":"https:\/\/cifar.ca\/fr\/#website","url":"https:\/\/cifar.ca\/fr\/","name":"CIFAR","description":"Convoquer des esprits extraordinaires pour r\u00e9pondre aux questions les plus importantes auxquelles la science et l'humanit\u00e9 sont confront\u00e9es.","publisher":{"@id":"https:\/\/cifar.ca\/fr\/#organization"},"potentialAction":[{"@type":"SearchAction","target":{"@type":"EntryPoint","urlTemplate":"https:\/\/cifar.ca\/fr\/?s={search_term_string}"},"query-input":{"@type":"PropertyValueSpecification","valueRequired":true,"valueName":"search_term_string"}}],"inLanguage":"fr-FR"},{"@type":"Organization","@id":"https:\/\/cifar.ca\/fr\/#organization","name":"CIFAR","url":"https:\/\/cifar.ca\/fr\/","logo":{"@type":"ImageObject","inLanguage":"fr-FR","@id":"https:\/\/cifar.ca\/fr\/#\/schema\/logo\/image\/","url":"https:\/\/cifar.ca\/wp-content\/uploads\/2020\/01\/cifar-logo-rgb-colour.png","contentUrl":"https:\/\/cifar.ca\/wp-content\/uploads\/2020\/01\/cifar-logo-rgb-colour.png","width":1884,"height":681,"caption":"CIFAR"},"image":{"@id":"https:\/\/cifar.ca\/fr\/#\/schema\/logo\/image\/"}},{"@type":"Person","@id":"https:\/\/cifar.ca\/fr\/#\/schema\/person\/772cd357eac17dc0f6b7e10b7d80a1b4","name":"Liz Do","image":{"@type":"ImageObject","inLanguage":"fr-FR","@id":"https:\/\/secure.gravatar.com\/avatar\/a6ad5f6c430679a96d91b356a7ca4753a816c0906754bb4951fe5f5ea1ee7973?s=96&d=mm&r=g","url":"https:\/\/secure.gravatar.com\/avatar\/a6ad5f6c430679a96d91b356a7ca4753a816c0906754bb4951fe5f5ea1ee7973?s=96&d=mm&r=g","contentUrl":"https:\/\/secure.gravatar.com\/avatar\/a6ad5f6c430679a96d91b356a7ca4753a816c0906754bb4951fe5f5ea1ee7973?s=96&d=mm&r=g","caption":"Liz Do"}}]}},"_links":{"self":[{"href":"https:\/\/cifar.ca\/fr\/wp-json\/wp\/v2\/posts\/62182","targetHints":{"allow":["GET"]}}],"collection":[{"href":"https:\/\/cifar.ca\/fr\/wp-json\/wp\/v2\/posts"}],"about":[{"href":"https:\/\/cifar.ca\/fr\/wp-json\/wp\/v2\/types\/post"}],"author":[{"embeddable":true,"href":"https:\/\/cifar.ca\/fr\/wp-json\/wp\/v2\/users\/51"}],"replies":[{"embeddable":true,"href":"https:\/\/cifar.ca\/fr\/wp-json\/wp\/v2\/comments?post=62182"}],"version-history":[{"count":0,"href":"https:\/\/cifar.ca\/fr\/wp-json\/wp\/v2\/posts\/62182\/revisions"}],"wp:featuredmedia":[{"embeddable":true,"href":"https:\/\/cifar.ca\/fr\/wp-json\/wp\/v2\/media\/62179"}],"wp:attachment":[{"href":"https:\/\/cifar.ca\/fr\/wp-json\/wp\/v2\/media?parent=62182"}],"wp:term":[{"taxonomy":"category","embeddable":true,"href":"https:\/\/cifar.ca\/fr\/wp-json\/wp\/v2\/categories?post=62182"},{"taxonomy":"post_tag","embeddable":true,"href":"https:\/\/cifar.ca\/fr\/wp-json\/wp\/v2\/tags?post=62182"}],"curies":[{"name":"wp","href":"https:\/\/api.w.org\/{rel}","templated":true}]}}