{"id":62369,"date":"2025-07-28T09:00:24","date_gmt":"2025-07-28T13:00:24","guid":{"rendered":"https:\/\/cifar.ca\/?p=62369"},"modified":"2025-12-18T01:29:44","modified_gmt":"2025-12-18T06:29:44","slug":"soutenir-la-prochaine-generation-de-talents-en-ia","status":"publish","type":"post","link":"https:\/\/cifar.ca\/fr\/cifarnews\/2025\/07\/28\/soutenir-la-prochaine-generation-de-talents-en-ia\/","title":{"rendered":"Soutenir la prochaine g\u00e9n\u00e9ration de talents en IA"},"content":{"rendered":"<h2><span style=\"color: #da291c;\"><strong>Cohere explique pourquoi elle commandite l\u2019\u00e9dition\u00a02025 de l\u2019\u00c9cole d\u2019\u00e9t\u00e9 sur l\u2019apprentissage profond et l\u2019apprentissage par renforcement.<\/strong><\/span><\/h2>\n<p><i><span style=\"font-weight: 400;\">Cet article a \u00e9t\u00e9 publi\u00e9 en reconnaissance du soutien apport\u00e9 par Cohere \u00e0 l\u2019\u00e9dition\u00a02025 de l\u2019\u00c9cole d\u2019\u00e9t\u00e9 sur l\u2019APAR.<\/span><\/i><\/p>\n<p><span style=\"font-weight: 400;\">Chaque ann\u00e9e, l\u2019\u00c9cole d\u2019\u00e9t\u00e9 sur l\u2019apprentissage profond et l\u2019apprentissage par renforcement (APAR) du CIFAR accueille de nouveaux talents en IA qui viennent du monde entier pour explorer <\/span><span style=\"font-weight: 400;\">les avanc\u00e9es de la recherche fondamentale ainsi que les nouveaux d\u00e9veloppements et les applications concr\u00e8tes de l\u2019IA et de l\u2019apprentissage automatique.<\/span><\/p>\n<p><span style=\"font-weight: 400;\">Lanc\u00e9 il y a plus de 20\u00a0ans, le programme a form\u00e9 plus de 2\u2009700\u00a0personnes, dont plusieurs sont devenues des figures de proue dans leur domaine. L\u2019\u00c9cole d\u2019\u00e9t\u00e9 sur l\u2019APAR existe gr\u00e2ce au g\u00e9n\u00e9reux soutien d\u2019organisations telles que Cohere. Ces commanditaires fournissent un financement essentiel tout en offrant aux \u00e9tudiants et \u00e9tudiantes de pr\u00e9cieuses occasions d\u2019apprentissage et de r\u00e9seautage.\u00a0<\/span><\/p>\n<p><span style=\"font-weight: 400;\">Apr\u00e8s s\u2019\u00eatre engag\u00e9e comme commanditaire en 2021, Cohere soutient l\u2019\u00c9cole d\u2019\u00e9t\u00e9 cette ann\u00e9e \u00e0 titre de commanditaire Or. Le CIFAR a rencontr\u00e9 Ivan Zhang, cofondateur de Cohere, pour en savoir plus sur l\u2019engagement de Cohere \u00e0 appuyer la prochaine g\u00e9n\u00e9ration de talents en IA et sur les raisons pour lesquelles l\u2019entreprise a choisi de commanditer l\u2019\u00c9cole d\u2019\u00e9t\u00e9 sur l\u2019APAR.<\/span><\/p>\n<p><b>CIFAR\u00a0: Pour commencer, pouvez-vous nous parler un peu de Cohere et de votre r\u00f4le au sein de l\u2019entreprise?<\/b><\/p>\n<p><b>Ivan Zhang\u00a0:<\/b><span style=\"font-weight: 400;\"> En tant que cofondateur de Cohere, la principale entreprise d\u2019IA ax\u00e9e sur la s\u00e9curit\u00e9, je dirige le d\u00e9veloppement des produits et me concentre sur l\u2019adoption de nos solutions d\u2019IA de pointe par le secteur public. Je travaille en \u00e9troite collaboration avec nos \u00e9quipes techniques pour d\u00e9velopper North, notre plateforme offrant un environnement d\u2019IA s\u00e9curis\u00e9. Cet espace de travail permet aux membres du personnel d\u2019\u00eatre plus productifs gr\u00e2ce \u00e0 des agents intelligents personnalis\u00e9s. Nous sommes fiers de nous associer \u00e0 des entreprises mondiales de premier plan, dont Oracle, RBC, Banque TD, LG CNS, Fujitsu et Dell, afin de fournir des solutions d\u2019IA s\u00e9curis\u00e9es qui permettent de r\u00e9soudre des probl\u00e8mes commerciaux concrets.<\/span><\/p>\n<p><b>CIFAR\u00a0: Qu\u2019est-ce qui a motiv\u00e9 Cohere \u00e0 soutenir l\u2019\u00c9cole d\u2019\u00e9t\u00e9 sur l\u2019APAR en tant que commanditaire Or? Y avait-il un \u00e9l\u00e9ment particulier qui correspondait \u00e0 la mission de Cohere?<\/b><\/p>\n<p><b>IZ\u00a0:<\/b><span style=\"font-weight: 400;\"> Nous sommes profond\u00e9ment convaincus de l\u2019importance de renforcer le leadership du Canada dans le domaine de l\u2019IA et d\u2019\u00e9largir son bassin de talents. En soutenant l\u2019\u00c9cole d\u2019\u00e9t\u00e9, nous encourageons l\u2019innovation et contribuons \u00e0 former la prochaine g\u00e9n\u00e9ration de leaders en IA ici m\u00eame, au Canada. Cela s\u2019inscrit dans les efforts que nous d\u00e9ployons \u00e0 plus grande \u00e9chelle pour b\u00e2tir un \u00e9cosyst\u00e8me technologique florissant qui rayonne \u00e0 l\u2019\u00e9chelle mondiale.\u00a0<\/span><\/p>\n<figure id=\"attachment_62364\" aria-describedby=\"caption-attachment-62364\" style=\"width: 801px\" class=\"wp-caption alignnone\"><img loading=\"lazy\" decoding=\"async\" class=\" wp-image-62364\" src=\"https:\/\/cifar.ca\/wp-content\/uploads\/2025\/07\/2025-07-21_DLRL_-7-scaled.jpg\" alt=\"\" width=\"801\" height=\"534\" srcset=\"https:\/\/cifar.ca\/wp-content\/uploads\/2025\/07\/2025-07-21_DLRL_-7-scaled.jpg 2560w, https:\/\/cifar.ca\/wp-content\/uploads\/2025\/07\/2025-07-21_DLRL_-7-1536x1024.jpg 1536w, https:\/\/cifar.ca\/wp-content\/uploads\/2025\/07\/2025-07-21_DLRL_-7-2048x1365.jpg 2048w\" sizes=\"auto, (max-width: 801px) 100vw, 801px\" \/><figcaption id=\"caption-attachment-62364\" class=\"wp-caption-text\">Le premier jour de l\u2019\u00c9cole d\u2019\u00e9t\u00e9, Jay Alammar, directeur et ing\u00e9nieur chez Cohere, s\u2019adresse aux \u00e9tudiants et \u00e9tudiantes au sujet de l\u2019apprentissage profond et de l\u2019apprentissage par renforcement ainsi que de leurs diff\u00e9rentes applications.<\/figcaption><\/figure>\n<p><b>CIFAR\u00a0: Pourquoi est-il important pour vous et pour Cohere d\u2019investir dans la prochaine g\u00e9n\u00e9ration de talents en IA?<\/b><\/p>\n<p><b>IZ\u00a0:<\/b><span style=\"font-weight: 400;\"> Comme nous avons profit\u00e9 de la g\u00e9n\u00e9rosit\u00e9 du CIFAR \u00e0 nos d\u00e9buts, nous sommes heureux de soutenir la prochaine g\u00e9n\u00e9ration de leaders en IA. Investir dans la formation de ces scientifiques est essentiel pour assurer la prosp\u00e9rit\u00e9 \u00e0 long terme du secteur de l\u2019IA. Chez Cohere, notre objectif est de donner la possibilit\u00e9 aux chercheurs et chercheuses d\u2019avoir un impact r\u00e9el et de cr\u00e9er des outils puissants pour nos clients. Au Canada, l\u2019IA est un \u00e9l\u00e9ment essentiel de la croissance \u00e9conomique et de la s\u00e9curit\u00e9 nationale. En soutenant des programmes tels que l\u2019\u00c9cole d\u2019\u00e9t\u00e9 sur l\u2019APAR, nous formons les talents qui permettront au Canada de demeurer un chef de file de l\u2019IA et nous nous assurons que Cohere conserve son avance.\u00a0<\/span><\/p>\n<p><b>CIFAR\u00a0: De quelle mani\u00e8re votre soutien refl\u00e8te-t-il les valeurs ou la vision \u00e0 long terme de Cohere en mati\u00e8re d\u2019IA?<\/b><\/p>\n<p><b>IZ\u00a0:<\/b><span style=\"font-weight: 400;\"> Investir dans la recherche en IA fait partie int\u00e9grante de l\u2019ADN de Cohere, d\u2019o\u00f9 la cr\u00e9ation de Cohere Labs, notre division consacr\u00e9e \u00e0 la recherche. Nous visons \u00e0 faire \u00e9voluer des domaines critiques tels que la s\u00e9curit\u00e9 de l\u2019IA, la s\u00fbret\u00e9 et le soutien multilingue, qui sont essentiels tant pour la communaut\u00e9 mondiale de l\u2019IA que pour nos clients. Notre \u00e9quipe va continuer \u00e0 publier des articles novateurs qui font avancer le domaine, tout en d\u00e9veloppant des solutions pratiques qui profitent directement \u00e0 nos clients. Ce double engagement envers l\u2019innovation et les retomb\u00e9es concr\u00e8tes nous motive chaque jour.<\/span><\/p>\n<p><b>CIFAR\u00a0: Cohere est fi\u00e8re d\u2019\u00eatre canadienne, mais nourrit aussi des ambitions mondiales. Qu\u2019est-ce qui a motiv\u00e9 votre d\u00e9cision de conserver votre si\u00e8ge social au Canada, et pourquoi Montr\u00e9al a-t-elle \u00e9t\u00e9 un choix naturel pour votre nouveau bureau?\u00a0<\/b><\/p>\n<p><b>IZ\u00a0:<\/b><span style=\"font-weight: 400;\"> \u00c9tant trois cofondateurs canadiens, nous sommes fiers de nos racines alors que nous \u00e9tendons nos activit\u00e9s mondiales. Le Canada joue un r\u00f4le de premier plan dans la r\u00e9volution de l\u2019IA depuis des d\u00e9cennies, et nous sommes d\u00e9termin\u00e9s \u00e0 maintenir cette position de t\u00eate. Gr\u00e2ce \u00e0 un \u00e9cosyst\u00e8me de l\u2019IA florissant et \u00e0 un vaste bassin de talents, nous avons tout ce qu\u2019il faut pour r\u00e9ussir. C\u2019est pourquoi nous r\u00e9affirmons notre engagement en ouvrant un nouveau bureau \u00e0 Montr\u00e9al. Il nous permet de mieux servir nos clients au pays et d\u2019\u00e9tablir de nouveaux partenariats, tout en consolidant la position du Canada en tant que leader mondial dans le domaine de l\u2019IA.<\/span><\/p>\n<p><b>CIFAR\u00a0: Selon vous, qu\u2019est-ce qui distingue l\u2019\u00e9cosyst\u00e8me canadien de l\u2019IA des autres \u00e9cosyst\u00e8mes mondiaux?<\/b><\/p>\n<p><b>IZ\u00a0:<\/b><span style=\"font-weight: 400;\"> L\u2019\u00e9cosyst\u00e8me canadien de l\u2019IA est r\u00e9put\u00e9 pour l\u2019importance accord\u00e9e \u00e0 la recherche et \u00e0 l\u2019innovation responsable. Le Canada poss\u00e8de une riche histoire en mati\u00e8re de d\u00e9veloppement de l\u2019IA et compte des instituts de recherche de renomm\u00e9e mondiale ainsi que des talents de premier plan. Il est encourageant de voir que les grandes entreprises et le gouvernement soutiennent cette technologie afin de stimuler la productivit\u00e9 et de r\u00e9aliser des gains d\u2019efficacit\u00e9.\u00a0<\/span><\/p>\n<figure id=\"attachment_62366\" aria-describedby=\"caption-attachment-62366\" style=\"width: 801px\" class=\"wp-caption alignnone\"><img loading=\"lazy\" decoding=\"async\" class=\" wp-image-62366\" src=\"https:\/\/cifar.ca\/wp-content\/uploads\/2025\/07\/2025-07-21_DLRL_-4-scaled.jpg\" alt=\"\" width=\"801\" height=\"534\" srcset=\"https:\/\/cifar.ca\/wp-content\/uploads\/2025\/07\/2025-07-21_DLRL_-4-scaled.jpg 2560w, https:\/\/cifar.ca\/wp-content\/uploads\/2025\/07\/2025-07-21_DLRL_-4-1536x1024.jpg 1536w, https:\/\/cifar.ca\/wp-content\/uploads\/2025\/07\/2025-07-21_DLRL_-4-2048x1365.jpg 2048w\" sizes=\"auto, (max-width: 801px) 100vw, 801px\" \/><figcaption id=\"caption-attachment-62366\" class=\"wp-caption-text\">La pr\u00e9sentation de Jay Alammar a suscit\u00e9 des discussions parmi la cohorte \u00e9tudiante de l\u2019\u00c9cole d\u2019\u00e9t\u00e9 sur l\u2019APAR.<\/figcaption><\/figure>\n<p><b>CIFAR\u00a0: Quels conseils donneriez-vous aux stagiaires ainsi qu\u2019aux \u00e9tudiants et \u00e9tudiantes en IA qui souhaitent contribuer significativement \u00e0 ce domaine en pleine \u00e9volution?<\/b><\/p>\n<p><b>IZ\u00a0:<\/b><span style=\"font-weight: 400;\"> L\u2019IA va transformer notre fa\u00e7on de vivre et de travailler. Mon conseil est de faire preuve de curiosit\u00e9, de continuer \u00e0 apprendre et de saisir les occasions de contribuer \u00e0 ce domaine. Le secteur est en constante \u00e9volution. Il est donc essentiel de se tenir au fait des derni\u00e8res avanc\u00e9es. Chez Cohere, nous proposons des stages qui permettent d\u2019acqu\u00e9rir une exp\u00e9rience pratique et d\u2019avoir un v\u00e9ritable impact.<\/span><\/p>\n<hr \/>\n<p><em>Photo: Chris Onciul, Amii<\/em><\/p>\n","protected":false},"excerpt":{"rendered":"<p>Cohere explique pourquoi elle commandite l\u2019\u00e9dition\u00a02025 de l\u2019\u00c9cole d\u2019\u00e9t\u00e9 sur l\u2019apprentissage profond et l\u2019apprentissage par renforcement. Cet article a \u00e9t\u00e9 publi\u00e9 en reconnaissance du soutien [&hellip;]<\/p>\n","protected":false},"author":63,"featured_media":62370,"comment_status":"closed","ping_status":"closed","sticky":false,"template":"","format":"standard","meta":{"_acf_changed":false,"footnotes":""},"categories":[1771,5552,3972,5872],"tags":[6457],"class_list":["post-62369","post","type-post","status-publish","format-standard","has-post-thumbnail","hentry","category-nouvelles","category-cifar-nextgen-ai-training-programs-fr","category-strategie-pancanadienne-en-matiere-dia","category-z-cifar-pan-canadian-ai-strategy-and-news-fr","tag-dlrl-fr"],"acf":[],"yoast_head":"<!-- This site is optimized with the Yoast SEO plugin v27.2 - https:\/\/yoast.com\/product\/yoast-seo-wordpress\/ -->\n<title>CIFAR<\/title>\n<meta name=\"description\" content=\"Cohere explique pourquoi elle commandite l\u2019\u00e9dition 2025 de l\u2019\u00c9cole d\u2019\u00e9t\u00e9 sur l\u2019apprentissage profond et l\u2019apprentissage par renforcement.\" \/>\n<meta name=\"robots\" content=\"index, follow, max-snippet:-1, max-image-preview:large, max-video-preview:-1\" \/>\n<link rel=\"canonical\" href=\"https:\/\/cifar.ca\/fr\/cifarnews\/2025\/07\/28\/soutenir-la-prochaine-generation-de-talents-en-ia\/\" \/>\n<meta property=\"og:locale\" content=\"fr_FR\" \/>\n<meta property=\"og:type\" content=\"article\" \/>\n<meta property=\"og:title\" content=\"Soutenir la prochaine g\u00e9n\u00e9ration de talents en IA - CIFAR\" \/>\n<meta property=\"og:description\" content=\"Cohere explique pourquoi elle commandite l\u2019\u00e9dition 2025 de l\u2019\u00c9cole d\u2019\u00e9t\u00e9 sur l\u2019apprentissage profond et l\u2019apprentissage par renforcement.\" \/>\n<meta property=\"og:url\" content=\"https:\/\/cifar.ca\/fr\/cifarnews\/2025\/07\/28\/soutenir-la-prochaine-generation-de-talents-en-ia\/\" \/>\n<meta property=\"og:site_name\" content=\"CIFAR\" \/>\n<meta property=\"article:published_time\" content=\"2025-07-28T13:00:24+00:00\" \/>\n<meta property=\"article:modified_time\" content=\"2025-12-18T06:29:44+00:00\" \/>\n<meta property=\"og:image\" content=\"https:\/\/cifar.ca\/wp-content\/uploads\/2025\/07\/cohere-dlrl-article-FR-2.jpg\" \/>\n\t<meta property=\"og:image:width\" content=\"1920\" \/>\n\t<meta property=\"og:image:height\" content=\"1080\" \/>\n\t<meta property=\"og:image:type\" content=\"image\/jpeg\" \/>\n<meta name=\"author\" content=\"Justine Brooks\" \/>\n<meta name=\"twitter:card\" content=\"summary_large_image\" \/>\n<meta name=\"twitter:label1\" content=\"\u00c9crit par\" \/>\n\t<meta name=\"twitter:data1\" content=\"Justine Brooks\" \/>\n\t<meta name=\"twitter:label2\" content=\"Dur\u00e9e de lecture estim\u00e9e\" \/>\n\t<meta name=\"twitter:data2\" content=\"6 minutes\" \/>\n<script type=\"application\/ld+json\" class=\"yoast-schema-graph\">{\"@context\":\"https:\/\/schema.org\",\"@graph\":[{\"@type\":\"Article\",\"@id\":\"https:\/\/cifar.ca\/fr\/cifarnews\/2025\/07\/28\/soutenir-la-prochaine-generation-de-talents-en-ia\/#article\",\"isPartOf\":{\"@id\":\"https:\/\/cifar.ca\/fr\/cifarnews\/2025\/07\/28\/soutenir-la-prochaine-generation-de-talents-en-ia\/\"},\"author\":{\"name\":\"Justine Brooks\",\"@id\":\"https:\/\/cifar.ca\/fr\/#\/schema\/person\/e2b54b4da40a11bc4916b20395422a32\"},\"headline\":\"Soutenir la prochaine g\u00e9n\u00e9ration de talents en IA\",\"datePublished\":\"2025-07-28T13:00:24+00:00\",\"dateModified\":\"2025-12-18T06:29:44+00:00\",\"mainEntityOfPage\":{\"@id\":\"https:\/\/cifar.ca\/fr\/cifarnews\/2025\/07\/28\/soutenir-la-prochaine-generation-de-talents-en-ia\/\"},\"wordCount\":1246,\"publisher\":{\"@id\":\"https:\/\/cifar.ca\/fr\/#organization\"},\"image\":{\"@id\":\"https:\/\/cifar.ca\/fr\/cifarnews\/2025\/07\/28\/soutenir-la-prochaine-generation-de-talents-en-ia\/#primaryimage\"},\"thumbnailUrl\":\"https:\/\/cifar.ca\/wp-content\/uploads\/2025\/07\/cohere-dlrl-article-FR-2.jpg\",\"keywords\":[\"DLRL\"],\"articleSection\":[\"Nouvelles\",\"Programmes de formation en IA du CIFAR destin\u00e9s \u00e0 la prochaine g\u00e9n\u00e9ration\",\"Strat\u00e9gie pancanadienne en mati\u00e8re d&#039;IA\",\"z-CIFAR Pan-Canadian AI Strategy and News FR\"],\"inLanguage\":\"fr-FR\"},{\"@type\":\"WebPage\",\"@id\":\"https:\/\/cifar.ca\/fr\/cifarnews\/2025\/07\/28\/soutenir-la-prochaine-generation-de-talents-en-ia\/\",\"url\":\"https:\/\/cifar.ca\/fr\/cifarnews\/2025\/07\/28\/soutenir-la-prochaine-generation-de-talents-en-ia\/\",\"name\":\"Soutenir la prochaine g\u00e9n\u00e9ration de talents en IA - CIFAR\",\"isPartOf\":{\"@id\":\"https:\/\/cifar.ca\/fr\/#website\"},\"primaryImageOfPage\":{\"@id\":\"https:\/\/cifar.ca\/fr\/cifarnews\/2025\/07\/28\/soutenir-la-prochaine-generation-de-talents-en-ia\/#primaryimage\"},\"image\":{\"@id\":\"https:\/\/cifar.ca\/fr\/cifarnews\/2025\/07\/28\/soutenir-la-prochaine-generation-de-talents-en-ia\/#primaryimage\"},\"thumbnailUrl\":\"https:\/\/cifar.ca\/wp-content\/uploads\/2025\/07\/cohere-dlrl-article-FR-2.jpg\",\"datePublished\":\"2025-07-28T13:00:24+00:00\",\"dateModified\":\"2025-12-18T06:29:44+00:00\",\"description\":\"Cohere explique pourquoi elle commandite l\u2019\u00e9dition 2025 de l\u2019\u00c9cole d\u2019\u00e9t\u00e9 sur l\u2019apprentissage profond et l\u2019apprentissage par renforcement.\",\"breadcrumb\":{\"@id\":\"https:\/\/cifar.ca\/fr\/cifarnews\/2025\/07\/28\/soutenir-la-prochaine-generation-de-talents-en-ia\/#breadcrumb\"},\"inLanguage\":\"fr-FR\",\"potentialAction\":[{\"@type\":\"ReadAction\",\"target\":[\"https:\/\/cifar.ca\/fr\/cifarnews\/2025\/07\/28\/soutenir-la-prochaine-generation-de-talents-en-ia\/\"]}]},{\"@type\":\"ImageObject\",\"inLanguage\":\"fr-FR\",\"@id\":\"https:\/\/cifar.ca\/fr\/cifarnews\/2025\/07\/28\/soutenir-la-prochaine-generation-de-talents-en-ia\/#primaryimage\",\"url\":\"https:\/\/cifar.ca\/wp-content\/uploads\/2025\/07\/cohere-dlrl-article-FR-2.jpg\",\"contentUrl\":\"https:\/\/cifar.ca\/wp-content\/uploads\/2025\/07\/cohere-dlrl-article-FR-2.jpg\",\"width\":1920,\"height\":1080},{\"@type\":\"BreadcrumbList\",\"@id\":\"https:\/\/cifar.ca\/fr\/cifarnews\/2025\/07\/28\/soutenir-la-prochaine-generation-de-talents-en-ia\/#breadcrumb\",\"itemListElement\":[{\"@type\":\"ListItem\",\"position\":1,\"name\":\"Acceuil\",\"item\":\"https:\/\/cifar.ca\/fr\/\"},{\"@type\":\"ListItem\",\"position\":2,\"name\":\"Soutenir la prochaine g\u00e9n\u00e9ration de talents en IA\"}]},{\"@type\":\"WebSite\",\"@id\":\"https:\/\/cifar.ca\/fr\/#website\",\"url\":\"https:\/\/cifar.ca\/fr\/\",\"name\":\"CIFAR\",\"description\":\"Convoquer des esprits extraordinaires pour r\u00e9pondre aux questions les plus importantes auxquelles la science et l'humanit\u00e9 sont confront\u00e9es.\",\"publisher\":{\"@id\":\"https:\/\/cifar.ca\/fr\/#organization\"},\"potentialAction\":[{\"@type\":\"SearchAction\",\"target\":{\"@type\":\"EntryPoint\",\"urlTemplate\":\"https:\/\/cifar.ca\/fr\/?s={search_term_string}\"},\"query-input\":{\"@type\":\"PropertyValueSpecification\",\"valueRequired\":true,\"valueName\":\"search_term_string\"}}],\"inLanguage\":\"fr-FR\"},{\"@type\":\"Organization\",\"@id\":\"https:\/\/cifar.ca\/fr\/#organization\",\"name\":\"CIFAR\",\"url\":\"https:\/\/cifar.ca\/fr\/\",\"logo\":{\"@type\":\"ImageObject\",\"inLanguage\":\"fr-FR\",\"@id\":\"https:\/\/cifar.ca\/fr\/#\/schema\/logo\/image\/\",\"url\":\"https:\/\/cifar.ca\/wp-content\/uploads\/2020\/01\/cifar-logo-rgb-colour.png\",\"contentUrl\":\"https:\/\/cifar.ca\/wp-content\/uploads\/2020\/01\/cifar-logo-rgb-colour.png\",\"width\":1884,\"height\":681,\"caption\":\"CIFAR\"},\"image\":{\"@id\":\"https:\/\/cifar.ca\/fr\/#\/schema\/logo\/image\/\"}},{\"@type\":\"Person\",\"@id\":\"https:\/\/cifar.ca\/fr\/#\/schema\/person\/e2b54b4da40a11bc4916b20395422a32\",\"name\":\"Justine Brooks\",\"image\":{\"@type\":\"ImageObject\",\"inLanguage\":\"fr-FR\",\"@id\":\"https:\/\/secure.gravatar.com\/avatar\/1889bcc5bdac8fd9b6eeace30610f03315e6508bbc8ac7e7162e6a2302cc21e6?s=96&d=mm&r=g\",\"url\":\"https:\/\/secure.gravatar.com\/avatar\/1889bcc5bdac8fd9b6eeace30610f03315e6508bbc8ac7e7162e6a2302cc21e6?s=96&d=mm&r=g\",\"contentUrl\":\"https:\/\/secure.gravatar.com\/avatar\/1889bcc5bdac8fd9b6eeace30610f03315e6508bbc8ac7e7162e6a2302cc21e6?s=96&d=mm&r=g\",\"caption\":\"Justine Brooks\"}}]}<\/script>\n<!-- \/ Yoast SEO plugin. -->","yoast_head_json":{"title":"CIFAR","description":"Cohere explique pourquoi elle commandite l\u2019\u00e9dition 2025 de l\u2019\u00c9cole d\u2019\u00e9t\u00e9 sur l\u2019apprentissage profond et l\u2019apprentissage par renforcement.","robots":{"index":"index","follow":"follow","max-snippet":"max-snippet:-1","max-image-preview":"max-image-preview:large","max-video-preview":"max-video-preview:-1"},"canonical":"https:\/\/cifar.ca\/fr\/cifarnews\/2025\/07\/28\/soutenir-la-prochaine-generation-de-talents-en-ia\/","og_locale":"fr_FR","og_type":"article","og_title":"Soutenir la prochaine g\u00e9n\u00e9ration de talents en IA - CIFAR","og_description":"Cohere explique pourquoi elle commandite l\u2019\u00e9dition 2025 de l\u2019\u00c9cole d\u2019\u00e9t\u00e9 sur l\u2019apprentissage profond et l\u2019apprentissage par renforcement.","og_url":"https:\/\/cifar.ca\/fr\/cifarnews\/2025\/07\/28\/soutenir-la-prochaine-generation-de-talents-en-ia\/","og_site_name":"CIFAR","article_published_time":"2025-07-28T13:00:24+00:00","article_modified_time":"2025-12-18T06:29:44+00:00","og_image":[{"width":1920,"height":1080,"url":"https:\/\/cifar.ca\/wp-content\/uploads\/2025\/07\/cohere-dlrl-article-FR-2.jpg","type":"image\/jpeg"}],"author":"Justine Brooks","twitter_card":"summary_large_image","twitter_misc":{"\u00c9crit par":"Justine Brooks","Dur\u00e9e de lecture estim\u00e9e":"6 minutes"},"schema":{"@context":"https:\/\/schema.org","@graph":[{"@type":"Article","@id":"https:\/\/cifar.ca\/fr\/cifarnews\/2025\/07\/28\/soutenir-la-prochaine-generation-de-talents-en-ia\/#article","isPartOf":{"@id":"https:\/\/cifar.ca\/fr\/cifarnews\/2025\/07\/28\/soutenir-la-prochaine-generation-de-talents-en-ia\/"},"author":{"name":"Justine Brooks","@id":"https:\/\/cifar.ca\/fr\/#\/schema\/person\/e2b54b4da40a11bc4916b20395422a32"},"headline":"Soutenir la prochaine g\u00e9n\u00e9ration de talents en IA","datePublished":"2025-07-28T13:00:24+00:00","dateModified":"2025-12-18T06:29:44+00:00","mainEntityOfPage":{"@id":"https:\/\/cifar.ca\/fr\/cifarnews\/2025\/07\/28\/soutenir-la-prochaine-generation-de-talents-en-ia\/"},"wordCount":1246,"publisher":{"@id":"https:\/\/cifar.ca\/fr\/#organization"},"image":{"@id":"https:\/\/cifar.ca\/fr\/cifarnews\/2025\/07\/28\/soutenir-la-prochaine-generation-de-talents-en-ia\/#primaryimage"},"thumbnailUrl":"https:\/\/cifar.ca\/wp-content\/uploads\/2025\/07\/cohere-dlrl-article-FR-2.jpg","keywords":["DLRL"],"articleSection":["Nouvelles","Programmes de formation en IA du CIFAR destin\u00e9s \u00e0 la prochaine g\u00e9n\u00e9ration","Strat\u00e9gie pancanadienne en mati\u00e8re d&#039;IA","z-CIFAR Pan-Canadian AI Strategy and News FR"],"inLanguage":"fr-FR"},{"@type":"WebPage","@id":"https:\/\/cifar.ca\/fr\/cifarnews\/2025\/07\/28\/soutenir-la-prochaine-generation-de-talents-en-ia\/","url":"https:\/\/cifar.ca\/fr\/cifarnews\/2025\/07\/28\/soutenir-la-prochaine-generation-de-talents-en-ia\/","name":"Soutenir la prochaine g\u00e9n\u00e9ration de talents en IA - CIFAR","isPartOf":{"@id":"https:\/\/cifar.ca\/fr\/#website"},"primaryImageOfPage":{"@id":"https:\/\/cifar.ca\/fr\/cifarnews\/2025\/07\/28\/soutenir-la-prochaine-generation-de-talents-en-ia\/#primaryimage"},"image":{"@id":"https:\/\/cifar.ca\/fr\/cifarnews\/2025\/07\/28\/soutenir-la-prochaine-generation-de-talents-en-ia\/#primaryimage"},"thumbnailUrl":"https:\/\/cifar.ca\/wp-content\/uploads\/2025\/07\/cohere-dlrl-article-FR-2.jpg","datePublished":"2025-07-28T13:00:24+00:00","dateModified":"2025-12-18T06:29:44+00:00","description":"Cohere explique pourquoi elle commandite l\u2019\u00e9dition 2025 de l\u2019\u00c9cole d\u2019\u00e9t\u00e9 sur l\u2019apprentissage profond et l\u2019apprentissage par renforcement.","breadcrumb":{"@id":"https:\/\/cifar.ca\/fr\/cifarnews\/2025\/07\/28\/soutenir-la-prochaine-generation-de-talents-en-ia\/#breadcrumb"},"inLanguage":"fr-FR","potentialAction":[{"@type":"ReadAction","target":["https:\/\/cifar.ca\/fr\/cifarnews\/2025\/07\/28\/soutenir-la-prochaine-generation-de-talents-en-ia\/"]}]},{"@type":"ImageObject","inLanguage":"fr-FR","@id":"https:\/\/cifar.ca\/fr\/cifarnews\/2025\/07\/28\/soutenir-la-prochaine-generation-de-talents-en-ia\/#primaryimage","url":"https:\/\/cifar.ca\/wp-content\/uploads\/2025\/07\/cohere-dlrl-article-FR-2.jpg","contentUrl":"https:\/\/cifar.ca\/wp-content\/uploads\/2025\/07\/cohere-dlrl-article-FR-2.jpg","width":1920,"height":1080},{"@type":"BreadcrumbList","@id":"https:\/\/cifar.ca\/fr\/cifarnews\/2025\/07\/28\/soutenir-la-prochaine-generation-de-talents-en-ia\/#breadcrumb","itemListElement":[{"@type":"ListItem","position":1,"name":"Acceuil","item":"https:\/\/cifar.ca\/fr\/"},{"@type":"ListItem","position":2,"name":"Soutenir la prochaine g\u00e9n\u00e9ration de talents en IA"}]},{"@type":"WebSite","@id":"https:\/\/cifar.ca\/fr\/#website","url":"https:\/\/cifar.ca\/fr\/","name":"CIFAR","description":"Convoquer des esprits extraordinaires pour r\u00e9pondre aux questions les plus importantes auxquelles la science et l'humanit\u00e9 sont confront\u00e9es.","publisher":{"@id":"https:\/\/cifar.ca\/fr\/#organization"},"potentialAction":[{"@type":"SearchAction","target":{"@type":"EntryPoint","urlTemplate":"https:\/\/cifar.ca\/fr\/?s={search_term_string}"},"query-input":{"@type":"PropertyValueSpecification","valueRequired":true,"valueName":"search_term_string"}}],"inLanguage":"fr-FR"},{"@type":"Organization","@id":"https:\/\/cifar.ca\/fr\/#organization","name":"CIFAR","url":"https:\/\/cifar.ca\/fr\/","logo":{"@type":"ImageObject","inLanguage":"fr-FR","@id":"https:\/\/cifar.ca\/fr\/#\/schema\/logo\/image\/","url":"https:\/\/cifar.ca\/wp-content\/uploads\/2020\/01\/cifar-logo-rgb-colour.png","contentUrl":"https:\/\/cifar.ca\/wp-content\/uploads\/2020\/01\/cifar-logo-rgb-colour.png","width":1884,"height":681,"caption":"CIFAR"},"image":{"@id":"https:\/\/cifar.ca\/fr\/#\/schema\/logo\/image\/"}},{"@type":"Person","@id":"https:\/\/cifar.ca\/fr\/#\/schema\/person\/e2b54b4da40a11bc4916b20395422a32","name":"Justine Brooks","image":{"@type":"ImageObject","inLanguage":"fr-FR","@id":"https:\/\/secure.gravatar.com\/avatar\/1889bcc5bdac8fd9b6eeace30610f03315e6508bbc8ac7e7162e6a2302cc21e6?s=96&d=mm&r=g","url":"https:\/\/secure.gravatar.com\/avatar\/1889bcc5bdac8fd9b6eeace30610f03315e6508bbc8ac7e7162e6a2302cc21e6?s=96&d=mm&r=g","contentUrl":"https:\/\/secure.gravatar.com\/avatar\/1889bcc5bdac8fd9b6eeace30610f03315e6508bbc8ac7e7162e6a2302cc21e6?s=96&d=mm&r=g","caption":"Justine Brooks"}}]}},"_links":{"self":[{"href":"https:\/\/cifar.ca\/fr\/wp-json\/wp\/v2\/posts\/62369","targetHints":{"allow":["GET"]}}],"collection":[{"href":"https:\/\/cifar.ca\/fr\/wp-json\/wp\/v2\/posts"}],"about":[{"href":"https:\/\/cifar.ca\/fr\/wp-json\/wp\/v2\/types\/post"}],"author":[{"embeddable":true,"href":"https:\/\/cifar.ca\/fr\/wp-json\/wp\/v2\/users\/63"}],"replies":[{"embeddable":true,"href":"https:\/\/cifar.ca\/fr\/wp-json\/wp\/v2\/comments?post=62369"}],"version-history":[{"count":0,"href":"https:\/\/cifar.ca\/fr\/wp-json\/wp\/v2\/posts\/62369\/revisions"}],"wp:featuredmedia":[{"embeddable":true,"href":"https:\/\/cifar.ca\/fr\/wp-json\/wp\/v2\/media\/62370"}],"wp:attachment":[{"href":"https:\/\/cifar.ca\/fr\/wp-json\/wp\/v2\/media?parent=62369"}],"wp:term":[{"taxonomy":"category","embeddable":true,"href":"https:\/\/cifar.ca\/fr\/wp-json\/wp\/v2\/categories?post=62369"},{"taxonomy":"post_tag","embeddable":true,"href":"https:\/\/cifar.ca\/fr\/wp-json\/wp\/v2\/tags?post=62369"}],"curies":[{"name":"wp","href":"https:\/\/api.w.org\/{rel}","templated":true}]}}