{"id":63038,"date":"2025-10-02T08:00:57","date_gmt":"2025-10-02T12:00:57","guid":{"rendered":"https:\/\/cifar.ca\/?p=63038"},"modified":"2025-12-18T01:29:08","modified_gmt":"2025-12-18T06:29:08","slug":"avancement-de-la-recherche-en-ia-au-canada-nomination-de-titulaires-de-chaires-en-ia-canada-cifar","status":"publish","type":"post","link":"https:\/\/cifar.ca\/fr\/cifarnews\/2025\/10\/02\/avancement-de-la-recherche-en-ia-au-canada-nomination-de-titulaires-de-chaires-en-ia-canada-cifar\/","title":{"rendered":"Avancement de la recherche en IA au Canada\u00a0: nomination de titulaires de chaires en IA Canada-CIFAR\u00a0"},"content":{"rendered":"<h2><span style=\"color: #da291c;\"><strong>Comment les titulaires de chaires traduisent leurs recherches en retomb\u00e9es concr\u00e8tes<\/strong><\/span><\/h2>\n<p><span style=\"font-weight: 400;\">Le d\u00e9veloppement de la science fondamentale de l\u2019IA, la cr\u00e9ation de nouvelles technologies qui stimulent l\u2019\u00e9conomie canadienne et la recherche de solutions aux d\u00e9fis mondiaux ne sont que quelques-uns des impacts du <\/span><a href=\"https:\/\/cifar.ca\/fr\/ia\/chaires-en-ia-canada-cifar\/\"><span style=\"font-weight: 400;\">programme des chaires en IA Canada-CIFAR<\/span><\/a><span style=\"font-weight: 400;\">. Ce programme est la pierre angulaire de la Strat\u00e9gie pancanadienne en mati\u00e8re d\u2019IA, et l\u2019\u00e9quipe est heureuse d\u2019y accueillir deux nouvelles sommit\u00e9s mondiales en IA et de renouveler le mandat de dix autres titulaires. Affili\u00e9es \u00e0 l\u2019un des trois instituts nationaux d\u2019IA du Canada, ces personnes re\u00e7oivent un financement pendant cinq ans pour mener \u00e0 bien des projets de recherche transformateurs et former la prochaine g\u00e9n\u00e9ration d\u2019innovateurs. Le programme fait la force du Canada en mati\u00e8re de recherche et de talents dans le domaine de l\u2019IA.<\/span><\/p>\n<p><span style=\"font-weight: 400;\">Le CIFAR f\u00e9licite les titulaires de chaires en IA Canada-CIFAR suivants, qui ont obtenu leur premi\u00e8re nomination ou dont le mandat a \u00e9t\u00e9 renouvel\u00e9\u00a0:<\/span><\/p>\n<p><b>Institut Vecteur\u00a0<\/b><\/p>\n<ul>\n<li style=\"font-weight: 400;\" aria-level=\"1\"><a href=\"https:\/\/cifar.ca\/fr\/biographie\/michael-brudno\/\"><span style=\"font-weight: 400;\">Michael Brudno<\/span><\/a><span style=\"font-weight: 400;\">, Universit\u00e9 de Toronto (<\/span><i><span style=\"font-weight: 400;\">mandat renouvel\u00e9<\/span><\/i><span style=\"font-weight: 400;\">)<\/span><\/li>\n<li style=\"font-weight: 400;\" aria-level=\"1\"><a href=\"https:\/\/cifar.ca\/fr\/biographie\/anna-goldenberg\/\"><span style=\"font-weight: 400;\">Anna Goldenberg,<\/span><\/a> <span style=\"font-weight: 400;\">Universit\u00e9 de Toronto<\/span> <span style=\"font-weight: 400;\">(<\/span><i><span style=\"font-weight: 400;\">mandat renouvel\u00e9<\/span><\/i><span style=\"font-weight: 400;\">)<\/span><\/li>\n<li style=\"font-weight: 400;\" aria-level=\"1\"><a href=\"https:\/\/cifar.ca\/fr\/biographie\/zhijing-jin\/\"><span style=\"font-weight: 400;\">Zhijing Jin<\/span><\/a><span style=\"font-weight: 400;\">, Universit\u00e9 de Toronto <\/span><i><span style=\"font-weight: 400;\">(nouvelle nomination)<\/span><\/i><\/li>\n<\/ul>\n<p><b>Mila<\/b><\/p>\n<ul>\n<li style=\"font-weight: 400;\" aria-level=\"1\"><a href=\"https:\/\/cifar.ca\/fr\/biographie\/aishwarya-agrawal\/\"><span style=\"font-weight: 400;\">Aishwarya Agrawal<\/span><\/a><span style=\"font-weight: 400;\">, Universit\u00e9 de Montr\u00e9al (<\/span><i><span style=\"font-weight: 400;\">mandat renouvel\u00e9<\/span><\/i><span style=\"font-weight: 400;\">)<\/span><\/li>\n<li style=\"font-weight: 400;\" aria-level=\"1\"><a href=\"https:\/\/cifar.ca\/fr\/biographie\/christian-gagne\/\"><span style=\"font-weight: 400;\">Christian Gagn\u00e9<\/span><\/a><span style=\"font-weight: 400;\">, Universit\u00e9 Laval (<\/span><i><span style=\"font-weight: 400;\">mandat renouvel\u00e9<\/span><\/i><span style=\"font-weight: 400;\">)<\/span><\/li>\n<li style=\"font-weight: 400;\" aria-level=\"1\"><a href=\"https:\/\/cifar.ca\/fr\/biographie\/gauthier-gidel\/\"><span style=\"font-weight: 400;\">Gauthier Gidel<\/span><\/a><span style=\"font-weight: 400;\">, Universit\u00e9 de Montr\u00e9al (<\/span><i><span style=\"font-weight: 400;\">mandat renouvel\u00e9<\/span><\/i><span style=\"font-weight: 400;\">)<\/span><\/li>\n<li style=\"font-weight: 400;\" aria-level=\"1\"><a href=\"https:\/\/cifar.ca\/fr\/biographie\/david-krueger\/\"><span style=\"font-weight: 400;\">David Scott Krueger<\/span><\/a><span style=\"font-weight: 400;\">, Universit\u00e9 de Montr\u00e9al <\/span><i><span style=\"font-weight: 400;\">(nouvelle nomination)<\/span><\/i><\/li>\n<li style=\"font-weight: 400;\" aria-level=\"1\"><a href=\"https:\/\/cifar.ca\/fr\/biographie\/eilif-b-muller\/\"><span style=\"font-weight: 400;\">Eilif B. Muller<\/span><\/a><span style=\"font-weight: 400;\">, Universit\u00e9 de Montr\u00e9al (<\/span><i><span style=\"font-weight: 400;\">mandat renouvel\u00e9<\/span><\/i><span style=\"font-weight: 400;\">)<\/span><\/li>\n<li style=\"font-weight: 400;\" aria-level=\"1\"><a href=\"https:\/\/cifar.ca\/fr\/biographie\/courtney-paquette\/\"><span style=\"font-weight: 400;\">Courtney Paquette<\/span><\/a><span style=\"font-weight: 400;\">, Universit\u00e9 McGill (<\/span><i><span style=\"font-weight: 400;\">mandat renouvel\u00e9<\/span><\/i><span style=\"font-weight: 400;\">)<\/span><\/li>\n<li style=\"font-weight: 400;\" aria-level=\"1\"><a href=\"https:\/\/cifar.ca\/fr\/biographie\/liam-paull\/\"><span style=\"font-weight: 400;\">Liam Paull<\/span><\/a><span style=\"font-weight: 400;\">, Universit\u00e9 de Montr\u00e9al (<\/span><i><span style=\"font-weight: 400;\">mandat renouvel\u00e9<\/span><\/i><span style=\"font-weight: 400;\">)<\/span><\/li>\n<li style=\"font-weight: 400;\" aria-level=\"1\"><a href=\"https:\/\/cifar.ca\/fr\/biographie\/siamak-ravanbakhsh\/\"><span style=\"font-weight: 400;\">Siamak Ravanbakhsh<\/span><\/a><span style=\"font-weight: 400;\">, Universit\u00e9 McGill (<\/span><i><span style=\"font-weight: 400;\">mandat renouvel\u00e9<\/span><\/i><span style=\"font-weight: 400;\">)<\/span><\/li>\n<li style=\"font-weight: 400;\" aria-level=\"1\"><a href=\"https:\/\/cifar.ca\/fr\/biographie\/david-rolnick\/\"><span style=\"font-weight: 400;\">David Rolnick<\/span><\/a><span style=\"font-weight: 400;\">, Universit\u00e9 McGill (<\/span><i><span style=\"font-weight: 400;\">mandat renouvel\u00e9<\/span><\/i><span style=\"font-weight: 400;\">)<\/span><\/li>\n<\/ul>\n<p><span style=\"font-weight: 400;\">Les titulaires de chaires ont r\u00e9cemment discut\u00e9 avec le CIFAR de leurs recherches, de leurs attentes pendant leur mandat et de l\u2019impact du programme des chaires en IA Canada-CIFAR sur leur parcours.\u00a0<\/span><\/p>\n<h2><strong><span style=\"color: #da291c;\">Nouvelles chaires en IA Canada-CIFAR<\/span><\/strong><\/h2>\n<h2><strong>Quel est l\u2019objet de votre recherche et qu\u2019esp\u00e9rez-vous accomplir au cours de votre mandat en tant que titulaire de chaire en IA Canada-CIFAR?<\/strong><\/h2>\n<p><b>Zhijing Jin\u00a0:<\/b><span style=\"font-weight: 400;\"> Mes recherches, qui se situent \u00e0 l\u2019intersection de la causalit\u00e9 et du traitement du langage naturel, mettent un accent particulier sur le d\u00e9veloppement de syst\u00e8mes d\u2019IA capables de raisonnement causal. L\u2019un de nos projets phares est notre agent Causal AI Scientist, qui exploite de grands mod\u00e8les de langage pour mener des recherches scientifiques de mani\u00e8re autonome, en analysant des donn\u00e9es et en testant des hypoth\u00e8ses, \u00e0 l\u2019instar d\u2019un scientifique humain.<\/span><\/p>\n<p><span style=\"font-weight: 400;\">Au cours de mon mandat, je souhaite faire du Canada un leader de l\u2019IA causale et du d\u00e9ploiement responsable de l\u2019IA. L\u2019expansion de notre plateforme Causal AI Scientist favorisera des d\u00e9couvertes majeures en sciences naturelles et en sciences sociales en devenant un outil pr\u00e9cieux pour les chercheurs et chercheuses du monde entier. Je continuerai \u00e0 d\u00e9velopper nos cadres de simulation multiagents afin de mieux comprendre le comportement de l\u2019IA et de d\u00e9finir les mesures de s\u00e9curit\u00e9 qu\u2019elle exige. <\/span><span style=\"font-weight: 400;\">En encadrant des stagiaires enthousiastes et en formant des partenariats strat\u00e9giques, j\u2019esp\u00e8re cr\u00e9er une infrastructure durable pour la recherche en IA qui privil\u00e9gie \u00e0 la fois l\u2019excellence scientifique et le bien-\u00eatre de la soci\u00e9t\u00e9.<\/span><\/p>\n<h2><strong>Qu\u2019attendez-vous le plus de votre nomination \u00e0 la chaire?<\/strong><\/h2>\n<p><b>ZJ :<\/b><span style=\"font-weight: 400;\"> Je suis particuli\u00e8rement enthousiaste \u00e0 l\u2019id\u00e9e de faire \u00e9voluer notre vision de l\u2019IA en tant que moteur de d\u00e9couvertes scientifiques et de bien commun. \u00c0 titre de titulaire de chaire, je pourrai constituer une \u00e9quipe plus importante et plus diversifi\u00e9e de talents qui partagent ma d\u00e9termination \u00e0 repousser les limites de l\u2019IA causale et de son d\u00e9ploiement responsable. Cette nomination me permettra d\u2019acc\u00e9l\u00e9rer nos travaux visant \u00e0 faire de l\u2019IA un partenaire de recherche fiable, tout en veillant \u00e0 aborder de fa\u00e7on proactive les implications soci\u00e9tales de l\u2019int\u00e9gration des syst\u00e8mes d\u2019IA dans la vie quotidienne.<\/span><\/p>\n<h2><strong><span style=\"color: #da291c;\">Chaires en IA Canada-CIFAR renouvel\u00e9es<\/span><\/strong><\/h2>\n<h2><strong>Quel a \u00e9t\u00e9 l\u2019impact du financement de votre chaire sur votre recherche?<\/strong><\/h2>\n<p><b>Gauthier Gidel\u00a0:<\/b><span style=\"font-weight: 400;\"> Les fonds du programme des chaires en IA Canada-CIFAR ont jou\u00e9 un r\u00f4le d\u00e9terminant \u00e0 plusieurs \u00e9gards. <\/span><span style=\"font-weight: 400;\">Ils m\u2019ont permis de mener des recherches \u00e0 long terme et \u00e0 fort impact gr\u00e2ce au financement d\u2019un groupe de recherche dynamique.<\/span><span style=\"font-weight: 400;\"> Ils m\u2019ont notamment permis de recruter un postdoctorant (Quentin Bertrand) tr\u00e8s t\u00f4t dans ma carri\u00e8re, ce qui a conduit \u00e0 un \u00e9norme succ\u00e8s. Ensemble, nous avons \u00e9t\u00e9 les pionniers de la th\u00e9orie du r\u00e9entra\u00eenement it\u00e9ratif (mod\u00e8les g\u00e9n\u00e9ratifs entra\u00een\u00e9s \u00e0 partir de leurs propres donn\u00e9es synth\u00e9tiques).<\/span><\/p>\n<p><b>Liam Paull\u00a0:<\/b><span style=\"font-weight: 400;\"> Le financement de ma chaire en IA Canada-CIFAR a eu des effets importants sur mon programme de recherche \u00e0 l\u2019Universit\u00e9 de Montr\u00e9al et \u00e0 Mila. Les fonds sans restriction nous permettent, aux membres de mon \u00e9quipe et \u00e0 moi-m\u00eame, d\u2019explorer une vari\u00e9t\u00e9 d\u2019id\u00e9es et de nourrir notre curiosit\u00e9 intellectuelle, ce qui donne toujours des r\u00e9sultats plus probants. <\/span><span style=\"font-weight: 400;\">Nous avons tous grandement b\u00e9n\u00e9fici\u00e9 du privil\u00e8ge de pouvoir mener ce type de \u00ab\u2009science lente\u2009\u00bb.\u00a0<\/span><\/p>\n<p><b>Aishwarya Agrawal\u00a0:<\/b><span style=\"font-weight: 400;\"> [Le programme] m\u2019a permis de mener \u00e0 bien des recherches ambitieuses et percutantes qui n\u00e9cessitent un financement \u00e0 long terme. <\/span><span style=\"font-weight: 400;\">Il m\u2019a \u00e9galement donn\u00e9 la chance d\u2019embaucher de nombreux stagiaires \u00e0 l\u2019international afin de constituer un groupe de recherche aux perspectives diverses, ce qui se traduit par une cr\u00e9ativit\u00e9 et une capacit\u00e9 d\u2019innovation accrues.<\/span><span style=\"font-weight: 400;\">\u00a0<\/span><\/p>\n<p><b>Siamak Ravanbakhsh :<\/b> <span style=\"font-weight: 400;\">Le programme de chaires a favoris\u00e9 la planification du projet \u00e0 long terme, mais il a surtout permis \u00e0 mon groupe de prendre des risques et de mener des recherches exploratoires spontan\u00e9es.<\/span><\/p>\n<p><b>David Rolnick\u00a0:<\/b><span style=\"font-weight: 400;\"> Le financement a \u00e9galement permis de soutenir des \u00e9tudiantes et \u00e9tudiants qui s\u2019int\u00e9ressent \u00e0 des domaines \u00e0 haut risque, plus difficiles \u00e0 financer.<\/span><\/p>\n<h2><strong>Votre affiliation au CIFAR a-t-elle donn\u00e9 lieu \u00e0 de nouvelles collaborations ou relations?<\/strong><\/h2>\n<p><b>Michael Brudno\u00a0:<\/b><span style=\"font-weight: 400;\"> Ma nomination \u00e0 titre de titulaire de chaire en IA Canada-CIFAR fait partie int\u00e9grante de mes travaux de recherche. Elle m\u2019aide \u00e0 recruter les talents les plus brillants, permet \u00e0 mon \u00e9quipe d\u2019avoir acc\u00e8s \u00e0 du mat\u00e9riel de pointe et <\/span><span style=\"font-weight: 400;\">me donne l\u2019occasion d\u2019entrer en relation avec des scientifiques du Canada et de l\u2019\u00e9tranger. Cela m\u2019ouvre des portes et me permet de participer \u00e0 des projets auxquels je n\u2019aurais pas pu prendre part autrement.<\/span><span style=\"font-weight: 400;\">\u00a0<\/span><\/p>\n<p><b>Courtney Paquette\u00a0:<\/b><span style=\"font-weight: 400;\"> Mon affiliation au CIFAR m\u2019a aid\u00e9e \u00e0 entrer en contact avec des chercheuses et chercheurs de partout au Canada, des personnes que je n\u2019aurais probablement jamais rencontr\u00e9es. Gr\u00e2ce \u00e0 l\u2019IACan [la r\u00e9union annuelle du programme des chaires en IA Canada-CIFAR] et aux diverses r\u00e9unions inter\u00e9tablissements organis\u00e9es par le CIFAR, j\u2019ai nou\u00e9 des relations sinc\u00e8res avec des coll\u00e8gues d\u2019universit\u00e9s de tout le pays. <\/span><span style=\"font-weight: 400;\">Ces rencontres renforcent les liens et la collaboration au sein de la communaut\u00e9 canadienne de l\u2019IA, ce qui a consolid\u00e9 mes recherches.<\/span><\/p>\n<p><b>Eilif Muller\u00a0:<\/b><span style=\"font-weight: 400;\"> Absolument! Depuis mon arriv\u00e9e au Canada, ce programme m\u2019a grandement aid\u00e9 \u00e0 \u00e9tablir de nouveaux contacts au sein de l\u2019\u00e9cosyst\u00e8me canadien de recherche en IA.\u00a0<\/span><\/p>\n<h2><strong>Qu\u2019attendez-vous le plus du renouvellement de votre chaire?<\/strong><\/h2>\n<p><b>Gauthier Gidel\u00a0:<\/b><span style=\"font-weight: 400;\"> Lorsque j\u2019ai \u00e9t\u00e9 nomm\u00e9 titulaire de chaire en IA Canada-CIFAR, j\u2019ai pu constituer un groupe de recherche qui partage ma philosophie. <\/span><span style=\"font-weight: 400;\">Maintenant que mon groupe a trouv\u00e9 son rythme, je suis impatient de me consacrer enti\u00e8rement \u00e0 la r\u00e9alisation de ma vision de la recherche.<\/span><\/p>\n<p><b>Liam Paull :<\/b><span style=\"font-weight: 400;\"> Le domaine de la robotique a probablement fait trop de promesses et n\u2019a pas \u00e9t\u00e9 \u00e0 la hauteur des attentes. De nombreux probl\u00e8mes apparemment simples, qui n\u00e9cessitent des interactions et une compr\u00e9hension du monde physique, se sont av\u00e9r\u00e9s difficiles \u00e0 r\u00e9soudre de mani\u00e8re robuste et reproductible par les machines. Gr\u00e2ce au d\u00e9veloppement de mod\u00e8les g\u00e9n\u00e9ratifs de pointe, nous pourrions \u00eatre en mesure de doter les robots d\u2019une connaissance plus intuitive du monde. Associ\u00e9s \u00e0 des collections \u00e0 grande \u00e9chelle de donn\u00e9es et de vid\u00e9os d\u2019interactions, les mod\u00e8les semblent enfin pr\u00eats \u00e0 r\u00e9soudre les probl\u00e8mes. Je suis tr\u00e8s optimiste quant aux progr\u00e8s qui seront r\u00e9alis\u00e9s en robotique pendant mon mandat \u00e0 la chaire en IA Canada-CIFAR, et je suis enthousiaste \u00e0 l\u2019id\u00e9e d\u2019y participer.\u00a0<\/span><\/p>\n<p><b>Christian Gagn\u00e9<\/b><span style=\"font-weight: 400;\">\u00a0<\/span><b>:<\/b><span style=\"font-weight: 400;\"> Avec le renouvellement de mon mandat \u00e0 la chaire, j\u2019ai l\u2019intention d\u2019explorer des approches permettant de mieux comprendre et d\u2019expliquer les d\u00e9cisions des mod\u00e8les d\u2019IA. Nous cherchons notamment \u00e0 am\u00e9liorer la fa\u00e7on dont les d\u00e9cisions sont prises en fournissant des raisonnements sous une forme qui permettrait aux humains de mieux comprendre les d\u00e9cisions prises et aux machines de faire des v\u00e9rifications et de s\u2019assurer que leurs d\u00e9cisions sont s\u00fbres et \u00e9quitables.<\/span><\/p>\n","protected":false},"excerpt":{"rendered":"<p>Comment les titulaires de chaires traduisent leurs recherches en retomb\u00e9es concr\u00e8tes Le d\u00e9veloppement de la science fondamentale de l\u2019IA, la cr\u00e9ation de nouvelles technologies qui [&hellip;]<\/p>\n","protected":false},"author":63,"featured_media":63041,"comment_status":"closed","ping_status":"closed","sticky":false,"template":"","format":"standard","meta":{"_acf_changed":false,"footnotes":""},"categories":[4010,5929,1771,6478,3972,5872],"tags":[4493,4502,6497,5264,5167,6498,6499,6254,6252,6495,6500,6396,6496],"class_list":["post-63038","post","type-post","status-publish","format-standard","has-post-thumbnail","hentry","category-annonce-fr","category-chaire-en-ia-canada-cifar","category-nouvelles","category-pcais-home-featured-fr","category-strategie-pancanadienne-en-matiere-dia","category-z-cifar-pan-canadian-ai-strategy-and-news-fr","tag-aishwarya-agrawal-fr","tag-anna-goldenberg-fr","tag-christian-gagne","tag-courtney-paquette-fr","tag-david-rolnick-fr","tag-david-scott-krueger","tag-eilif-b-muller","tag-gauthier-gidel-fr","tag-liam-paull-fr","tag-michael-brudno","tag-siamak-ravanbakhsh","tag-titulaires-de-chaires-en-ia-canada-cifar","tag-zhijing-jin"],"acf":[],"yoast_head":"<!-- This site is optimized with the Yoast SEO plugin v27.2 - https:\/\/yoast.com\/product\/yoast-seo-wordpress\/ -->\n<title>CIFAR<\/title>\n<meta name=\"description\" content=\"Ce programme est la pierre angulaire de la Strat\u00e9gie pancanadienne en mati\u00e8re d\u2019IA, et l\u2019\u00e9quipe est heureuse d\u2019y accueillir deux nouvelles sommit\u00e9s mondiales en IA et de renouveler le mandat de dix autres titulaires.\" \/>\n<meta name=\"robots\" content=\"index, follow, max-snippet:-1, max-image-preview:large, max-video-preview:-1\" \/>\n<link rel=\"canonical\" href=\"https:\/\/cifar.ca\/fr\/cifarnews\/2025\/10\/02\/avancement-de-la-recherche-en-ia-au-canada-nomination-de-titulaires-de-chaires-en-ia-canada-cifar\/\" \/>\n<meta property=\"og:locale\" content=\"fr_FR\" \/>\n<meta property=\"og:type\" content=\"article\" \/>\n<meta property=\"og:title\" content=\"Avancement de la recherche en IA au Canada\u00a0: nomination de titulaires de chaires en IA Canada-CIFAR\u00a0 - CIFAR\" \/>\n<meta property=\"og:description\" content=\"Ce programme est la pierre angulaire de la Strat\u00e9gie pancanadienne en mati\u00e8re d\u2019IA, et l\u2019\u00e9quipe est heureuse d\u2019y accueillir deux nouvelles sommit\u00e9s mondiales en IA et de renouveler le mandat de dix autres titulaires.\" \/>\n<meta property=\"og:url\" content=\"https:\/\/cifar.ca\/fr\/cifarnews\/2025\/10\/02\/avancement-de-la-recherche-en-ia-au-canada-nomination-de-titulaires-de-chaires-en-ia-canada-cifar\/\" \/>\n<meta property=\"og:site_name\" content=\"CIFAR\" \/>\n<meta property=\"article:published_time\" content=\"2025-10-02T12:00:57+00:00\" \/>\n<meta property=\"article:modified_time\" content=\"2025-12-18T06:29:08+00:00\" \/>\n<meta property=\"og:image\" content=\"https:\/\/cifar.ca\/wp-content\/uploads\/2025\/10\/250928-ccaic-fall-article-fr-1.jpg\" \/>\n\t<meta property=\"og:image:width\" content=\"1920\" \/>\n\t<meta property=\"og:image:height\" content=\"1080\" \/>\n\t<meta property=\"og:image:type\" content=\"image\/jpeg\" \/>\n<meta name=\"author\" content=\"Justine Brooks\" \/>\n<meta name=\"twitter:card\" content=\"summary_large_image\" \/>\n<meta name=\"twitter:label1\" content=\"\u00c9crit par\" \/>\n\t<meta name=\"twitter:data1\" content=\"Justine Brooks\" \/>\n\t<meta name=\"twitter:label2\" content=\"Dur\u00e9e de lecture estim\u00e9e\" \/>\n\t<meta name=\"twitter:data2\" content=\"7 minutes\" \/>\n<script type=\"application\/ld+json\" class=\"yoast-schema-graph\">{\"@context\":\"https:\/\/schema.org\",\"@graph\":[{\"@type\":\"Article\",\"@id\":\"https:\/\/cifar.ca\/fr\/cifarnews\/2025\/10\/02\/avancement-de-la-recherche-en-ia-au-canada-nomination-de-titulaires-de-chaires-en-ia-canada-cifar\/#article\",\"isPartOf\":{\"@id\":\"https:\/\/cifar.ca\/fr\/cifarnews\/2025\/10\/02\/avancement-de-la-recherche-en-ia-au-canada-nomination-de-titulaires-de-chaires-en-ia-canada-cifar\/\"},\"author\":{\"name\":\"Justine Brooks\",\"@id\":\"https:\/\/cifar.ca\/fr\/#\/schema\/person\/e2b54b4da40a11bc4916b20395422a32\"},\"headline\":\"Avancement de la recherche en IA au Canada\u00a0: nomination de titulaires de chaires en IA Canada-CIFAR\u00a0\",\"datePublished\":\"2025-10-02T12:00:57+00:00\",\"dateModified\":\"2025-12-18T06:29:08+00:00\",\"mainEntityOfPage\":{\"@id\":\"https:\/\/cifar.ca\/fr\/cifarnews\/2025\/10\/02\/avancement-de-la-recherche-en-ia-au-canada-nomination-de-titulaires-de-chaires-en-ia-canada-cifar\/\"},\"wordCount\":1516,\"publisher\":{\"@id\":\"https:\/\/cifar.ca\/fr\/#organization\"},\"image\":{\"@id\":\"https:\/\/cifar.ca\/fr\/cifarnews\/2025\/10\/02\/avancement-de-la-recherche-en-ia-au-canada-nomination-de-titulaires-de-chaires-en-ia-canada-cifar\/#primaryimage\"},\"thumbnailUrl\":\"https:\/\/cifar.ca\/wp-content\/uploads\/2025\/10\/250928-ccaic-fall-article-fr-1.jpg\",\"keywords\":[\"Aishwarya Agrawal\",\"Anna Goldenberg\",\"Christian Gagne\",\"Courtney Paquette\",\"David Rolnick\",\"David Scott Krueger\",\"Eilif B. Muller\",\"Gauthier Gidel\",\"Liam Paull\",\"Michael Brudno\",\"Siamak Ravanbakhsh\",\"titulaires de chaires en IA Canada-CIFAR\",\"Zhijing Jin\"],\"articleSection\":[\"Annonce\",\"Chaire en IA Canada-CIFAR\",\"Nouvelles\",\"PCAIS-home-featured-fr\",\"Strat\u00e9gie pancanadienne en mati\u00e8re d&#039;IA\",\"z-CIFAR Pan-Canadian AI Strategy and News FR\"],\"inLanguage\":\"fr-FR\"},{\"@type\":\"WebPage\",\"@id\":\"https:\/\/cifar.ca\/fr\/cifarnews\/2025\/10\/02\/avancement-de-la-recherche-en-ia-au-canada-nomination-de-titulaires-de-chaires-en-ia-canada-cifar\/\",\"url\":\"https:\/\/cifar.ca\/fr\/cifarnews\/2025\/10\/02\/avancement-de-la-recherche-en-ia-au-canada-nomination-de-titulaires-de-chaires-en-ia-canada-cifar\/\",\"name\":\"Avancement de la recherche en IA au Canada\u00a0: nomination de titulaires de chaires en IA Canada-CIFAR\u00a0 - CIFAR\",\"isPartOf\":{\"@id\":\"https:\/\/cifar.ca\/fr\/#website\"},\"primaryImageOfPage\":{\"@id\":\"https:\/\/cifar.ca\/fr\/cifarnews\/2025\/10\/02\/avancement-de-la-recherche-en-ia-au-canada-nomination-de-titulaires-de-chaires-en-ia-canada-cifar\/#primaryimage\"},\"image\":{\"@id\":\"https:\/\/cifar.ca\/fr\/cifarnews\/2025\/10\/02\/avancement-de-la-recherche-en-ia-au-canada-nomination-de-titulaires-de-chaires-en-ia-canada-cifar\/#primaryimage\"},\"thumbnailUrl\":\"https:\/\/cifar.ca\/wp-content\/uploads\/2025\/10\/250928-ccaic-fall-article-fr-1.jpg\",\"datePublished\":\"2025-10-02T12:00:57+00:00\",\"dateModified\":\"2025-12-18T06:29:08+00:00\",\"description\":\"Ce programme est la pierre angulaire de la Strat\u00e9gie pancanadienne en mati\u00e8re d\u2019IA, et l\u2019\u00e9quipe est heureuse d\u2019y accueillir deux nouvelles sommit\u00e9s mondiales en IA et de renouveler le mandat de dix autres titulaires.\",\"breadcrumb\":{\"@id\":\"https:\/\/cifar.ca\/fr\/cifarnews\/2025\/10\/02\/avancement-de-la-recherche-en-ia-au-canada-nomination-de-titulaires-de-chaires-en-ia-canada-cifar\/#breadcrumb\"},\"inLanguage\":\"fr-FR\",\"potentialAction\":[{\"@type\":\"ReadAction\",\"target\":[\"https:\/\/cifar.ca\/fr\/cifarnews\/2025\/10\/02\/avancement-de-la-recherche-en-ia-au-canada-nomination-de-titulaires-de-chaires-en-ia-canada-cifar\/\"]}]},{\"@type\":\"ImageObject\",\"inLanguage\":\"fr-FR\",\"@id\":\"https:\/\/cifar.ca\/fr\/cifarnews\/2025\/10\/02\/avancement-de-la-recherche-en-ia-au-canada-nomination-de-titulaires-de-chaires-en-ia-canada-cifar\/#primaryimage\",\"url\":\"https:\/\/cifar.ca\/wp-content\/uploads\/2025\/10\/250928-ccaic-fall-article-fr-1.jpg\",\"contentUrl\":\"https:\/\/cifar.ca\/wp-content\/uploads\/2025\/10\/250928-ccaic-fall-article-fr-1.jpg\",\"width\":1920,\"height\":1080,\"caption\":\"Avancement de la recherche en IA au Canada : nomination de titulaires de chaires en IA Canada-CIFAR\"},{\"@type\":\"BreadcrumbList\",\"@id\":\"https:\/\/cifar.ca\/fr\/cifarnews\/2025\/10\/02\/avancement-de-la-recherche-en-ia-au-canada-nomination-de-titulaires-de-chaires-en-ia-canada-cifar\/#breadcrumb\",\"itemListElement\":[{\"@type\":\"ListItem\",\"position\":1,\"name\":\"Acceuil\",\"item\":\"https:\/\/cifar.ca\/fr\/\"},{\"@type\":\"ListItem\",\"position\":2,\"name\":\"Avancement de la recherche en IA au Canada\u00a0: nomination de titulaires de chaires en IA Canada-CIFAR\u00a0\"}]},{\"@type\":\"WebSite\",\"@id\":\"https:\/\/cifar.ca\/fr\/#website\",\"url\":\"https:\/\/cifar.ca\/fr\/\",\"name\":\"CIFAR\",\"description\":\"Convoquer des esprits extraordinaires pour r\u00e9pondre aux questions les plus importantes auxquelles la science et l'humanit\u00e9 sont confront\u00e9es.\",\"publisher\":{\"@id\":\"https:\/\/cifar.ca\/fr\/#organization\"},\"potentialAction\":[{\"@type\":\"SearchAction\",\"target\":{\"@type\":\"EntryPoint\",\"urlTemplate\":\"https:\/\/cifar.ca\/fr\/?s={search_term_string}\"},\"query-input\":{\"@type\":\"PropertyValueSpecification\",\"valueRequired\":true,\"valueName\":\"search_term_string\"}}],\"inLanguage\":\"fr-FR\"},{\"@type\":\"Organization\",\"@id\":\"https:\/\/cifar.ca\/fr\/#organization\",\"name\":\"CIFAR\",\"url\":\"https:\/\/cifar.ca\/fr\/\",\"logo\":{\"@type\":\"ImageObject\",\"inLanguage\":\"fr-FR\",\"@id\":\"https:\/\/cifar.ca\/fr\/#\/schema\/logo\/image\/\",\"url\":\"https:\/\/cifar.ca\/wp-content\/uploads\/2020\/01\/cifar-logo-rgb-colour.png\",\"contentUrl\":\"https:\/\/cifar.ca\/wp-content\/uploads\/2020\/01\/cifar-logo-rgb-colour.png\",\"width\":1884,\"height\":681,\"caption\":\"CIFAR\"},\"image\":{\"@id\":\"https:\/\/cifar.ca\/fr\/#\/schema\/logo\/image\/\"}},{\"@type\":\"Person\",\"@id\":\"https:\/\/cifar.ca\/fr\/#\/schema\/person\/e2b54b4da40a11bc4916b20395422a32\",\"name\":\"Justine Brooks\",\"image\":{\"@type\":\"ImageObject\",\"inLanguage\":\"fr-FR\",\"@id\":\"https:\/\/secure.gravatar.com\/avatar\/1889bcc5bdac8fd9b6eeace30610f03315e6508bbc8ac7e7162e6a2302cc21e6?s=96&d=mm&r=g\",\"url\":\"https:\/\/secure.gravatar.com\/avatar\/1889bcc5bdac8fd9b6eeace30610f03315e6508bbc8ac7e7162e6a2302cc21e6?s=96&d=mm&r=g\",\"contentUrl\":\"https:\/\/secure.gravatar.com\/avatar\/1889bcc5bdac8fd9b6eeace30610f03315e6508bbc8ac7e7162e6a2302cc21e6?s=96&d=mm&r=g\",\"caption\":\"Justine Brooks\"}}]}<\/script>\n<!-- \/ Yoast SEO plugin. -->","yoast_head_json":{"title":"CIFAR","description":"Ce programme est la pierre angulaire de la Strat\u00e9gie pancanadienne en mati\u00e8re d\u2019IA, et l\u2019\u00e9quipe est heureuse d\u2019y accueillir deux nouvelles sommit\u00e9s mondiales en IA et de renouveler le mandat de dix autres titulaires.","robots":{"index":"index","follow":"follow","max-snippet":"max-snippet:-1","max-image-preview":"max-image-preview:large","max-video-preview":"max-video-preview:-1"},"canonical":"https:\/\/cifar.ca\/fr\/cifarnews\/2025\/10\/02\/avancement-de-la-recherche-en-ia-au-canada-nomination-de-titulaires-de-chaires-en-ia-canada-cifar\/","og_locale":"fr_FR","og_type":"article","og_title":"Avancement de la recherche en IA au Canada\u00a0: nomination de titulaires de chaires en IA Canada-CIFAR\u00a0 - CIFAR","og_description":"Ce programme est la pierre angulaire de la Strat\u00e9gie pancanadienne en mati\u00e8re d\u2019IA, et l\u2019\u00e9quipe est heureuse d\u2019y accueillir deux nouvelles sommit\u00e9s mondiales en IA et de renouveler le mandat de dix autres titulaires.","og_url":"https:\/\/cifar.ca\/fr\/cifarnews\/2025\/10\/02\/avancement-de-la-recherche-en-ia-au-canada-nomination-de-titulaires-de-chaires-en-ia-canada-cifar\/","og_site_name":"CIFAR","article_published_time":"2025-10-02T12:00:57+00:00","article_modified_time":"2025-12-18T06:29:08+00:00","og_image":[{"width":1920,"height":1080,"url":"https:\/\/cifar.ca\/wp-content\/uploads\/2025\/10\/250928-ccaic-fall-article-fr-1.jpg","type":"image\/jpeg"}],"author":"Justine Brooks","twitter_card":"summary_large_image","twitter_misc":{"\u00c9crit par":"Justine Brooks","Dur\u00e9e de lecture estim\u00e9e":"7 minutes"},"schema":{"@context":"https:\/\/schema.org","@graph":[{"@type":"Article","@id":"https:\/\/cifar.ca\/fr\/cifarnews\/2025\/10\/02\/avancement-de-la-recherche-en-ia-au-canada-nomination-de-titulaires-de-chaires-en-ia-canada-cifar\/#article","isPartOf":{"@id":"https:\/\/cifar.ca\/fr\/cifarnews\/2025\/10\/02\/avancement-de-la-recherche-en-ia-au-canada-nomination-de-titulaires-de-chaires-en-ia-canada-cifar\/"},"author":{"name":"Justine Brooks","@id":"https:\/\/cifar.ca\/fr\/#\/schema\/person\/e2b54b4da40a11bc4916b20395422a32"},"headline":"Avancement de la recherche en IA au Canada\u00a0: nomination de titulaires de chaires en IA Canada-CIFAR\u00a0","datePublished":"2025-10-02T12:00:57+00:00","dateModified":"2025-12-18T06:29:08+00:00","mainEntityOfPage":{"@id":"https:\/\/cifar.ca\/fr\/cifarnews\/2025\/10\/02\/avancement-de-la-recherche-en-ia-au-canada-nomination-de-titulaires-de-chaires-en-ia-canada-cifar\/"},"wordCount":1516,"publisher":{"@id":"https:\/\/cifar.ca\/fr\/#organization"},"image":{"@id":"https:\/\/cifar.ca\/fr\/cifarnews\/2025\/10\/02\/avancement-de-la-recherche-en-ia-au-canada-nomination-de-titulaires-de-chaires-en-ia-canada-cifar\/#primaryimage"},"thumbnailUrl":"https:\/\/cifar.ca\/wp-content\/uploads\/2025\/10\/250928-ccaic-fall-article-fr-1.jpg","keywords":["Aishwarya Agrawal","Anna Goldenberg","Christian Gagne","Courtney Paquette","David Rolnick","David Scott Krueger","Eilif B. Muller","Gauthier Gidel","Liam Paull","Michael Brudno","Siamak Ravanbakhsh","titulaires de chaires en IA Canada-CIFAR","Zhijing Jin"],"articleSection":["Annonce","Chaire en IA Canada-CIFAR","Nouvelles","PCAIS-home-featured-fr","Strat\u00e9gie pancanadienne en mati\u00e8re d&#039;IA","z-CIFAR Pan-Canadian AI Strategy and News FR"],"inLanguage":"fr-FR"},{"@type":"WebPage","@id":"https:\/\/cifar.ca\/fr\/cifarnews\/2025\/10\/02\/avancement-de-la-recherche-en-ia-au-canada-nomination-de-titulaires-de-chaires-en-ia-canada-cifar\/","url":"https:\/\/cifar.ca\/fr\/cifarnews\/2025\/10\/02\/avancement-de-la-recherche-en-ia-au-canada-nomination-de-titulaires-de-chaires-en-ia-canada-cifar\/","name":"Avancement de la recherche en IA au Canada\u00a0: nomination de titulaires de chaires en IA Canada-CIFAR\u00a0 - CIFAR","isPartOf":{"@id":"https:\/\/cifar.ca\/fr\/#website"},"primaryImageOfPage":{"@id":"https:\/\/cifar.ca\/fr\/cifarnews\/2025\/10\/02\/avancement-de-la-recherche-en-ia-au-canada-nomination-de-titulaires-de-chaires-en-ia-canada-cifar\/#primaryimage"},"image":{"@id":"https:\/\/cifar.ca\/fr\/cifarnews\/2025\/10\/02\/avancement-de-la-recherche-en-ia-au-canada-nomination-de-titulaires-de-chaires-en-ia-canada-cifar\/#primaryimage"},"thumbnailUrl":"https:\/\/cifar.ca\/wp-content\/uploads\/2025\/10\/250928-ccaic-fall-article-fr-1.jpg","datePublished":"2025-10-02T12:00:57+00:00","dateModified":"2025-12-18T06:29:08+00:00","description":"Ce programme est la pierre angulaire de la Strat\u00e9gie pancanadienne en mati\u00e8re d\u2019IA, et l\u2019\u00e9quipe est heureuse d\u2019y accueillir deux nouvelles sommit\u00e9s mondiales en IA et de renouveler le mandat de dix autres titulaires.","breadcrumb":{"@id":"https:\/\/cifar.ca\/fr\/cifarnews\/2025\/10\/02\/avancement-de-la-recherche-en-ia-au-canada-nomination-de-titulaires-de-chaires-en-ia-canada-cifar\/#breadcrumb"},"inLanguage":"fr-FR","potentialAction":[{"@type":"ReadAction","target":["https:\/\/cifar.ca\/fr\/cifarnews\/2025\/10\/02\/avancement-de-la-recherche-en-ia-au-canada-nomination-de-titulaires-de-chaires-en-ia-canada-cifar\/"]}]},{"@type":"ImageObject","inLanguage":"fr-FR","@id":"https:\/\/cifar.ca\/fr\/cifarnews\/2025\/10\/02\/avancement-de-la-recherche-en-ia-au-canada-nomination-de-titulaires-de-chaires-en-ia-canada-cifar\/#primaryimage","url":"https:\/\/cifar.ca\/wp-content\/uploads\/2025\/10\/250928-ccaic-fall-article-fr-1.jpg","contentUrl":"https:\/\/cifar.ca\/wp-content\/uploads\/2025\/10\/250928-ccaic-fall-article-fr-1.jpg","width":1920,"height":1080,"caption":"Avancement de la recherche en IA au Canada : nomination de titulaires de chaires en IA Canada-CIFAR"},{"@type":"BreadcrumbList","@id":"https:\/\/cifar.ca\/fr\/cifarnews\/2025\/10\/02\/avancement-de-la-recherche-en-ia-au-canada-nomination-de-titulaires-de-chaires-en-ia-canada-cifar\/#breadcrumb","itemListElement":[{"@type":"ListItem","position":1,"name":"Acceuil","item":"https:\/\/cifar.ca\/fr\/"},{"@type":"ListItem","position":2,"name":"Avancement de la recherche en IA au Canada\u00a0: nomination de titulaires de chaires en IA Canada-CIFAR\u00a0"}]},{"@type":"WebSite","@id":"https:\/\/cifar.ca\/fr\/#website","url":"https:\/\/cifar.ca\/fr\/","name":"CIFAR","description":"Convoquer des esprits extraordinaires pour r\u00e9pondre aux questions les plus importantes auxquelles la science et l'humanit\u00e9 sont confront\u00e9es.","publisher":{"@id":"https:\/\/cifar.ca\/fr\/#organization"},"potentialAction":[{"@type":"SearchAction","target":{"@type":"EntryPoint","urlTemplate":"https:\/\/cifar.ca\/fr\/?s={search_term_string}"},"query-input":{"@type":"PropertyValueSpecification","valueRequired":true,"valueName":"search_term_string"}}],"inLanguage":"fr-FR"},{"@type":"Organization","@id":"https:\/\/cifar.ca\/fr\/#organization","name":"CIFAR","url":"https:\/\/cifar.ca\/fr\/","logo":{"@type":"ImageObject","inLanguage":"fr-FR","@id":"https:\/\/cifar.ca\/fr\/#\/schema\/logo\/image\/","url":"https:\/\/cifar.ca\/wp-content\/uploads\/2020\/01\/cifar-logo-rgb-colour.png","contentUrl":"https:\/\/cifar.ca\/wp-content\/uploads\/2020\/01\/cifar-logo-rgb-colour.png","width":1884,"height":681,"caption":"CIFAR"},"image":{"@id":"https:\/\/cifar.ca\/fr\/#\/schema\/logo\/image\/"}},{"@type":"Person","@id":"https:\/\/cifar.ca\/fr\/#\/schema\/person\/e2b54b4da40a11bc4916b20395422a32","name":"Justine Brooks","image":{"@type":"ImageObject","inLanguage":"fr-FR","@id":"https:\/\/secure.gravatar.com\/avatar\/1889bcc5bdac8fd9b6eeace30610f03315e6508bbc8ac7e7162e6a2302cc21e6?s=96&d=mm&r=g","url":"https:\/\/secure.gravatar.com\/avatar\/1889bcc5bdac8fd9b6eeace30610f03315e6508bbc8ac7e7162e6a2302cc21e6?s=96&d=mm&r=g","contentUrl":"https:\/\/secure.gravatar.com\/avatar\/1889bcc5bdac8fd9b6eeace30610f03315e6508bbc8ac7e7162e6a2302cc21e6?s=96&d=mm&r=g","caption":"Justine Brooks"}}]}},"_links":{"self":[{"href":"https:\/\/cifar.ca\/fr\/wp-json\/wp\/v2\/posts\/63038","targetHints":{"allow":["GET"]}}],"collection":[{"href":"https:\/\/cifar.ca\/fr\/wp-json\/wp\/v2\/posts"}],"about":[{"href":"https:\/\/cifar.ca\/fr\/wp-json\/wp\/v2\/types\/post"}],"author":[{"embeddable":true,"href":"https:\/\/cifar.ca\/fr\/wp-json\/wp\/v2\/users\/63"}],"replies":[{"embeddable":true,"href":"https:\/\/cifar.ca\/fr\/wp-json\/wp\/v2\/comments?post=63038"}],"version-history":[{"count":0,"href":"https:\/\/cifar.ca\/fr\/wp-json\/wp\/v2\/posts\/63038\/revisions"}],"wp:featuredmedia":[{"embeddable":true,"href":"https:\/\/cifar.ca\/fr\/wp-json\/wp\/v2\/media\/63041"}],"wp:attachment":[{"href":"https:\/\/cifar.ca\/fr\/wp-json\/wp\/v2\/media?parent=63038"}],"wp:term":[{"taxonomy":"category","embeddable":true,"href":"https:\/\/cifar.ca\/fr\/wp-json\/wp\/v2\/categories?post=63038"},{"taxonomy":"post_tag","embeddable":true,"href":"https:\/\/cifar.ca\/fr\/wp-json\/wp\/v2\/tags?post=63038"}],"curies":[{"name":"wp","href":"https:\/\/api.w.org\/{rel}","templated":true}]}}