{"id":63343,"date":"2025-10-27T12:40:43","date_gmt":"2025-10-27T16:40:43","guid":{"rendered":"https:\/\/cifar.ca\/?p=63343"},"modified":"2025-12-18T01:27:31","modified_gmt":"2025-12-18T06:27:31","slug":"un-chercheur-du-cifar-et-un-ancien-membre-auxiliaire-recoivent-le-prestigieux-prix-shaw","status":"publish","type":"post","link":"https:\/\/cifar.ca\/fr\/cifarnews\/2025\/10\/27\/un-chercheur-du-cifar-et-un-ancien-membre-auxiliaire-recoivent-le-prestigieux-prix-shaw\/","title":{"rendered":"Un chercheur du CIFAR et un ancien membre auxiliaire re\u00e7oivent le prestigieux prix Shaw"},"content":{"rendered":"<h3><strong><span style=\"color: #da291c;\"> Richard Bond et George Efstathiou, ancien membre auxiliaire, sont r\u00e9compens\u00e9s pour leur impact profond sur l\u2019astronomie<\/span><\/strong><\/h3>\n<p><span style=\"font-weight: 400;\"> Richard Bond et George Efstathiou, chercheurs aux liens \u00e9troits avec le programme Extr\u00eame Univers et gravit\u00e9 du CIFAR, ont r\u00e9cemment re\u00e7u le prix Shaw 2025 en astronomie \u00e0 Hong Kong.\u00a0<\/span><\/p>\n<p><span style=\"font-weight: 400;\">Ce prix honore les personnes qui ont r\u00e9alis\u00e9 d\u2019importantes perc\u00e9es dans le domaine de la recherche universitaire et scientifique ainsi que dans ses applications, et qui ont eu un impact soci\u00e9tal profond et positif. Trois prix d\u2019une valeur de 1,2 million de dollars chacun sont d\u00e9cern\u00e9s annuellement : astronomie, sciences de la vie et m\u00e9decine, et sciences math\u00e9matiques. Le prix Shaw est souvent vu comme un tremplin vers le prix Nobel.\u00a0<\/span><\/p>\n<p><span style=\"font-weight: 400;\">Bond et Efstathiou ont \u00e9t\u00e9 salu\u00e9s pour leurs recherches r\u00e9volutionnaires en cosmologie, en particulier leurs travaux sur les minuscules fluctuations du fonds diffus cosmologique \u2013 la faible lueur laiss\u00e9e par le Big Bang. Gr\u00e2ce \u00e0 leurs travaux, des scientifiques ont pu cerner avec pr\u00e9cision l\u2019\u00e2ge, la forme et la composition de l\u2019Univers.\u00a0<\/span><\/p>\n<p><span style=\"font-weight: 400;\">Les deux chercheurs ont non seulement apport\u00e9 des contributions majeures au domaine de l&rsquo;astronomie, mais ils ont \u00e9galement aid\u00e9, au fil de dizaines d&rsquo;ann\u00e9es, \u00e0 orienter et \u00e0 faire progresser la recherche men\u00e9e au sein du programme Extr\u00eame Univers et gravit\u00e9. Bond est membre du programme depuis pr\u00e8s de 40 ans et en a assur\u00e9 la codirection de 2002 \u00e0 2017. Quant \u00e0 Efstathiou, il a \u00e9t\u00e9 membre auxiliaire pendant 30 ans, de 1987 \u00e0 2017.\u00a0<\/span><\/p>\n<p><span style=\"font-weight: 400;\">\u00ab\u2009Au nom du CIFAR, je tiens \u00e0 f\u00e9liciter chaleureusement Richard et George pour cette reconnaissance bien m\u00e9rit\u00e9e\u2009\u00bb, a d\u00e9clar\u00e9 Stephen J. Toope, pr\u00e9sident et chef de la direction du CIFAR. \u00ab\u2009Leurs contributions ont eu des retomb\u00e9es extraordinaires sur la cosmologie et ont permis d\u2019approfondir notre compr\u00e9hension de l\u2019Univers. Cette distinction nous rappelle avec force que la recherche fondamentale peut conduire \u00e0 des perc\u00e9es transformatrices. Richard et George sont des membres pr\u00e9cieux de la communaut\u00e9 du CIFAR depuis de tr\u00e8s nombreuses ann\u00e9es et nous sommes fiers de c\u00e9l\u00e9brer leurs remarquables r\u00e9alisations.\u2009\u00bb<\/span><\/p>\n","protected":false},"excerpt":{"rendered":"<p>Richard Bond et George Efstathiou, ancien membre auxiliaire, sont r\u00e9compens\u00e9s pour leur impact profond sur l\u2019astronomie Richard Bond et George Efstathiou, chercheurs aux liens \u00e9troits [&hellip;]<\/p>\n","protected":false},"author":51,"featured_media":63342,"comment_status":"closed","ping_status":"closed","sticky":false,"template":"","format":"standard","meta":{"_acf_changed":false,"footnotes":""},"categories":[1771,2211],"tags":[],"class_list":["post-63343","post","type-post","status-publish","format-standard","has-post-thumbnail","hentry","category-nouvelles","category-prix"],"acf":[],"yoast_head":"<!-- This site is optimized with the Yoast SEO plugin v27.2 - https:\/\/yoast.com\/product\/yoast-seo-wordpress\/ -->\n<title>CIFAR<\/title>\n<meta name=\"robots\" content=\"index, follow, max-snippet:-1, max-image-preview:large, max-video-preview:-1\" \/>\n<link rel=\"canonical\" href=\"https:\/\/cifar.ca\/fr\/cifarnews\/2025\/10\/27\/un-chercheur-du-cifar-et-un-ancien-membre-auxiliaire-recoivent-le-prestigieux-prix-shaw\/\" \/>\n<meta property=\"og:locale\" content=\"fr_FR\" \/>\n<meta property=\"og:type\" content=\"article\" \/>\n<meta property=\"og:title\" content=\"Un chercheur du CIFAR et un ancien membre auxiliaire re\u00e7oivent le prestigieux prix Shaw - CIFAR\" \/>\n<meta property=\"og:description\" content=\"Richard Bond et George Efstathiou, ancien membre auxiliaire, sont r\u00e9compens\u00e9s pour leur impact profond sur l\u2019astronomie Richard Bond et George Efstathiou, chercheurs aux liens \u00e9troits [&hellip;]\" \/>\n<meta property=\"og:url\" content=\"https:\/\/cifar.ca\/fr\/cifarnews\/2025\/10\/27\/un-chercheur-du-cifar-et-un-ancien-membre-auxiliaire-recoivent-le-prestigieux-prix-shaw\/\" \/>\n<meta property=\"og:site_name\" content=\"CIFAR\" \/>\n<meta property=\"article:published_time\" content=\"2025-10-27T16:40:43+00:00\" \/>\n<meta property=\"article:modified_time\" content=\"2025-12-18T06:27:31+00:00\" \/>\n<meta property=\"og:image\" content=\"https:\/\/cifar.ca\/wp-content\/uploads\/2025\/10\/Shaw-Prize_2025-4-HomepageBanner_Shaw-Prize-EN.png\" \/>\n\t<meta property=\"og:image:width\" content=\"1200\" \/>\n\t<meta property=\"og:image:height\" content=\"700\" \/>\n\t<meta property=\"og:image:type\" content=\"image\/png\" \/>\n<meta name=\"author\" content=\"Liz Do\" \/>\n<meta name=\"twitter:card\" content=\"summary_large_image\" \/>\n<meta name=\"twitter:label1\" content=\"\u00c9crit par\" \/>\n\t<meta name=\"twitter:data1\" content=\"Liz Do\" \/>\n\t<meta name=\"twitter:label2\" content=\"Dur\u00e9e de lecture estim\u00e9e\" \/>\n\t<meta name=\"twitter:data2\" content=\"2 minutes\" \/>\n<script type=\"application\/ld+json\" class=\"yoast-schema-graph\">{\"@context\":\"https:\/\/schema.org\",\"@graph\":[{\"@type\":\"Article\",\"@id\":\"https:\/\/cifar.ca\/fr\/cifarnews\/2025\/10\/27\/un-chercheur-du-cifar-et-un-ancien-membre-auxiliaire-recoivent-le-prestigieux-prix-shaw\/#article\",\"isPartOf\":{\"@id\":\"https:\/\/cifar.ca\/fr\/cifarnews\/2025\/10\/27\/un-chercheur-du-cifar-et-un-ancien-membre-auxiliaire-recoivent-le-prestigieux-prix-shaw\/\"},\"author\":{\"name\":\"Liz Do\",\"@id\":\"https:\/\/cifar.ca\/fr\/#\/schema\/person\/772cd357eac17dc0f6b7e10b7d80a1b4\"},\"headline\":\"Un chercheur du CIFAR et un ancien membre auxiliaire re\u00e7oivent le prestigieux prix Shaw\",\"datePublished\":\"2025-10-27T16:40:43+00:00\",\"dateModified\":\"2025-12-18T06:27:31+00:00\",\"mainEntityOfPage\":{\"@id\":\"https:\/\/cifar.ca\/fr\/cifarnews\/2025\/10\/27\/un-chercheur-du-cifar-et-un-ancien-membre-auxiliaire-recoivent-le-prestigieux-prix-shaw\/\"},\"wordCount\":375,\"publisher\":{\"@id\":\"https:\/\/cifar.ca\/fr\/#organization\"},\"image\":{\"@id\":\"https:\/\/cifar.ca\/fr\/cifarnews\/2025\/10\/27\/un-chercheur-du-cifar-et-un-ancien-membre-auxiliaire-recoivent-le-prestigieux-prix-shaw\/#primaryimage\"},\"thumbnailUrl\":\"https:\/\/cifar.ca\/wp-content\/uploads\/2025\/10\/Shaw-Prize_2025-4-HomepageBanner_Shaw-Prize-EN.png\",\"articleSection\":[\"Nouvelles\",\"Prix\"],\"inLanguage\":\"fr-FR\"},{\"@type\":\"WebPage\",\"@id\":\"https:\/\/cifar.ca\/fr\/cifarnews\/2025\/10\/27\/un-chercheur-du-cifar-et-un-ancien-membre-auxiliaire-recoivent-le-prestigieux-prix-shaw\/\",\"url\":\"https:\/\/cifar.ca\/fr\/cifarnews\/2025\/10\/27\/un-chercheur-du-cifar-et-un-ancien-membre-auxiliaire-recoivent-le-prestigieux-prix-shaw\/\",\"name\":\"Un chercheur du CIFAR et un ancien membre auxiliaire re\u00e7oivent le prestigieux prix Shaw - CIFAR\",\"isPartOf\":{\"@id\":\"https:\/\/cifar.ca\/fr\/#website\"},\"primaryImageOfPage\":{\"@id\":\"https:\/\/cifar.ca\/fr\/cifarnews\/2025\/10\/27\/un-chercheur-du-cifar-et-un-ancien-membre-auxiliaire-recoivent-le-prestigieux-prix-shaw\/#primaryimage\"},\"image\":{\"@id\":\"https:\/\/cifar.ca\/fr\/cifarnews\/2025\/10\/27\/un-chercheur-du-cifar-et-un-ancien-membre-auxiliaire-recoivent-le-prestigieux-prix-shaw\/#primaryimage\"},\"thumbnailUrl\":\"https:\/\/cifar.ca\/wp-content\/uploads\/2025\/10\/Shaw-Prize_2025-4-HomepageBanner_Shaw-Prize-EN.png\",\"datePublished\":\"2025-10-27T16:40:43+00:00\",\"dateModified\":\"2025-12-18T06:27:31+00:00\",\"breadcrumb\":{\"@id\":\"https:\/\/cifar.ca\/fr\/cifarnews\/2025\/10\/27\/un-chercheur-du-cifar-et-un-ancien-membre-auxiliaire-recoivent-le-prestigieux-prix-shaw\/#breadcrumb\"},\"inLanguage\":\"fr-FR\",\"potentialAction\":[{\"@type\":\"ReadAction\",\"target\":[\"https:\/\/cifar.ca\/fr\/cifarnews\/2025\/10\/27\/un-chercheur-du-cifar-et-un-ancien-membre-auxiliaire-recoivent-le-prestigieux-prix-shaw\/\"]}]},{\"@type\":\"ImageObject\",\"inLanguage\":\"fr-FR\",\"@id\":\"https:\/\/cifar.ca\/fr\/cifarnews\/2025\/10\/27\/un-chercheur-du-cifar-et-un-ancien-membre-auxiliaire-recoivent-le-prestigieux-prix-shaw\/#primaryimage\",\"url\":\"https:\/\/cifar.ca\/wp-content\/uploads\/2025\/10\/Shaw-Prize_2025-4-HomepageBanner_Shaw-Prize-EN.png\",\"contentUrl\":\"https:\/\/cifar.ca\/wp-content\/uploads\/2025\/10\/Shaw-Prize_2025-4-HomepageBanner_Shaw-Prize-EN.png\",\"width\":1200,\"height\":700},{\"@type\":\"BreadcrumbList\",\"@id\":\"https:\/\/cifar.ca\/fr\/cifarnews\/2025\/10\/27\/un-chercheur-du-cifar-et-un-ancien-membre-auxiliaire-recoivent-le-prestigieux-prix-shaw\/#breadcrumb\",\"itemListElement\":[{\"@type\":\"ListItem\",\"position\":1,\"name\":\"Acceuil\",\"item\":\"https:\/\/cifar.ca\/fr\/\"},{\"@type\":\"ListItem\",\"position\":2,\"name\":\"Un chercheur du CIFAR et un ancien membre auxiliaire re\u00e7oivent le prestigieux prix Shaw\"}]},{\"@type\":\"WebSite\",\"@id\":\"https:\/\/cifar.ca\/fr\/#website\",\"url\":\"https:\/\/cifar.ca\/fr\/\",\"name\":\"CIFAR\",\"description\":\"Convoquer des esprits extraordinaires pour r\u00e9pondre aux questions les plus importantes auxquelles la science et l'humanit\u00e9 sont confront\u00e9es.\",\"publisher\":{\"@id\":\"https:\/\/cifar.ca\/fr\/#organization\"},\"potentialAction\":[{\"@type\":\"SearchAction\",\"target\":{\"@type\":\"EntryPoint\",\"urlTemplate\":\"https:\/\/cifar.ca\/fr\/?s={search_term_string}\"},\"query-input\":{\"@type\":\"PropertyValueSpecification\",\"valueRequired\":true,\"valueName\":\"search_term_string\"}}],\"inLanguage\":\"fr-FR\"},{\"@type\":\"Organization\",\"@id\":\"https:\/\/cifar.ca\/fr\/#organization\",\"name\":\"CIFAR\",\"url\":\"https:\/\/cifar.ca\/fr\/\",\"logo\":{\"@type\":\"ImageObject\",\"inLanguage\":\"fr-FR\",\"@id\":\"https:\/\/cifar.ca\/fr\/#\/schema\/logo\/image\/\",\"url\":\"https:\/\/cifar.ca\/wp-content\/uploads\/2020\/01\/cifar-logo-rgb-colour.png\",\"contentUrl\":\"https:\/\/cifar.ca\/wp-content\/uploads\/2020\/01\/cifar-logo-rgb-colour.png\",\"width\":1884,\"height\":681,\"caption\":\"CIFAR\"},\"image\":{\"@id\":\"https:\/\/cifar.ca\/fr\/#\/schema\/logo\/image\/\"}},{\"@type\":\"Person\",\"@id\":\"https:\/\/cifar.ca\/fr\/#\/schema\/person\/772cd357eac17dc0f6b7e10b7d80a1b4\",\"name\":\"Liz Do\",\"image\":{\"@type\":\"ImageObject\",\"inLanguage\":\"fr-FR\",\"@id\":\"https:\/\/secure.gravatar.com\/avatar\/a6ad5f6c430679a96d91b356a7ca4753a816c0906754bb4951fe5f5ea1ee7973?s=96&d=mm&r=g\",\"url\":\"https:\/\/secure.gravatar.com\/avatar\/a6ad5f6c430679a96d91b356a7ca4753a816c0906754bb4951fe5f5ea1ee7973?s=96&d=mm&r=g\",\"contentUrl\":\"https:\/\/secure.gravatar.com\/avatar\/a6ad5f6c430679a96d91b356a7ca4753a816c0906754bb4951fe5f5ea1ee7973?s=96&d=mm&r=g\",\"caption\":\"Liz Do\"}}]}<\/script>\n<!-- \/ Yoast SEO plugin. -->","yoast_head_json":{"title":"CIFAR","robots":{"index":"index","follow":"follow","max-snippet":"max-snippet:-1","max-image-preview":"max-image-preview:large","max-video-preview":"max-video-preview:-1"},"canonical":"https:\/\/cifar.ca\/fr\/cifarnews\/2025\/10\/27\/un-chercheur-du-cifar-et-un-ancien-membre-auxiliaire-recoivent-le-prestigieux-prix-shaw\/","og_locale":"fr_FR","og_type":"article","og_title":"Un chercheur du CIFAR et un ancien membre auxiliaire re\u00e7oivent le prestigieux prix Shaw - CIFAR","og_description":"Richard Bond et George Efstathiou, ancien membre auxiliaire, sont r\u00e9compens\u00e9s pour leur impact profond sur l\u2019astronomie Richard Bond et George Efstathiou, chercheurs aux liens \u00e9troits [&hellip;]","og_url":"https:\/\/cifar.ca\/fr\/cifarnews\/2025\/10\/27\/un-chercheur-du-cifar-et-un-ancien-membre-auxiliaire-recoivent-le-prestigieux-prix-shaw\/","og_site_name":"CIFAR","article_published_time":"2025-10-27T16:40:43+00:00","article_modified_time":"2025-12-18T06:27:31+00:00","og_image":[{"width":1200,"height":700,"url":"https:\/\/cifar.ca\/wp-content\/uploads\/2025\/10\/Shaw-Prize_2025-4-HomepageBanner_Shaw-Prize-EN.png","type":"image\/png"}],"author":"Liz Do","twitter_card":"summary_large_image","twitter_misc":{"\u00c9crit par":"Liz Do","Dur\u00e9e de lecture estim\u00e9e":"2 minutes"},"schema":{"@context":"https:\/\/schema.org","@graph":[{"@type":"Article","@id":"https:\/\/cifar.ca\/fr\/cifarnews\/2025\/10\/27\/un-chercheur-du-cifar-et-un-ancien-membre-auxiliaire-recoivent-le-prestigieux-prix-shaw\/#article","isPartOf":{"@id":"https:\/\/cifar.ca\/fr\/cifarnews\/2025\/10\/27\/un-chercheur-du-cifar-et-un-ancien-membre-auxiliaire-recoivent-le-prestigieux-prix-shaw\/"},"author":{"name":"Liz Do","@id":"https:\/\/cifar.ca\/fr\/#\/schema\/person\/772cd357eac17dc0f6b7e10b7d80a1b4"},"headline":"Un chercheur du CIFAR et un ancien membre auxiliaire re\u00e7oivent le prestigieux prix Shaw","datePublished":"2025-10-27T16:40:43+00:00","dateModified":"2025-12-18T06:27:31+00:00","mainEntityOfPage":{"@id":"https:\/\/cifar.ca\/fr\/cifarnews\/2025\/10\/27\/un-chercheur-du-cifar-et-un-ancien-membre-auxiliaire-recoivent-le-prestigieux-prix-shaw\/"},"wordCount":375,"publisher":{"@id":"https:\/\/cifar.ca\/fr\/#organization"},"image":{"@id":"https:\/\/cifar.ca\/fr\/cifarnews\/2025\/10\/27\/un-chercheur-du-cifar-et-un-ancien-membre-auxiliaire-recoivent-le-prestigieux-prix-shaw\/#primaryimage"},"thumbnailUrl":"https:\/\/cifar.ca\/wp-content\/uploads\/2025\/10\/Shaw-Prize_2025-4-HomepageBanner_Shaw-Prize-EN.png","articleSection":["Nouvelles","Prix"],"inLanguage":"fr-FR"},{"@type":"WebPage","@id":"https:\/\/cifar.ca\/fr\/cifarnews\/2025\/10\/27\/un-chercheur-du-cifar-et-un-ancien-membre-auxiliaire-recoivent-le-prestigieux-prix-shaw\/","url":"https:\/\/cifar.ca\/fr\/cifarnews\/2025\/10\/27\/un-chercheur-du-cifar-et-un-ancien-membre-auxiliaire-recoivent-le-prestigieux-prix-shaw\/","name":"Un chercheur du CIFAR et un ancien membre auxiliaire re\u00e7oivent le prestigieux prix Shaw - CIFAR","isPartOf":{"@id":"https:\/\/cifar.ca\/fr\/#website"},"primaryImageOfPage":{"@id":"https:\/\/cifar.ca\/fr\/cifarnews\/2025\/10\/27\/un-chercheur-du-cifar-et-un-ancien-membre-auxiliaire-recoivent-le-prestigieux-prix-shaw\/#primaryimage"},"image":{"@id":"https:\/\/cifar.ca\/fr\/cifarnews\/2025\/10\/27\/un-chercheur-du-cifar-et-un-ancien-membre-auxiliaire-recoivent-le-prestigieux-prix-shaw\/#primaryimage"},"thumbnailUrl":"https:\/\/cifar.ca\/wp-content\/uploads\/2025\/10\/Shaw-Prize_2025-4-HomepageBanner_Shaw-Prize-EN.png","datePublished":"2025-10-27T16:40:43+00:00","dateModified":"2025-12-18T06:27:31+00:00","breadcrumb":{"@id":"https:\/\/cifar.ca\/fr\/cifarnews\/2025\/10\/27\/un-chercheur-du-cifar-et-un-ancien-membre-auxiliaire-recoivent-le-prestigieux-prix-shaw\/#breadcrumb"},"inLanguage":"fr-FR","potentialAction":[{"@type":"ReadAction","target":["https:\/\/cifar.ca\/fr\/cifarnews\/2025\/10\/27\/un-chercheur-du-cifar-et-un-ancien-membre-auxiliaire-recoivent-le-prestigieux-prix-shaw\/"]}]},{"@type":"ImageObject","inLanguage":"fr-FR","@id":"https:\/\/cifar.ca\/fr\/cifarnews\/2025\/10\/27\/un-chercheur-du-cifar-et-un-ancien-membre-auxiliaire-recoivent-le-prestigieux-prix-shaw\/#primaryimage","url":"https:\/\/cifar.ca\/wp-content\/uploads\/2025\/10\/Shaw-Prize_2025-4-HomepageBanner_Shaw-Prize-EN.png","contentUrl":"https:\/\/cifar.ca\/wp-content\/uploads\/2025\/10\/Shaw-Prize_2025-4-HomepageBanner_Shaw-Prize-EN.png","width":1200,"height":700},{"@type":"BreadcrumbList","@id":"https:\/\/cifar.ca\/fr\/cifarnews\/2025\/10\/27\/un-chercheur-du-cifar-et-un-ancien-membre-auxiliaire-recoivent-le-prestigieux-prix-shaw\/#breadcrumb","itemListElement":[{"@type":"ListItem","position":1,"name":"Acceuil","item":"https:\/\/cifar.ca\/fr\/"},{"@type":"ListItem","position":2,"name":"Un chercheur du CIFAR et un ancien membre auxiliaire re\u00e7oivent le prestigieux prix Shaw"}]},{"@type":"WebSite","@id":"https:\/\/cifar.ca\/fr\/#website","url":"https:\/\/cifar.ca\/fr\/","name":"CIFAR","description":"Convoquer des esprits extraordinaires pour r\u00e9pondre aux questions les plus importantes auxquelles la science et l'humanit\u00e9 sont confront\u00e9es.","publisher":{"@id":"https:\/\/cifar.ca\/fr\/#organization"},"potentialAction":[{"@type":"SearchAction","target":{"@type":"EntryPoint","urlTemplate":"https:\/\/cifar.ca\/fr\/?s={search_term_string}"},"query-input":{"@type":"PropertyValueSpecification","valueRequired":true,"valueName":"search_term_string"}}],"inLanguage":"fr-FR"},{"@type":"Organization","@id":"https:\/\/cifar.ca\/fr\/#organization","name":"CIFAR","url":"https:\/\/cifar.ca\/fr\/","logo":{"@type":"ImageObject","inLanguage":"fr-FR","@id":"https:\/\/cifar.ca\/fr\/#\/schema\/logo\/image\/","url":"https:\/\/cifar.ca\/wp-content\/uploads\/2020\/01\/cifar-logo-rgb-colour.png","contentUrl":"https:\/\/cifar.ca\/wp-content\/uploads\/2020\/01\/cifar-logo-rgb-colour.png","width":1884,"height":681,"caption":"CIFAR"},"image":{"@id":"https:\/\/cifar.ca\/fr\/#\/schema\/logo\/image\/"}},{"@type":"Person","@id":"https:\/\/cifar.ca\/fr\/#\/schema\/person\/772cd357eac17dc0f6b7e10b7d80a1b4","name":"Liz Do","image":{"@type":"ImageObject","inLanguage":"fr-FR","@id":"https:\/\/secure.gravatar.com\/avatar\/a6ad5f6c430679a96d91b356a7ca4753a816c0906754bb4951fe5f5ea1ee7973?s=96&d=mm&r=g","url":"https:\/\/secure.gravatar.com\/avatar\/a6ad5f6c430679a96d91b356a7ca4753a816c0906754bb4951fe5f5ea1ee7973?s=96&d=mm&r=g","contentUrl":"https:\/\/secure.gravatar.com\/avatar\/a6ad5f6c430679a96d91b356a7ca4753a816c0906754bb4951fe5f5ea1ee7973?s=96&d=mm&r=g","caption":"Liz Do"}}]}},"_links":{"self":[{"href":"https:\/\/cifar.ca\/fr\/wp-json\/wp\/v2\/posts\/63343","targetHints":{"allow":["GET"]}}],"collection":[{"href":"https:\/\/cifar.ca\/fr\/wp-json\/wp\/v2\/posts"}],"about":[{"href":"https:\/\/cifar.ca\/fr\/wp-json\/wp\/v2\/types\/post"}],"author":[{"embeddable":true,"href":"https:\/\/cifar.ca\/fr\/wp-json\/wp\/v2\/users\/51"}],"replies":[{"embeddable":true,"href":"https:\/\/cifar.ca\/fr\/wp-json\/wp\/v2\/comments?post=63343"}],"version-history":[{"count":0,"href":"https:\/\/cifar.ca\/fr\/wp-json\/wp\/v2\/posts\/63343\/revisions"}],"wp:featuredmedia":[{"embeddable":true,"href":"https:\/\/cifar.ca\/fr\/wp-json\/wp\/v2\/media\/63342"}],"wp:attachment":[{"href":"https:\/\/cifar.ca\/fr\/wp-json\/wp\/v2\/media?parent=63343"}],"wp:term":[{"taxonomy":"category","embeddable":true,"href":"https:\/\/cifar.ca\/fr\/wp-json\/wp\/v2\/categories?post=63343"},{"taxonomy":"post_tag","embeddable":true,"href":"https:\/\/cifar.ca\/fr\/wp-json\/wp\/v2\/tags?post=63343"}],"curies":[{"name":"wp","href":"https:\/\/api.w.org\/{rel}","templated":true}]}}