{"id":63668,"date":"2025-11-18T14:19:28","date_gmt":"2025-11-18T19:19:28","guid":{"rendered":"https:\/\/cifar.ca\/?p=63668"},"modified":"2025-12-18T01:27:25","modified_gmt":"2025-12-18T06:27:25","slug":"renee-hlozek-laureate-de-la-bourse-arthur-b-mcdonald-2025-pour-ses-travaux-de-pointe-sur-le-cosmos","status":"publish","type":"post","link":"https:\/\/cifar.ca\/fr\/cifarnews\/2025\/11\/18\/renee-hlozek-laureate-de-la-bourse-arthur-b-mcdonald-2025-pour-ses-travaux-de-pointe-sur-le-cosmos\/","title":{"rendered":"Ren\u00e9e Hlo\u017eek, laur\u00e9ate de la bourse Arthur-B.-McDonald 2025 pour ses travaux de pointe sur le cosmos"},"content":{"rendered":"<h3><strong><span style=\"color: #6ba4b8;\">Dans un nouvel entretien, elle parle de son exp\u00e9rience \u00e0 titre de membre du programme des chercheurs mondiaux CIFAR-Azrieli et de la reconnaissance de ses travaux par le CRSNG pour ses recherches qui mettent en lien la cosmologie et la neuroscience.<\/span><\/strong><\/h3>\n<p><a href=\"https:\/\/cifar.ca\/fr\/biographie\/renee-hlozek\/\"><span style=\"font-weight: 400;\">Ren\u00e9e Hlo\u017eek<\/span><\/a><span style=\"font-weight: 400;\"> \u00e9tudie l\u2019Univers \u2013 de ses tout premiers instants jusqu\u2019\u00e0 son avenir lointain \u2013 au moyen de m\u00e9thodes statistiques et d\u2019observations pr\u00e9cises en vue de r\u00e9pondre \u00e0 des questions d\u2019ordre cosmique.\u00a0<\/span><\/p>\n<p><span style=\"font-weight: 400;\">R\u00e9cemment, Ren\u00e9e Hlo\u017eek a re\u00e7u une<\/span><a href=\"https:\/\/www.nserc-crsng.gc.ca\/Prizes-Prix\/McDonald-McDonald\/Index-Index_fra.asp\"> <span style=\"font-weight: 400;\">bourse Arthur-B.-McDonald du Conseil de recherches en sciences naturelles et en g\u00e9nie du Canada (CRSNG)<\/span><\/a><span style=\"font-weight: 400;\">, qui r\u00e9compense les chercheuses et chercheurs universitaires en d\u00e9but de carri\u00e8re en sciences naturelles et en g\u00e9nie, et les aide \u00e0 renforcer leurs capacit\u00e9s de recherche pour devenir des chefs de file dans leur domaine, ainsi qu\u2019une source d\u2019inspiration pour d\u2019autres personnes.\u00a0<\/span><\/p>\n<p><span style=\"font-weight: 400;\">Membre de la cohorte 2019-2021 du programme des chercheurs mondiaux CIFAR-Azrieli, Hlo\u017eek s\u2019est jointe au programme de recherche<\/span><a href=\"https:\/\/cifar.ca\/fr\/programmes-de-recherche\/extreme-univers-et-gravite\/\"> <span style=\"font-weight: 400;\">Extr\u00eame Univers et gravit\u00e9<\/span><\/a><span style=\"font-weight: 400;\"> du CIFAR, o\u00f9 elle a obtenu des fonds pour mener des recherches interdisciplinaires audacieuses \u00e0 fort impact et tiss\u00e9 des liens avec un r\u00e9seau de scientifiques dans son domaine. Aujourd\u2019hui, elle estime que cette exp\u00e9rience l\u2019a aid\u00e9e \u00e0 r\u00e9aliser de nouvelles avanc\u00e9es dans ses recherches.\u00a0<\/span><\/p>\n<p><span style=\"font-weight: 400;\">Actuellement professeure agr\u00e9g\u00e9e d\u2019astronomie et d\u2019astrophysique \u00e0 l\u2019Universit\u00e9 de Toronto, elle effectue des mesures de la lumi\u00e8re visible et du rayonnement hyperfr\u00e9quence \u00e0 l\u2019aide de t\u00e9lescopes en haute altitude dans les d\u00e9serts du nord du Chili, dans le cadre de collaborations avec l\u2019Observatoire Vera C. Rubin et l\u2019Observatoire Simons. Gr\u00e2ce \u00e0 ces mesures, elle souhaite mieux comprendre les \u00e9l\u00e9ments fondamentaux de la nature. Hlo\u017eek comble \u00e9galement le foss\u00e9 entre l\u2019astronomie et la neuroscience, recourant \u00e0 des m\u00e9thodes d\u2019analyse d\u2019images issues de la cosmologie pour \u00e9tudier l\u2019activit\u00e9 des cellules c\u00e9r\u00e9brales et les signes pr\u00e9coces de la neurod\u00e9g\u00e9n\u00e9rescence.<\/span><\/p>\n<p><span style=\"font-weight: 400;\">Nous nous sommes entretenus avec elle de sa nouvelle bourse, de la fa\u00e7on dont le programme des chercheurs mondiaux a acc\u00e9l\u00e9r\u00e9 sa carri\u00e8re et des questions ambitieuses qu\u2019elle explore pour comprendre les plus profonds myst\u00e8res de l\u2019Univers.<\/span><b>\u00a0<\/b><\/p>\n<p><b>\u00a0<\/b><\/p>\n<p><b>Q : Quels sont les plus grands myst\u00e8res cosmiques que vos recherches tentent de r\u00e9soudre?\u00a0<\/b><\/p>\n<p><b>R : <\/b><span style=\"font-weight: 400;\">Mes recherches portent sur la composition et l\u2019\u00e9volution de l\u2019Univers. Comme la mati\u00e8re sombre et l\u2019\u00e9nergie sombre composent une si grande proportion du cosmos, nous tentons d\u2019en comprendre les \u00e9l\u00e9ments constitutifs.\u00a0<\/span><\/p>\n<p><span style=\"font-weight: 400;\">La mati\u00e8re sombre n\u2019interagit pas fortement avec la lumi\u00e8re. (Il vaut mieux penser \u00e0 une \u00ab\u2009mati\u00e8re invisible\u2009\u00bb plut\u00f4t qu\u2019\u00e0 une mati\u00e8re sombre.) Il est pr\u00e9f\u00e9rable de voir l\u2019\u00e9nergie sombre comme une force en opposition \u00e0 la gravit\u00e9, qui favorise l\u2019expansion de l\u2019Univers \u00e0 un rythme croissant.\u00a0<\/span><\/p>\n<p>&nbsp;<\/p>\n<p><b>Q : Comment votre participation au programme des chercheurs mondiaux CIFAR-Azrieli a-t-elle influenc\u00e9 votre parcours de recherche?<\/b><span style=\"font-weight: 400;\">\u00a0<\/span><\/p>\n<p><b>R :<\/b><span style=\"font-weight: 400;\"> Je suis devenue membre du programme des chercheurs mondiaux en 2019 et cette exp\u00e9rience a vraiment fa\u00e7onn\u00e9 tout mon parcours de recherche. Cet investissement pr\u00e9coce dans mes recherches et dans la communaut\u00e9 de personnes cr\u00e9atives que j\u2019ai rencontr\u00e9es au sein du programme des chercheurs mondiaux CIFAR-Azrieli a \u00e9t\u00e9 transformateur. Le soutien concret du CIFAR et les occasions d\u2019apprentissage offertes par le programme m\u2019ont permis de devenir une meilleure scientifique, une meilleure chercheuse et une meilleure dirigeante de mon groupe de recherche.\u00a0<\/span><\/p>\n<p>&nbsp;<\/p>\n<p><b>Q : Quel a \u00e9t\u00e9 le moment fort de votre exp\u00e9rience en tant que membre du programme des chercheurs mondiaux au sein du programme Extr\u00eame Univers et gravit\u00e9? Y a-t-il un moment qui se d\u00e9marque?<\/b><span style=\"font-weight: 400;\">\u00a0<\/span><\/p>\n<p><b>A <\/b><span style=\"font-weight: 400;\">: Gr\u00e2ce au CIFAR, j\u2019ai rencontr\u00e9 Flavie Lavoie-Cardinal, une coll\u00e8gue qui travaille en neuroscience \u2013 un domaine compl\u00e8tement diff\u00e9rent du mien \u2013 et nous nous sommes lanc\u00e9es dans des<\/span><a href=\"https:\/\/cifar.ca\/fr\/cifarnews\/2022\/02\/02\/exploration-de-linconnu\/\"> <span style=\"font-weight: 400;\">recherches interdisciplinaires<\/span><\/a><span style=\"font-weight: 400;\"> qui ont vu le jour gr\u00e2ce \u00e0 des fonds Catalyseur du CIFAR et qui ont d\u00e9bouch\u00e9 sur un tout nouvel axe de recherche aux r\u00e9sultats d\u00e9j\u00e0 prometteurs. Nous mettons \u00e0 profit les outils et m\u00e9thodes de l\u2019astronomie, y compris l\u2019analyse d\u2019images et la d\u00e9tection d\u2019anomalies, pour \u00e9tudier la neurod\u00e9g\u00e9n\u00e9rescence c\u00e9r\u00e9brale. Il s\u2019av\u00e8re que dans les deux domaines, nous utilisons des observations du ciel ou du cerveau et nous cherchons des signaux faibles sur un fond fluctuant. Travailler par-del\u00e0 les fronti\u00e8res et chercher des m\u00e9thodes et des outils communs s\u2019est r\u00e9v\u00e9l\u00e9 extr\u00eamement enrichissant. Nous avons \u00e9largi la collaboration et travaillons maintenant avec<\/span><a href=\"https:\/\/cifar.ca\/fr\/biographie\/christian-gagne\/\"> <span style=\"font-weight: 400;\">Christian Gagn\u00e9<\/span><\/a><span style=\"font-weight: 400;\"> et<\/span><a href=\"https:\/\/cifar.ca\/fr\/biographie\/audrey-durand\/\"> <span style=\"font-weight: 400;\">Audrey Durand<\/span><\/a><span style=\"font-weight: 400;\">, titulaires de chaire en IA Canada-CIFAR \u00e0 Mila, et nos coll\u00e8gues astronomes Daryl Haggard, Jess McIver et Ashish Mahabal, pour r\u00e9fl\u00e9chir notamment \u00e0 l\u2019interpr\u00e9tabilit\u00e9 de l\u2019apprentissage automatique, \u00e0 l\u2019entra\u00eenement crois\u00e9 de l\u2019IA et \u00e0 des m\u00e9thodes d\u2019apprentissage automatique.\u00a0<\/span><\/p>\n<p>&nbsp;<\/p>\n<p><b>Q : Pourquoi est-il si important d\u2019investir dans les scientifiques en d\u00e9but de carri\u00e8re et comment ce financement pr\u00e9coce a-t-il influenc\u00e9 votre propre travail?\u00a0<\/b><\/p>\n<p><b>R : <\/b><span style=\"font-weight: 400;\">En d\u00e9but de carri\u00e8re, vous trouvez vos marques et tentez de mettre sur pied un programme de recherche durable. Comme les universit\u00e9s et les d\u00e9partements sont souvent des lieux d\u2019activit\u00e9 intense, vous ne recevez pas beaucoup d\u2019encadrement ni de conseils. Des investissements d\u2019ordre financier, mais aussi en mati\u00e8re de mentorat offert par le programme des chercheurs mondiaux CIFAR-Azrieli changent vraiment la donne.<\/span><b>\u00a0<\/b><\/p>\n<p>&nbsp;<\/p>\n<p><b>Q : En tant que titulaire de la bourse Arthur-B.-McDonald, quelles sont les recherches que vous allez privil\u00e9gier et qu\u2019est-ce qui vous enthousiasme le plus dans ce nouveau chapitre de votre carri\u00e8re?\u00a0<\/b><\/p>\n<p><b>R : <\/b><span style=\"font-weight: 400;\">Je re\u00e7ois cette bourse au moment m\u00eame o\u00f9 mes deux observatoires de r\u00eave, l\u2019Observatoire Vera C. Rubin et l\u2019Observatoire Simons, sont mis en service, et je serai donc occup\u00e9 \u00e0 analyser les donn\u00e9es extraordinaires issues de ces deux t\u00e9lescopes. En outre, au cours de mon mandat, je vais planifier et monter des projets interdisciplinaires en astronomie et en neuroscience. Je souhaite \u00e9galement r\u00e9fl\u00e9chir \u00e0 la fa\u00e7on dont je peux aider les organisations de diffusion \u00e0 b\u00e9n\u00e9ficier du m\u00eame mentorat et du m\u00eame soutien dont j\u2019ai pu tirer profit au fil des ans. J\u2019ai h\u00e2te de me lancer dans ce travail!\u00a0<\/span><\/p>\n","protected":false},"excerpt":{"rendered":"<p>Dans un nouvel entretien, elle parle de son exp\u00e9rience \u00e0 titre de membre du programme des chercheurs mondiaux CIFAR-Azrieli et de la reconnaissance de ses [&hellip;]<\/p>\n","protected":false},"author":69,"featured_media":63669,"comment_status":"closed","ping_status":"closed","sticky":false,"template":"","format":"standard","meta":{"_acf_changed":false,"footnotes":""},"categories":[5584,1771,2211],"tags":[],"class_list":["post-63668","post","type-post","status-publish","format-standard","has-post-thumbnail","hentry","category-impact-des-dons","category-nouvelles","category-prix"],"acf":[],"yoast_head":"<!-- This site is optimized with the Yoast SEO plugin v27.2 - https:\/\/yoast.com\/product\/yoast-seo-wordpress\/ -->\n<title>CIFAR<\/title>\n<meta name=\"robots\" content=\"index, follow, max-snippet:-1, max-image-preview:large, max-video-preview:-1\" \/>\n<link rel=\"canonical\" href=\"https:\/\/cifar.ca\/fr\/cifarnews\/2025\/11\/18\/renee-hlozek-laureate-de-la-bourse-arthur-b-mcdonald-2025-pour-ses-travaux-de-pointe-sur-le-cosmos\/\" \/>\n<meta property=\"og:locale\" content=\"fr_FR\" \/>\n<meta property=\"og:type\" content=\"article\" \/>\n<meta property=\"og:title\" content=\"Ren\u00e9e Hlo\u017eek, laur\u00e9ate de la bourse Arthur-B.-McDonald 2025 pour ses travaux de pointe sur le cosmos - CIFAR\" \/>\n<meta property=\"og:description\" content=\"Dans un nouvel entretien, elle parle de son exp\u00e9rience \u00e0 titre de membre du programme des chercheurs mondiaux CIFAR-Azrieli et de la reconnaissance de ses [&hellip;]\" \/>\n<meta property=\"og:url\" content=\"https:\/\/cifar.ca\/fr\/cifarnews\/2025\/11\/18\/renee-hlozek-laureate-de-la-bourse-arthur-b-mcdonald-2025-pour-ses-travaux-de-pointe-sur-le-cosmos\/\" \/>\n<meta property=\"og:site_name\" content=\"CIFAR\" \/>\n<meta property=\"article:published_time\" content=\"2025-11-18T19:19:28+00:00\" \/>\n<meta property=\"article:modified_time\" content=\"2025-12-18T06:27:25+00:00\" \/>\n<meta property=\"og:image\" content=\"https:\/\/cifar.ca\/wp-content\/uploads\/2025\/11\/Renee-Hlozek-QA-4-Hlozek-Banner-FR.png\" \/>\n\t<meta property=\"og:image:width\" content=\"1200\" \/>\n\t<meta property=\"og:image:height\" content=\"600\" \/>\n\t<meta property=\"og:image:type\" content=\"image\/png\" \/>\n<meta name=\"author\" content=\"Abeer Khan\" \/>\n<meta name=\"twitter:card\" content=\"summary_large_image\" \/>\n<meta name=\"twitter:label1\" content=\"\u00c9crit par\" \/>\n\t<meta name=\"twitter:data1\" content=\"Abeer Khan\" \/>\n\t<meta name=\"twitter:label2\" content=\"Dur\u00e9e de lecture estim\u00e9e\" \/>\n\t<meta name=\"twitter:data2\" content=\"5 minutes\" \/>\n<script type=\"application\/ld+json\" class=\"yoast-schema-graph\">{\"@context\":\"https:\/\/schema.org\",\"@graph\":[{\"@type\":\"Article\",\"@id\":\"https:\/\/cifar.ca\/fr\/cifarnews\/2025\/11\/18\/renee-hlozek-laureate-de-la-bourse-arthur-b-mcdonald-2025-pour-ses-travaux-de-pointe-sur-le-cosmos\/#article\",\"isPartOf\":{\"@id\":\"https:\/\/cifar.ca\/fr\/cifarnews\/2025\/11\/18\/renee-hlozek-laureate-de-la-bourse-arthur-b-mcdonald-2025-pour-ses-travaux-de-pointe-sur-le-cosmos\/\"},\"author\":{\"name\":\"Abeer Khan\",\"@id\":\"https:\/\/cifar.ca\/fr\/#\/schema\/person\/3aee109595ac7abfaa614d31c729b0dc\"},\"headline\":\"Ren\u00e9e Hlo\u017eek, laur\u00e9ate de la bourse Arthur-B.-McDonald 2025 pour ses travaux de pointe sur le cosmos\",\"datePublished\":\"2025-11-18T19:19:28+00:00\",\"dateModified\":\"2025-12-18T06:27:25+00:00\",\"mainEntityOfPage\":{\"@id\":\"https:\/\/cifar.ca\/fr\/cifarnews\/2025\/11\/18\/renee-hlozek-laureate-de-la-bourse-arthur-b-mcdonald-2025-pour-ses-travaux-de-pointe-sur-le-cosmos\/\"},\"wordCount\":1119,\"publisher\":{\"@id\":\"https:\/\/cifar.ca\/fr\/#organization\"},\"image\":{\"@id\":\"https:\/\/cifar.ca\/fr\/cifarnews\/2025\/11\/18\/renee-hlozek-laureate-de-la-bourse-arthur-b-mcdonald-2025-pour-ses-travaux-de-pointe-sur-le-cosmos\/#primaryimage\"},\"thumbnailUrl\":\"https:\/\/cifar.ca\/wp-content\/uploads\/2025\/11\/Renee-Hlozek-QA-4-Hlozek-Banner-FR.png\",\"articleSection\":[\"Impact des dons\",\"Nouvelles\",\"Prix\"],\"inLanguage\":\"fr-FR\"},{\"@type\":\"WebPage\",\"@id\":\"https:\/\/cifar.ca\/fr\/cifarnews\/2025\/11\/18\/renee-hlozek-laureate-de-la-bourse-arthur-b-mcdonald-2025-pour-ses-travaux-de-pointe-sur-le-cosmos\/\",\"url\":\"https:\/\/cifar.ca\/fr\/cifarnews\/2025\/11\/18\/renee-hlozek-laureate-de-la-bourse-arthur-b-mcdonald-2025-pour-ses-travaux-de-pointe-sur-le-cosmos\/\",\"name\":\"Ren\u00e9e Hlo\u017eek, laur\u00e9ate de la bourse Arthur-B.-McDonald 2025 pour ses travaux de pointe sur le cosmos - CIFAR\",\"isPartOf\":{\"@id\":\"https:\/\/cifar.ca\/fr\/#website\"},\"primaryImageOfPage\":{\"@id\":\"https:\/\/cifar.ca\/fr\/cifarnews\/2025\/11\/18\/renee-hlozek-laureate-de-la-bourse-arthur-b-mcdonald-2025-pour-ses-travaux-de-pointe-sur-le-cosmos\/#primaryimage\"},\"image\":{\"@id\":\"https:\/\/cifar.ca\/fr\/cifarnews\/2025\/11\/18\/renee-hlozek-laureate-de-la-bourse-arthur-b-mcdonald-2025-pour-ses-travaux-de-pointe-sur-le-cosmos\/#primaryimage\"},\"thumbnailUrl\":\"https:\/\/cifar.ca\/wp-content\/uploads\/2025\/11\/Renee-Hlozek-QA-4-Hlozek-Banner-FR.png\",\"datePublished\":\"2025-11-18T19:19:28+00:00\",\"dateModified\":\"2025-12-18T06:27:25+00:00\",\"breadcrumb\":{\"@id\":\"https:\/\/cifar.ca\/fr\/cifarnews\/2025\/11\/18\/renee-hlozek-laureate-de-la-bourse-arthur-b-mcdonald-2025-pour-ses-travaux-de-pointe-sur-le-cosmos\/#breadcrumb\"},\"inLanguage\":\"fr-FR\",\"potentialAction\":[{\"@type\":\"ReadAction\",\"target\":[\"https:\/\/cifar.ca\/fr\/cifarnews\/2025\/11\/18\/renee-hlozek-laureate-de-la-bourse-arthur-b-mcdonald-2025-pour-ses-travaux-de-pointe-sur-le-cosmos\/\"]}]},{\"@type\":\"ImageObject\",\"inLanguage\":\"fr-FR\",\"@id\":\"https:\/\/cifar.ca\/fr\/cifarnews\/2025\/11\/18\/renee-hlozek-laureate-de-la-bourse-arthur-b-mcdonald-2025-pour-ses-travaux-de-pointe-sur-le-cosmos\/#primaryimage\",\"url\":\"https:\/\/cifar.ca\/wp-content\/uploads\/2025\/11\/Renee-Hlozek-QA-4-Hlozek-Banner-FR.png\",\"contentUrl\":\"https:\/\/cifar.ca\/wp-content\/uploads\/2025\/11\/Renee-Hlozek-QA-4-Hlozek-Banner-FR.png\",\"width\":1200,\"height\":600},{\"@type\":\"BreadcrumbList\",\"@id\":\"https:\/\/cifar.ca\/fr\/cifarnews\/2025\/11\/18\/renee-hlozek-laureate-de-la-bourse-arthur-b-mcdonald-2025-pour-ses-travaux-de-pointe-sur-le-cosmos\/#breadcrumb\",\"itemListElement\":[{\"@type\":\"ListItem\",\"position\":1,\"name\":\"Acceuil\",\"item\":\"https:\/\/cifar.ca\/fr\/\"},{\"@type\":\"ListItem\",\"position\":2,\"name\":\"Ren\u00e9e Hlo\u017eek, laur\u00e9ate de la bourse Arthur-B.-McDonald 2025 pour ses travaux de pointe sur le cosmos\"}]},{\"@type\":\"WebSite\",\"@id\":\"https:\/\/cifar.ca\/fr\/#website\",\"url\":\"https:\/\/cifar.ca\/fr\/\",\"name\":\"CIFAR\",\"description\":\"Convoquer des esprits extraordinaires pour r\u00e9pondre aux questions les plus importantes auxquelles la science et l'humanit\u00e9 sont confront\u00e9es.\",\"publisher\":{\"@id\":\"https:\/\/cifar.ca\/fr\/#organization\"},\"potentialAction\":[{\"@type\":\"SearchAction\",\"target\":{\"@type\":\"EntryPoint\",\"urlTemplate\":\"https:\/\/cifar.ca\/fr\/?s={search_term_string}\"},\"query-input\":{\"@type\":\"PropertyValueSpecification\",\"valueRequired\":true,\"valueName\":\"search_term_string\"}}],\"inLanguage\":\"fr-FR\"},{\"@type\":\"Organization\",\"@id\":\"https:\/\/cifar.ca\/fr\/#organization\",\"name\":\"CIFAR\",\"url\":\"https:\/\/cifar.ca\/fr\/\",\"logo\":{\"@type\":\"ImageObject\",\"inLanguage\":\"fr-FR\",\"@id\":\"https:\/\/cifar.ca\/fr\/#\/schema\/logo\/image\/\",\"url\":\"https:\/\/cifar.ca\/wp-content\/uploads\/2020\/01\/cifar-logo-rgb-colour.png\",\"contentUrl\":\"https:\/\/cifar.ca\/wp-content\/uploads\/2020\/01\/cifar-logo-rgb-colour.png\",\"width\":1884,\"height\":681,\"caption\":\"CIFAR\"},\"image\":{\"@id\":\"https:\/\/cifar.ca\/fr\/#\/schema\/logo\/image\/\"}},{\"@type\":\"Person\",\"@id\":\"https:\/\/cifar.ca\/fr\/#\/schema\/person\/3aee109595ac7abfaa614d31c729b0dc\",\"name\":\"Abeer Khan\",\"image\":{\"@type\":\"ImageObject\",\"inLanguage\":\"fr-FR\",\"@id\":\"https:\/\/secure.gravatar.com\/avatar\/b0f48c92afcbd16f5e44d53068a50e57c538517fd8dcf3f9f19350da55ccabd6?s=96&d=mm&r=g\",\"url\":\"https:\/\/secure.gravatar.com\/avatar\/b0f48c92afcbd16f5e44d53068a50e57c538517fd8dcf3f9f19350da55ccabd6?s=96&d=mm&r=g\",\"contentUrl\":\"https:\/\/secure.gravatar.com\/avatar\/b0f48c92afcbd16f5e44d53068a50e57c538517fd8dcf3f9f19350da55ccabd6?s=96&d=mm&r=g\",\"caption\":\"Abeer Khan\"}}]}<\/script>\n<!-- \/ Yoast SEO plugin. -->","yoast_head_json":{"title":"CIFAR","robots":{"index":"index","follow":"follow","max-snippet":"max-snippet:-1","max-image-preview":"max-image-preview:large","max-video-preview":"max-video-preview:-1"},"canonical":"https:\/\/cifar.ca\/fr\/cifarnews\/2025\/11\/18\/renee-hlozek-laureate-de-la-bourse-arthur-b-mcdonald-2025-pour-ses-travaux-de-pointe-sur-le-cosmos\/","og_locale":"fr_FR","og_type":"article","og_title":"Ren\u00e9e Hlo\u017eek, laur\u00e9ate de la bourse Arthur-B.-McDonald 2025 pour ses travaux de pointe sur le cosmos - CIFAR","og_description":"Dans un nouvel entretien, elle parle de son exp\u00e9rience \u00e0 titre de membre du programme des chercheurs mondiaux CIFAR-Azrieli et de la reconnaissance de ses [&hellip;]","og_url":"https:\/\/cifar.ca\/fr\/cifarnews\/2025\/11\/18\/renee-hlozek-laureate-de-la-bourse-arthur-b-mcdonald-2025-pour-ses-travaux-de-pointe-sur-le-cosmos\/","og_site_name":"CIFAR","article_published_time":"2025-11-18T19:19:28+00:00","article_modified_time":"2025-12-18T06:27:25+00:00","og_image":[{"width":1200,"height":600,"url":"https:\/\/cifar.ca\/wp-content\/uploads\/2025\/11\/Renee-Hlozek-QA-4-Hlozek-Banner-FR.png","type":"image\/png"}],"author":"Abeer Khan","twitter_card":"summary_large_image","twitter_misc":{"\u00c9crit par":"Abeer Khan","Dur\u00e9e de lecture estim\u00e9e":"5 minutes"},"schema":{"@context":"https:\/\/schema.org","@graph":[{"@type":"Article","@id":"https:\/\/cifar.ca\/fr\/cifarnews\/2025\/11\/18\/renee-hlozek-laureate-de-la-bourse-arthur-b-mcdonald-2025-pour-ses-travaux-de-pointe-sur-le-cosmos\/#article","isPartOf":{"@id":"https:\/\/cifar.ca\/fr\/cifarnews\/2025\/11\/18\/renee-hlozek-laureate-de-la-bourse-arthur-b-mcdonald-2025-pour-ses-travaux-de-pointe-sur-le-cosmos\/"},"author":{"name":"Abeer Khan","@id":"https:\/\/cifar.ca\/fr\/#\/schema\/person\/3aee109595ac7abfaa614d31c729b0dc"},"headline":"Ren\u00e9e Hlo\u017eek, laur\u00e9ate de la bourse Arthur-B.-McDonald 2025 pour ses travaux de pointe sur le cosmos","datePublished":"2025-11-18T19:19:28+00:00","dateModified":"2025-12-18T06:27:25+00:00","mainEntityOfPage":{"@id":"https:\/\/cifar.ca\/fr\/cifarnews\/2025\/11\/18\/renee-hlozek-laureate-de-la-bourse-arthur-b-mcdonald-2025-pour-ses-travaux-de-pointe-sur-le-cosmos\/"},"wordCount":1119,"publisher":{"@id":"https:\/\/cifar.ca\/fr\/#organization"},"image":{"@id":"https:\/\/cifar.ca\/fr\/cifarnews\/2025\/11\/18\/renee-hlozek-laureate-de-la-bourse-arthur-b-mcdonald-2025-pour-ses-travaux-de-pointe-sur-le-cosmos\/#primaryimage"},"thumbnailUrl":"https:\/\/cifar.ca\/wp-content\/uploads\/2025\/11\/Renee-Hlozek-QA-4-Hlozek-Banner-FR.png","articleSection":["Impact des dons","Nouvelles","Prix"],"inLanguage":"fr-FR"},{"@type":"WebPage","@id":"https:\/\/cifar.ca\/fr\/cifarnews\/2025\/11\/18\/renee-hlozek-laureate-de-la-bourse-arthur-b-mcdonald-2025-pour-ses-travaux-de-pointe-sur-le-cosmos\/","url":"https:\/\/cifar.ca\/fr\/cifarnews\/2025\/11\/18\/renee-hlozek-laureate-de-la-bourse-arthur-b-mcdonald-2025-pour-ses-travaux-de-pointe-sur-le-cosmos\/","name":"Ren\u00e9e Hlo\u017eek, laur\u00e9ate de la bourse Arthur-B.-McDonald 2025 pour ses travaux de pointe sur le cosmos - CIFAR","isPartOf":{"@id":"https:\/\/cifar.ca\/fr\/#website"},"primaryImageOfPage":{"@id":"https:\/\/cifar.ca\/fr\/cifarnews\/2025\/11\/18\/renee-hlozek-laureate-de-la-bourse-arthur-b-mcdonald-2025-pour-ses-travaux-de-pointe-sur-le-cosmos\/#primaryimage"},"image":{"@id":"https:\/\/cifar.ca\/fr\/cifarnews\/2025\/11\/18\/renee-hlozek-laureate-de-la-bourse-arthur-b-mcdonald-2025-pour-ses-travaux-de-pointe-sur-le-cosmos\/#primaryimage"},"thumbnailUrl":"https:\/\/cifar.ca\/wp-content\/uploads\/2025\/11\/Renee-Hlozek-QA-4-Hlozek-Banner-FR.png","datePublished":"2025-11-18T19:19:28+00:00","dateModified":"2025-12-18T06:27:25+00:00","breadcrumb":{"@id":"https:\/\/cifar.ca\/fr\/cifarnews\/2025\/11\/18\/renee-hlozek-laureate-de-la-bourse-arthur-b-mcdonald-2025-pour-ses-travaux-de-pointe-sur-le-cosmos\/#breadcrumb"},"inLanguage":"fr-FR","potentialAction":[{"@type":"ReadAction","target":["https:\/\/cifar.ca\/fr\/cifarnews\/2025\/11\/18\/renee-hlozek-laureate-de-la-bourse-arthur-b-mcdonald-2025-pour-ses-travaux-de-pointe-sur-le-cosmos\/"]}]},{"@type":"ImageObject","inLanguage":"fr-FR","@id":"https:\/\/cifar.ca\/fr\/cifarnews\/2025\/11\/18\/renee-hlozek-laureate-de-la-bourse-arthur-b-mcdonald-2025-pour-ses-travaux-de-pointe-sur-le-cosmos\/#primaryimage","url":"https:\/\/cifar.ca\/wp-content\/uploads\/2025\/11\/Renee-Hlozek-QA-4-Hlozek-Banner-FR.png","contentUrl":"https:\/\/cifar.ca\/wp-content\/uploads\/2025\/11\/Renee-Hlozek-QA-4-Hlozek-Banner-FR.png","width":1200,"height":600},{"@type":"BreadcrumbList","@id":"https:\/\/cifar.ca\/fr\/cifarnews\/2025\/11\/18\/renee-hlozek-laureate-de-la-bourse-arthur-b-mcdonald-2025-pour-ses-travaux-de-pointe-sur-le-cosmos\/#breadcrumb","itemListElement":[{"@type":"ListItem","position":1,"name":"Acceuil","item":"https:\/\/cifar.ca\/fr\/"},{"@type":"ListItem","position":2,"name":"Ren\u00e9e Hlo\u017eek, laur\u00e9ate de la bourse Arthur-B.-McDonald 2025 pour ses travaux de pointe sur le cosmos"}]},{"@type":"WebSite","@id":"https:\/\/cifar.ca\/fr\/#website","url":"https:\/\/cifar.ca\/fr\/","name":"CIFAR","description":"Convoquer des esprits extraordinaires pour r\u00e9pondre aux questions les plus importantes auxquelles la science et l'humanit\u00e9 sont confront\u00e9es.","publisher":{"@id":"https:\/\/cifar.ca\/fr\/#organization"},"potentialAction":[{"@type":"SearchAction","target":{"@type":"EntryPoint","urlTemplate":"https:\/\/cifar.ca\/fr\/?s={search_term_string}"},"query-input":{"@type":"PropertyValueSpecification","valueRequired":true,"valueName":"search_term_string"}}],"inLanguage":"fr-FR"},{"@type":"Organization","@id":"https:\/\/cifar.ca\/fr\/#organization","name":"CIFAR","url":"https:\/\/cifar.ca\/fr\/","logo":{"@type":"ImageObject","inLanguage":"fr-FR","@id":"https:\/\/cifar.ca\/fr\/#\/schema\/logo\/image\/","url":"https:\/\/cifar.ca\/wp-content\/uploads\/2020\/01\/cifar-logo-rgb-colour.png","contentUrl":"https:\/\/cifar.ca\/wp-content\/uploads\/2020\/01\/cifar-logo-rgb-colour.png","width":1884,"height":681,"caption":"CIFAR"},"image":{"@id":"https:\/\/cifar.ca\/fr\/#\/schema\/logo\/image\/"}},{"@type":"Person","@id":"https:\/\/cifar.ca\/fr\/#\/schema\/person\/3aee109595ac7abfaa614d31c729b0dc","name":"Abeer Khan","image":{"@type":"ImageObject","inLanguage":"fr-FR","@id":"https:\/\/secure.gravatar.com\/avatar\/b0f48c92afcbd16f5e44d53068a50e57c538517fd8dcf3f9f19350da55ccabd6?s=96&d=mm&r=g","url":"https:\/\/secure.gravatar.com\/avatar\/b0f48c92afcbd16f5e44d53068a50e57c538517fd8dcf3f9f19350da55ccabd6?s=96&d=mm&r=g","contentUrl":"https:\/\/secure.gravatar.com\/avatar\/b0f48c92afcbd16f5e44d53068a50e57c538517fd8dcf3f9f19350da55ccabd6?s=96&d=mm&r=g","caption":"Abeer Khan"}}]}},"_links":{"self":[{"href":"https:\/\/cifar.ca\/fr\/wp-json\/wp\/v2\/posts\/63668","targetHints":{"allow":["GET"]}}],"collection":[{"href":"https:\/\/cifar.ca\/fr\/wp-json\/wp\/v2\/posts"}],"about":[{"href":"https:\/\/cifar.ca\/fr\/wp-json\/wp\/v2\/types\/post"}],"author":[{"embeddable":true,"href":"https:\/\/cifar.ca\/fr\/wp-json\/wp\/v2\/users\/69"}],"replies":[{"embeddable":true,"href":"https:\/\/cifar.ca\/fr\/wp-json\/wp\/v2\/comments?post=63668"}],"version-history":[{"count":0,"href":"https:\/\/cifar.ca\/fr\/wp-json\/wp\/v2\/posts\/63668\/revisions"}],"wp:featuredmedia":[{"embeddable":true,"href":"https:\/\/cifar.ca\/fr\/wp-json\/wp\/v2\/media\/63669"}],"wp:attachment":[{"href":"https:\/\/cifar.ca\/fr\/wp-json\/wp\/v2\/media?parent=63668"}],"wp:term":[{"taxonomy":"category","embeddable":true,"href":"https:\/\/cifar.ca\/fr\/wp-json\/wp\/v2\/categories?post=63668"},{"taxonomy":"post_tag","embeddable":true,"href":"https:\/\/cifar.ca\/fr\/wp-json\/wp\/v2\/tags?post=63668"}],"curies":[{"name":"wp","href":"https:\/\/api.w.org\/{rel}","templated":true}]}}